{"id":15964,"date":"2013-11-23T17:54:27","date_gmt":"2013-11-23T17:54:27","guid":{"rendered":"http:\/\/www.tvcnoticias.com.ar\/?p=15964"},"modified":"2013-11-23T17:54:27","modified_gmt":"2013-11-23T17:54:27","slug":"hcd-hubo-criticas-por-el-fondo-educativo-y-de-la-seguridad-rural-y-reclaman-obras-en-parque-norte-lo-que-se-dijo-en-la-sesion-en-videos","status":"publish","type":"post","link":"https:\/\/www.celttv.com.ar\/index.php\/2013\/11\/23\/hcd-hubo-criticas-por-el-fondo-educativo-y-de-la-seguridad-rural-y-reclaman-obras-en-parque-norte-lo-que-se-dijo-en-la-sesion-en-videos\/","title":{"rendered":"HCD.: HUBO CRITICAS POR EL FONDO EDUCATIVO Y DE LA SEGURIDAD RURAL Y RECLAMAN OBRAS EN PARQUE NORTE (lo que se dijo en la sesi\u00f3n en videos)"},"content":{"rendered":"<p><a href=\"https:\/\/www.youtube.com\/watch?v=HiWAZ1fY_CU\"><\/a><a href=\"https:\/\/www.youtube.com\/watch?v=HiWAZ1fY_CU\">httpv:\/\/www.youtube.com\/watch?v=HiWAZ1fY_CU<\/a><br \/>\n<a href=\"https:\/\/www.youtube.com\/watch?v=s8pHdyZto00\"><\/a><a href=\"https:\/\/www.youtube.com\/watch?v=s8pHdyZto00\">httpv:\/\/www.youtube.com\/watch?v=s8pHdyZto00<\/a><br \/>\n<a href=\"https:\/\/www.youtube.com\/watch?v=tObZqDBXRso\">httpv:\/\/www.youtube.com\/watch?v=tObZqDBXRso<\/a><br \/>\n<a href=\"https:\/\/www.youtube.com\/watch?v=cQDzN-BsQrw\"><\/a><a href=\"https:\/\/www.youtube.com\/watch?v=cQDzN-BsQrw\">httpv:\/\/www.youtube.com\/watch?v=cQDzN-BsQrw<\/a><br \/>\n<a href=\"https:\/\/www.youtube.com\/watch?v=oG2Heyah_Ok\"><\/a><a href=\"https:\/\/www.youtube.com\/watch?v=oG2Heyah_Ok\">httpv:\/\/www.youtube.com\/watch?v=oG2Heyah_Ok<\/a><br \/>\n<a href=\"https:\/\/www.youtube.com\/watch?v=TbU2ne3cSSo\"><\/a><a href=\"https:\/\/www.youtube.com\/watch?v=TbU2ne3cSSo\">httpv:\/\/www.youtube.com\/watch?v=TbU2ne3cSSo<\/a><br \/>\n&nbsp;<br \/>\n<strong><span style=\"text-decoration: underline;\">INFORME SESI\u00d3N ORDINARIA DE FECHA 19\u00a0 DE NOVIEMBRE<\/span><\/strong><br \/>\n<strong> <\/strong><br \/>\n<strong><span style=\"text-decoration: underline;\">Comunicaciones Oficiales y Dict\u00e1menes de las Comisiones<\/span><\/strong><span style=\"text-decoration: underline;\">:<\/span><br \/>\n<span style=\"text-decoration: underline;\"> <\/span><br \/>\n<strong><span style=\"text-decoration: underline;\">Expte. N\u00ba 300\/09:<\/span><\/strong> \u201cN.P. \u2013 Indemnizaci\u00f3n inmueble Barrio San Bernardo Partida N\u00ba 8467\u201d.<br \/>\nPasa a las Comisiones de Interpretaci\u00f3n y Reglamento y Obras P\u00fablicas.<br \/>\n&nbsp;<br \/>\n<strong><span style=\"text-decoration: underline;\">Expte. N\u00ba 305\/13:<\/span><\/strong> \u201cD.E. \u2013 Convalida la firma del Convenio RENATEA\u00a0\u00a0\u00a0\u00a0\u00a0\u00a0\u00a0\u00a0\u00a0\u00a0\u00a0 N\u00ba 47\/13 celebrado entre el Registro Nacional de Trabajadores y empleados agrarios y la Municipalidad de Tornquist\u201d.<br \/>\nPasa a las Comisiones de Interpretaci\u00f3n y Reglamento; y Producci\u00f3n, Comercio e Industria.<br \/>\n&nbsp;<br \/>\n<strong><span style=\"text-decoration: underline;\">Expte. N\u00ba 6536\/13:<\/span><\/strong> \u201cBloque\u00a0 Coalici\u00f3n C\u00edvica, UDESO, Uni\u00f3n Pro y U.C.R. \u2013 Proyecto de Ordenanza: Declara al Municipio de Tornquist, dentro de los l\u00edmites de su territorio, libre de la exploraci\u00f3n y\/o explotaci\u00f3n de gas no convencional mediante t\u00e9cnica de fracturaci\u00f3n hidr\u00e1ulica o fracking\u201d.<br \/>\nPasa a las Comisiones de Ecolog\u00eda y Medio Ambiente y Producci\u00f3n, Comercio e Industria.<br \/>\n&nbsp;<br \/>\n<strong><span style=\"text-decoration: underline;\">Expte. N\u00ba 6542\/13:<\/span><\/strong> \u201cBloque Coalici\u00f3n C\u00edvica \u2013 Proyecto de Ordenanza: Ref. Creaci\u00f3n de un Registro Municipal de prestadores del servicio de cabalgatas y alquiler de caballos en el Distrito de Tornquist\u201d.<br \/>\nPasa a las Comisiones de Interpretaci\u00f3n y Reglamento y Ecolog\u00eda y Medio Ambiente<br \/>\n&nbsp;<br \/>\n<strong><span style=\"text-decoration: underline;\">Expte. N\u00ba 298\/13:<\/span><\/strong> \u201cD.E. \u2013 Convalida Convenios Marco y de Cooperaci\u00f3n celebrados entre la  Secretar\u00eda de Derechos Humanos de la Provincia de Buenos Aires y la Municipalidad de Tornquist\u201d.<br \/>\nEste Expediente se incorpora fuera del orden del d\u00eda.<br \/>\nSeg\u00fan el dictamen de las Comisiones de Interpretaci\u00f3n y Reglamento, y Asuntos Municipales, se aprueba por unanimidad la Ordenanza bajo el N\u00ba 2614\/13 \u00a0por la que se convalida la firma del Convenio Marco de Colaboraci\u00f3n y el Convenio de Cooperaci\u00f3n celebrado entre la Secretar\u00eda de Derechos Humanos de la Provincia de Buenos Aires, representada por su Secretario Sr. Guido Miguel Carlotto, y el Municipio de Tornquist, representado por el Sr. Intendente Municipal Lic. Gustavo Trankels. El mismo tiene por objeto entablar una acci\u00f3n coordinada que permita el intercambio, la difusi\u00f3n y la promoci\u00f3n de actividades conjuntas de inter\u00e9s com\u00fan, tendientes al desarrollo del Sub Programa de Fortalecimiento Institucional Territorializado, as\u00ed como de pol\u00edticas p\u00fablicas, actividades acad\u00e9micas, cient\u00edficas y culturales, en el \u00e1rea de sus respectivas competencias.<br \/>\n&nbsp;<br \/>\n<strong><span style=\"text-decoration: underline;\">Expte. N\u00ba 6539\/13:<\/span><\/strong> \u201cBloque Coalici\u00f3n C\u00edvica, UDESO, Uni\u00f3n Pro y U.C.R.<strong> <\/strong>\u2013 Proyecto de Ordenanza: Creaci\u00f3n en el \u00e1mbito de la  Municipalidad de Tornquist de un Centro de Monitoreo y Control Permanente de las C\u00e1maras de Seguridad\u201d.<br \/>\nSe aprueba por unanimidad el dictamen de la Comisi\u00f3n \u00a0de<strong> <\/strong>Asuntos Municipales que aconseja enviar el mismo al Archivo, al haberse realizado todos los pasos administrativos correspondientes.<br \/>\n&nbsp;<br \/>\n<strong><span style=\"text-decoration: underline;\">Expte. N\u00ba 6540\/13:<\/span><\/strong> \u201cN.P. \u2013 Asamblea de Vecinos de Villa Ventana: Copia Acta Reuni\u00f3n 16\/08\/13 \u2013 Ref. Unidad Sanitaria Villa Ventana y hurtos en la Localidad\u201d.<br \/>\nSe aprueba por unanimidad el dictamen de las \u00a0Comisiones de<strong> <\/strong>Salud P\u00fablica y<strong> <\/strong>Asuntos Municipales<strong> <\/strong>que aconseja enviar el mismo al Archivo, debido a que el tema fue abordado a trav\u00e9s de una Minuta de Comunicaci\u00f3n.<br \/>\n&nbsp;<br \/>\n<strong><span style=\"text-decoration: underline;\">Expte. N\u00ba 6547\/13:<\/span><\/strong> \u201cN.P.<strong> <\/strong>\u2013 Eduardo de Salvo: Solicita excepci\u00f3n retiros frente y fondo unific\u00e1ndolo, por lote de terreno que posee en la localidad de Saldungaray\u201d.<br \/>\nSe aprueba por unanimidad el dictamen de las Comisiones de<strong> <\/strong>Interpretaci\u00f3n y Reglamento, y Obras P\u00fablica<strong>s <\/strong>que aconseja \u00a0enviar el mismo a Obras P\u00fablicas, teniendo en cuenta que consta en este expediente nota\u00a0 remitida a la  Secretar\u00eda mencionada del mismo tenor que la enviada al H.C.D.<br \/>\n&nbsp;<br \/>\n<strong><span style=\"text-decoration: underline;\">Expte. N\u00ba 6558\/13:<\/span><\/strong> \u201cN.P. \u2013<strong> <\/strong>Club Porte\u00f1o Saldungaray: Solicita eximici\u00f3n del pago de los Impuestos Municipales y del cord\u00f3n cuneta\u201d.<br \/>\nSe aprueba por unanimidad el dictamen de la Comisi\u00f3n de<strong> <\/strong>Presupuesto y Hacienda que aconseja enviar el mismo al \u00e1rea correspondiente con el fin de que se analice la eximici\u00f3n del cord\u00f3n cuneta, teniendo en cuenta que por \u00a0Ordenanza N\u00ba 2596\/13 se exime a esta instituci\u00f3n del pago de \u00a0las tasas municipales.<br \/>\n&nbsp;<br \/>\n<strong><span style=\"text-decoration: underline;\">Expte. N\u00ba 6562\/13:<\/span><\/strong> \u201cN.P. \u2013<strong> <\/strong>ONG Ambiente Comarca \u2013 Presenta Proyecto de Ordenanza sobre la recolecci\u00f3n de l\u00edquidos cloacales de los pozos negros en las localidades de Saldungaray, Sierra de la Ventana y Villa Ventana\u201d.<br \/>\nSe aprueba por unanimidad el dictamen de las Comisiones de<strong> <\/strong>Salud P\u00fablica, Ecolog\u00eda y Medio Ambiente, e Interpretaci\u00f3n y Reglamento, que aconsejan enviar el mismo al Departamento Ejecutivo (Secretario de Hacienda), para que lo remita al \u00e1rea que corresponda para su evaluaci\u00f3n.<br \/>\n&nbsp;<br \/>\n<strong><span style=\"text-decoration: underline;\">Expte. N\u00ba 6564\/13:<\/span><\/strong> \u201cBloques U.C.R, Coalici\u00f3n C\u00edvica, UDESO y Uni\u00f3n Pro \u2013 Pedido de Informe: Solicitan se informe sobre el estado de la cuenta \u201cFondo Educativo\u201d, detallando el destino de las erogaciones realizadas en la misma si las hubiere\u201d.<br \/>\nEste Expediente se incorpora fuera del orden del d\u00eda.<br \/>\nSe aprueba por unanimidad el dictamen de las Comisiones de<strong> <\/strong>Presupuesto y Hacienda, e Interpretaci\u00f3n y Reglamento, que aconseja enviar el mismo a la Secretar\u00eda de Gobierno y Hacienda, para que se le d\u00e9 respuesta a lo solicitado.<br \/>\n&nbsp;<br \/>\n<strong><span style=\"text-decoration: underline;\">Expte. N\u00ba 6565\/13:<\/span><\/strong> \u201cN.P. \u2013 Eleonora Nyez, Directora de Equinoterapia: Solicita que se declare de Inter\u00e9s Municipal el evento denominado \u201cJornada de Autoevaluaci\u00f3n: Armando juntos la  Historia de la Equinoterapia en nuestra Regi\u00f3n\u201d.<br \/>\nSeg\u00fan el dictamen de\u00a0 la Comisi\u00f3n de Asuntos Municipales, se aprueba por unanimidad la Resoluci\u00f3n N\u00ba 17\/13 por las que Declara de Inter\u00e9s Municipal el evento denominado: \u201cJORNADA DE AUTOEVALUACI\u00d3N: ARMANDO JUNTOS LA HISTORIA  DE LA  EQUINOTERAPIA DE NUESTRA REGI\u00d3N\u201d, que se realizar\u00e1 en la localidad de Chasic\u00f3, el pr\u00f3ximo d\u00eda 23 de Noviembre de 2013.<br \/>\n&nbsp;<br \/>\n<strong><span style=\"text-decoration: underline;\">Expte. N\u00ba 6566\/13:<\/span><\/strong> \u201cN.P. \u2013 Asociaci\u00f3n Rural de Tornquist: Solicita informaci\u00f3n del destino de Fondo Solidario Provincial \u201cFondo Sojero\u201d, creado por Decreto N\u00ba 206\/09 (Poder Ejecutivo Nacional)\u201d.<br \/>\nSe aprueba por unanimidad el dictamen de las Comisiones de<strong> <\/strong>Producci\u00f3n, Comercio e Industria, y Asuntos Municipales, que\u00a0 aconseja convocar a la brevedad al Secretario de Gobierno y Hacienda y al \u00e1rea que \u00e9l crea conveniente con el fin de brindar la informaci\u00f3n requerida.<br \/>\n&nbsp;<br \/>\n<strong><span style=\"text-decoration: underline;\">Proyectos Presentados<\/span><\/strong><br \/>\n<strong> <\/strong><br \/>\n<strong><span style=\"text-decoration: underline;\">Bloque F.P.V. \u2013 F.J.P.V. \u2013 Proyecto de Ordenanza:<\/span><\/strong><strong> <\/strong>Deroga \u00a0las ordenanzas N\u00ba 2559\/13 y N\u00ba 2560\/13 y presenta nuevo proyecto sobre seguridad y habilitaci\u00f3n municipal de sitios de concurrencia p\u00fablica.<br \/>\nSe solicita formaci\u00f3n de Expediente y pase a Comisi\u00f3n.<br \/>\n&nbsp;<br \/>\n<strong><span style=\"text-decoration: underline;\">Bloque F.P.V. \u2013 F.J.P.V. \u2013 Proyecto de Ordenanza:<\/span><\/strong> Deroga en todos sus t\u00e9rminos la ordenanza N\u00ba 971\/94, y propone nuevo proyecto de ordenanza, en referencia a la circulaci\u00f3n del tr\u00e1nsito pesado.<br \/>\nSe solicita formaci\u00f3n de Expediente y pase a Comisi\u00f3n.<br \/>\n<strong> <\/strong><br \/>\n<strong><span style=\"text-decoration: underline;\">Asuntos Particulares<\/span><\/strong><br \/>\n&nbsp;<br \/>\n<strong><span style=\"text-decoration: underline;\">N.P.- C.E.F N\u00ba 9:<\/span><\/strong> Solicita aprobaci\u00f3n de aumento en las entradas a las Piletas Municipales para el per\u00edodo estival 2013\/2014.<br \/>\nSe solicita formaci\u00f3n de Expediente y pase a Comisi\u00f3n.<br \/>\n<span style=\"text-decoration: underline;\"> <\/span><br \/>\n<strong><span style=\"text-decoration: underline;\">N.P. \u2013 Nieves Alonso:<\/span><\/strong> Solicita la incorporaci\u00f3n a su propiedad de un excedente lindero.<br \/>\nSe solicita formaci\u00f3n de Expediente y pase a Comisi\u00f3n.<br \/>\n<span style=\"text-decoration: underline;\"> <\/span><br \/>\nHacen uso de la palabra los Se\u00f1ores Concejales:<br \/>\n&nbsp;<br \/>\nConcejal Horacio Buitrago:<br \/>\n\u201cMe quer\u00eda referir a la Sesi\u00f3n Extraordinaria que tuvimos en el d\u00eda de ayer por el tema del reconocimiento a abanderados y escoltas, que creo que siempre es importante agasajar y dar reconocimiento a aquellos alumnos en diferentes sectores y estadios de la educaci\u00f3n que se esfuerzan para lograr mejorar su calidad educativa instructiva o de capacitaci\u00f3n personal y creo que es muy valorable y muy bueno que el Concejo Deliberante lo haga todos los a\u00f1os, y profundice sobre la situaci\u00f3n educativa del Distrito, de la  Provincia, y de la  Naci\u00f3n, porque creemos que es una importante herramienta, la educaci\u00f3n, para todos, y en estos tiempos donde lamentablemente sabemos que est\u00e1 debilitada a veces por falta de recursos, sobre todo recursos econ\u00f3micos, porque tambi\u00e9n sabemos que los recursos humanos est\u00e1n y ponen todo de s\u00ed. Pero traigo esto a colaci\u00f3n por el tema del presupuesto provincial, que fue elevado \u00faltimamente y que no realiz\u00f3 cambios en los fondos para la educaci\u00f3n, para la provincia, y creo que eso va en desmedro de mejorar la calidad educativa de todo el alumnado provincial. Y\u00a0 fundamentalmente creo que hay que mirar el tema de los distritos como el nuestro que est\u00e1n alejados y que en su territorio que es tan amplio, tan diverso, siempre seguramente se castiga a los m\u00e1s lejanos de las comunidades municipales, y eso nosotros lo vemos, que hay comunidades educativas que hoy no reciben todo el apoyo y toda la visita de los funcionarios por su lejan\u00eda, y sabemos muy bien que eso va en desmedro de la calidad educativa que nosotros solicitamos. Y siempre terminamos con el tema de recursos que es fundamental, por eso uno siempre dice que si tuvi\u00e9ramos que priorizar donde van los recursos, seguramente la educaci\u00f3n, la salud, y la seguridad ser\u00edan los ejes fundamentales, y hoy encontramos que tenemos grandes deficiencias en esos, justamente, en esos ejes primordiales de la vida en sociedad. Y el otro que tambi\u00e9n quer\u00eda tratar, y que tiene que ver con esto, con los recursos, con la falta de apoyo, creo que de alguna manera con el aislamiento, es el tema de seguridad. Podr\u00eda hablar de seguridad rural, que \u00faltimamente est\u00e1 complicada para muchos de los productores, pero tambi\u00e9n sabemos positivamente que la seguridad en las plantas urbanas se han ido complicando en los \u00faltimos tiempos muy fuertemente, hemos tenido hechos que en nuestra ciudad cabecera por lo menos, no hab\u00eda antecedentes, o eran muy pocos, y hoy uno lo ve por televisi\u00f3n, lo ve en ciudades cercanas, pero realmente se nos han venido a nuestras localidades, y a nuestros campos. No es un tema menor, creo que no es un tema menor, es un tema que hay que tomarlo con mucha responsabilidad, seriedad, con gesti\u00f3n, con mucha gesti\u00f3n, porque creo que no estamos solicitando nada que no tenga un derecho la ciudadan\u00eda, y la sociedad sobre la seguridad, as\u00ed que me parece que es un tema que se debe gestionar muy fuertemente. Y eso nos lleva a ver que hay situaciones que han surgido en el \u00faltimo tiempo en nuestro municipio, que deja, realmente, deja muy preocupados el pensar, el pensamiento de un funcionario que tiene a cargo el \u00e1rea de seguridad y que, como nosotros tenemos una polic\u00eda comunal, nuestro Intendente es el jefe de la polic\u00eda, y tambi\u00e9n tiene much\u00edsima responsabilidad o toda la responsabilidad sobre el tema de seguridad. Y tal vez el no lo ha pedido pero est\u00e1 as\u00ed escrito y est\u00e1 as\u00ed formalizado en la Provincia de Buenos Aires, en muchos distritos, y este es uno de ellos. Entonces creo\u00a0 que la reflexi\u00f3n que debemos hacer es que por lo menos deber\u00edamos tratar de llevar adelante con la responsabilidad y la seriedad las ordenanzas que se est\u00e1n aprobando en este concejo. Digo esto porque, y traigo a colaci\u00f3n este tema porque me parece que es fundamental que el Concejo Deliberante que hace la creaci\u00f3n y hace la ordenanza que de alguna manera ordena a la sociedad y a su conjunto para la convivencia, creo que el ejecutivo tiene la otra parte que es hacerlas cumplir, tal cual fueron promulgadas. Me parece que eso es muy importante para tener digamos basamento de lo que es la ley puesta en acci\u00f3n. Nosotros, que tuvimos que ver en el tema de la seguridad rural, una ordenanza que se promulg\u00f3 hace unos d\u00edas, y que fue llevada adelante por los mismos productores por la falta de recursos que ten\u00eda la patrulla rural. Creo que estuvimos trabajando codo a codo con los productores y con el ejecutivo para mitigar de alguna manera la falta de recursos, ya que la provincia no enviaba los fondos necesarios y los que deb\u00eda enviar para llevar adelante la seguridad en el distrito en la parte rural. Hubieron dos reuniones, una en Chasic\u00f3 y otra en Tres Picos, participaron los concejales, particip\u00f3 el ejecutivo, particip\u00f3 el Intendente, y creo que todos est\u00e1bamos de acuerdo que esos recursos que hab\u00eda que volcar a la patrulla rural era muy importante en ese momento para darle operatividad al sistema, para mejorar los m\u00f3viles, para mejorar la comunicaci\u00f3n, es decir, creo que todo un sistema operativo que es muy necesario en la seguridad, y sobre todo en la seguridad rural, cuando hablamos de muchos kil\u00f3metros, de muchos productores aislados. Una situaci\u00f3n que todos conocemos, y una situaci\u00f3n que todos est\u00e1bamos de acuerdo. En estos \u00faltimos d\u00edas en una asamblea que se hizo en la Asociaci\u00f3n Rural y con productores, nos desayun\u00e1bamos que todav\u00eda los productores no hab\u00edan podido \u00a0recuperar los fondos que ten\u00edamos a trav\u00e9s de la tasa, los sesenta centavos por hect\u00e1rea, y que al elevar algunos presupuestos tampoco hab\u00edan sido tenido en cuenta y algunos no hab\u00edan sido aprobados, cosa que la ordenanza marca claramente de que el consejo que se formaba con esta ordenanza solicitar\u00eda bajo presupuesto algunos gastos\u00a0 para mejorar los m\u00f3viles, las patrullas y la comunicaci\u00f3n. Recursos que los productores hab\u00edan puesto, porque realmente ten\u00edan que seguir funcionando y algunos productores fueron dejando recursos para que las patrullas mejoraran las cubiertas, mejorara la comunicaci\u00f3n, pero contaban con estos recursos. Nosotros en la asamblea que se hizo en la asociaci\u00f3n rural, nos desayun\u00e1bamos que no ten\u00edamos esos recursos todav\u00eda, habiendo pasado ya unos d\u00edas y habi\u00e9ndose cobrado la tasa. Creo que este es un tema digamos, yo digo de responsabilidad de los funcionarios porque me parece que si todos est\u00e1bamos de acuerdo que esto se hiciera de tal manera, y que el apoyo de los productores era para mitigar ya un problema que ten\u00edamos con la falta de recursos en la provincia de Buenos Aires, l\u00f3gicamente que era de necesidad\u00a0 absoluta estos fondos para mejorar la seguridad. Hace unos d\u00edas, despu\u00e9s de esta asamblea tuvimos una reuni\u00f3n con la gente de la patrulla rural y hoy mismo, tuvimos otra reuni\u00f3n con la gente de la patrulla rural, que todav\u00eda no han podido conseguir esos recursos, que de esos recursos ya se gastaron unos sesenta mil pesos, que unilateralmente este ejecutivo gast\u00f3 en combustible y en reparaciones, cosa que va en contra de la ordenanza, ya que cada gasto ten\u00eda que pasar por este consejo de la patrulla rural para ver realmente si prioriz\u00e1bamos el gasto y donde lo gast\u00e1bamos, me parece que eso es una falla muy grande que no se haya tenido en cuenta la estructura del articulado de la ordenanza y lo deb\u00eda hacer el ejecutivo, y lo que no deb\u00eda hacer. Y deja a las claras que de alguna manera est\u00e1 boicoteando la seguridad en nuestro distrito, al quitarle los recursos y al no darle los recursos en tiempo y en forma. Todav\u00eda tenemos un m\u00f3vil que casi no puede funcionar, y creo que es muy preocupante esta situaci\u00f3n. Yo creo que realmente este desv\u00edo de fondos, a mi por lo menos me deja muy preocupado este desv\u00edo de fondos, que tal vez en los papeles todo se puede dibujar, pero en la pr\u00e1ctica y en la acci\u00f3n hoy esos recursos todav\u00eda no est\u00e1n para los productores agropecuarios y para la seguridad de esos productores agropecuarios que es m\u00e1s importante. Hay una nota pidiendo detalles por parte del gremio de los productores pero tambi\u00e9n quer\u00eda solicitar Sr. Presidente, ya que en esta reuni\u00f3n convocada pa<br \/>\nra hoy no se hicieron presentes ni el Intendente que est\u00e1 de viajes, ni el Secretario de Seguridad, me parece que nos debemos una respuesta, seguramente a los productores, pero tambi\u00e9n a nosotros como concejales, tambi\u00e9n nos debe una respuesta donde nos aclare el porqu\u00e9 no se cumpli\u00f3 con la ordenanza, que me parece, por lo menos a mi criterio, que es una falta grave. Lo digo como moci\u00f3n invitemos nuevamente, m\u00e1s all\u00e1 de que el gremio no est\u00e9, porque me parece que no puede quedar sin la transparencia necesaria para que todos estemos conociendo los motivos de porqu\u00e9 una tasa que no fue obligatoria, fue voluntaria con los productores, nunca lleg\u00f3 a los productores pero s\u00ed el ejecutivo la us\u00f3 para alg\u00fan menester que todav\u00eda nosotros no conocemos ni los productores conocen. Por eso mociono para que en los pr\u00f3ximos d\u00edas, en cuanto se pueda, cuando el Intendente venga de su gesti\u00f3n en La Plata y el Dr. Carriquiry tenga disponibilidad de tiempo llevar adelante esa reuni\u00f3n. Nada m\u00e1s Sr. Presidente\u201d.<br \/>\n&nbsp;<br \/>\nSe aprueba por unanimidad la moci\u00f3n del Concejal Buitrago.<br \/>\n&nbsp;<br \/>\nConcejal Mar\u00eda Ofelia Skolak:<br \/>\n\u201cCon respecto a lo que acaba de decir el Concejal Buitrago, justamente \u00e9l dice que no conocemos a d\u00f3nde fueron a parar esos recursos, ese dinero, por lo tanto a mi me parece que si \u00e9l no lo conoce tendr\u00eda que esperar la reuni\u00f3n y despu\u00e9s hacer la exposici\u00f3n que hace. Porque est\u00e1bamos todos presentes, hace unos instantes, cuando estuvimos reunidos, se refiri\u00f3, se expres\u00f3 de una manera bastante incorrecta con respecto a esos fondos, el cual el aclara de que se gastaron en otra cosa, no voy a mencionar el t\u00e9rmino que dijo porque no me parece respetuoso Sr. Presidente. Entonces, como siempre, estamos hablando desde la Banca, y estamos diciendo: \u201c\u00bfA d\u00f3nde fueron los recursos?, \u00bfqu\u00e9 habr\u00e1 pasado?, y todav\u00eda no tiene la informaci\u00f3n. Hace pocos d\u00edas el Asesor Legal dio a conocer en los medios en qu\u00e9 se gastaron los fondos. Se puso a disposici\u00f3n de esta patrulla rural, aclar\u00f3 que siempre estuvo predispuesto a atenderlos, y ac\u00e1 no se trata de acusar sino se trata me parece de trabajar en conjunto y de buscar la respuesta correcta, sabemos que la tenemos, escuchamos al Dr. Carriquiry que los gastos fueron invertidos en combustibles, en algunos repuestos, no quiero seguir extendi\u00e9ndome porque no tengo los datos precisos pero s\u00ed lo escuch\u00e9 hablar en los medios. Entonces me parece que tenemos que tener cuidado a la hora de expresarnos, el concejal sabe a qu\u00e9 me refiero, tenemos que tener cuidado cuando hablamos de que los fondos\u00a0 fueron para otro lado, primero hay que informarse, y me parece correcta su moci\u00f3n, de reunirnos con los responsables del \u00e1rea y despu\u00e9s hacer la alocuci\u00f3n que corresponda. Y cuando habla de la falta de, tambi\u00e9n celebro el acto de ayer en nombre de nuestro Bloque como lo dije, fue un acto muy importante, muy valorable destacar la labor de los alumnos, de los docentes, de las familias. Y cuando se habla de falta de presencia de autoridades en los establecimientos educativos, yo pienso que a veces no hay que hacer presencia solamente en campa\u00f1as electorales como lo he visto al Concejal Buitrago en fotograf\u00edas en los distintos medios. Nada m\u00e1s Sr. Presidente\u201d.<br \/>\n&nbsp;<br \/>\nConcejal Horacio Buitrago:<br \/>\n\u201cSi, creo que claramente hacer defensa de lo indefendible es complicado, pero digo que cuidado deben tener los productores del Distrito de Tornquist, realmente deben cuidarse y cuidarse mucho, porque si esperan que la seguridad rural que le debe dar esa posibilidad de estar tranquilos se haga de los medios que tienen, la verdad que deben cuidarse y cuidarse mucho ellos mismos. Da verg\u00fcenza, verg\u00fcenza deber\u00eda dar ver la patrulla que tiene hoy la seguridad rural. No es para este momento ni para estos tiempos. Pero creo que en este sentido uno deber\u00eda tener una reflexi\u00f3n sobre qu\u00e9 mira este gobierno, y dimos cinco camionetas a distintas \u00e1reas, que creo que todas son importantes, porque no cabe ninguna duda que las \u00e1reas son importantes y que deben tener veh\u00edculos nuevos para movilizar esos funcionarios, pero no creo que sea de vida o muerte, sin embargo, a las actividades, a las acciones donde el estado debe estar presente que es indelegable como es la seguridad, no le damos ni un juego de cubiertas. Yo digo que esto es diab\u00f3lico, si alguien lo analizara, si alguien mirara hoy los veh\u00edculos que tiene el municipio, los veh\u00edculos que tiene seguridad, los veh\u00edculos que tiene educaci\u00f3n, si uno los mira se va a dar cuenta donde se prioriza y donde no. En la  Argentina de hoy, en la provincia de Buenos Aires de hoy, y en el Tornquist de hoy nos damos cuenta r\u00e1pidamente que la seguridad no es la prioridad. Estamos a metros de una comisar\u00eda y sabemos los problemas que tienen para movilizarse y para tener un sistema operativo acorde. As\u00ed que me parece que todo lo que se pueda decir y defender la realidad lo echa por tierra, porque la realidad es lo que tenemos ah\u00ed afuera, no hay otra, es la que vemos todos los d\u00edas. Nada m\u00e1s Sr. Presidente\u201d.<br \/>\n&nbsp;<br \/>\nConcejal Daniel Etchever:<br \/>\n\u201cDos cositas, con respecto a eso de las cubiertas de la patrulla rural, que raro que no se solucionaron en la campa\u00f1a pol\u00edtica, que muchas veces se promete, y cuatro cubiertas en esas promesas se podr\u00eda haber solucionado, pero no se lo solucion\u00f3 ah\u00ed. En otros lados tambi\u00e9n se hicieron promesas y dijeron \u201csi ganamos\u201d, va a haber la promesa. Pero me quiero referir tambi\u00e9n, segundo, que se llev\u00f3 a cabo la apertura de los sobres sobre la repavimentaci\u00f3n de la ruta 72 de Saldungaray a Sierra de la Ventana. Que nosotros, los ciudadanos de Saldungaray y Sierra estamos muy contentos de esa noticia. Les digo que fueron tres oferentes, dos de ellas, de las empresas est\u00e1n comprendidas en el presupuesto que son de treinta y tres millones de pesos. En la repavimentaci\u00f3n se divide en dos tramos, el primero urbano de veintid\u00f3s mil tres cientos metros que corresponden a la Calle Corrales, formado por dos calzadas de siete metros de ancho, la Juan  Bautista Gil, calzada de ocho metros, y vemos la calle Pav\u00f3n, Sauce y Victoria de siete metros de ancho. El segundo tramo es rural, de sesenta y tres mil quinientos metros de siete cincuenta de ancho, que comprende del paso a nivel de Saldungaray hacia el punte de ingreso a Sierra de la Ventana. Para la comarca, no solamente para nosotros, algunos ciudadanos de nosotros es una alegr\u00eda esto, sino para la Comarca de Sierra de la Ventana, para todo el distrito, tiene que ser un orgullo, una obra de esta envergadura. \u00bfPorqu\u00e9 digo algunos?, porque hay, me extra\u00f1a la gente de Saldungaray que no est\u00e9 contenta, porque es una obra que la anhel\u00e1bamos hace much\u00edsimo tiempo, todos ped\u00edamos, ante las campa\u00f1as pol\u00edticas y todo, \u00bfqu\u00e9 es lo que se ped\u00eda?, la repavimentaci\u00f3n de la calle Corrales, todos ped\u00edamos, bueno, lleg\u00f3, \u00bfy porqu\u00e9 digo algunos?, porque hay gente que en face est\u00e1n queriendo minimizar dicha noticia, poniendo en duda la realizaci\u00f3n. Yo creo que hay que informarse antes, esta plata s\u00ed o s\u00ed est\u00e1, porque son fondos de naci\u00f3n, que han venido de naci\u00f3n, y luego ahora la provincia los destinar\u00e1 para la obra esta, tiene que ser aprobada en provincia, \u00bfcierto?. Por eso lo digo con orgullo, gracias a las gestiones del intendente, y tambi\u00e9n no son promesas pol\u00edticas, de campa\u00f1as digamos, porque el Gobernador lo anunci\u00f3 en el Hotel Provincial, y dijo, el 18 de noviembre se van a abrir los sobres, correcto, se abrieron los sobres, es decir que se cumpli\u00f3 despu\u00e9s de las elecciones. Muy contento por esta noticia, gracias Sr. Presidente\u201d.<br \/>\n&nbsp;<br \/>\nConcejal Dar\u00edo Cardoso:<br \/>\n\u201cRealmente, como habitantes de Saldungaray o Sierra de la Ventana, yo no creo que haya alguien que est\u00e9 descontento con esta noticia, lo que pasa es que uno hablando con la gente, es como el dicho, el que se ha quemado con leche ve una vaca y llora, \u00bfno es cierto?. Hasta que no est\u00e9n concretadas las cosas, sinceramente no lo creo. Uno con total benepl\u00e1cito, apoya esto porque sabemos que es totalmente necesario, no solo para Saldungaray sino para el desarrollo de toda la Comarca Serrana. Esperemos realmente que esta obra se pueda realizar en los plazos estipulados, y por su puesto que desde Saldungaray y Sierra de la Ventana tiene todo el apoyo para que esto se realice. \u00a0Nada m\u00e1s Sr. Presidente\u201d.<br \/>\n&nbsp;<br \/>\nConcejal Mar\u00eda Ofelia Skolak:<br \/>\n\u201cLa verdad es que cuando escucho el refr\u00e1n del Concejal Julio Cardoso me produce una sensaci\u00f3n, no se como expresarla, pero por ah\u00ed de angustia y a su vez alegr\u00eda, porque tantas cosas se hicieron en Saldungaray que no se, tendr\u00eda que tener la mano quemada el Concejal Cardoso, la verdad que se olvida de la obra de agua, se olvida de la sala de interpretaci\u00f3n, de la revalorizaci\u00f3n del Fort\u00edn Pav\u00f3n, y bueno, si me ayudan, la pista de salud, la placita que est\u00e1 al lado de la sala de interpretaci\u00f3n, la secretar\u00eda de turismo. Entonces, la verdad es que escuchar decir esto de un concejal que vive en la localidad de Saldungaray y que no ve las obras, la verdad es que me produce angustia por un lado, pero por otro alegr\u00eda por todo lo que se ha hecho en la localidad. Nada m\u00e1s Sr. Presidente\u201d.<br \/>\n&nbsp;<br \/>\nConcejal Dar\u00edo Cardoso:<br \/>\n\u201cLa realidad nos dice que fueron cinco o seis a\u00f1os de gesti\u00f3n para realizar la  Corrales, porque no es que se est\u00e9 haciendo precisamente la gesti\u00f3n y promesas desde hace un a\u00f1o, Saldungaray est\u00e1 pidiendo la Corrales y todo lo que sea el trama Saldungaray Sierra de la Ventana hace a\u00f1os, \u00a1y no me pueden decir que no ha sido parte de las promesas pol\u00edticas que ha realizado este mismo gobierno! Entonces, por eso mismo digo que la gente lo que dice es eso, nosotros estaremos contentos de, por su puesto que queremos que se haga, pero realmente queremos ver la realidad de las cosas. Hasta ahora han sido promesas, las aperturas de sobres se realizaron, hay tres empresas, como dijo el Concejal Etcheber el presupuesto era de veintiocho millones, hubo dos que cotizaron con treinta y tres millones y algo, y una con treinta y seis, pero hasta que no est\u00e9 realmente concretado en un plazo de ciento ochenta d\u00edas que se tiene para hacer la obra va a seguir siendo una promesa. Nosotros ahora ya queremos ver realidades en el pueblo. Muchas gracias\u201d.<br \/>\n&nbsp;<br \/>\nEl Presidente del Concejo solicita al Vice Presidente Segundo, \u00a0Concejal Horacio Buitrago que se haga cargo de la Presidencia para poder hacer uso de la palabra.<br \/>\nConcejal Sergio Bordoni:<br \/>\n\u201cQuisiera referirme a dos temas Sr. Presidente, un tema, viendo la proximidad de la temporada estival, viendo que ya algunos locadores de servicios, o prestadores de servicios est\u00e1n pidiendo aumentos de tarifas quiero recordar que hace un a\u00f1o, ante un pedido del concesionario de Parque Norte que no est\u00e1bamos de acuerdo, no con el aumento tarifario, sino con la terminaci\u00f3n del pliego que ten\u00eda que cumplir ese concesionario, se le dio el plazo de un a\u00f1o para que pudiera presentar y terminar, no lo que estaba escrito en el pliego que era un SUM de no me acuerdo cuantos metros, pero era un SUM bastante importante, sino una bater\u00eda de ba\u00f1os y que pudiera estar para esta temporada estival. A la fecha no hemos tenido ni siquiera la presentaci\u00f3n de planos de esta bater\u00eda de ba\u00f1os, por eso quiero solicitar, y lo hago desde la Banca, quiero solicitar una reuni\u00f3n con el concesionario del Balneario Parque Norte, porque los plazos se est\u00e1n por vencer, y no tenemos nada que lo respalde como proyecto presentado para esa bater\u00eda de ba\u00f1os. As\u00ed que, lo hago desde la Banca como tiene que ser, y bien sabemos que hay otros concesionarios como el Sr. Dardo Fern\u00e1ndez de las piletas de Sierra de la  Ventana que han invertido mucho m\u00e1s de lo que el pliego de licitaci\u00f3n dec\u00eda, y eso nos llena de orgullo, porque hay gente que invierte para que las cosas est\u00e9n bien hechas en turismo, por m\u00e1s que sean privadas, va a quedar para el Distrito de Tornquist y sin estar en el pliego, se invirti\u00f3 mucho m\u00e1s dinero. Por eso quiero ponerlo como moci\u00f3n, la reuni\u00f3n del concesionario de Parque Norte para que en lo breve lo hagamos y lo pidamos. El segundo tema que quiero tocar, primero voy a leer una nota que seguramente ustedes la deben haber le\u00eddo, pero, es un pedido de dinero del Jard\u00edn de Infantes N\u00ba 902 de Saldungaray, cuya suma, el monto para la construcci\u00f3n de un pared\u00f3n, asciende a la suma de casi veintisiete mil pesos, veintis\u00e9is mil novecientos diez pesos, se lo piden a este Concejo Deliberante, obviamente, esos montos nosotros no manejamos, ni cerca estamos de darle esa ayuda econ\u00f3mica, pero hoy se aprob\u00f3 un pedido de informes por el fondo educativo. El d\u00eda 20 de agosto los Concejales Picado y Moroncini hicieron una nota al Departamento Ejecutivo para que se nos informe el monto real que hab\u00eda venido del fondo educativo, que por Internet cualquiera puede acceder, hasta el 31 de julio ascend\u00eda a la suma de dos millones quinientos cuarenta y cuatro mil pesos, pidiendo, queremos saber si eran esos los fondos reales que hab\u00edan llegado porque lo desconocemos, y si uno divide esa suma de dinero seg\u00fan el Ministerio de Econom\u00eda hab\u00eda llegado al Municipio de Tornquist por la cantidad de d\u00edas que llev\u00e1bamos al 31 de julio daba una cifra de algo de dieciocho mil pesos por d\u00eda, que ven\u00edan entrando al Municipio de Tornquist. La verdad es que con dos d\u00edas\u00a0 que ahorr\u00e1ramos del fondo educativo solucionar\u00edamos este tema que era la construcci\u00f3n de un pared\u00f3n, un pared\u00f3n que se estaba cayendo y que era totalmente peligroso para chicos de un jard\u00edn de infantes, y que se construy\u00f3 gracias al aporte de un privado, del cual la cooperadora tiene que devolver ese dinero. Por eso es que queremos que este pedido de informes que hoy se pasa para que el ejecutivo lo conteste, sea contestado con rapidez, porque necesitamos saber qu\u00e9 dinero es el que dispone el ejecutivo, porque la verdad es que es de libre disponibilidad del ejecutivo, est\u00e1 en una cuenta de fondos afectados, y nosotros sabemos que es de libre disponibilidad del ejecutivo, pero tambi\u00e9n sabemos que es para educaci\u00f3n. Y hay cooperadoras que no dan, est\u00e1n haciendo aguas por todos lados, y esto es para educaci\u00f3n, y es para eso para lo que queremos que se use, no estamos diciendo que se uso mal, ni que se uso bien, porque no sabemos c\u00f3mo se us\u00f3, simplemente es que presentamos este pedido de informes porque la nota no fue contestada, y no es que lo hacemos por desconfianza, queremos saber donde est\u00e1n los fondos, queremos saber que se usen para educaci\u00f3n, y queremos darles soluciones a las escuelas, porque es cierto, el Consejo Escolar recibe solamente el diez por ciento de lo que viene para educaci\u00f3n en cuanto al fondo educativo que estamos\u00a0 hablando, al 31 de julio el Consejo Escolar hab\u00eda recibido algo de doscientos cincuenta mil pesos y esta nota lleg\u00f3 el 9 de octubre, y nunca quise hacer menci\u00f3n de esto porque se iba a tomar como que era algo pol\u00edtico por parte de la escuela que lo ped\u00eda, por eso lo estoy haciendo ahora. Tal vez, muy probablemente lo hayan solucionado por otro lado, o no, no se, pero si no es as\u00ed la cooperadora toc\u00f3 fondo totalmente y habr\u00eda que tratar de solucionarlo. Yo creo que en campa\u00f1a se dijeron muchas cosas en cuanto al fondo educativo, me acuerdo en un programa de FM 98.1 fueron dos candidatas a consejeras escolares, diciendo que ten\u00edan informaci\u00f3n que era de libre disponibilidad, pero hasta la fecha nosotros no la tenemos, y somos el Concejo Deliberante, somos el Concejo Deliberante, no somos un vecino cualquiera, y presentamos una nota, por eso ahora hacemos este pedido de informes, y no es por desconfianza, sino tenemos que saber y queremos saber, y queremos darles soluciones a las instituciones educativas, porque para eso la Presidenta de la Naci\u00f3n gira los fondos, para que se invierta en educaci\u00f3n. Y cuando dice la Presidenta de la Naci\u00f3n que es uno de los gobiernos que m\u00e1s ha invertido en educaci\u00f3n, yo no creo que est\u00e9 mintiendo, y creo que es la verdad, pero hay que usarlos para educaci\u00f3n, y tal vez est\u00e9n en la cuenta de fondos afectados y no se hayan usado todav\u00eda, pero eso lo queremos saber y no es por desconfianza. Nada m\u00e1s Sr. Presidente\u201d.<br \/>\n&nbsp;<br \/>\nSe aprueba por unanimidad la moci\u00f3n de convocar al Sr. Juan Carlos Gisler a una reuni\u00f3n con los integrantes del H.C.D.<br \/>\n&nbsp;<br \/>\nConcejal Daniel Etchever:<br \/>\n\u201cCon respecto al Jard\u00edn de Infantes 902 los fondos que se usaron, si, perfecto, ser\u00edan de los fondos de educaci\u00f3n. Con respecto al pared\u00f3n, si, se estaba por caer el pared\u00f3n, pero despu\u00e9s el Municipio le don\u00f3 un predio, entonces el pared\u00f3n ese m\u00e1s lo que tiene que hacer el jard\u00edn, por eso es que sale ese importe. Pero a lo que me refer\u00eda anteriormente Sr. Presidente, me refer\u00eda anteriormente, que en la campa\u00f1a pol\u00edtica, por eso que no se debe jugar con instituciones, porque antes de las PASO, fueron prometidos doce mil pesos a esa instituci\u00f3n, contentos los de la comisi\u00f3n, la se\u00f1ora de la comisi\u00f3n contenta porque iban a recibir doce mil pesos para la construcci\u00f3n de ese pared\u00f3n, luego de las PASO volvieron a esa instituci\u00f3n, y le preguntaron sobre los doce mil pesos, y aparentemente, tengo entendido que dijeron, bueno, pero eso si ganamos, es decir\u00a0 que la ilusi\u00f3n se le fue, entonces creo que por eso tiene el derecho a hacer el reclamo la comisi\u00f3n al Concejo Deliberante, porque no se sabe de donde sacar la plata, perfecto, son veintis\u00e9is mil pesos, en ese momento ser\u00eda veinticuatro mil, deben tener otros gastos, pero lo que me quer\u00eda referir yo es eso, no se juega con las instituciones, y con promesas, sino que hay que cumplir tambi\u00e9n aunque pierdan o ganen, las promesas hay que cumplirlas. Gracias Sr. Presidente\u201d.<br \/>\n&nbsp;<br \/>\nConcejal Horacio Buitrago:<br \/>\n\u201cQuisiera referirme a un proyecto de ordenanza que hab\u00eda hecho en su momento, en mayo del 2013. Yo hab\u00eda presentado una ordenanza por el tema del deporte, y el esfuerzo que deb\u00edan hacer los deportistas, algunos amateurs, otros profesionales, entonces la ordenanza ten\u00eda un car\u00e1cter de darle apoyo a estos deportistas, sobre todo cuando ten\u00edan que ir a entrenarse afuera, a otras localidades o participar en otras localidades. Fue enviada al Ejecutivo, y lamentablemente nunca m\u00e1s volvi\u00f3. Yo la hab\u00eda hecho circular por los clubes, estaban todos de acuerdo, la verdad que era importante, era importante, los recursos del estado, creo que debe ser importante, primero que est\u00e9n transparentes, \u00bfno?, cosa que hoy est\u00e1 fallando bastante ese tema, pero m\u00e1s all\u00e1 de la transparencia creo que es importante promocionarlo, que se pueda trabajar en conjunto con las instituciones, es decir, democratizarlo. Y bueno, esta ordenanza era un poco eso, \u00bfno?, un poco democratizar los recursos como para que una comisi\u00f3n, donde iba a estar el ejecutivo, el deliberativo, algunas instituciones, pudieran consensuar sobre la posibilidad cierta de apoyar a nuestros cr\u00e9ditos deportistas que creo que tan importante es el deporte para el ser humano, para alejarse de los flagelos que hoy tanto tenemos, para mejorar la salud, para la vida en sociedad. Y digo esto, porque en mi caso particular ya me queda una sola sesi\u00f3n, y la \u00faltima sabemos que estamos para otra cosa, pero me deja un poco el sabor amargo de que nunca m\u00e1s volvi\u00f3 esta ordenanza, ni siquiera con alguna modificaci\u00f3n, habernos sentado, porque cuando hablan de trabajo en conjunto, de que tenemos que trabajar, y la verdad es que esto seguramente est\u00e1 cajoneada en alg\u00fan departamento, y me duele, me duele porque no es para nosotros, es para la gente, para la gente, para la comunidad, y vendr\u00eda muy bien porque yo creo que este tema de democratizar los recursos viene bien de analizarlos, porque nosotros en el presupuesto pasado, y creo que esto es un tema que deber\u00edan debatir, nosotros le asignamos una partida para el Sr. Intendente de un mill\u00f3n ochocientos mil pesos, de los cuales seiscientos mil tambi\u00e9n, seguramente iba para la acci\u00f3n social, para todo el apoyo y la ayuda que pod\u00edan tener la comunidad. Pero un mill\u00f3n doscientos iba a tener a libre disponibilidad el Sr. Intendente, digamos, creo que, no se si no significa el treinta por ciento de presupuesto del Concejo Deliberante, o el cuarenta, por el monto que nosotros tenemos, habr\u00eda que analizarlo, pero yo creo que \u00e9l digamos, el Intendente Municipal de Tornquist tiene el treinta por ciento, o el veinticinco o el cuarenta de libre disponibilidad, de un presupuesto del Concejo Deliberante, para llegar a la gente que necesita, que tiene problemas, a las instituciones, y nosotros lo vimos en campa\u00f1a, \u00bfno?, los cuarenta mil, los treinta mil, los veinte mil, para las instituciones, plata del mismo pueblo, no cabe ninguna duda, pero me parece que eso hay que cambiarlo, porque no, primero que creo que no es igualitario, me parece muy autoritario, y un manejo de fondos y de recursos as ultranza que no es democr\u00e1tico. Porque digo, porqu\u00e9 no formamos un consejo, una comisi\u00f3n y vemos a quien le damos el dinero. Eso lo vimos a diario, cuando habla alg\u00fan concejal de la campa\u00f1a, eso lo vimos a diario, repartir de la misma plata de los contribuyentes sin ninguna verg\u00fcenza, realmente, yo lo tiro como reflexi\u00f3n, para que se estudie. En ese momento lo hab\u00edamos analizado, de darle tantos recursos al Intendente de libre disponibilidad. La verdad que atentaba hacia la seguridad de que esos fondos llegaran a un buen destino. Acu\u00e9rdense que tuvimos un tiempo que ni siquiera decretos sub\u00eda el Sr. Intendente, as\u00ed que me parece que todo ese manejo de recursos creo que en este nuevo an\u00e1lisis de presupuesto para el otro a\u00f1o me parece que tendr\u00eda que estar atendido, y esta ordenanza como puede haber otras, tambi\u00e9n por cultura, por el tema deportes, hay que democratizarla, los recursos tienen que estar donde se puedan trabajar en una mesa, donde no haya un due\u00f1o absoluto de la plata, sino haya un consenso y que las instituciones no tengan que ir a pedir por favor un poco de recursos para seguir trabajando. Nada m\u00e1s Sr. Presidente\u201d.<br \/>\n&nbsp;<br \/>\nConcejal Carlos Schwab:<br \/>\n\u201cLa verdad es que lamento mucho que el concejal Buitrago despu\u00e9s de cinco meses se venga a acordar de una ordenanza que present\u00f3 en mayo, porque podr\u00edamos haber averiguado mucho antes donde estaba la ordenanza, de todas formas se lo podemos averiguar. Lo que s\u00ed desde este Bloque no vamos a permitir m\u00e1s dejar pasar, no voy repetir, como dijo la Concejal Skolak, la palabra que dijo \u00e9l en la reuni\u00f3n porque es una falta de respeto, sigue insistiendo, lo que dijo hoy, transparencia, dibujar, y le pedir\u00eda al Concejal Buitrago Sr. Presidente, que si tiene alguna duda, que si piensa que se est\u00e1 dibujando como \u00e9l dice algunos n\u00fameros, vaya a la justicia y haga una denuncia penal, porque hablar desde una Banca es muy f\u00e1cil. Vuelvo a repetir, tiene dudas, que se dibuja, que no hay transparencia, la palabra que dijo hoy que no lo voy a repetir, lamentablemente, haga la denuncia penal como corresponde. Nada m\u00e1s Sr. Presidente\u201d.<br \/>\n&nbsp;<br \/>\nConcejal Mar\u00eda Ofelia Skolak:<br \/>\n\u201cYo me quiero referir a las instituciones. La verdad\u00a0 que desde que el Sr. Intendente Municipal Gustavo Trankels asumi\u00f3 a este cargo, al m\u00e1ximo cargo, como intendente, ha colaborado en todo momento con todas las instituciones. Si algo podemos ver, y todos los d\u00edas, es que est\u00e1 colaborando con las instituciones, y no solamente en \u00e9pocas de elecciones. Nada m\u00e1s Sr. Presidente\u201d.<br \/>\n&nbsp;<br \/>\nHONORABLE CONCEJO DELIBERANTE<br \/>\n&nbsp;<br \/>\n&nbsp;<\/p>\n","protected":false},"excerpt":{"rendered":"<p>httpv:\/\/www.youtube.com\/watch?v=HiWAZ1fY_CU httpv:\/\/www.youtube.com\/watch?v=s8pHdyZto00 httpv:\/\/www.youtube.com\/watch?v=tObZqDBXRso httpv:\/\/www.youtube.com\/watch?v=cQDzN-BsQrw httpv:\/\/www.youtube.com\/watch?v=oG2Heyah_Ok httpv:\/\/www.youtube.com\/watch?v=TbU2ne3cSSo &nbsp; INFORME SESI\u00d3N ORDINARIA DE FECHA 19\u00a0 DE NOVIEMBRE Comunicaciones Oficiales y Dict\u00e1menes de las Comisiones: Expte. N\u00ba 300\/09: \u201cN.P. \u2013 Indemnizaci\u00f3n inmueble Barrio San Bernardo Partida N\u00ba 8467\u201d. Pasa a las Comisiones de Interpretaci\u00f3n y Reglamento y Obras P\u00fablicas. &nbsp; Expte. N\u00ba 305\/13: \u201cD.E. \u2013 Convalida la firma [&hellip;]<\/p>\n","protected":false},"author":1,"featured_media":0,"comment_status":"closed","ping_status":"open","sticky":false,"template":"","format":"standard","meta":{"footnotes":""},"categories":[51,52,53,64],"tags":[],"class_list":["post-15964","post","type-post","status-publish","format-standard","hentry","category-comunidad","category-destacadas","category-politica","category-videos-destacados"],"yoast_head":"<!-- This site is optimized with the Yoast SEO plugin v19.7.1 - https:\/\/yoast.com\/wordpress\/plugins\/seo\/ -->\n<title>HCD.: HUBO CRITICAS POR EL FONDO EDUCATIVO Y DE LA SEGURIDAD RURAL Y RECLAMAN OBRAS EN PARQUE NORTE (lo que se dijo en la sesi\u00f3n en videos) - CELTTV<\/title>\n<meta name=\"description\" content=\"Sitio web de noticias de la localidad de Tornquist, provincia de Buenos Aires, Rep\u00fablica Argentina. Contenido propio originado por periodistas de CELTTV, el canal de TV local de la Cooperativa El\u00e9ctrica de Tornquist. Turismo, Pol\u00edtica, Sociedad, Deporte, Cultura y todo el contenido de inter\u00e9s general que la gente del pueblo y la regi\u00f3n debe conocer.\" \/>\n<meta name=\"robots\" content=\"index, follow, max-snippet:-1, max-image-preview:large, max-video-preview:-1\" \/>\n<link rel=\"canonical\" href=\"https:\/\/www.celttv.com.ar\/index.php\/2013\/11\/23\/hcd-hubo-criticas-por-el-fondo-educativo-y-de-la-seguridad-rural-y-reclaman-obras-en-parque-norte-lo-que-se-dijo-en-la-sesion-en-videos\/\" \/>\n<meta property=\"og:locale\" content=\"es_ES\" \/>\n<meta property=\"og:type\" content=\"article\" \/>\n<meta property=\"og:title\" content=\"HCD.: HUBO CRITICAS POR EL FONDO EDUCATIVO Y DE LA SEGURIDAD RURAL Y RECLAMAN OBRAS EN PARQUE NORTE (lo que se dijo en la sesi\u00f3n en videos) - CELTTV\" \/>\n<meta property=\"og:description\" content=\"Sitio web de noticias de la localidad de Tornquist, provincia de Buenos Aires, Rep\u00fablica Argentina. Contenido propio originado por periodistas de CELTTV, el canal de TV local de la Cooperativa El\u00e9ctrica de Tornquist. Turismo, Pol\u00edtica, Sociedad, Deporte, Cultura y todo el contenido de inter\u00e9s general que la gente del pueblo y la regi\u00f3n debe conocer.\" \/>\n<meta property=\"og:url\" content=\"https:\/\/www.celttv.com.ar\/index.php\/2013\/11\/23\/hcd-hubo-criticas-por-el-fondo-educativo-y-de-la-seguridad-rural-y-reclaman-obras-en-parque-norte-lo-que-se-dijo-en-la-sesion-en-videos\/\" \/>\n<meta property=\"og:site_name\" content=\"CELTTV\" \/>\n<meta property=\"article:publisher\" content=\"https:\/\/www.facebook.com\/celtTV\/\" \/>\n<meta property=\"article:published_time\" content=\"2013-11-23T17:54:27+00:00\" \/>\n<meta name=\"author\" content=\"ulises\" \/>\n<meta name=\"twitter:card\" content=\"summary_large_image\" \/>\n<meta name=\"twitter:label1\" content=\"Escrito por\" \/>\n\t<meta name=\"twitter:data1\" content=\"ulises\" \/>\n\t<meta name=\"twitter:label2\" content=\"Tiempo de lectura\" \/>\n\t<meta name=\"twitter:data2\" content=\"35 minutos\" \/>\n<script type=\"application\/ld+json\" class=\"yoast-schema-graph\">{\"@context\":\"https:\/\/schema.org\",\"@graph\":[{\"@type\":\"NewsArticle\",\"@id\":\"https:\/\/www.celttv.com.ar\/index.php\/2013\/11\/23\/hcd-hubo-criticas-por-el-fondo-educativo-y-de-la-seguridad-rural-y-reclaman-obras-en-parque-norte-lo-que-se-dijo-en-la-sesion-en-videos\/#article\",\"isPartOf\":{\"@id\":\"https:\/\/www.celttv.com.ar\/index.php\/2013\/11\/23\/hcd-hubo-criticas-por-el-fondo-educativo-y-de-la-seguridad-rural-y-reclaman-obras-en-parque-norte-lo-que-se-dijo-en-la-sesion-en-videos\/\"},\"author\":{\"name\":\"ulises\",\"@id\":\"https:\/\/www.celttv.com.ar\/#\/schema\/person\/6d99c072dba59953809c81446e9d0ace\"},\"headline\":\"HCD.: HUBO CRITICAS POR EL FONDO EDUCATIVO Y DE LA SEGURIDAD RURAL Y RECLAMAN OBRAS EN PARQUE NORTE (lo que se dijo en la sesi\u00f3n en videos)\",\"datePublished\":\"2013-11-23T17:54:27+00:00\",\"dateModified\":\"2013-11-23T17:54:27+00:00\",\"mainEntityOfPage\":{\"@id\":\"https:\/\/www.celttv.com.ar\/index.php\/2013\/11\/23\/hcd-hubo-criticas-por-el-fondo-educativo-y-de-la-seguridad-rural-y-reclaman-obras-en-parque-norte-lo-que-se-dijo-en-la-sesion-en-videos\/\"},\"wordCount\":7001,\"publisher\":{\"@id\":\"https:\/\/www.celttv.com.ar\/#organization\"},\"articleSection\":[\"Comunidad\",\"Destacadas\",\"Pol\u00edtica\",\"Videos Destacados\"],\"inLanguage\":\"es\"},{\"@type\":\"WebPage\",\"@id\":\"https:\/\/www.celttv.com.ar\/index.php\/2013\/11\/23\/hcd-hubo-criticas-por-el-fondo-educativo-y-de-la-seguridad-rural-y-reclaman-obras-en-parque-norte-lo-que-se-dijo-en-la-sesion-en-videos\/\",\"url\":\"https:\/\/www.celttv.com.ar\/index.php\/2013\/11\/23\/hcd-hubo-criticas-por-el-fondo-educativo-y-de-la-seguridad-rural-y-reclaman-obras-en-parque-norte-lo-que-se-dijo-en-la-sesion-en-videos\/\",\"name\":\"HCD.: HUBO CRITICAS POR EL FONDO EDUCATIVO Y DE LA SEGURIDAD RURAL Y RECLAMAN OBRAS EN PARQUE NORTE (lo que se dijo en la sesi\u00f3n en videos) - CELTTV\",\"isPartOf\":{\"@id\":\"https:\/\/www.celttv.com.ar\/#website\"},\"datePublished\":\"2013-11-23T17:54:27+00:00\",\"dateModified\":\"2013-11-23T17:54:27+00:00\",\"description\":\"Sitio web de noticias de la localidad de Tornquist, provincia de Buenos Aires, Rep\u00fablica Argentina. Contenido propio originado por periodistas de CELTTV, el canal de TV local de la Cooperativa El\u00e9ctrica de Tornquist. Turismo, Pol\u00edtica, Sociedad, Deporte, Cultura y todo el contenido de inter\u00e9s general que la gente del pueblo y la regi\u00f3n debe conocer.\",\"breadcrumb\":{\"@id\":\"https:\/\/www.celttv.com.ar\/index.php\/2013\/11\/23\/hcd-hubo-criticas-por-el-fondo-educativo-y-de-la-seguridad-rural-y-reclaman-obras-en-parque-norte-lo-que-se-dijo-en-la-sesion-en-videos\/#breadcrumb\"},\"inLanguage\":\"es\",\"potentialAction\":[{\"@type\":\"ReadAction\",\"target\":[\"https:\/\/www.celttv.com.ar\/index.php\/2013\/11\/23\/hcd-hubo-criticas-por-el-fondo-educativo-y-de-la-seguridad-rural-y-reclaman-obras-en-parque-norte-lo-que-se-dijo-en-la-sesion-en-videos\/\"]}]},{\"@type\":\"BreadcrumbList\",\"@id\":\"https:\/\/www.celttv.com.ar\/index.php\/2013\/11\/23\/hcd-hubo-criticas-por-el-fondo-educativo-y-de-la-seguridad-rural-y-reclaman-obras-en-parque-norte-lo-que-se-dijo-en-la-sesion-en-videos\/#breadcrumb\",\"itemListElement\":[{\"@type\":\"ListItem\",\"position\":1,\"name\":\"Inicio\",\"item\":\"https:\/\/www.celttv.com.ar\/\"},{\"@type\":\"ListItem\",\"position\":2,\"name\":\"HCD.: HUBO CRITICAS POR EL FONDO EDUCATIVO Y DE LA SEGURIDAD RURAL Y RECLAMAN OBRAS EN PARQUE NORTE (lo que se dijo en la sesi\u00f3n en videos)\"}]},{\"@type\":\"WebSite\",\"@id\":\"https:\/\/www.celttv.com.ar\/#website\",\"url\":\"https:\/\/www.celttv.com.ar\/\",\"name\":\"CELTTV\",\"description\":\"Cooperativa El\u00e9ctrica de Tornquist\",\"publisher\":{\"@id\":\"https:\/\/www.celttv.com.ar\/#organization\"},\"potentialAction\":[{\"@type\":\"SearchAction\",\"target\":{\"@type\":\"EntryPoint\",\"urlTemplate\":\"https:\/\/www.celttv.com.ar\/?s={search_term_string}\"},\"query-input\":\"required name=search_term_string\"}],\"inLanguage\":\"es\"},{\"@type\":\"Organization\",\"@id\":\"https:\/\/www.celttv.com.ar\/#organization\",\"name\":\"CELTTV\",\"url\":\"https:\/\/www.celttv.com.ar\/\",\"sameAs\":[\"https:\/\/www.youtube.com\/channel\/UCz_oIt8Hig64Ub-EmcNPIhg\",\"https:\/\/www.facebook.com\/celtTV\/\"],\"logo\":{\"@type\":\"ImageObject\",\"inLanguage\":\"es\",\"@id\":\"https:\/\/www.celttv.com.ar\/#\/schema\/logo\/image\/\",\"url\":\"http:\/\/www.celttv.com.ar\/wp-content\/uploads\/2022\/08\/logo-1.png\",\"contentUrl\":\"http:\/\/www.celttv.com.ar\/wp-content\/uploads\/2022\/08\/logo-1.png\",\"width\":461,\"height\":159,\"caption\":\"CELTTV\"},\"image\":{\"@id\":\"https:\/\/www.celttv.com.ar\/#\/schema\/logo\/image\/\"}},{\"@type\":\"Person\",\"@id\":\"https:\/\/www.celttv.com.ar\/#\/schema\/person\/6d99c072dba59953809c81446e9d0ace\",\"name\":\"ulises\",\"image\":{\"@type\":\"ImageObject\",\"inLanguage\":\"es\",\"@id\":\"https:\/\/www.celttv.com.ar\/#\/schema\/person\/image\/\",\"url\":\"https:\/\/secure.gravatar.com\/avatar\/7f2c48bdc33b30088f941fb6082e555f2874c98e20cb159d7b92b50eadfce793?s=96&d=mm&r=g\",\"contentUrl\":\"https:\/\/secure.gravatar.com\/avatar\/7f2c48bdc33b30088f941fb6082e555f2874c98e20cb159d7b92b50eadfce793?s=96&d=mm&r=g\",\"caption\":\"ulises\"},\"sameAs\":[\"http:\/\/www.celttv.com.ar\"]}]}<\/script>\n<!-- \/ Yoast SEO plugin. -->","yoast_head_json":{"title":"HCD.: HUBO CRITICAS POR EL FONDO EDUCATIVO Y DE LA SEGURIDAD RURAL Y RECLAMAN OBRAS EN PARQUE NORTE (lo que se dijo en la sesi\u00f3n en videos) - CELTTV","description":"Sitio web de noticias de la localidad de Tornquist, provincia de Buenos Aires, Rep\u00fablica Argentina. Contenido propio originado por periodistas de CELTTV, el canal de TV local de la Cooperativa El\u00e9ctrica de Tornquist. Turismo, Pol\u00edtica, Sociedad, Deporte, Cultura y todo el contenido de inter\u00e9s general que la gente del pueblo y la regi\u00f3n debe conocer.","robots":{"index":"index","follow":"follow","max-snippet":"max-snippet:-1","max-image-preview":"max-image-preview:large","max-video-preview":"max-video-preview:-1"},"canonical":"https:\/\/www.celttv.com.ar\/index.php\/2013\/11\/23\/hcd-hubo-criticas-por-el-fondo-educativo-y-de-la-seguridad-rural-y-reclaman-obras-en-parque-norte-lo-que-se-dijo-en-la-sesion-en-videos\/","og_locale":"es_ES","og_type":"article","og_title":"HCD.: HUBO CRITICAS POR EL FONDO EDUCATIVO Y DE LA SEGURIDAD RURAL Y RECLAMAN OBRAS EN PARQUE NORTE (lo que se dijo en la sesi\u00f3n en videos) - CELTTV","og_description":"Sitio web de noticias de la localidad de Tornquist, provincia de Buenos Aires, Rep\u00fablica Argentina. Contenido propio originado por periodistas de CELTTV, el canal de TV local de la Cooperativa El\u00e9ctrica de Tornquist. Turismo, Pol\u00edtica, Sociedad, Deporte, Cultura y todo el contenido de inter\u00e9s general que la gente del pueblo y la regi\u00f3n debe conocer.","og_url":"https:\/\/www.celttv.com.ar\/index.php\/2013\/11\/23\/hcd-hubo-criticas-por-el-fondo-educativo-y-de-la-seguridad-rural-y-reclaman-obras-en-parque-norte-lo-que-se-dijo-en-la-sesion-en-videos\/","og_site_name":"CELTTV","article_publisher":"https:\/\/www.facebook.com\/celtTV\/","article_published_time":"2013-11-23T17:54:27+00:00","author":"ulises","twitter_card":"summary_large_image","twitter_misc":{"Escrito por":"ulises","Tiempo de lectura":"35 minutos"},"schema":{"@context":"https:\/\/schema.org","@graph":[{"@type":"NewsArticle","@id":"https:\/\/www.celttv.com.ar\/index.php\/2013\/11\/23\/hcd-hubo-criticas-por-el-fondo-educativo-y-de-la-seguridad-rural-y-reclaman-obras-en-parque-norte-lo-que-se-dijo-en-la-sesion-en-videos\/#article","isPartOf":{"@id":"https:\/\/www.celttv.com.ar\/index.php\/2013\/11\/23\/hcd-hubo-criticas-por-el-fondo-educativo-y-de-la-seguridad-rural-y-reclaman-obras-en-parque-norte-lo-que-se-dijo-en-la-sesion-en-videos\/"},"author":{"name":"ulises","@id":"https:\/\/www.celttv.com.ar\/#\/schema\/person\/6d99c072dba59953809c81446e9d0ace"},"headline":"HCD.: HUBO CRITICAS POR EL FONDO EDUCATIVO Y DE LA SEGURIDAD RURAL Y RECLAMAN OBRAS EN PARQUE NORTE (lo que se dijo en la sesi\u00f3n en videos)","datePublished":"2013-11-23T17:54:27+00:00","dateModified":"2013-11-23T17:54:27+00:00","mainEntityOfPage":{"@id":"https:\/\/www.celttv.com.ar\/index.php\/2013\/11\/23\/hcd-hubo-criticas-por-el-fondo-educativo-y-de-la-seguridad-rural-y-reclaman-obras-en-parque-norte-lo-que-se-dijo-en-la-sesion-en-videos\/"},"wordCount":7001,"publisher":{"@id":"https:\/\/www.celttv.com.ar\/#organization"},"articleSection":["Comunidad","Destacadas","Pol\u00edtica","Videos Destacados"],"inLanguage":"es"},{"@type":"WebPage","@id":"https:\/\/www.celttv.com.ar\/index.php\/2013\/11\/23\/hcd-hubo-criticas-por-el-fondo-educativo-y-de-la-seguridad-rural-y-reclaman-obras-en-parque-norte-lo-que-se-dijo-en-la-sesion-en-videos\/","url":"https:\/\/www.celttv.com.ar\/index.php\/2013\/11\/23\/hcd-hubo-criticas-por-el-fondo-educativo-y-de-la-seguridad-rural-y-reclaman-obras-en-parque-norte-lo-que-se-dijo-en-la-sesion-en-videos\/","name":"HCD.: HUBO CRITICAS POR EL FONDO EDUCATIVO Y DE LA SEGURIDAD RURAL Y RECLAMAN OBRAS EN PARQUE NORTE (lo que se dijo en la sesi\u00f3n en videos) - CELTTV","isPartOf":{"@id":"https:\/\/www.celttv.com.ar\/#website"},"datePublished":"2013-11-23T17:54:27+00:00","dateModified":"2013-11-23T17:54:27+00:00","description":"Sitio web de noticias de la localidad de Tornquist, provincia de Buenos Aires, Rep\u00fablica Argentina. Contenido propio originado por periodistas de CELTTV, el canal de TV local de la Cooperativa El\u00e9ctrica de Tornquist. Turismo, Pol\u00edtica, Sociedad, Deporte, Cultura y todo el contenido de inter\u00e9s general que la gente del pueblo y la regi\u00f3n debe conocer.","breadcrumb":{"@id":"https:\/\/www.celttv.com.ar\/index.php\/2013\/11\/23\/hcd-hubo-criticas-por-el-fondo-educativo-y-de-la-seguridad-rural-y-reclaman-obras-en-parque-norte-lo-que-se-dijo-en-la-sesion-en-videos\/#breadcrumb"},"inLanguage":"es","potentialAction":[{"@type":"ReadAction","target":["https:\/\/www.celttv.com.ar\/index.php\/2013\/11\/23\/hcd-hubo-criticas-por-el-fondo-educativo-y-de-la-seguridad-rural-y-reclaman-obras-en-parque-norte-lo-que-se-dijo-en-la-sesion-en-videos\/"]}]},{"@type":"BreadcrumbList","@id":"https:\/\/www.celttv.com.ar\/index.php\/2013\/11\/23\/hcd-hubo-criticas-por-el-fondo-educativo-y-de-la-seguridad-rural-y-reclaman-obras-en-parque-norte-lo-que-se-dijo-en-la-sesion-en-videos\/#breadcrumb","itemListElement":[{"@type":"ListItem","position":1,"name":"Inicio","item":"https:\/\/www.celttv.com.ar\/"},{"@type":"ListItem","position":2,"name":"HCD.: HUBO CRITICAS POR EL FONDO EDUCATIVO Y DE LA SEGURIDAD RURAL Y RECLAMAN OBRAS EN PARQUE NORTE (lo que se dijo en la sesi\u00f3n en videos)"}]},{"@type":"WebSite","@id":"https:\/\/www.celttv.com.ar\/#website","url":"https:\/\/www.celttv.com.ar\/","name":"CELTTV","description":"Cooperativa El\u00e9ctrica de Tornquist","publisher":{"@id":"https:\/\/www.celttv.com.ar\/#organization"},"potentialAction":[{"@type":"SearchAction","target":{"@type":"EntryPoint","urlTemplate":"https:\/\/www.celttv.com.ar\/?s={search_term_string}"},"query-input":"required name=search_term_string"}],"inLanguage":"es"},{"@type":"Organization","@id":"https:\/\/www.celttv.com.ar\/#organization","name":"CELTTV","url":"https:\/\/www.celttv.com.ar\/","sameAs":["https:\/\/www.youtube.com\/channel\/UCz_oIt8Hig64Ub-EmcNPIhg","https:\/\/www.facebook.com\/celtTV\/"],"logo":{"@type":"ImageObject","inLanguage":"es","@id":"https:\/\/www.celttv.com.ar\/#\/schema\/logo\/image\/","url":"http:\/\/www.celttv.com.ar\/wp-content\/uploads\/2022\/08\/logo-1.png","contentUrl":"http:\/\/www.celttv.com.ar\/wp-content\/uploads\/2022\/08\/logo-1.png","width":461,"height":159,"caption":"CELTTV"},"image":{"@id":"https:\/\/www.celttv.com.ar\/#\/schema\/logo\/image\/"}},{"@type":"Person","@id":"https:\/\/www.celttv.com.ar\/#\/schema\/person\/6d99c072dba59953809c81446e9d0ace","name":"ulises","image":{"@type":"ImageObject","inLanguage":"es","@id":"https:\/\/www.celttv.com.ar\/#\/schema\/person\/image\/","url":"https:\/\/secure.gravatar.com\/avatar\/7f2c48bdc33b30088f941fb6082e555f2874c98e20cb159d7b92b50eadfce793?s=96&d=mm&r=g","contentUrl":"https:\/\/secure.gravatar.com\/avatar\/7f2c48bdc33b30088f941fb6082e555f2874c98e20cb159d7b92b50eadfce793?s=96&d=mm&r=g","caption":"ulises"},"sameAs":["http:\/\/www.celttv.com.ar"]}]}},"_links":{"self":[{"href":"https:\/\/www.celttv.com.ar\/index.php\/wp-json\/wp\/v2\/posts\/15964","targetHints":{"allow":["GET"]}}],"collection":[{"href":"https:\/\/www.celttv.com.ar\/index.php\/wp-json\/wp\/v2\/posts"}],"about":[{"href":"https:\/\/www.celttv.com.ar\/index.php\/wp-json\/wp\/v2\/types\/post"}],"author":[{"embeddable":true,"href":"https:\/\/www.celttv.com.ar\/index.php\/wp-json\/wp\/v2\/users\/1"}],"replies":[{"embeddable":true,"href":"https:\/\/www.celttv.com.ar\/index.php\/wp-json\/wp\/v2\/comments?post=15964"}],"version-history":[{"count":0,"href":"https:\/\/www.celttv.com.ar\/index.php\/wp-json\/wp\/v2\/posts\/15964\/revisions"}],"wp:attachment":[{"href":"https:\/\/www.celttv.com.ar\/index.php\/wp-json\/wp\/v2\/media?parent=15964"}],"wp:term":[{"taxonomy":"category","embeddable":true,"href":"https:\/\/www.celttv.com.ar\/index.php\/wp-json\/wp\/v2\/categories?post=15964"},{"taxonomy":"post_tag","embeddable":true,"href":"https:\/\/www.celttv.com.ar\/index.php\/wp-json\/wp\/v2\/tags?post=15964"}],"curies":[{"name":"wp","href":"https:\/\/api.w.org\/{rel}","templated":true}]}}