{"id":15972,"date":"2013-11-23T18:09:25","date_gmt":"2013-11-23T18:09:25","guid":{"rendered":"http:\/\/www.tvcnoticias.com.ar\/?p=15972"},"modified":"2013-11-23T18:09:25","modified_gmt":"2013-11-23T18:09:25","slug":"la-recuperacion-del-palacio-municipal-en-su-ultima-etapa-2","status":"publish","type":"post","link":"https:\/\/www.celttv.com.ar\/index.php\/2013\/11\/23\/la-recuperacion-del-palacio-municipal-en-su-ultima-etapa-2\/","title":{"rendered":"LA RECUPERACION DEL PALACIO MUNICIPAL EN SU ULTIMA ETAPA"},"content":{"rendered":"<p><a href=\"https:\/\/www.youtube.com\/watch?v=8rPs-2lzg9M\"><a href=\"https:\/\/www.youtube.com\/watch?v=8rPs-2lzg9M\">httpv:\/\/www.youtube.com\/watch?v=8rPs-2lzg9M<\/a><\/a><br \/>\n<a href=\"https:\/\/www.youtube.com\/watch?v=_qPA0mq8vlY\"><a href=\"https:\/\/www.youtube.com\/watch?v=_qPA0mq8vlY\">httpv:\/\/www.youtube.com\/watch?v=_qPA0mq8vlY<\/a><\/a><br \/>\n<a href=\"https:\/\/www.youtube.com\/watch?v=JGmNBsbfTEU\"><a href=\"https:\/\/www.youtube.com\/watch?v=JGmNBsbfTEU\">httpv:\/\/www.youtube.com\/watch?v=JGmNBsbfTEU<\/a><\/a><br \/>\nLa puesta en valor del Palacio Municipal, emblem\u00e1tica obra proyectada, dirigida y construida bajo la supervisi\u00f3n del arquitecto e ingeniero Francisco Salamone, ingres\u00f3 en las \u00faltimas horas en su instancia decisiva.\u00a0 \u00a0La intervenci\u00f3n no solamente contempla la recuperaci\u00f3n de la fachada del inmueble, que con el correr de los d\u00edas se asemeja cada vez m\u00e1s a su fisonom\u00eda original, sino que tambi\u00e9n incluye la iluminaci\u00f3n del edificio y la posibilidad de poner nuevamente en marcha el reloj de la torre.\u00a0 \u00a0\u201cEstamos finalizando la segunda etapa, y por una decisi\u00f3n del intendente, se trabaja para implementar la iluminaci\u00f3n ornamental en la fachada\u201d, confi\u00f3 la secretaria de Obras y Servicios P\u00fablicos, arquitecta Anabella Madue\u00f1a.\u00a0 \u00a0\u201cEntre los numerosos proyectos que presentamos en los organismos nacionales y provinciales, para Gustavo result\u00f3 tambi\u00e9n importante la refacci\u00f3n de los edificios patrimoniales\u201d, explic\u00f3.\u00a0 \u00a0La funcionaria comunal coment\u00f3 que la refacci\u00f3n se est\u00e1 ejecutando con recursos provenientes del Ministerio de Planificaci\u00f3n Federal, Inversi\u00f3n P\u00fablica y Servicios, y record\u00f3 que la primera etapa consisti\u00f3 en el arreglo de la torre del edificio y la intervenci\u00f3n en los sectores del basamento que presentaban un marcado deterioro.\u00a0 \u00a0\u201cEn este momento estamos finalizando la segunda etapa, que es la aplicaci\u00f3n del revestimiento y la recuperaci\u00f3n de las puertas y ventanas originales. La \u00faltima instancia ser\u00e1 la iluminaci\u00f3n ornamental, que cubrir\u00e1 tanto el basamento como la torre\u201d, afirm\u00f3.\u00a0 \u00a0\u201cEstamos muy entusiasmados con esta obra y ansiosos de poder compartir con la comunidad la iluminaci\u00f3n\u201d, se\u00f1al\u00f3.\u00a0 \u00a0Por su parte, el arquitecto Rub\u00e9n Otero, responsable de la firma que se encuentra a cargo de los trabajos, brind\u00f3 detalles de los trabajos que se est\u00e1n llevando a cabo.\u00a0 \u00a0\u201cEn la primera etapa trabajamos en corregir todas aquellas causas que estaban generando patolog\u00edas y deterioros en el edificio, y realizamos un tratamiento de humedad ascendente, que generaba deterioros importantes\u201d, relat\u00f3.\u00a0 \u00a0\u201cPor las caracter\u00edsticas que tiene, a la torre pudimos recuperarle la superficie original. El basamento, en cambio, no lo permiti\u00f3. Por eso realizamos un recapado respetando la composici\u00f3n, granulometr\u00eda y color original\u201d, mencion\u00f3.\u00a0 \u00a0\u201cDentro del proyecto de intervenci\u00f3n general, se propuso realizar un trabajo de iluminaci\u00f3n ornamental, que por supuesto dista de ser original, pero con la plaza modelo que tienen en Tornquist y las perspectivas que tiene el edificio desde su periferia, nos parec\u00eda interesante marcar sus l\u00edneas y resaltarlo\u201d, consider\u00f3.\u00a0 \u00a0El desaf\u00edo final ser\u00e1 poner en marcha el reloj que posee la torre, que entr\u00f3 en funcionamiento en 1938, junto con la inauguraci\u00f3n del hist\u00f3rico inmueble.\u00a0 \u00a0\u201cComo corolario de todo este trabajo que se est\u00e1 efectuando, la idea es poner en marcha el reloj. Respetando su forma y sus agujas, vamos a colocar un sistema electr\u00f3nico que permita que funcione mucho m\u00e1s tiempo sin ninguna dificultad\u201d, destac\u00f3 Otero.<\/p>\n","protected":false},"excerpt":{"rendered":"<p>httpv:\/\/www.youtube.com\/watch?v=8rPs-2lzg9M httpv:\/\/www.youtube.com\/watch?v=_qPA0mq8vlY httpv:\/\/www.youtube.com\/watch?v=JGmNBsbfTEU La puesta en valor del Palacio Municipal, emblem\u00e1tica obra proyectada, dirigida y construida bajo la supervisi\u00f3n del arquitecto e ingeniero Francisco Salamone, ingres\u00f3 en las \u00faltimas horas en su instancia decisiva.\u00a0 \u00a0La intervenci\u00f3n no solamente contempla la recuperaci\u00f3n de la fachada del inmueble, que con el correr de los d\u00edas se asemeja [&hellip;]<\/p>\n","protected":false},"author":1,"featured_media":0,"comment_status":"closed","ping_status":"open","sticky":false,"template":"","format":"standard","meta":{"footnotes":""},"categories":[51,52,53,64],"tags":[],"class_list":["post-15972","post","type-post","status-publish","format-standard","hentry","category-comunidad","category-destacadas","category-politica","category-videos-destacados"],"yoast_head":"<!-- This site is optimized with the Yoast SEO plugin v19.7.1 - https:\/\/yoast.com\/wordpress\/plugins\/seo\/ -->\n<title>LA RECUPERACION DEL PALACIO MUNICIPAL EN SU ULTIMA ETAPA - CELTTV<\/title>\n<meta name=\"description\" content=\"Sitio web de noticias de la localidad de Tornquist, provincia de Buenos Aires, Rep\u00fablica Argentina. Contenido propio originado por periodistas de CELTTV, el canal de TV local de la Cooperativa El\u00e9ctrica de Tornquist. Turismo, Pol\u00edtica, Sociedad, Deporte, Cultura y todo el contenido de inter\u00e9s general que la gente del pueblo y la regi\u00f3n debe conocer.\" \/>\n<meta name=\"robots\" content=\"index, follow, max-snippet:-1, max-image-preview:large, max-video-preview:-1\" \/>\n<link rel=\"canonical\" href=\"https:\/\/www.celttv.com.ar\/index.php\/2013\/11\/23\/la-recuperacion-del-palacio-municipal-en-su-ultima-etapa-2\/\" \/>\n<meta property=\"og:locale\" content=\"es_ES\" \/>\n<meta property=\"og:type\" content=\"article\" \/>\n<meta property=\"og:title\" content=\"LA RECUPERACION DEL PALACIO MUNICIPAL EN SU ULTIMA ETAPA - CELTTV\" \/>\n<meta property=\"og:description\" content=\"Sitio web de noticias de la localidad de Tornquist, provincia de Buenos Aires, Rep\u00fablica Argentina. Contenido propio originado por periodistas de CELTTV, el canal de TV local de la Cooperativa El\u00e9ctrica de Tornquist. Turismo, Pol\u00edtica, Sociedad, Deporte, Cultura y todo el contenido de inter\u00e9s general que la gente del pueblo y la regi\u00f3n debe conocer.\" \/>\n<meta property=\"og:url\" content=\"https:\/\/www.celttv.com.ar\/index.php\/2013\/11\/23\/la-recuperacion-del-palacio-municipal-en-su-ultima-etapa-2\/\" \/>\n<meta property=\"og:site_name\" content=\"CELTTV\" \/>\n<meta property=\"article:publisher\" content=\"https:\/\/www.facebook.com\/celtTV\/\" \/>\n<meta property=\"article:published_time\" content=\"2013-11-23T18:09:25+00:00\" \/>\n<meta name=\"author\" content=\"ulises\" \/>\n<meta name=\"twitter:card\" content=\"summary_large_image\" \/>\n<meta name=\"twitter:label1\" content=\"Escrito por\" \/>\n\t<meta name=\"twitter:data1\" content=\"ulises\" \/>\n\t<meta name=\"twitter:label2\" content=\"Tiempo de lectura\" \/>\n\t<meta name=\"twitter:data2\" content=\"3 minutos\" \/>\n<script type=\"application\/ld+json\" class=\"yoast-schema-graph\">{\"@context\":\"https:\/\/schema.org\",\"@graph\":[{\"@type\":\"NewsArticle\",\"@id\":\"https:\/\/www.celttv.com.ar\/index.php\/2013\/11\/23\/la-recuperacion-del-palacio-municipal-en-su-ultima-etapa-2\/#article\",\"isPartOf\":{\"@id\":\"https:\/\/www.celttv.com.ar\/index.php\/2013\/11\/23\/la-recuperacion-del-palacio-municipal-en-su-ultima-etapa-2\/\"},\"author\":{\"name\":\"ulises\",\"@id\":\"https:\/\/www.celttv.com.ar\/#\/schema\/person\/6d99c072dba59953809c81446e9d0ace\"},\"headline\":\"LA RECUPERACION DEL PALACIO MUNICIPAL EN SU ULTIMA ETAPA\",\"datePublished\":\"2013-11-23T18:09:25+00:00\",\"dateModified\":\"2013-11-23T18:09:25+00:00\",\"mainEntityOfPage\":{\"@id\":\"https:\/\/www.celttv.com.ar\/index.php\/2013\/11\/23\/la-recuperacion-del-palacio-municipal-en-su-ultima-etapa-2\/\"},\"wordCount\":526,\"publisher\":{\"@id\":\"https:\/\/www.celttv.com.ar\/#organization\"},\"articleSection\":[\"Comunidad\",\"Destacadas\",\"Pol\u00edtica\",\"Videos Destacados\"],\"inLanguage\":\"es\"},{\"@type\":\"WebPage\",\"@id\":\"https:\/\/www.celttv.com.ar\/index.php\/2013\/11\/23\/la-recuperacion-del-palacio-municipal-en-su-ultima-etapa-2\/\",\"url\":\"https:\/\/www.celttv.com.ar\/index.php\/2013\/11\/23\/la-recuperacion-del-palacio-municipal-en-su-ultima-etapa-2\/\",\"name\":\"LA RECUPERACION DEL PALACIO MUNICIPAL EN SU ULTIMA ETAPA - CELTTV\",\"isPartOf\":{\"@id\":\"https:\/\/www.celttv.com.ar\/#website\"},\"datePublished\":\"2013-11-23T18:09:25+00:00\",\"dateModified\":\"2013-11-23T18:09:25+00:00\",\"description\":\"Sitio web de noticias de la localidad de Tornquist, provincia de Buenos Aires, Rep\u00fablica Argentina. Contenido propio originado por periodistas de CELTTV, el canal de TV local de la Cooperativa El\u00e9ctrica de Tornquist. Turismo, Pol\u00edtica, Sociedad, Deporte, Cultura y todo el contenido de inter\u00e9s general que la gente del pueblo y la regi\u00f3n debe conocer.\",\"breadcrumb\":{\"@id\":\"https:\/\/www.celttv.com.ar\/index.php\/2013\/11\/23\/la-recuperacion-del-palacio-municipal-en-su-ultima-etapa-2\/#breadcrumb\"},\"inLanguage\":\"es\",\"potentialAction\":[{\"@type\":\"ReadAction\",\"target\":[\"https:\/\/www.celttv.com.ar\/index.php\/2013\/11\/23\/la-recuperacion-del-palacio-municipal-en-su-ultima-etapa-2\/\"]}]},{\"@type\":\"BreadcrumbList\",\"@id\":\"https:\/\/www.celttv.com.ar\/index.php\/2013\/11\/23\/la-recuperacion-del-palacio-municipal-en-su-ultima-etapa-2\/#breadcrumb\",\"itemListElement\":[{\"@type\":\"ListItem\",\"position\":1,\"name\":\"Inicio\",\"item\":\"https:\/\/www.celttv.com.ar\/\"},{\"@type\":\"ListItem\",\"position\":2,\"name\":\"LA RECUPERACION DEL PALACIO MUNICIPAL EN SU ULTIMA ETAPA\"}]},{\"@type\":\"WebSite\",\"@id\":\"https:\/\/www.celttv.com.ar\/#website\",\"url\":\"https:\/\/www.celttv.com.ar\/\",\"name\":\"CELTTV\",\"description\":\"Cooperativa El\u00e9ctrica de Tornquist\",\"publisher\":{\"@id\":\"https:\/\/www.celttv.com.ar\/#organization\"},\"potentialAction\":[{\"@type\":\"SearchAction\",\"target\":{\"@type\":\"EntryPoint\",\"urlTemplate\":\"https:\/\/www.celttv.com.ar\/?s={search_term_string}\"},\"query-input\":\"required name=search_term_string\"}],\"inLanguage\":\"es\"},{\"@type\":\"Organization\",\"@id\":\"https:\/\/www.celttv.com.ar\/#organization\",\"name\":\"CELTTV\",\"url\":\"https:\/\/www.celttv.com.ar\/\",\"sameAs\":[\"https:\/\/www.youtube.com\/channel\/UCz_oIt8Hig64Ub-EmcNPIhg\",\"https:\/\/www.facebook.com\/celtTV\/\"],\"logo\":{\"@type\":\"ImageObject\",\"inLanguage\":\"es\",\"@id\":\"https:\/\/www.celttv.com.ar\/#\/schema\/logo\/image\/\",\"url\":\"http:\/\/www.celttv.com.ar\/wp-content\/uploads\/2022\/08\/logo-1.png\",\"contentUrl\":\"http:\/\/www.celttv.com.ar\/wp-content\/uploads\/2022\/08\/logo-1.png\",\"width\":461,\"height\":159,\"caption\":\"CELTTV\"},\"image\":{\"@id\":\"https:\/\/www.celttv.com.ar\/#\/schema\/logo\/image\/\"}},{\"@type\":\"Person\",\"@id\":\"https:\/\/www.celttv.com.ar\/#\/schema\/person\/6d99c072dba59953809c81446e9d0ace\",\"name\":\"ulises\",\"image\":{\"@type\":\"ImageObject\",\"inLanguage\":\"es\",\"@id\":\"https:\/\/www.celttv.com.ar\/#\/schema\/person\/image\/\",\"url\":\"https:\/\/secure.gravatar.com\/avatar\/7f2c48bdc33b30088f941fb6082e555f2874c98e20cb159d7b92b50eadfce793?s=96&d=mm&r=g\",\"contentUrl\":\"https:\/\/secure.gravatar.com\/avatar\/7f2c48bdc33b30088f941fb6082e555f2874c98e20cb159d7b92b50eadfce793?s=96&d=mm&r=g\",\"caption\":\"ulises\"},\"sameAs\":[\"http:\/\/www.celttv.com.ar\"]}]}<\/script>\n<!-- \/ Yoast SEO plugin. -->","yoast_head_json":{"title":"LA RECUPERACION DEL PALACIO MUNICIPAL EN SU ULTIMA ETAPA - CELTTV","description":"Sitio web de noticias de la localidad de Tornquist, provincia de Buenos Aires, Rep\u00fablica Argentina. Contenido propio originado por periodistas de CELTTV, el canal de TV local de la Cooperativa El\u00e9ctrica de Tornquist. Turismo, Pol\u00edtica, Sociedad, Deporte, Cultura y todo el contenido de inter\u00e9s general que la gente del pueblo y la regi\u00f3n debe conocer.","robots":{"index":"index","follow":"follow","max-snippet":"max-snippet:-1","max-image-preview":"max-image-preview:large","max-video-preview":"max-video-preview:-1"},"canonical":"https:\/\/www.celttv.com.ar\/index.php\/2013\/11\/23\/la-recuperacion-del-palacio-municipal-en-su-ultima-etapa-2\/","og_locale":"es_ES","og_type":"article","og_title":"LA RECUPERACION DEL PALACIO MUNICIPAL EN SU ULTIMA ETAPA - CELTTV","og_description":"Sitio web de noticias de la localidad de Tornquist, provincia de Buenos Aires, Rep\u00fablica Argentina. Contenido propio originado por periodistas de CELTTV, el canal de TV local de la Cooperativa El\u00e9ctrica de Tornquist. Turismo, Pol\u00edtica, Sociedad, Deporte, Cultura y todo el contenido de inter\u00e9s general que la gente del pueblo y la regi\u00f3n debe conocer.","og_url":"https:\/\/www.celttv.com.ar\/index.php\/2013\/11\/23\/la-recuperacion-del-palacio-municipal-en-su-ultima-etapa-2\/","og_site_name":"CELTTV","article_publisher":"https:\/\/www.facebook.com\/celtTV\/","article_published_time":"2013-11-23T18:09:25+00:00","author":"ulises","twitter_card":"summary_large_image","twitter_misc":{"Escrito por":"ulises","Tiempo de lectura":"3 minutos"},"schema":{"@context":"https:\/\/schema.org","@graph":[{"@type":"NewsArticle","@id":"https:\/\/www.celttv.com.ar\/index.php\/2013\/11\/23\/la-recuperacion-del-palacio-municipal-en-su-ultima-etapa-2\/#article","isPartOf":{"@id":"https:\/\/www.celttv.com.ar\/index.php\/2013\/11\/23\/la-recuperacion-del-palacio-municipal-en-su-ultima-etapa-2\/"},"author":{"name":"ulises","@id":"https:\/\/www.celttv.com.ar\/#\/schema\/person\/6d99c072dba59953809c81446e9d0ace"},"headline":"LA RECUPERACION DEL PALACIO MUNICIPAL EN SU ULTIMA ETAPA","datePublished":"2013-11-23T18:09:25+00:00","dateModified":"2013-11-23T18:09:25+00:00","mainEntityOfPage":{"@id":"https:\/\/www.celttv.com.ar\/index.php\/2013\/11\/23\/la-recuperacion-del-palacio-municipal-en-su-ultima-etapa-2\/"},"wordCount":526,"publisher":{"@id":"https:\/\/www.celttv.com.ar\/#organization"},"articleSection":["Comunidad","Destacadas","Pol\u00edtica","Videos Destacados"],"inLanguage":"es"},{"@type":"WebPage","@id":"https:\/\/www.celttv.com.ar\/index.php\/2013\/11\/23\/la-recuperacion-del-palacio-municipal-en-su-ultima-etapa-2\/","url":"https:\/\/www.celttv.com.ar\/index.php\/2013\/11\/23\/la-recuperacion-del-palacio-municipal-en-su-ultima-etapa-2\/","name":"LA RECUPERACION DEL PALACIO MUNICIPAL EN SU ULTIMA ETAPA - CELTTV","isPartOf":{"@id":"https:\/\/www.celttv.com.ar\/#website"},"datePublished":"2013-11-23T18:09:25+00:00","dateModified":"2013-11-23T18:09:25+00:00","description":"Sitio web de noticias de la localidad de Tornquist, provincia de Buenos Aires, Rep\u00fablica Argentina. Contenido propio originado por periodistas de CELTTV, el canal de TV local de la Cooperativa El\u00e9ctrica de Tornquist. Turismo, Pol\u00edtica, Sociedad, Deporte, Cultura y todo el contenido de inter\u00e9s general que la gente del pueblo y la regi\u00f3n debe conocer.","breadcrumb":{"@id":"https:\/\/www.celttv.com.ar\/index.php\/2013\/11\/23\/la-recuperacion-del-palacio-municipal-en-su-ultima-etapa-2\/#breadcrumb"},"inLanguage":"es","potentialAction":[{"@type":"ReadAction","target":["https:\/\/www.celttv.com.ar\/index.php\/2013\/11\/23\/la-recuperacion-del-palacio-municipal-en-su-ultima-etapa-2\/"]}]},{"@type":"BreadcrumbList","@id":"https:\/\/www.celttv.com.ar\/index.php\/2013\/11\/23\/la-recuperacion-del-palacio-municipal-en-su-ultima-etapa-2\/#breadcrumb","itemListElement":[{"@type":"ListItem","position":1,"name":"Inicio","item":"https:\/\/www.celttv.com.ar\/"},{"@type":"ListItem","position":2,"name":"LA RECUPERACION DEL PALACIO MUNICIPAL EN SU ULTIMA ETAPA"}]},{"@type":"WebSite","@id":"https:\/\/www.celttv.com.ar\/#website","url":"https:\/\/www.celttv.com.ar\/","name":"CELTTV","description":"Cooperativa El\u00e9ctrica de Tornquist","publisher":{"@id":"https:\/\/www.celttv.com.ar\/#organization"},"potentialAction":[{"@type":"SearchAction","target":{"@type":"EntryPoint","urlTemplate":"https:\/\/www.celttv.com.ar\/?s={search_term_string}"},"query-input":"required name=search_term_string"}],"inLanguage":"es"},{"@type":"Organization","@id":"https:\/\/www.celttv.com.ar\/#organization","name":"CELTTV","url":"https:\/\/www.celttv.com.ar\/","sameAs":["https:\/\/www.youtube.com\/channel\/UCz_oIt8Hig64Ub-EmcNPIhg","https:\/\/www.facebook.com\/celtTV\/"],"logo":{"@type":"ImageObject","inLanguage":"es","@id":"https:\/\/www.celttv.com.ar\/#\/schema\/logo\/image\/","url":"http:\/\/www.celttv.com.ar\/wp-content\/uploads\/2022\/08\/logo-1.png","contentUrl":"http:\/\/www.celttv.com.ar\/wp-content\/uploads\/2022\/08\/logo-1.png","width":461,"height":159,"caption":"CELTTV"},"image":{"@id":"https:\/\/www.celttv.com.ar\/#\/schema\/logo\/image\/"}},{"@type":"Person","@id":"https:\/\/www.celttv.com.ar\/#\/schema\/person\/6d99c072dba59953809c81446e9d0ace","name":"ulises","image":{"@type":"ImageObject","inLanguage":"es","@id":"https:\/\/www.celttv.com.ar\/#\/schema\/person\/image\/","url":"https:\/\/secure.gravatar.com\/avatar\/7f2c48bdc33b30088f941fb6082e555f2874c98e20cb159d7b92b50eadfce793?s=96&d=mm&r=g","contentUrl":"https:\/\/secure.gravatar.com\/avatar\/7f2c48bdc33b30088f941fb6082e555f2874c98e20cb159d7b92b50eadfce793?s=96&d=mm&r=g","caption":"ulises"},"sameAs":["http:\/\/www.celttv.com.ar"]}]}},"_links":{"self":[{"href":"https:\/\/www.celttv.com.ar\/index.php\/wp-json\/wp\/v2\/posts\/15972","targetHints":{"allow":["GET"]}}],"collection":[{"href":"https:\/\/www.celttv.com.ar\/index.php\/wp-json\/wp\/v2\/posts"}],"about":[{"href":"https:\/\/www.celttv.com.ar\/index.php\/wp-json\/wp\/v2\/types\/post"}],"author":[{"embeddable":true,"href":"https:\/\/www.celttv.com.ar\/index.php\/wp-json\/wp\/v2\/users\/1"}],"replies":[{"embeddable":true,"href":"https:\/\/www.celttv.com.ar\/index.php\/wp-json\/wp\/v2\/comments?post=15972"}],"version-history":[{"count":0,"href":"https:\/\/www.celttv.com.ar\/index.php\/wp-json\/wp\/v2\/posts\/15972\/revisions"}],"wp:attachment":[{"href":"https:\/\/www.celttv.com.ar\/index.php\/wp-json\/wp\/v2\/media?parent=15972"}],"wp:term":[{"taxonomy":"category","embeddable":true,"href":"https:\/\/www.celttv.com.ar\/index.php\/wp-json\/wp\/v2\/categories?post=15972"},{"taxonomy":"post_tag","embeddable":true,"href":"https:\/\/www.celttv.com.ar\/index.php\/wp-json\/wp\/v2\/tags?post=15972"}],"curies":[{"name":"wp","href":"https:\/\/api.w.org\/{rel}","templated":true}]}}