{"id":15978,"date":"2013-11-23T18:25:37","date_gmt":"2013-11-23T18:25:37","guid":{"rendered":"http:\/\/www.tvcnoticias.com.ar\/?p=15978"},"modified":"2013-11-23T18:25:37","modified_gmt":"2013-11-23T18:25:37","slug":"dos-excelentes-noticias-para-el-centro-de-dia-tornquist-video-y-notas","status":"publish","type":"post","link":"https:\/\/www.celttv.com.ar\/index.php\/2013\/11\/23\/dos-excelentes-noticias-para-el-centro-de-dia-tornquist-video-y-notas\/","title":{"rendered":"DOS EXCELENTES NOTICIAS PARA EL CENTRO DE DIA TORNQUIST (video y notas)"},"content":{"rendered":"<p><a href=\"http:\/\/www.youtube.com\/watch?v=e3L1D_d-Qug\"><a href=\"https:\/\/www.youtube.com\/watch?v=e3L1D_d-Qug\">httpv:\/\/www.youtube.com\/watch?v=e3L1D_d-Qug<\/a><\/a><br \/>\n<a href=\"https:\/\/www.youtube.com\/watch?v=aCRV4_j1zmE\">httpv:\/\/www.youtube.com\/watch?v=aCRV4_j1zmE<\/a><br \/>\n<a href=\"https:\/\/www.youtube.com\/watch?v=NB9EZweTOZI\"><a href=\"https:\/\/www.youtube.com\/watch?v=NB9EZweTOZI\">httpv:\/\/www.youtube.com\/watch?v=NB9EZweTOZI<\/a><\/a><br \/>\nUna ma\u00f1ana especial se vivi\u00f3 hoy en el Centro de D\u00eda de Tornquist. El intendente municipal, licenciado Gustavo Trankels, visit\u00f3 la sede de la entidad con un convenio gestionado ante el Ministerio de Desarrollo Social de la Naci\u00f3n, que aportar\u00e1 400 mil pesos para comprar el equipamiento necesario para el Hogar de Noche, actualmente en construcci\u00f3n.&lt;<br \/>\nLos documentos fueron rubricados por el presidente de la instituci\u00f3n, Arecio Minuj\u00edn, y la secretaria, Elsa Kaltenbach, quienes adem\u00e1s recibieron de boca del jefe comunal la confirmaci\u00f3n de que el organismo nacional deposit\u00f3 el dinero para la adquisici\u00f3n de una combi 0km, tal como se hab\u00eda comprometido mediante un documento similar hace algunas semanas.<br \/>\n\u201cEstamos contentos porque hoy es un d\u00eda de gratas noticias. Tuvimos una reuni\u00f3n en el Ministerio de Desarrollo Social de la Naci\u00f3n, que conduce Alicia Kirchner, y tengo en mis manos el convenio para que el Centro de D\u00eda pueda hacerse de 400 mil pesos para adquirir el equipamiento del Hogar de Noche, una obra muy anhelada, para a cual la comisi\u00f3n viene trabajando hace much\u00edsimo tiempo, que no se detiene y cuenta con la colaboraci\u00f3n de mucha gente. Es una alegr\u00eda poder intervenir desde la gesti\u00f3n municipal ante los organismos correspondientes para una iniciativa important\u00edsima\u201d, afirm\u00f3 el intendente Trankels.<br \/>\n\u201cAdem\u00e1s, el Ministerio nos confirm\u00f3 que el dinero para la compra de una combi con adaptaci\u00f3n especial para sillas de rueda ya se encuentra depositado. Son m\u00e1s de 270 mil pesos. Estoy contento por ambas noticias, porque son aportes para un objetivo loable y que todos tenemos que acompa\u00f1ar\u201d, se\u00f1al\u00f3, quien destac\u00f3 el trabajo de la comisi\u00f3n.<br \/>\nAdem\u00e1s, Trankels agradeci\u00f3 a la ministra Alicia Kirchner por el compromiso y el aporte efectuado, a la referente regional Mary Drome, a la licenciada Ana Flamarique (coordinadora de Asistencia Directa a Instituciones), Carlos Monta\u00f1a (subsecretario de Abordaje Territorial) y a todo el equipo de trabajo del ministerio.<br \/>\nMinuj\u00edn, en tanto, no ocult\u00f3 su felicidad por la trascendente noticia recibida.<br \/>\n\u201cEsta es una buena noticia no solamente para la comisi\u00f3n, sino para todo el pueblo. No somos magos, todo esto lo estamos haciendo con el aporte de la comunidad. El pedido de la combi ya est\u00e1 efectuado a f\u00e1brica, porque lo compramos directo con las bonificaciones que existen para las instituciones\u201d, dijo.<br \/>\nFinalmente, Minuj\u00edn le agradeci\u00f3 a la comunidad, al intendente Trankels y a los responsables del ministerio.<br \/>\n&nbsp;<\/p>\n","protected":false},"excerpt":{"rendered":"<p>httpv:\/\/www.youtube.com\/watch?v=e3L1D_d-Qug httpv:\/\/www.youtube.com\/watch?v=aCRV4_j1zmE httpv:\/\/www.youtube.com\/watch?v=NB9EZweTOZI Una ma\u00f1ana especial se vivi\u00f3 hoy en el Centro de D\u00eda de Tornquist. El intendente municipal, licenciado Gustavo Trankels, visit\u00f3 la sede de la entidad con un convenio gestionado ante el Ministerio de Desarrollo Social de la Naci\u00f3n, que aportar\u00e1 400 mil pesos para comprar el equipamiento necesario para el Hogar de [&hellip;]<\/p>\n","protected":false},"author":1,"featured_media":0,"comment_status":"closed","ping_status":"open","sticky":false,"template":"","format":"standard","meta":{"footnotes":""},"categories":[51,52,53,64],"tags":[],"class_list":["post-15978","post","type-post","status-publish","format-standard","hentry","category-comunidad","category-destacadas","category-politica","category-videos-destacados"],"yoast_head":"<!-- This site is optimized with the Yoast SEO plugin v19.7.1 - https:\/\/yoast.com\/wordpress\/plugins\/seo\/ -->\n<title>DOS EXCELENTES NOTICIAS PARA EL CENTRO DE DIA TORNQUIST (video y notas) - CELTTV<\/title>\n<meta name=\"description\" content=\"Sitio web de noticias de la localidad de Tornquist, provincia de Buenos Aires, Rep\u00fablica Argentina. Contenido propio originado por periodistas de CELTTV, el canal de TV local de la Cooperativa El\u00e9ctrica de Tornquist. Turismo, Pol\u00edtica, Sociedad, Deporte, Cultura y todo el contenido de inter\u00e9s general que la gente del pueblo y la regi\u00f3n debe conocer.\" \/>\n<meta name=\"robots\" content=\"index, follow, max-snippet:-1, max-image-preview:large, max-video-preview:-1\" \/>\n<link rel=\"canonical\" href=\"https:\/\/www.celttv.com.ar\/index.php\/2013\/11\/23\/dos-excelentes-noticias-para-el-centro-de-dia-tornquist-video-y-notas\/\" \/>\n<meta property=\"og:locale\" content=\"es_ES\" \/>\n<meta property=\"og:type\" content=\"article\" \/>\n<meta property=\"og:title\" content=\"DOS EXCELENTES NOTICIAS PARA EL CENTRO DE DIA TORNQUIST (video y notas) - CELTTV\" \/>\n<meta property=\"og:description\" content=\"Sitio web de noticias de la localidad de Tornquist, provincia de Buenos Aires, Rep\u00fablica Argentina. Contenido propio originado por periodistas de CELTTV, el canal de TV local de la Cooperativa El\u00e9ctrica de Tornquist. Turismo, Pol\u00edtica, Sociedad, Deporte, Cultura y todo el contenido de inter\u00e9s general que la gente del pueblo y la regi\u00f3n debe conocer.\" \/>\n<meta property=\"og:url\" content=\"https:\/\/www.celttv.com.ar\/index.php\/2013\/11\/23\/dos-excelentes-noticias-para-el-centro-de-dia-tornquist-video-y-notas\/\" \/>\n<meta property=\"og:site_name\" content=\"CELTTV\" \/>\n<meta property=\"article:publisher\" content=\"https:\/\/www.facebook.com\/celtTV\/\" \/>\n<meta property=\"article:published_time\" content=\"2013-11-23T18:25:37+00:00\" \/>\n<meta name=\"author\" content=\"ulises\" \/>\n<meta name=\"twitter:card\" content=\"summary_large_image\" \/>\n<meta name=\"twitter:label1\" content=\"Escrito por\" \/>\n\t<meta name=\"twitter:data1\" content=\"ulises\" \/>\n\t<meta name=\"twitter:label2\" content=\"Tiempo de lectura\" \/>\n\t<meta name=\"twitter:data2\" content=\"2 minutos\" \/>\n<script type=\"application\/ld+json\" class=\"yoast-schema-graph\">{\"@context\":\"https:\/\/schema.org\",\"@graph\":[{\"@type\":\"NewsArticle\",\"@id\":\"https:\/\/www.celttv.com.ar\/index.php\/2013\/11\/23\/dos-excelentes-noticias-para-el-centro-de-dia-tornquist-video-y-notas\/#article\",\"isPartOf\":{\"@id\":\"https:\/\/www.celttv.com.ar\/index.php\/2013\/11\/23\/dos-excelentes-noticias-para-el-centro-de-dia-tornquist-video-y-notas\/\"},\"author\":{\"name\":\"ulises\",\"@id\":\"https:\/\/www.celttv.com.ar\/#\/schema\/person\/6d99c072dba59953809c81446e9d0ace\"},\"headline\":\"DOS EXCELENTES NOTICIAS PARA EL CENTRO DE DIA TORNQUIST (video y notas)\",\"datePublished\":\"2013-11-23T18:25:37+00:00\",\"dateModified\":\"2013-11-23T18:25:37+00:00\",\"mainEntityOfPage\":{\"@id\":\"https:\/\/www.celttv.com.ar\/index.php\/2013\/11\/23\/dos-excelentes-noticias-para-el-centro-de-dia-tornquist-video-y-notas\/\"},\"wordCount\":464,\"publisher\":{\"@id\":\"https:\/\/www.celttv.com.ar\/#organization\"},\"articleSection\":[\"Comunidad\",\"Destacadas\",\"Pol\u00edtica\",\"Videos Destacados\"],\"inLanguage\":\"es\"},{\"@type\":\"WebPage\",\"@id\":\"https:\/\/www.celttv.com.ar\/index.php\/2013\/11\/23\/dos-excelentes-noticias-para-el-centro-de-dia-tornquist-video-y-notas\/\",\"url\":\"https:\/\/www.celttv.com.ar\/index.php\/2013\/11\/23\/dos-excelentes-noticias-para-el-centro-de-dia-tornquist-video-y-notas\/\",\"name\":\"DOS EXCELENTES NOTICIAS PARA EL CENTRO DE DIA TORNQUIST (video y notas) - CELTTV\",\"isPartOf\":{\"@id\":\"https:\/\/www.celttv.com.ar\/#website\"},\"datePublished\":\"2013-11-23T18:25:37+00:00\",\"dateModified\":\"2013-11-23T18:25:37+00:00\",\"description\":\"Sitio web de noticias de la localidad de Tornquist, provincia de Buenos Aires, Rep\u00fablica Argentina. Contenido propio originado por periodistas de CELTTV, el canal de TV local de la Cooperativa El\u00e9ctrica de Tornquist. Turismo, Pol\u00edtica, Sociedad, Deporte, Cultura y todo el contenido de inter\u00e9s general que la gente del pueblo y la regi\u00f3n debe conocer.\",\"breadcrumb\":{\"@id\":\"https:\/\/www.celttv.com.ar\/index.php\/2013\/11\/23\/dos-excelentes-noticias-para-el-centro-de-dia-tornquist-video-y-notas\/#breadcrumb\"},\"inLanguage\":\"es\",\"potentialAction\":[{\"@type\":\"ReadAction\",\"target\":[\"https:\/\/www.celttv.com.ar\/index.php\/2013\/11\/23\/dos-excelentes-noticias-para-el-centro-de-dia-tornquist-video-y-notas\/\"]}]},{\"@type\":\"BreadcrumbList\",\"@id\":\"https:\/\/www.celttv.com.ar\/index.php\/2013\/11\/23\/dos-excelentes-noticias-para-el-centro-de-dia-tornquist-video-y-notas\/#breadcrumb\",\"itemListElement\":[{\"@type\":\"ListItem\",\"position\":1,\"name\":\"Inicio\",\"item\":\"https:\/\/www.celttv.com.ar\/\"},{\"@type\":\"ListItem\",\"position\":2,\"name\":\"DOS EXCELENTES NOTICIAS PARA EL CENTRO DE DIA TORNQUIST (video y notas)\"}]},{\"@type\":\"WebSite\",\"@id\":\"https:\/\/www.celttv.com.ar\/#website\",\"url\":\"https:\/\/www.celttv.com.ar\/\",\"name\":\"CELTTV\",\"description\":\"Cooperativa El\u00e9ctrica de Tornquist\",\"publisher\":{\"@id\":\"https:\/\/www.celttv.com.ar\/#organization\"},\"potentialAction\":[{\"@type\":\"SearchAction\",\"target\":{\"@type\":\"EntryPoint\",\"urlTemplate\":\"https:\/\/www.celttv.com.ar\/?s={search_term_string}\"},\"query-input\":\"required name=search_term_string\"}],\"inLanguage\":\"es\"},{\"@type\":\"Organization\",\"@id\":\"https:\/\/www.celttv.com.ar\/#organization\",\"name\":\"CELTTV\",\"url\":\"https:\/\/www.celttv.com.ar\/\",\"sameAs\":[\"https:\/\/www.youtube.com\/channel\/UCz_oIt8Hig64Ub-EmcNPIhg\",\"https:\/\/www.facebook.com\/celtTV\/\"],\"logo\":{\"@type\":\"ImageObject\",\"inLanguage\":\"es\",\"@id\":\"https:\/\/www.celttv.com.ar\/#\/schema\/logo\/image\/\",\"url\":\"http:\/\/www.celttv.com.ar\/wp-content\/uploads\/2022\/08\/logo-1.png\",\"contentUrl\":\"http:\/\/www.celttv.com.ar\/wp-content\/uploads\/2022\/08\/logo-1.png\",\"width\":461,\"height\":159,\"caption\":\"CELTTV\"},\"image\":{\"@id\":\"https:\/\/www.celttv.com.ar\/#\/schema\/logo\/image\/\"}},{\"@type\":\"Person\",\"@id\":\"https:\/\/www.celttv.com.ar\/#\/schema\/person\/6d99c072dba59953809c81446e9d0ace\",\"name\":\"ulises\",\"image\":{\"@type\":\"ImageObject\",\"inLanguage\":\"es\",\"@id\":\"https:\/\/www.celttv.com.ar\/#\/schema\/person\/image\/\",\"url\":\"https:\/\/secure.gravatar.com\/avatar\/7f2c48bdc33b30088f941fb6082e555f2874c98e20cb159d7b92b50eadfce793?s=96&d=mm&r=g\",\"contentUrl\":\"https:\/\/secure.gravatar.com\/avatar\/7f2c48bdc33b30088f941fb6082e555f2874c98e20cb159d7b92b50eadfce793?s=96&d=mm&r=g\",\"caption\":\"ulises\"},\"sameAs\":[\"http:\/\/www.celttv.com.ar\"]}]}<\/script>\n<!-- \/ Yoast SEO plugin. -->","yoast_head_json":{"title":"DOS EXCELENTES NOTICIAS PARA EL CENTRO DE DIA TORNQUIST (video y notas) - CELTTV","description":"Sitio web de noticias de la localidad de Tornquist, provincia de Buenos Aires, Rep\u00fablica Argentina. Contenido propio originado por periodistas de CELTTV, el canal de TV local de la Cooperativa El\u00e9ctrica de Tornquist. Turismo, Pol\u00edtica, Sociedad, Deporte, Cultura y todo el contenido de inter\u00e9s general que la gente del pueblo y la regi\u00f3n debe conocer.","robots":{"index":"index","follow":"follow","max-snippet":"max-snippet:-1","max-image-preview":"max-image-preview:large","max-video-preview":"max-video-preview:-1"},"canonical":"https:\/\/www.celttv.com.ar\/index.php\/2013\/11\/23\/dos-excelentes-noticias-para-el-centro-de-dia-tornquist-video-y-notas\/","og_locale":"es_ES","og_type":"article","og_title":"DOS EXCELENTES NOTICIAS PARA EL CENTRO DE DIA TORNQUIST (video y notas) - CELTTV","og_description":"Sitio web de noticias de la localidad de Tornquist, provincia de Buenos Aires, Rep\u00fablica Argentina. Contenido propio originado por periodistas de CELTTV, el canal de TV local de la Cooperativa El\u00e9ctrica de Tornquist. Turismo, Pol\u00edtica, Sociedad, Deporte, Cultura y todo el contenido de inter\u00e9s general que la gente del pueblo y la regi\u00f3n debe conocer.","og_url":"https:\/\/www.celttv.com.ar\/index.php\/2013\/11\/23\/dos-excelentes-noticias-para-el-centro-de-dia-tornquist-video-y-notas\/","og_site_name":"CELTTV","article_publisher":"https:\/\/www.facebook.com\/celtTV\/","article_published_time":"2013-11-23T18:25:37+00:00","author":"ulises","twitter_card":"summary_large_image","twitter_misc":{"Escrito por":"ulises","Tiempo de lectura":"2 minutos"},"schema":{"@context":"https:\/\/schema.org","@graph":[{"@type":"NewsArticle","@id":"https:\/\/www.celttv.com.ar\/index.php\/2013\/11\/23\/dos-excelentes-noticias-para-el-centro-de-dia-tornquist-video-y-notas\/#article","isPartOf":{"@id":"https:\/\/www.celttv.com.ar\/index.php\/2013\/11\/23\/dos-excelentes-noticias-para-el-centro-de-dia-tornquist-video-y-notas\/"},"author":{"name":"ulises","@id":"https:\/\/www.celttv.com.ar\/#\/schema\/person\/6d99c072dba59953809c81446e9d0ace"},"headline":"DOS EXCELENTES NOTICIAS PARA EL CENTRO DE DIA TORNQUIST (video y notas)","datePublished":"2013-11-23T18:25:37+00:00","dateModified":"2013-11-23T18:25:37+00:00","mainEntityOfPage":{"@id":"https:\/\/www.celttv.com.ar\/index.php\/2013\/11\/23\/dos-excelentes-noticias-para-el-centro-de-dia-tornquist-video-y-notas\/"},"wordCount":464,"publisher":{"@id":"https:\/\/www.celttv.com.ar\/#organization"},"articleSection":["Comunidad","Destacadas","Pol\u00edtica","Videos Destacados"],"inLanguage":"es"},{"@type":"WebPage","@id":"https:\/\/www.celttv.com.ar\/index.php\/2013\/11\/23\/dos-excelentes-noticias-para-el-centro-de-dia-tornquist-video-y-notas\/","url":"https:\/\/www.celttv.com.ar\/index.php\/2013\/11\/23\/dos-excelentes-noticias-para-el-centro-de-dia-tornquist-video-y-notas\/","name":"DOS EXCELENTES NOTICIAS PARA EL CENTRO DE DIA TORNQUIST (video y notas) - CELTTV","isPartOf":{"@id":"https:\/\/www.celttv.com.ar\/#website"},"datePublished":"2013-11-23T18:25:37+00:00","dateModified":"2013-11-23T18:25:37+00:00","description":"Sitio web de noticias de la localidad de Tornquist, provincia de Buenos Aires, Rep\u00fablica Argentina. Contenido propio originado por periodistas de CELTTV, el canal de TV local de la Cooperativa El\u00e9ctrica de Tornquist. Turismo, Pol\u00edtica, Sociedad, Deporte, Cultura y todo el contenido de inter\u00e9s general que la gente del pueblo y la regi\u00f3n debe conocer.","breadcrumb":{"@id":"https:\/\/www.celttv.com.ar\/index.php\/2013\/11\/23\/dos-excelentes-noticias-para-el-centro-de-dia-tornquist-video-y-notas\/#breadcrumb"},"inLanguage":"es","potentialAction":[{"@type":"ReadAction","target":["https:\/\/www.celttv.com.ar\/index.php\/2013\/11\/23\/dos-excelentes-noticias-para-el-centro-de-dia-tornquist-video-y-notas\/"]}]},{"@type":"BreadcrumbList","@id":"https:\/\/www.celttv.com.ar\/index.php\/2013\/11\/23\/dos-excelentes-noticias-para-el-centro-de-dia-tornquist-video-y-notas\/#breadcrumb","itemListElement":[{"@type":"ListItem","position":1,"name":"Inicio","item":"https:\/\/www.celttv.com.ar\/"},{"@type":"ListItem","position":2,"name":"DOS EXCELENTES NOTICIAS PARA EL CENTRO DE DIA TORNQUIST (video y notas)"}]},{"@type":"WebSite","@id":"https:\/\/www.celttv.com.ar\/#website","url":"https:\/\/www.celttv.com.ar\/","name":"CELTTV","description":"Cooperativa El\u00e9ctrica de Tornquist","publisher":{"@id":"https:\/\/www.celttv.com.ar\/#organization"},"potentialAction":[{"@type":"SearchAction","target":{"@type":"EntryPoint","urlTemplate":"https:\/\/www.celttv.com.ar\/?s={search_term_string}"},"query-input":"required name=search_term_string"}],"inLanguage":"es"},{"@type":"Organization","@id":"https:\/\/www.celttv.com.ar\/#organization","name":"CELTTV","url":"https:\/\/www.celttv.com.ar\/","sameAs":["https:\/\/www.youtube.com\/channel\/UCz_oIt8Hig64Ub-EmcNPIhg","https:\/\/www.facebook.com\/celtTV\/"],"logo":{"@type":"ImageObject","inLanguage":"es","@id":"https:\/\/www.celttv.com.ar\/#\/schema\/logo\/image\/","url":"http:\/\/www.celttv.com.ar\/wp-content\/uploads\/2022\/08\/logo-1.png","contentUrl":"http:\/\/www.celttv.com.ar\/wp-content\/uploads\/2022\/08\/logo-1.png","width":461,"height":159,"caption":"CELTTV"},"image":{"@id":"https:\/\/www.celttv.com.ar\/#\/schema\/logo\/image\/"}},{"@type":"Person","@id":"https:\/\/www.celttv.com.ar\/#\/schema\/person\/6d99c072dba59953809c81446e9d0ace","name":"ulises","image":{"@type":"ImageObject","inLanguage":"es","@id":"https:\/\/www.celttv.com.ar\/#\/schema\/person\/image\/","url":"https:\/\/secure.gravatar.com\/avatar\/7f2c48bdc33b30088f941fb6082e555f2874c98e20cb159d7b92b50eadfce793?s=96&d=mm&r=g","contentUrl":"https:\/\/secure.gravatar.com\/avatar\/7f2c48bdc33b30088f941fb6082e555f2874c98e20cb159d7b92b50eadfce793?s=96&d=mm&r=g","caption":"ulises"},"sameAs":["http:\/\/www.celttv.com.ar"]}]}},"_links":{"self":[{"href":"https:\/\/www.celttv.com.ar\/index.php\/wp-json\/wp\/v2\/posts\/15978","targetHints":{"allow":["GET"]}}],"collection":[{"href":"https:\/\/www.celttv.com.ar\/index.php\/wp-json\/wp\/v2\/posts"}],"about":[{"href":"https:\/\/www.celttv.com.ar\/index.php\/wp-json\/wp\/v2\/types\/post"}],"author":[{"embeddable":true,"href":"https:\/\/www.celttv.com.ar\/index.php\/wp-json\/wp\/v2\/users\/1"}],"replies":[{"embeddable":true,"href":"https:\/\/www.celttv.com.ar\/index.php\/wp-json\/wp\/v2\/comments?post=15978"}],"version-history":[{"count":0,"href":"https:\/\/www.celttv.com.ar\/index.php\/wp-json\/wp\/v2\/posts\/15978\/revisions"}],"wp:attachment":[{"href":"https:\/\/www.celttv.com.ar\/index.php\/wp-json\/wp\/v2\/media?parent=15978"}],"wp:term":[{"taxonomy":"category","embeddable":true,"href":"https:\/\/www.celttv.com.ar\/index.php\/wp-json\/wp\/v2\/categories?post=15978"},{"taxonomy":"post_tag","embeddable":true,"href":"https:\/\/www.celttv.com.ar\/index.php\/wp-json\/wp\/v2\/tags?post=15978"}],"curies":[{"name":"wp","href":"https:\/\/api.w.org\/{rel}","templated":true}]}}