{"id":16070,"date":"2013-11-29T14:19:08","date_gmt":"2013-11-29T14:19:08","guid":{"rendered":"http:\/\/www.tvcnoticias.com.ar\/?p=16070"},"modified":"2013-11-29T14:19:08","modified_gmt":"2013-11-29T14:19:08","slug":"automoto-gano-y-se-quedo-con-la-localia-en-cuartos-compacto-y-notas","status":"publish","type":"post","link":"https:\/\/www.celttv.com.ar\/index.php\/2013\/11\/29\/automoto-gano-y-se-quedo-con-la-localia-en-cuartos-compacto-y-notas\/","title":{"rendered":"AUTOMOTO GANO Y SE QUEDO CON LA LOCALIA EN CUARTOS (Compacto y notas)"},"content":{"rendered":"<p><a href=\"https:\/\/www.youtube.com\/watch?v=D4sX90OgBKE\"><a href=\"https:\/\/www.youtube.com\/watch?v=D4sX90OgBKE\">httpv:\/\/www.youtube.com\/watch?v=D4sX90OgBKE<\/a><\/a><br \/>\n<a href=\"https:\/\/www.youtube.com\/watch?v=CmbkrjaeDN0\"><a href=\"https:\/\/www.youtube.com\/watch?v=CmbkrjaeDN0\">httpv:\/\/www.youtube.com\/watch?v=CmbkrjaeDN0<\/a><\/a><br \/>\nUn muy buen arranque de ambos equipos, anticipaban lo que iba a ser a lo largo del partido. Al palo por palo, como en el boxeo, transcurrieron los dos primeros minutos. En el primer minuto, Automoto recupera la pelota en tres cuartos de cancha, la bola le queda a Villar que remata, Schwab tapa y el rebote le queda a \u00c1vila pero el \u201c1\u201d se repone y manda la pelota al corner.En la contra, el \u201cSanma\u201d encuentra mal parado al fondo azulgrana, y Torres solo, define desviado.A los 7, un tiro libre de Zas desde atr\u00e1s de mitad de cancha, tomo mayor velocidad por efecto, y la pelota casi se le mete por detr\u00e1s de Schwab que se estiro y mand\u00f3 la pelota al tiro de esquina. El gol estaba por venir y lleg\u00f3 dos minutos mas tarde. \u00c1vila (de excelente partido) le roba la pelota a los defensores y encuentra a Mariano Corinaldi en el \u00e1rea, que la pelea y la manda al fondo del corralito de piolas. Sin sacar el pie del acelerador, Automoto sab\u00eda que ten\u00eda que ganar y continu\u00f3 atacando. Un minuto despu\u00e9s del gol, Villar se lo pierde dos veces en una misma jugada y un ratito despu\u00e9s, \u00c1vila define por encima de Schwab pero se va alto.A los 27 minutos, una guapeada de Zas casi pone el 2 a 0, cuando recupero la pelota en su terreno, jug\u00f3 una pared con Villar y fue a buscar la devoluci\u00f3n dentro del \u00e1rea del \u201cSanma\u201d, pero lamentablemente para \u00e9l, defini\u00f3 desviado. Era un golazo.A los 31 lleg\u00f3 el empate. Pimentel juega por izquierda para Diego Cuello, \u00e9ste se da vuelta y remata. La pelota pega en la base del poste izquierdo de Villar y se mete. Sin merecerlo, San Mart\u00edn lograba empardar las acciones.Automoto respondi\u00f3 r\u00e1pido y es Rosell quien remata cruzado, besando el palo izquierdo de Schwab. Pero se hac\u00eda justicia a los 40, cuando desde un tiro de esquina de Zas, Mariano Corinaldi cabecea s\u00f3lo y pone el 2 a 1 para que el \u201cRojo\u201d se vaya con ventaja al descanso.\u00a0 \u00a0En el segundo tiempo, todos imaginaban que San Mart\u00edn iba a aprovechar el viento a favor, pero Automoto no dej\u00f3 que la visita dispare de media distancia.El primer cuarto de hora fue todo nuevamente del local, pudiendo aumentar la ventaja en los pies de Corinaldi que define por arriba y luego Bollak saca en la l\u00ednea cuando entraba por el segundo palo Rosell para definir. A los 14 lleg\u00f3 el empate. Marcelo Weinbender por derecha, se escap\u00f3 y defini\u00f3 ante Villar que nada pudo hacer. Era el 2 a 2.Automoto reaccion\u00f3 r\u00e1pidamente y pudo ponerse en ventaja cuando Rosell jug\u00f3 para Corinaldi, pero el \u201cFantasma\u201d defini\u00f3 por arriba. Sobre los 21, Cuello ejecuta un tiro libre que controla bien Villar. Cuatro minutos m\u00e1s tarde, el azulgrana logr\u00f3 la ventaja definitiva. Un pelotazo largo desde el fondo de Automoto parec\u00eda ser bien controlado por la defensa y el arquero, pero la figura de la cancha Alexis \u00c1vila, no dio la pelota por perdida. El arquero saliendo del \u00e1rea intento el pelotazo largo, pero la pelota peg\u00f3 en el \u201cAs de espadas\u201d de Automoto y la redonda fue derecho al arco, donde el jugador del \u201cRojo\u201d no tuvo mas que empujarla. Jugada fortuita para poner el 3 a 2 a favor del local.Los de Salvi pudieron aumentar las cifras con Rosell y Bilbao, pero ambos definieron mal. A los 44, la atajada del partido fue de Villar, cuando Cuello remat\u00f3 y el \u201c1\u201d mand\u00f3 la pelota al c\u00f3rner. Una atajada que vali\u00f3 la local\u00eda de Automoto para la pr\u00f3xima instancia.Pitazo final de Luis Armani para el fin de la etapa regular en este torneo clausura. Automoto logr\u00f3 la victoria y con ello, quedarse con la zona \u201cA\u201d y la ventaja de local\u00eda en los cuartos de final. El \u201cSanma\u201d, tendr\u00e1 que esperar algunos fines de semana, aguardando el rival para la final del a\u00f1o.AUTOMOTO 3: Fabi\u00e1n Villar; Mat\u00edas Sonzini, Justo Zas, Sebasti\u00e1n Gigliotti, Alexis Catal\u00e1n; Facundo Villar, Ignacio Salas, F\u00e9lix C\u00f3seres, Hern\u00e1n Rosell; Alexis \u00c1vila y Mariano Corinaldi. DT: Carlos Salvi.Cambios: 67m Mat\u00edas Salas por C\u00f3seres, 76m Hern\u00e1n Bilbao por Corinaldi, 83m Ferm\u00edn Zas por Rosell.Supl: Marcos Hueller y Mart\u00edn Fhur<br \/>\nSAN MARTIN (ST) 2: Braian Schwab; Mat\u00edas Arag\u00f3n, Bautista Waigel, Lucas Bollak, Germ\u00e1n Gabelli; Marcelo Waibender, Jorge Gaab, Cristian Torres; Pablo Pimentel; Diego Cuello y Andr\u00e9s Guerra. DDTT: Monge \u2013 PompemayerCambios: 60m Gast\u00f3n Nievas por Arag\u00f3n; 79m Mart\u00edn Waispeck por Pimentel, 86m Alejandro Bollak por Gaab.Supl: Germ\u00e1n Bidonde y Emmanuel Balzi<br \/>\nGoles: 9m Corinaldi (A), 31m Cuello (SM), 40m Corinaldi (A), 59m Weinbender (SM), 70m \u00c1vila (A).<br \/>\n\u00c1rbitro: Luis Armani (9)Cancha: Estadio Agust\u00edn Ruppel del Club Automoto (Bueno)Reserva: Automoto 0 \u2013 San Mart\u00edn (ST) 4<\/p>\n","protected":false},"excerpt":{"rendered":"<p>httpv:\/\/www.youtube.com\/watch?v=D4sX90OgBKE httpv:\/\/www.youtube.com\/watch?v=CmbkrjaeDN0 Un muy buen arranque de ambos equipos, anticipaban lo que iba a ser a lo largo del partido. Al palo por palo, como en el boxeo, transcurrieron los dos primeros minutos. En el primer minuto, Automoto recupera la pelota en tres cuartos de cancha, la bola le queda a Villar que remata, Schwab [&hellip;]<\/p>\n","protected":false},"author":1,"featured_media":0,"comment_status":"closed","ping_status":"open","sticky":false,"template":"","format":"standard","meta":{"footnotes":""},"categories":[60,52,64],"tags":[],"class_list":["post-16070","post","type-post","status-publish","format-standard","hentry","category-deporte","category-destacadas","category-videos-destacados"],"yoast_head":"<!-- This site is optimized with the Yoast SEO plugin v19.7.1 - https:\/\/yoast.com\/wordpress\/plugins\/seo\/ -->\n<title>AUTOMOTO GANO Y SE QUEDO CON LA LOCALIA EN CUARTOS (Compacto y notas) - CELTTV<\/title>\n<meta name=\"description\" content=\"Sitio web de noticias de la localidad de Tornquist, provincia de Buenos Aires, Rep\u00fablica Argentina. Contenido propio originado por periodistas de CELTTV, el canal de TV local de la Cooperativa El\u00e9ctrica de Tornquist. Turismo, Pol\u00edtica, Sociedad, Deporte, Cultura y todo el contenido de inter\u00e9s general que la gente del pueblo y la regi\u00f3n debe conocer.\" \/>\n<meta name=\"robots\" content=\"index, follow, max-snippet:-1, max-image-preview:large, max-video-preview:-1\" \/>\n<link rel=\"canonical\" href=\"https:\/\/www.celttv.com.ar\/index.php\/2013\/11\/29\/automoto-gano-y-se-quedo-con-la-localia-en-cuartos-compacto-y-notas\/\" \/>\n<meta property=\"og:locale\" content=\"es_ES\" \/>\n<meta property=\"og:type\" content=\"article\" \/>\n<meta property=\"og:title\" content=\"AUTOMOTO GANO Y SE QUEDO CON LA LOCALIA EN CUARTOS (Compacto y notas) - CELTTV\" \/>\n<meta property=\"og:description\" content=\"Sitio web de noticias de la localidad de Tornquist, provincia de Buenos Aires, Rep\u00fablica Argentina. Contenido propio originado por periodistas de CELTTV, el canal de TV local de la Cooperativa El\u00e9ctrica de Tornquist. Turismo, Pol\u00edtica, Sociedad, Deporte, Cultura y todo el contenido de inter\u00e9s general que la gente del pueblo y la regi\u00f3n debe conocer.\" \/>\n<meta property=\"og:url\" content=\"https:\/\/www.celttv.com.ar\/index.php\/2013\/11\/29\/automoto-gano-y-se-quedo-con-la-localia-en-cuartos-compacto-y-notas\/\" \/>\n<meta property=\"og:site_name\" content=\"CELTTV\" \/>\n<meta property=\"article:publisher\" content=\"https:\/\/www.facebook.com\/celtTV\/\" \/>\n<meta property=\"article:published_time\" content=\"2013-11-29T14:19:08+00:00\" \/>\n<meta name=\"author\" content=\"ulises\" \/>\n<meta name=\"twitter:card\" content=\"summary_large_image\" \/>\n<meta name=\"twitter:label1\" content=\"Escrito por\" \/>\n\t<meta name=\"twitter:data1\" content=\"ulises\" \/>\n\t<meta name=\"twitter:label2\" content=\"Tiempo de lectura\" \/>\n\t<meta name=\"twitter:data2\" content=\"4 minutos\" \/>\n<script type=\"application\/ld+json\" class=\"yoast-schema-graph\">{\"@context\":\"https:\/\/schema.org\",\"@graph\":[{\"@type\":\"NewsArticle\",\"@id\":\"https:\/\/www.celttv.com.ar\/index.php\/2013\/11\/29\/automoto-gano-y-se-quedo-con-la-localia-en-cuartos-compacto-y-notas\/#article\",\"isPartOf\":{\"@id\":\"https:\/\/www.celttv.com.ar\/index.php\/2013\/11\/29\/automoto-gano-y-se-quedo-con-la-localia-en-cuartos-compacto-y-notas\/\"},\"author\":{\"name\":\"ulises\",\"@id\":\"https:\/\/www.celttv.com.ar\/#\/schema\/person\/6d99c072dba59953809c81446e9d0ace\"},\"headline\":\"AUTOMOTO GANO Y SE QUEDO CON LA LOCALIA EN CUARTOS (Compacto y notas)\",\"datePublished\":\"2013-11-29T14:19:08+00:00\",\"dateModified\":\"2013-11-29T14:19:08+00:00\",\"mainEntityOfPage\":{\"@id\":\"https:\/\/www.celttv.com.ar\/index.php\/2013\/11\/29\/automoto-gano-y-se-quedo-con-la-localia-en-cuartos-compacto-y-notas\/\"},\"wordCount\":854,\"publisher\":{\"@id\":\"https:\/\/www.celttv.com.ar\/#organization\"},\"articleSection\":[\"Deporte\",\"Destacadas\",\"Videos Destacados\"],\"inLanguage\":\"es\"},{\"@type\":\"WebPage\",\"@id\":\"https:\/\/www.celttv.com.ar\/index.php\/2013\/11\/29\/automoto-gano-y-se-quedo-con-la-localia-en-cuartos-compacto-y-notas\/\",\"url\":\"https:\/\/www.celttv.com.ar\/index.php\/2013\/11\/29\/automoto-gano-y-se-quedo-con-la-localia-en-cuartos-compacto-y-notas\/\",\"name\":\"AUTOMOTO GANO Y SE QUEDO CON LA LOCALIA EN CUARTOS (Compacto y notas) - CELTTV\",\"isPartOf\":{\"@id\":\"https:\/\/www.celttv.com.ar\/#website\"},\"datePublished\":\"2013-11-29T14:19:08+00:00\",\"dateModified\":\"2013-11-29T14:19:08+00:00\",\"description\":\"Sitio web de noticias de la localidad de Tornquist, provincia de Buenos Aires, Rep\u00fablica Argentina. Contenido propio originado por periodistas de CELTTV, el canal de TV local de la Cooperativa El\u00e9ctrica de Tornquist. Turismo, Pol\u00edtica, Sociedad, Deporte, Cultura y todo el contenido de inter\u00e9s general que la gente del pueblo y la regi\u00f3n debe conocer.\",\"breadcrumb\":{\"@id\":\"https:\/\/www.celttv.com.ar\/index.php\/2013\/11\/29\/automoto-gano-y-se-quedo-con-la-localia-en-cuartos-compacto-y-notas\/#breadcrumb\"},\"inLanguage\":\"es\",\"potentialAction\":[{\"@type\":\"ReadAction\",\"target\":[\"https:\/\/www.celttv.com.ar\/index.php\/2013\/11\/29\/automoto-gano-y-se-quedo-con-la-localia-en-cuartos-compacto-y-notas\/\"]}]},{\"@type\":\"BreadcrumbList\",\"@id\":\"https:\/\/www.celttv.com.ar\/index.php\/2013\/11\/29\/automoto-gano-y-se-quedo-con-la-localia-en-cuartos-compacto-y-notas\/#breadcrumb\",\"itemListElement\":[{\"@type\":\"ListItem\",\"position\":1,\"name\":\"Inicio\",\"item\":\"https:\/\/www.celttv.com.ar\/\"},{\"@type\":\"ListItem\",\"position\":2,\"name\":\"AUTOMOTO GANO Y SE QUEDO CON LA LOCALIA EN CUARTOS (Compacto y notas)\"}]},{\"@type\":\"WebSite\",\"@id\":\"https:\/\/www.celttv.com.ar\/#website\",\"url\":\"https:\/\/www.celttv.com.ar\/\",\"name\":\"CELTTV\",\"description\":\"Cooperativa El\u00e9ctrica de Tornquist\",\"publisher\":{\"@id\":\"https:\/\/www.celttv.com.ar\/#organization\"},\"potentialAction\":[{\"@type\":\"SearchAction\",\"target\":{\"@type\":\"EntryPoint\",\"urlTemplate\":\"https:\/\/www.celttv.com.ar\/?s={search_term_string}\"},\"query-input\":\"required name=search_term_string\"}],\"inLanguage\":\"es\"},{\"@type\":\"Organization\",\"@id\":\"https:\/\/www.celttv.com.ar\/#organization\",\"name\":\"CELTTV\",\"url\":\"https:\/\/www.celttv.com.ar\/\",\"sameAs\":[\"https:\/\/www.youtube.com\/channel\/UCz_oIt8Hig64Ub-EmcNPIhg\",\"https:\/\/www.facebook.com\/celtTV\/\"],\"logo\":{\"@type\":\"ImageObject\",\"inLanguage\":\"es\",\"@id\":\"https:\/\/www.celttv.com.ar\/#\/schema\/logo\/image\/\",\"url\":\"http:\/\/www.celttv.com.ar\/wp-content\/uploads\/2022\/08\/logo-1.png\",\"contentUrl\":\"http:\/\/www.celttv.com.ar\/wp-content\/uploads\/2022\/08\/logo-1.png\",\"width\":461,\"height\":159,\"caption\":\"CELTTV\"},\"image\":{\"@id\":\"https:\/\/www.celttv.com.ar\/#\/schema\/logo\/image\/\"}},{\"@type\":\"Person\",\"@id\":\"https:\/\/www.celttv.com.ar\/#\/schema\/person\/6d99c072dba59953809c81446e9d0ace\",\"name\":\"ulises\",\"image\":{\"@type\":\"ImageObject\",\"inLanguage\":\"es\",\"@id\":\"https:\/\/www.celttv.com.ar\/#\/schema\/person\/image\/\",\"url\":\"https:\/\/secure.gravatar.com\/avatar\/7f2c48bdc33b30088f941fb6082e555f2874c98e20cb159d7b92b50eadfce793?s=96&d=mm&r=g\",\"contentUrl\":\"https:\/\/secure.gravatar.com\/avatar\/7f2c48bdc33b30088f941fb6082e555f2874c98e20cb159d7b92b50eadfce793?s=96&d=mm&r=g\",\"caption\":\"ulises\"},\"sameAs\":[\"http:\/\/www.celttv.com.ar\"]}]}<\/script>\n<!-- \/ Yoast SEO plugin. -->","yoast_head_json":{"title":"AUTOMOTO GANO Y SE QUEDO CON LA LOCALIA EN CUARTOS (Compacto y notas) - CELTTV","description":"Sitio web de noticias de la localidad de Tornquist, provincia de Buenos Aires, Rep\u00fablica Argentina. Contenido propio originado por periodistas de CELTTV, el canal de TV local de la Cooperativa El\u00e9ctrica de Tornquist. Turismo, Pol\u00edtica, Sociedad, Deporte, Cultura y todo el contenido de inter\u00e9s general que la gente del pueblo y la regi\u00f3n debe conocer.","robots":{"index":"index","follow":"follow","max-snippet":"max-snippet:-1","max-image-preview":"max-image-preview:large","max-video-preview":"max-video-preview:-1"},"canonical":"https:\/\/www.celttv.com.ar\/index.php\/2013\/11\/29\/automoto-gano-y-se-quedo-con-la-localia-en-cuartos-compacto-y-notas\/","og_locale":"es_ES","og_type":"article","og_title":"AUTOMOTO GANO Y SE QUEDO CON LA LOCALIA EN CUARTOS (Compacto y notas) - CELTTV","og_description":"Sitio web de noticias de la localidad de Tornquist, provincia de Buenos Aires, Rep\u00fablica Argentina. Contenido propio originado por periodistas de CELTTV, el canal de TV local de la Cooperativa El\u00e9ctrica de Tornquist. Turismo, Pol\u00edtica, Sociedad, Deporte, Cultura y todo el contenido de inter\u00e9s general que la gente del pueblo y la regi\u00f3n debe conocer.","og_url":"https:\/\/www.celttv.com.ar\/index.php\/2013\/11\/29\/automoto-gano-y-se-quedo-con-la-localia-en-cuartos-compacto-y-notas\/","og_site_name":"CELTTV","article_publisher":"https:\/\/www.facebook.com\/celtTV\/","article_published_time":"2013-11-29T14:19:08+00:00","author":"ulises","twitter_card":"summary_large_image","twitter_misc":{"Escrito por":"ulises","Tiempo de lectura":"4 minutos"},"schema":{"@context":"https:\/\/schema.org","@graph":[{"@type":"NewsArticle","@id":"https:\/\/www.celttv.com.ar\/index.php\/2013\/11\/29\/automoto-gano-y-se-quedo-con-la-localia-en-cuartos-compacto-y-notas\/#article","isPartOf":{"@id":"https:\/\/www.celttv.com.ar\/index.php\/2013\/11\/29\/automoto-gano-y-se-quedo-con-la-localia-en-cuartos-compacto-y-notas\/"},"author":{"name":"ulises","@id":"https:\/\/www.celttv.com.ar\/#\/schema\/person\/6d99c072dba59953809c81446e9d0ace"},"headline":"AUTOMOTO GANO Y SE QUEDO CON LA LOCALIA EN CUARTOS (Compacto y notas)","datePublished":"2013-11-29T14:19:08+00:00","dateModified":"2013-11-29T14:19:08+00:00","mainEntityOfPage":{"@id":"https:\/\/www.celttv.com.ar\/index.php\/2013\/11\/29\/automoto-gano-y-se-quedo-con-la-localia-en-cuartos-compacto-y-notas\/"},"wordCount":854,"publisher":{"@id":"https:\/\/www.celttv.com.ar\/#organization"},"articleSection":["Deporte","Destacadas","Videos Destacados"],"inLanguage":"es"},{"@type":"WebPage","@id":"https:\/\/www.celttv.com.ar\/index.php\/2013\/11\/29\/automoto-gano-y-se-quedo-con-la-localia-en-cuartos-compacto-y-notas\/","url":"https:\/\/www.celttv.com.ar\/index.php\/2013\/11\/29\/automoto-gano-y-se-quedo-con-la-localia-en-cuartos-compacto-y-notas\/","name":"AUTOMOTO GANO Y SE QUEDO CON LA LOCALIA EN CUARTOS (Compacto y notas) - CELTTV","isPartOf":{"@id":"https:\/\/www.celttv.com.ar\/#website"},"datePublished":"2013-11-29T14:19:08+00:00","dateModified":"2013-11-29T14:19:08+00:00","description":"Sitio web de noticias de la localidad de Tornquist, provincia de Buenos Aires, Rep\u00fablica Argentina. Contenido propio originado por periodistas de CELTTV, el canal de TV local de la Cooperativa El\u00e9ctrica de Tornquist. Turismo, Pol\u00edtica, Sociedad, Deporte, Cultura y todo el contenido de inter\u00e9s general que la gente del pueblo y la regi\u00f3n debe conocer.","breadcrumb":{"@id":"https:\/\/www.celttv.com.ar\/index.php\/2013\/11\/29\/automoto-gano-y-se-quedo-con-la-localia-en-cuartos-compacto-y-notas\/#breadcrumb"},"inLanguage":"es","potentialAction":[{"@type":"ReadAction","target":["https:\/\/www.celttv.com.ar\/index.php\/2013\/11\/29\/automoto-gano-y-se-quedo-con-la-localia-en-cuartos-compacto-y-notas\/"]}]},{"@type":"BreadcrumbList","@id":"https:\/\/www.celttv.com.ar\/index.php\/2013\/11\/29\/automoto-gano-y-se-quedo-con-la-localia-en-cuartos-compacto-y-notas\/#breadcrumb","itemListElement":[{"@type":"ListItem","position":1,"name":"Inicio","item":"https:\/\/www.celttv.com.ar\/"},{"@type":"ListItem","position":2,"name":"AUTOMOTO GANO Y SE QUEDO CON LA LOCALIA EN CUARTOS (Compacto y notas)"}]},{"@type":"WebSite","@id":"https:\/\/www.celttv.com.ar\/#website","url":"https:\/\/www.celttv.com.ar\/","name":"CELTTV","description":"Cooperativa El\u00e9ctrica de Tornquist","publisher":{"@id":"https:\/\/www.celttv.com.ar\/#organization"},"potentialAction":[{"@type":"SearchAction","target":{"@type":"EntryPoint","urlTemplate":"https:\/\/www.celttv.com.ar\/?s={search_term_string}"},"query-input":"required name=search_term_string"}],"inLanguage":"es"},{"@type":"Organization","@id":"https:\/\/www.celttv.com.ar\/#organization","name":"CELTTV","url":"https:\/\/www.celttv.com.ar\/","sameAs":["https:\/\/www.youtube.com\/channel\/UCz_oIt8Hig64Ub-EmcNPIhg","https:\/\/www.facebook.com\/celtTV\/"],"logo":{"@type":"ImageObject","inLanguage":"es","@id":"https:\/\/www.celttv.com.ar\/#\/schema\/logo\/image\/","url":"http:\/\/www.celttv.com.ar\/wp-content\/uploads\/2022\/08\/logo-1.png","contentUrl":"http:\/\/www.celttv.com.ar\/wp-content\/uploads\/2022\/08\/logo-1.png","width":461,"height":159,"caption":"CELTTV"},"image":{"@id":"https:\/\/www.celttv.com.ar\/#\/schema\/logo\/image\/"}},{"@type":"Person","@id":"https:\/\/www.celttv.com.ar\/#\/schema\/person\/6d99c072dba59953809c81446e9d0ace","name":"ulises","image":{"@type":"ImageObject","inLanguage":"es","@id":"https:\/\/www.celttv.com.ar\/#\/schema\/person\/image\/","url":"https:\/\/secure.gravatar.com\/avatar\/7f2c48bdc33b30088f941fb6082e555f2874c98e20cb159d7b92b50eadfce793?s=96&d=mm&r=g","contentUrl":"https:\/\/secure.gravatar.com\/avatar\/7f2c48bdc33b30088f941fb6082e555f2874c98e20cb159d7b92b50eadfce793?s=96&d=mm&r=g","caption":"ulises"},"sameAs":["http:\/\/www.celttv.com.ar"]}]}},"_links":{"self":[{"href":"https:\/\/www.celttv.com.ar\/index.php\/wp-json\/wp\/v2\/posts\/16070","targetHints":{"allow":["GET"]}}],"collection":[{"href":"https:\/\/www.celttv.com.ar\/index.php\/wp-json\/wp\/v2\/posts"}],"about":[{"href":"https:\/\/www.celttv.com.ar\/index.php\/wp-json\/wp\/v2\/types\/post"}],"author":[{"embeddable":true,"href":"https:\/\/www.celttv.com.ar\/index.php\/wp-json\/wp\/v2\/users\/1"}],"replies":[{"embeddable":true,"href":"https:\/\/www.celttv.com.ar\/index.php\/wp-json\/wp\/v2\/comments?post=16070"}],"version-history":[{"count":0,"href":"https:\/\/www.celttv.com.ar\/index.php\/wp-json\/wp\/v2\/posts\/16070\/revisions"}],"wp:attachment":[{"href":"https:\/\/www.celttv.com.ar\/index.php\/wp-json\/wp\/v2\/media?parent=16070"}],"wp:term":[{"taxonomy":"category","embeddable":true,"href":"https:\/\/www.celttv.com.ar\/index.php\/wp-json\/wp\/v2\/categories?post=16070"},{"taxonomy":"post_tag","embeddable":true,"href":"https:\/\/www.celttv.com.ar\/index.php\/wp-json\/wp\/v2\/tags?post=16070"}],"curies":[{"name":"wp","href":"https:\/\/api.w.org\/{rel}","templated":true}]}}