{"id":16239,"date":"2013-12-05T14:22:36","date_gmt":"2013-12-05T14:22:36","guid":{"rendered":"http:\/\/www.tvcnoticias.com.ar\/?p=16239"},"modified":"2013-12-05T14:22:36","modified_gmt":"2013-12-05T14:22:36","slug":"hcd-este-viernes-a-las-10-hs-se-realiza-la-sesion-preparatoria","status":"publish","type":"post","link":"https:\/\/www.celttv.com.ar\/index.php\/2013\/12\/05\/hcd-este-viernes-a-las-10-hs-se-realiza-la-sesion-preparatoria\/","title":{"rendered":"HCD.: ESTE VIERNES A LAS 10 HS. SE REALIZA LA SESION PREPARATORIA"},"content":{"rendered":"<p>DECRETO\u00a0 N\u00ba 18\/13<br \/>\n<strong><span style=\"text-decoration: underline;\"> <\/span><\/strong><br \/>\n<strong><span style=\"text-decoration: underline;\"> <\/span><\/strong><br \/>\n<strong><span style=\"text-decoration: underline;\">VISTO:<\/span><\/strong><br \/>\n&nbsp;<br \/>\nLa Resoluci\u00f3n recibida de la Honorable Junta Electoral de la Provincia de Buenos Aires para el inicio de las Sesiones Preparatorias, y;<br \/>\n&nbsp;<br \/>\n<strong><span style=\"text-decoration: underline;\">CONSIDERANDO:<\/span><\/strong><br \/>\n&nbsp;<br \/>\nQue la mencionada notificaci\u00f3n informa la fecha en la cual deber\u00e1 llevarse a cabo la Sesi\u00f3n Preparatoria, como asimismo, la n\u00f3mina de Concejales titulares y suplentes, que han resultado electos en los comicios del 27 de octubre pr\u00f3ximo pasado y como consecuencia de ello, diplomados por dicho organismo.<br \/>\nQue de conformidad al Art\u00edculo 18\u00ba de la Ley Org\u00e1nica de las Municipalidades (Decreto Ley N\u00ba 6.769\/58), procede la presente convocatoria.<br \/>\n&nbsp;<br \/>\n<strong><span style=\"text-decoration: underline;\">POR ELLO:<\/span><\/strong><br \/>\n&nbsp;<br \/>\n<strong> <\/strong><\/p>\n<h3>El PRESIDENTE del HONORABLE CONCEJO DELIBERANTE,<\/h3>\n<p>en uso de sus facultades:<br \/>\n<strong><span style=\"text-decoration: underline;\"> <\/span><\/strong><br \/>\n<strong><span style=\"text-decoration: underline;\">D E C R E T A.<\/span><\/strong><br \/>\n<strong><span style=\"text-decoration: underline;\"> <\/span><\/strong><br \/>\n<strong><span style=\"text-decoration: underline;\">ARTICULO 1\u00ba:<\/span><\/strong> Convocase a Sesi\u00f3n Preparatoria a los Se\u00f1ores Concejales que no cesan en sus mandatos y a los Se\u00f1ores Concejales electos el 27 de Octubre de 2013 y diplomados por la Honorable Junta Electoral de la Provincia de Buenos Aires; la que se llevar\u00e1 a cabo el d\u00eda 06 de Diciembre de 2013, a partir de la hora 10 en el Recinto de este Honorable Concejo Deliberante.<br \/>\n&nbsp;<br \/>\n<strong><span style=\"text-decoration: underline;\">ARTICULO 2\u00ba:<\/span><\/strong> Los temas a considerar ser\u00e1n los siguientes:<br \/>\n&nbsp;<br \/>\n<strong>1.- Constituci\u00f3n de la Comisi\u00f3n de Poderes<\/strong>, la que estar\u00e1 integrada por los se\u00f1ores Concejales que no cesan en sus mandatos y deber\u00e1 expedirse sobre las condiciones legales de los nuevos electos para asumir sus funciones (Art\u00edculo 18\u00ba L.O.M.).<br \/>\n<strong> <\/strong><br \/>\n<strong>2.- Elecci\u00f3n de Autoridades del H. Concejo Deliberante:<\/strong> Presidente, Vicepresidente Primero, Vicepresidente Segundo y Secretario (Art\u00edculo 19\u00ba L.O.M.).<br \/>\n&nbsp;<br \/>\n<strong><span style=\"text-decoration: underline;\">ARTICULO 3\u00ba:<\/span><\/strong> Comun\u00edquese, reg\u00edstrese y cumplido ARCHIVESE.-<br \/>\nTornquist, 05 de diciembre de 2013.-<br \/>\n&nbsp;<br \/>\n&nbsp;<br \/>\n<a rel=\"attachment wp-att-16241\" href=\"http:\/\/www.tvcnoticias.com.ar\/?attachment_id=16241\"><img loading=\"lazy\" decoding=\"async\" class=\"aligncenter size-full wp-image-16241\" title=\"29-10-13 005arreg (Small)\" src=\"http:\/\/www.tvcnoticias.com.ar\/wp-content\/uploads\/2013\/12\/29-10-13-005arreg-Small.jpg\" alt=\"\" width=\"640\" height=\"480\" \/><\/a><strong>Ezequiel Gabella\u00a0\u00a0\u00a0\u00a0\u00a0\u00a0\u00a0\u00a0\u00a0\u00a0\u00a0\u00a0\u00a0\u00a0\u00a0\u00a0\u00a0\u00a0\u00a0\u00a0\u00a0\u00a0 \u00a0\u00a0\u00a0\u00a0\u00a0\u00a0\u00a0\u00a0\u00a0\u00a0Sergio Bordoni<\/strong><br \/>\n<strong> Secretario HCD\u00a0\u00a0\u00a0\u00a0\u00a0\u00a0\u00a0\u00a0\u00a0\u00a0\u00a0\u00a0\u00a0\u00a0\u00a0\u00a0\u00a0\u00a0\u00a0\u00a0\u00a0\u00a0\u00a0\u00a0\u00a0\u00a0\u00a0\u00a0\u00a0 \u00a0\u00a0\u00a0\u00a0\u00a0\u00a0\u00a0\u00a0\u00a0\u00a0Presidente HCD<\/strong><br \/>\n&nbsp;<\/p>\n","protected":false},"excerpt":{"rendered":"<p>DECRETO\u00a0 N\u00ba 18\/13 VISTO: &nbsp; La Resoluci\u00f3n recibida de la Honorable Junta Electoral de la Provincia de Buenos Aires para el inicio de las Sesiones Preparatorias, y; &nbsp; CONSIDERANDO: &nbsp; Que la mencionada notificaci\u00f3n informa la fecha en la cual deber\u00e1 llevarse a cabo la Sesi\u00f3n Preparatoria, como asimismo, la n\u00f3mina de Concejales titulares y [&hellip;]<\/p>\n","protected":false},"author":1,"featured_media":0,"comment_status":"closed","ping_status":"open","sticky":false,"template":"","format":"standard","meta":{"footnotes":""},"categories":[51,52,53],"tags":[],"class_list":["post-16239","post","type-post","status-publish","format-standard","hentry","category-comunidad","category-destacadas","category-politica"],"yoast_head":"<!-- This site is optimized with the Yoast SEO plugin v19.7.1 - https:\/\/yoast.com\/wordpress\/plugins\/seo\/ -->\n<title>HCD.: ESTE VIERNES A LAS 10 HS. SE REALIZA LA SESION PREPARATORIA - CELTTV<\/title>\n<meta name=\"description\" content=\"Sitio web de noticias de la localidad de Tornquist, provincia de Buenos Aires, Rep\u00fablica Argentina. Contenido propio originado por periodistas de CELTTV, el canal de TV local de la Cooperativa El\u00e9ctrica de Tornquist. Turismo, Pol\u00edtica, Sociedad, Deporte, Cultura y todo el contenido de inter\u00e9s general que la gente del pueblo y la regi\u00f3n debe conocer.\" \/>\n<meta name=\"robots\" content=\"index, follow, max-snippet:-1, max-image-preview:large, max-video-preview:-1\" \/>\n<link rel=\"canonical\" href=\"https:\/\/www.celttv.com.ar\/index.php\/2013\/12\/05\/hcd-este-viernes-a-las-10-hs-se-realiza-la-sesion-preparatoria\/\" \/>\n<meta property=\"og:locale\" content=\"es_ES\" \/>\n<meta property=\"og:type\" content=\"article\" \/>\n<meta property=\"og:title\" content=\"HCD.: ESTE VIERNES A LAS 10 HS. SE REALIZA LA SESION PREPARATORIA - CELTTV\" \/>\n<meta property=\"og:description\" content=\"Sitio web de noticias de la localidad de Tornquist, provincia de Buenos Aires, Rep\u00fablica Argentina. Contenido propio originado por periodistas de CELTTV, el canal de TV local de la Cooperativa El\u00e9ctrica de Tornquist. Turismo, Pol\u00edtica, Sociedad, Deporte, Cultura y todo el contenido de inter\u00e9s general que la gente del pueblo y la regi\u00f3n debe conocer.\" \/>\n<meta property=\"og:url\" content=\"https:\/\/www.celttv.com.ar\/index.php\/2013\/12\/05\/hcd-este-viernes-a-las-10-hs-se-realiza-la-sesion-preparatoria\/\" \/>\n<meta property=\"og:site_name\" content=\"CELTTV\" \/>\n<meta property=\"article:publisher\" content=\"https:\/\/www.facebook.com\/celtTV\/\" \/>\n<meta property=\"article:published_time\" content=\"2013-12-05T14:22:36+00:00\" \/>\n<meta property=\"og:image\" content=\"http:\/\/www.tvcnoticias.com.ar\/wp-content\/uploads\/2013\/12\/29-10-13-005arreg-Small.jpg\" \/>\n<meta name=\"author\" content=\"ulises\" \/>\n<meta name=\"twitter:card\" content=\"summary_large_image\" \/>\n<meta name=\"twitter:label1\" content=\"Escrito por\" \/>\n\t<meta name=\"twitter:data1\" content=\"ulises\" \/>\n\t<meta name=\"twitter:label2\" content=\"Tiempo de lectura\" \/>\n\t<meta name=\"twitter:data2\" content=\"1 minuto\" \/>\n<script type=\"application\/ld+json\" class=\"yoast-schema-graph\">{\"@context\":\"https:\/\/schema.org\",\"@graph\":[{\"@type\":\"NewsArticle\",\"@id\":\"https:\/\/www.celttv.com.ar\/index.php\/2013\/12\/05\/hcd-este-viernes-a-las-10-hs-se-realiza-la-sesion-preparatoria\/#article\",\"isPartOf\":{\"@id\":\"https:\/\/www.celttv.com.ar\/index.php\/2013\/12\/05\/hcd-este-viernes-a-las-10-hs-se-realiza-la-sesion-preparatoria\/\"},\"author\":{\"name\":\"ulises\",\"@id\":\"https:\/\/www.celttv.com.ar\/#\/schema\/person\/6d99c072dba59953809c81446e9d0ace\"},\"headline\":\"HCD.: ESTE VIERNES A LAS 10 HS. SE REALIZA LA SESION PREPARATORIA\",\"datePublished\":\"2013-12-05T14:22:36+00:00\",\"dateModified\":\"2013-12-05T14:22:36+00:00\",\"mainEntityOfPage\":{\"@id\":\"https:\/\/www.celttv.com.ar\/index.php\/2013\/12\/05\/hcd-este-viernes-a-las-10-hs-se-realiza-la-sesion-preparatoria\/\"},\"wordCount\":303,\"publisher\":{\"@id\":\"https:\/\/www.celttv.com.ar\/#organization\"},\"articleSection\":[\"Comunidad\",\"Destacadas\",\"Pol\u00edtica\"],\"inLanguage\":\"es\"},{\"@type\":\"WebPage\",\"@id\":\"https:\/\/www.celttv.com.ar\/index.php\/2013\/12\/05\/hcd-este-viernes-a-las-10-hs-se-realiza-la-sesion-preparatoria\/\",\"url\":\"https:\/\/www.celttv.com.ar\/index.php\/2013\/12\/05\/hcd-este-viernes-a-las-10-hs-se-realiza-la-sesion-preparatoria\/\",\"name\":\"HCD.: ESTE VIERNES A LAS 10 HS. SE REALIZA LA SESION PREPARATORIA - CELTTV\",\"isPartOf\":{\"@id\":\"https:\/\/www.celttv.com.ar\/#website\"},\"datePublished\":\"2013-12-05T14:22:36+00:00\",\"dateModified\":\"2013-12-05T14:22:36+00:00\",\"description\":\"Sitio web de noticias de la localidad de Tornquist, provincia de Buenos Aires, Rep\u00fablica Argentina. Contenido propio originado por periodistas de CELTTV, el canal de TV local de la Cooperativa El\u00e9ctrica de Tornquist. Turismo, Pol\u00edtica, Sociedad, Deporte, Cultura y todo el contenido de inter\u00e9s general que la gente del pueblo y la regi\u00f3n debe conocer.\",\"breadcrumb\":{\"@id\":\"https:\/\/www.celttv.com.ar\/index.php\/2013\/12\/05\/hcd-este-viernes-a-las-10-hs-se-realiza-la-sesion-preparatoria\/#breadcrumb\"},\"inLanguage\":\"es\",\"potentialAction\":[{\"@type\":\"ReadAction\",\"target\":[\"https:\/\/www.celttv.com.ar\/index.php\/2013\/12\/05\/hcd-este-viernes-a-las-10-hs-se-realiza-la-sesion-preparatoria\/\"]}]},{\"@type\":\"BreadcrumbList\",\"@id\":\"https:\/\/www.celttv.com.ar\/index.php\/2013\/12\/05\/hcd-este-viernes-a-las-10-hs-se-realiza-la-sesion-preparatoria\/#breadcrumb\",\"itemListElement\":[{\"@type\":\"ListItem\",\"position\":1,\"name\":\"Inicio\",\"item\":\"https:\/\/www.celttv.com.ar\/\"},{\"@type\":\"ListItem\",\"position\":2,\"name\":\"HCD.: ESTE VIERNES A LAS 10 HS. SE REALIZA LA SESION PREPARATORIA\"}]},{\"@type\":\"WebSite\",\"@id\":\"https:\/\/www.celttv.com.ar\/#website\",\"url\":\"https:\/\/www.celttv.com.ar\/\",\"name\":\"CELTTV\",\"description\":\"Cooperativa El\u00e9ctrica de Tornquist\",\"publisher\":{\"@id\":\"https:\/\/www.celttv.com.ar\/#organization\"},\"potentialAction\":[{\"@type\":\"SearchAction\",\"target\":{\"@type\":\"EntryPoint\",\"urlTemplate\":\"https:\/\/www.celttv.com.ar\/?s={search_term_string}\"},\"query-input\":\"required name=search_term_string\"}],\"inLanguage\":\"es\"},{\"@type\":\"Organization\",\"@id\":\"https:\/\/www.celttv.com.ar\/#organization\",\"name\":\"CELTTV\",\"url\":\"https:\/\/www.celttv.com.ar\/\",\"sameAs\":[\"https:\/\/www.youtube.com\/channel\/UCz_oIt8Hig64Ub-EmcNPIhg\",\"https:\/\/www.facebook.com\/celtTV\/\"],\"logo\":{\"@type\":\"ImageObject\",\"inLanguage\":\"es\",\"@id\":\"https:\/\/www.celttv.com.ar\/#\/schema\/logo\/image\/\",\"url\":\"http:\/\/www.celttv.com.ar\/wp-content\/uploads\/2022\/08\/logo-1.png\",\"contentUrl\":\"http:\/\/www.celttv.com.ar\/wp-content\/uploads\/2022\/08\/logo-1.png\",\"width\":461,\"height\":159,\"caption\":\"CELTTV\"},\"image\":{\"@id\":\"https:\/\/www.celttv.com.ar\/#\/schema\/logo\/image\/\"}},{\"@type\":\"Person\",\"@id\":\"https:\/\/www.celttv.com.ar\/#\/schema\/person\/6d99c072dba59953809c81446e9d0ace\",\"name\":\"ulises\",\"image\":{\"@type\":\"ImageObject\",\"inLanguage\":\"es\",\"@id\":\"https:\/\/www.celttv.com.ar\/#\/schema\/person\/image\/\",\"url\":\"https:\/\/secure.gravatar.com\/avatar\/7f2c48bdc33b30088f941fb6082e555f2874c98e20cb159d7b92b50eadfce793?s=96&d=mm&r=g\",\"contentUrl\":\"https:\/\/secure.gravatar.com\/avatar\/7f2c48bdc33b30088f941fb6082e555f2874c98e20cb159d7b92b50eadfce793?s=96&d=mm&r=g\",\"caption\":\"ulises\"},\"sameAs\":[\"http:\/\/www.celttv.com.ar\"]}]}<\/script>\n<!-- \/ Yoast SEO plugin. -->","yoast_head_json":{"title":"HCD.: ESTE VIERNES A LAS 10 HS. SE REALIZA LA SESION PREPARATORIA - CELTTV","description":"Sitio web de noticias de la localidad de Tornquist, provincia de Buenos Aires, Rep\u00fablica Argentina. Contenido propio originado por periodistas de CELTTV, el canal de TV local de la Cooperativa El\u00e9ctrica de Tornquist. Turismo, Pol\u00edtica, Sociedad, Deporte, Cultura y todo el contenido de inter\u00e9s general que la gente del pueblo y la regi\u00f3n debe conocer.","robots":{"index":"index","follow":"follow","max-snippet":"max-snippet:-1","max-image-preview":"max-image-preview:large","max-video-preview":"max-video-preview:-1"},"canonical":"https:\/\/www.celttv.com.ar\/index.php\/2013\/12\/05\/hcd-este-viernes-a-las-10-hs-se-realiza-la-sesion-preparatoria\/","og_locale":"es_ES","og_type":"article","og_title":"HCD.: ESTE VIERNES A LAS 10 HS. SE REALIZA LA SESION PREPARATORIA - CELTTV","og_description":"Sitio web de noticias de la localidad de Tornquist, provincia de Buenos Aires, Rep\u00fablica Argentina. Contenido propio originado por periodistas de CELTTV, el canal de TV local de la Cooperativa El\u00e9ctrica de Tornquist. Turismo, Pol\u00edtica, Sociedad, Deporte, Cultura y todo el contenido de inter\u00e9s general que la gente del pueblo y la regi\u00f3n debe conocer.","og_url":"https:\/\/www.celttv.com.ar\/index.php\/2013\/12\/05\/hcd-este-viernes-a-las-10-hs-se-realiza-la-sesion-preparatoria\/","og_site_name":"CELTTV","article_publisher":"https:\/\/www.facebook.com\/celtTV\/","article_published_time":"2013-12-05T14:22:36+00:00","og_image":[{"url":"http:\/\/www.tvcnoticias.com.ar\/wp-content\/uploads\/2013\/12\/29-10-13-005arreg-Small.jpg"}],"author":"ulises","twitter_card":"summary_large_image","twitter_misc":{"Escrito por":"ulises","Tiempo de lectura":"1 minuto"},"schema":{"@context":"https:\/\/schema.org","@graph":[{"@type":"NewsArticle","@id":"https:\/\/www.celttv.com.ar\/index.php\/2013\/12\/05\/hcd-este-viernes-a-las-10-hs-se-realiza-la-sesion-preparatoria\/#article","isPartOf":{"@id":"https:\/\/www.celttv.com.ar\/index.php\/2013\/12\/05\/hcd-este-viernes-a-las-10-hs-se-realiza-la-sesion-preparatoria\/"},"author":{"name":"ulises","@id":"https:\/\/www.celttv.com.ar\/#\/schema\/person\/6d99c072dba59953809c81446e9d0ace"},"headline":"HCD.: ESTE VIERNES A LAS 10 HS. SE REALIZA LA SESION PREPARATORIA","datePublished":"2013-12-05T14:22:36+00:00","dateModified":"2013-12-05T14:22:36+00:00","mainEntityOfPage":{"@id":"https:\/\/www.celttv.com.ar\/index.php\/2013\/12\/05\/hcd-este-viernes-a-las-10-hs-se-realiza-la-sesion-preparatoria\/"},"wordCount":303,"publisher":{"@id":"https:\/\/www.celttv.com.ar\/#organization"},"articleSection":["Comunidad","Destacadas","Pol\u00edtica"],"inLanguage":"es"},{"@type":"WebPage","@id":"https:\/\/www.celttv.com.ar\/index.php\/2013\/12\/05\/hcd-este-viernes-a-las-10-hs-se-realiza-la-sesion-preparatoria\/","url":"https:\/\/www.celttv.com.ar\/index.php\/2013\/12\/05\/hcd-este-viernes-a-las-10-hs-se-realiza-la-sesion-preparatoria\/","name":"HCD.: ESTE VIERNES A LAS 10 HS. SE REALIZA LA SESION PREPARATORIA - CELTTV","isPartOf":{"@id":"https:\/\/www.celttv.com.ar\/#website"},"datePublished":"2013-12-05T14:22:36+00:00","dateModified":"2013-12-05T14:22:36+00:00","description":"Sitio web de noticias de la localidad de Tornquist, provincia de Buenos Aires, Rep\u00fablica Argentina. Contenido propio originado por periodistas de CELTTV, el canal de TV local de la Cooperativa El\u00e9ctrica de Tornquist. Turismo, Pol\u00edtica, Sociedad, Deporte, Cultura y todo el contenido de inter\u00e9s general que la gente del pueblo y la regi\u00f3n debe conocer.","breadcrumb":{"@id":"https:\/\/www.celttv.com.ar\/index.php\/2013\/12\/05\/hcd-este-viernes-a-las-10-hs-se-realiza-la-sesion-preparatoria\/#breadcrumb"},"inLanguage":"es","potentialAction":[{"@type":"ReadAction","target":["https:\/\/www.celttv.com.ar\/index.php\/2013\/12\/05\/hcd-este-viernes-a-las-10-hs-se-realiza-la-sesion-preparatoria\/"]}]},{"@type":"BreadcrumbList","@id":"https:\/\/www.celttv.com.ar\/index.php\/2013\/12\/05\/hcd-este-viernes-a-las-10-hs-se-realiza-la-sesion-preparatoria\/#breadcrumb","itemListElement":[{"@type":"ListItem","position":1,"name":"Inicio","item":"https:\/\/www.celttv.com.ar\/"},{"@type":"ListItem","position":2,"name":"HCD.: ESTE VIERNES A LAS 10 HS. SE REALIZA LA SESION PREPARATORIA"}]},{"@type":"WebSite","@id":"https:\/\/www.celttv.com.ar\/#website","url":"https:\/\/www.celttv.com.ar\/","name":"CELTTV","description":"Cooperativa El\u00e9ctrica de Tornquist","publisher":{"@id":"https:\/\/www.celttv.com.ar\/#organization"},"potentialAction":[{"@type":"SearchAction","target":{"@type":"EntryPoint","urlTemplate":"https:\/\/www.celttv.com.ar\/?s={search_term_string}"},"query-input":"required name=search_term_string"}],"inLanguage":"es"},{"@type":"Organization","@id":"https:\/\/www.celttv.com.ar\/#organization","name":"CELTTV","url":"https:\/\/www.celttv.com.ar\/","sameAs":["https:\/\/www.youtube.com\/channel\/UCz_oIt8Hig64Ub-EmcNPIhg","https:\/\/www.facebook.com\/celtTV\/"],"logo":{"@type":"ImageObject","inLanguage":"es","@id":"https:\/\/www.celttv.com.ar\/#\/schema\/logo\/image\/","url":"http:\/\/www.celttv.com.ar\/wp-content\/uploads\/2022\/08\/logo-1.png","contentUrl":"http:\/\/www.celttv.com.ar\/wp-content\/uploads\/2022\/08\/logo-1.png","width":461,"height":159,"caption":"CELTTV"},"image":{"@id":"https:\/\/www.celttv.com.ar\/#\/schema\/logo\/image\/"}},{"@type":"Person","@id":"https:\/\/www.celttv.com.ar\/#\/schema\/person\/6d99c072dba59953809c81446e9d0ace","name":"ulises","image":{"@type":"ImageObject","inLanguage":"es","@id":"https:\/\/www.celttv.com.ar\/#\/schema\/person\/image\/","url":"https:\/\/secure.gravatar.com\/avatar\/7f2c48bdc33b30088f941fb6082e555f2874c98e20cb159d7b92b50eadfce793?s=96&d=mm&r=g","contentUrl":"https:\/\/secure.gravatar.com\/avatar\/7f2c48bdc33b30088f941fb6082e555f2874c98e20cb159d7b92b50eadfce793?s=96&d=mm&r=g","caption":"ulises"},"sameAs":["http:\/\/www.celttv.com.ar"]}]}},"_links":{"self":[{"href":"https:\/\/www.celttv.com.ar\/index.php\/wp-json\/wp\/v2\/posts\/16239","targetHints":{"allow":["GET"]}}],"collection":[{"href":"https:\/\/www.celttv.com.ar\/index.php\/wp-json\/wp\/v2\/posts"}],"about":[{"href":"https:\/\/www.celttv.com.ar\/index.php\/wp-json\/wp\/v2\/types\/post"}],"author":[{"embeddable":true,"href":"https:\/\/www.celttv.com.ar\/index.php\/wp-json\/wp\/v2\/users\/1"}],"replies":[{"embeddable":true,"href":"https:\/\/www.celttv.com.ar\/index.php\/wp-json\/wp\/v2\/comments?post=16239"}],"version-history":[{"count":0,"href":"https:\/\/www.celttv.com.ar\/index.php\/wp-json\/wp\/v2\/posts\/16239\/revisions"}],"wp:attachment":[{"href":"https:\/\/www.celttv.com.ar\/index.php\/wp-json\/wp\/v2\/media?parent=16239"}],"wp:term":[{"taxonomy":"category","embeddable":true,"href":"https:\/\/www.celttv.com.ar\/index.php\/wp-json\/wp\/v2\/categories?post=16239"},{"taxonomy":"post_tag","embeddable":true,"href":"https:\/\/www.celttv.com.ar\/index.php\/wp-json\/wp\/v2\/tags?post=16239"}],"curies":[{"name":"wp","href":"https:\/\/api.w.org\/{rel}","templated":true}]}}