{"id":16245,"date":"2013-12-05T15:16:26","date_gmt":"2013-12-05T15:16:26","guid":{"rendered":"http:\/\/www.tvcnoticias.com.ar\/?p=16245"},"modified":"2013-12-05T15:16:26","modified_gmt":"2013-12-05T15:16:26","slug":"mas-equipamiento-para-el-municipio","status":"publish","type":"post","link":"https:\/\/www.celttv.com.ar\/index.php\/2013\/12\/05\/mas-equipamiento-para-el-municipio\/","title":{"rendered":"MAS EQUIPAMIENTO PARA EL MUNICIPIO"},"content":{"rendered":"<p>U<br \/>\nn hist\u00f3rico momento se vivi\u00f3 frente al Palacio Municipal de nuestro distrito. Durante un breve acto, en el cual se bendijeron los veh\u00edculos, el intendente Gustavo Trankels present\u00f3 y entreg\u00f3 las cinco camionetas Volkswagen Amarok 0km adquiridas para prestar servicios en la comuna.\u00a0 \u00a0El cura p\u00e1rroco Norberto L\u00f3pez llev\u00f3 adelante la bendici\u00f3n de las flamantes unidades, a las cuales se sum\u00f3 la Toyota Hilux entregada hace algunas semanas a la Comisi\u00f3n Asesora Vial Municipal.\u00a0 \u00a0 \u201cEstamos poniendo al servicio del Municipio estas cinco unidades 0km, que se suman a una que hab\u00edamos presentado hace un tiempo, para cumplir con distintas actividades.\u00a0\u00a0 \u00a0Esto es de acuerdo con el relevamiento que oportunamente realizamos y del cual surgi\u00f3 la necesidad de poder contar con veh\u00edculos livianos\u201d, explic\u00f3 el intendente Trankels.\u00a0 \u00a0 Las camionetas adquiridas son cinco VW Amarok, una cabina simple y cuatro doble cabina, de las cuales una es doble tracci\u00f3n. Son unidades Starline, con motorizaci\u00f3n 2.0 de 140 hp y un nivel de seguridad muy atractivo, debido a que cuentan con sistema de frenos ABS en las cuatro ruedas, control de tracci\u00f3n, y airbag para conductor y pasajero. Tambi\u00e9n poseen aire acondicionado y direcci\u00f3n hidr\u00e1ulica.\u00a0 \u00a0Las mismas prestar\u00e1n servicios en las secretar\u00edas de Obras y Servicios P\u00fablicos, Gobierno y Hacienda, y Producci\u00f3n y Medio Ambiente, la Direcci\u00f3n de Servicios Urbanos y la Delegaci\u00f3n Municipal de Sierra de la Ventana.\u00a0 \u00a0\u201cEsta adquisici\u00f3n nos permite reordenar el resto de los veh\u00edculos y sacar de circulaci\u00f3n algunos que ya cumplieron con su vida \u00fatil\u201d, se\u00f1al\u00f3 el jefe comunal.\u00a0 \u00a0Trankels destac\u00f3 que la compra se realiz\u00f3 con aportes gestionados ante los gobiernos nacional y provincial. Por ese motivo, agradeci\u00f3 la predisposici\u00f3n y el acompa\u00f1amiento del gobernador Daniel Scioli; del ministro de Asuntos Agrarios bonaerense, Gustavo Arrieta, quien prioriz\u00f3 el proyecto dentro de Tornquist dentro del fortalecimiento del Sudoeste provincial; de la ministra de Econom\u00eda, Silvina Batakis; del ex ministro de Agricultura, Ganader\u00eda y Pesca de la Naci\u00f3n, Norberto Yauhar; del jefe de gabinete del MAA, Sergio Etcheto; y de Haroldo Lebed.\u00a0 \u00a0\u201cSe realiz\u00f3 un gran trabajo en equipo, cuyo resultado est\u00e1 a disposici\u00f3n de los tornquistenses. Vale aclarar que las camionetas ya fueron pagadas, fruto de una gesti\u00f3n que permiti\u00f3 que el gobierno nacional aportara los fondos. Por eso la importancia de destacar a todas las personas que lo hicieron posible\u201d, afirm\u00f3.\u00a0 \u00a0 \u201cEsta es una jornada que quedar\u00e1 muy bien guardada entre los buenos momentos de nuestra gesti\u00f3n. Esperemos que al vecino tambi\u00e9n le sirva, que es lo importante. Es una adquisici\u00f3n hist\u00f3rica de equipamiento y la idea es no detenernos. Tambi\u00e9n es una alegr\u00eda haberlo hecho despu\u00e9s de las elecciones, porque demostramos que seguimos trabajando para la gente, sin importar el momento electoral\u201d, asegur\u00f3.\u00a0 \u00a0 Las camionetas se presentaron con el agregado de los protectores de caja, enganches y el ploteado correspondiente, en el cual se indica la dependencia a la cual se encuentran afectadas.<\/p>\n","protected":false},"excerpt":{"rendered":"<p>U n hist\u00f3rico momento se vivi\u00f3 frente al Palacio Municipal de nuestro distrito. Durante un breve acto, en el cual se bendijeron los veh\u00edculos, el intendente Gustavo Trankels present\u00f3 y entreg\u00f3 las cinco camionetas Volkswagen Amarok 0km adquiridas para prestar servicios en la comuna.\u00a0 \u00a0El cura p\u00e1rroco Norberto L\u00f3pez llev\u00f3 adelante la bendici\u00f3n de las [&hellip;]<\/p>\n","protected":false},"author":1,"featured_media":0,"comment_status":"closed","ping_status":"open","sticky":false,"template":"","format":"standard","meta":{"footnotes":""},"categories":[51,52,53],"tags":[],"class_list":["post-16245","post","type-post","status-publish","format-standard","hentry","category-comunidad","category-destacadas","category-politica"],"yoast_head":"<!-- This site is optimized with the Yoast SEO plugin v19.7.1 - https:\/\/yoast.com\/wordpress\/plugins\/seo\/ -->\n<title>MAS EQUIPAMIENTO PARA EL MUNICIPIO - CELTTV<\/title>\n<meta name=\"description\" content=\"Sitio web de noticias de la localidad de Tornquist, provincia de Buenos Aires, Rep\u00fablica Argentina. Contenido propio originado por periodistas de CELTTV, el canal de TV local de la Cooperativa El\u00e9ctrica de Tornquist. Turismo, Pol\u00edtica, Sociedad, Deporte, Cultura y todo el contenido de inter\u00e9s general que la gente del pueblo y la regi\u00f3n debe conocer.\" \/>\n<meta name=\"robots\" content=\"index, follow, max-snippet:-1, max-image-preview:large, max-video-preview:-1\" \/>\n<link rel=\"canonical\" href=\"https:\/\/www.celttv.com.ar\/index.php\/2013\/12\/05\/mas-equipamiento-para-el-municipio\/\" \/>\n<meta property=\"og:locale\" content=\"es_ES\" \/>\n<meta property=\"og:type\" content=\"article\" \/>\n<meta property=\"og:title\" content=\"MAS EQUIPAMIENTO PARA EL MUNICIPIO - CELTTV\" \/>\n<meta property=\"og:description\" content=\"Sitio web de noticias de la localidad de Tornquist, provincia de Buenos Aires, Rep\u00fablica Argentina. Contenido propio originado por periodistas de CELTTV, el canal de TV local de la Cooperativa El\u00e9ctrica de Tornquist. Turismo, Pol\u00edtica, Sociedad, Deporte, Cultura y todo el contenido de inter\u00e9s general que la gente del pueblo y la regi\u00f3n debe conocer.\" \/>\n<meta property=\"og:url\" content=\"https:\/\/www.celttv.com.ar\/index.php\/2013\/12\/05\/mas-equipamiento-para-el-municipio\/\" \/>\n<meta property=\"og:site_name\" content=\"CELTTV\" \/>\n<meta property=\"article:publisher\" content=\"https:\/\/www.facebook.com\/celtTV\/\" \/>\n<meta property=\"article:published_time\" content=\"2013-12-05T15:16:26+00:00\" \/>\n<meta name=\"author\" content=\"ulises\" \/>\n<meta name=\"twitter:card\" content=\"summary_large_image\" \/>\n<meta name=\"twitter:label1\" content=\"Escrito por\" \/>\n\t<meta name=\"twitter:data1\" content=\"ulises\" \/>\n\t<meta name=\"twitter:label2\" content=\"Tiempo de lectura\" \/>\n\t<meta name=\"twitter:data2\" content=\"3 minutos\" \/>\n<script type=\"application\/ld+json\" class=\"yoast-schema-graph\">{\"@context\":\"https:\/\/schema.org\",\"@graph\":[{\"@type\":\"NewsArticle\",\"@id\":\"https:\/\/www.celttv.com.ar\/index.php\/2013\/12\/05\/mas-equipamiento-para-el-municipio\/#article\",\"isPartOf\":{\"@id\":\"https:\/\/www.celttv.com.ar\/index.php\/2013\/12\/05\/mas-equipamiento-para-el-municipio\/\"},\"author\":{\"name\":\"ulises\",\"@id\":\"https:\/\/www.celttv.com.ar\/#\/schema\/person\/6d99c072dba59953809c81446e9d0ace\"},\"headline\":\"MAS EQUIPAMIENTO PARA EL MUNICIPIO\",\"datePublished\":\"2013-12-05T15:16:26+00:00\",\"dateModified\":\"2013-12-05T15:16:26+00:00\",\"mainEntityOfPage\":{\"@id\":\"https:\/\/www.celttv.com.ar\/index.php\/2013\/12\/05\/mas-equipamiento-para-el-municipio\/\"},\"wordCount\":524,\"publisher\":{\"@id\":\"https:\/\/www.celttv.com.ar\/#organization\"},\"articleSection\":[\"Comunidad\",\"Destacadas\",\"Pol\u00edtica\"],\"inLanguage\":\"es\"},{\"@type\":\"WebPage\",\"@id\":\"https:\/\/www.celttv.com.ar\/index.php\/2013\/12\/05\/mas-equipamiento-para-el-municipio\/\",\"url\":\"https:\/\/www.celttv.com.ar\/index.php\/2013\/12\/05\/mas-equipamiento-para-el-municipio\/\",\"name\":\"MAS EQUIPAMIENTO PARA EL MUNICIPIO - CELTTV\",\"isPartOf\":{\"@id\":\"https:\/\/www.celttv.com.ar\/#website\"},\"datePublished\":\"2013-12-05T15:16:26+00:00\",\"dateModified\":\"2013-12-05T15:16:26+00:00\",\"description\":\"Sitio web de noticias de la localidad de Tornquist, provincia de Buenos Aires, Rep\u00fablica Argentina. Contenido propio originado por periodistas de CELTTV, el canal de TV local de la Cooperativa El\u00e9ctrica de Tornquist. Turismo, Pol\u00edtica, Sociedad, Deporte, Cultura y todo el contenido de inter\u00e9s general que la gente del pueblo y la regi\u00f3n debe conocer.\",\"breadcrumb\":{\"@id\":\"https:\/\/www.celttv.com.ar\/index.php\/2013\/12\/05\/mas-equipamiento-para-el-municipio\/#breadcrumb\"},\"inLanguage\":\"es\",\"potentialAction\":[{\"@type\":\"ReadAction\",\"target\":[\"https:\/\/www.celttv.com.ar\/index.php\/2013\/12\/05\/mas-equipamiento-para-el-municipio\/\"]}]},{\"@type\":\"BreadcrumbList\",\"@id\":\"https:\/\/www.celttv.com.ar\/index.php\/2013\/12\/05\/mas-equipamiento-para-el-municipio\/#breadcrumb\",\"itemListElement\":[{\"@type\":\"ListItem\",\"position\":1,\"name\":\"Inicio\",\"item\":\"https:\/\/www.celttv.com.ar\/\"},{\"@type\":\"ListItem\",\"position\":2,\"name\":\"MAS EQUIPAMIENTO PARA EL MUNICIPIO\"}]},{\"@type\":\"WebSite\",\"@id\":\"https:\/\/www.celttv.com.ar\/#website\",\"url\":\"https:\/\/www.celttv.com.ar\/\",\"name\":\"CELTTV\",\"description\":\"Cooperativa El\u00e9ctrica de Tornquist\",\"publisher\":{\"@id\":\"https:\/\/www.celttv.com.ar\/#organization\"},\"potentialAction\":[{\"@type\":\"SearchAction\",\"target\":{\"@type\":\"EntryPoint\",\"urlTemplate\":\"https:\/\/www.celttv.com.ar\/?s={search_term_string}\"},\"query-input\":\"required name=search_term_string\"}],\"inLanguage\":\"es\"},{\"@type\":\"Organization\",\"@id\":\"https:\/\/www.celttv.com.ar\/#organization\",\"name\":\"CELTTV\",\"url\":\"https:\/\/www.celttv.com.ar\/\",\"sameAs\":[\"https:\/\/www.youtube.com\/channel\/UCz_oIt8Hig64Ub-EmcNPIhg\",\"https:\/\/www.facebook.com\/celtTV\/\"],\"logo\":{\"@type\":\"ImageObject\",\"inLanguage\":\"es\",\"@id\":\"https:\/\/www.celttv.com.ar\/#\/schema\/logo\/image\/\",\"url\":\"http:\/\/www.celttv.com.ar\/wp-content\/uploads\/2022\/08\/logo-1.png\",\"contentUrl\":\"http:\/\/www.celttv.com.ar\/wp-content\/uploads\/2022\/08\/logo-1.png\",\"width\":461,\"height\":159,\"caption\":\"CELTTV\"},\"image\":{\"@id\":\"https:\/\/www.celttv.com.ar\/#\/schema\/logo\/image\/\"}},{\"@type\":\"Person\",\"@id\":\"https:\/\/www.celttv.com.ar\/#\/schema\/person\/6d99c072dba59953809c81446e9d0ace\",\"name\":\"ulises\",\"image\":{\"@type\":\"ImageObject\",\"inLanguage\":\"es\",\"@id\":\"https:\/\/www.celttv.com.ar\/#\/schema\/person\/image\/\",\"url\":\"https:\/\/secure.gravatar.com\/avatar\/7f2c48bdc33b30088f941fb6082e555f2874c98e20cb159d7b92b50eadfce793?s=96&d=mm&r=g\",\"contentUrl\":\"https:\/\/secure.gravatar.com\/avatar\/7f2c48bdc33b30088f941fb6082e555f2874c98e20cb159d7b92b50eadfce793?s=96&d=mm&r=g\",\"caption\":\"ulises\"},\"sameAs\":[\"http:\/\/www.celttv.com.ar\"]}]}<\/script>\n<!-- \/ Yoast SEO plugin. -->","yoast_head_json":{"title":"MAS EQUIPAMIENTO PARA EL MUNICIPIO - CELTTV","description":"Sitio web de noticias de la localidad de Tornquist, provincia de Buenos Aires, Rep\u00fablica Argentina. Contenido propio originado por periodistas de CELTTV, el canal de TV local de la Cooperativa El\u00e9ctrica de Tornquist. Turismo, Pol\u00edtica, Sociedad, Deporte, Cultura y todo el contenido de inter\u00e9s general que la gente del pueblo y la regi\u00f3n debe conocer.","robots":{"index":"index","follow":"follow","max-snippet":"max-snippet:-1","max-image-preview":"max-image-preview:large","max-video-preview":"max-video-preview:-1"},"canonical":"https:\/\/www.celttv.com.ar\/index.php\/2013\/12\/05\/mas-equipamiento-para-el-municipio\/","og_locale":"es_ES","og_type":"article","og_title":"MAS EQUIPAMIENTO PARA EL MUNICIPIO - CELTTV","og_description":"Sitio web de noticias de la localidad de Tornquist, provincia de Buenos Aires, Rep\u00fablica Argentina. Contenido propio originado por periodistas de CELTTV, el canal de TV local de la Cooperativa El\u00e9ctrica de Tornquist. Turismo, Pol\u00edtica, Sociedad, Deporte, Cultura y todo el contenido de inter\u00e9s general que la gente del pueblo y la regi\u00f3n debe conocer.","og_url":"https:\/\/www.celttv.com.ar\/index.php\/2013\/12\/05\/mas-equipamiento-para-el-municipio\/","og_site_name":"CELTTV","article_publisher":"https:\/\/www.facebook.com\/celtTV\/","article_published_time":"2013-12-05T15:16:26+00:00","author":"ulises","twitter_card":"summary_large_image","twitter_misc":{"Escrito por":"ulises","Tiempo de lectura":"3 minutos"},"schema":{"@context":"https:\/\/schema.org","@graph":[{"@type":"NewsArticle","@id":"https:\/\/www.celttv.com.ar\/index.php\/2013\/12\/05\/mas-equipamiento-para-el-municipio\/#article","isPartOf":{"@id":"https:\/\/www.celttv.com.ar\/index.php\/2013\/12\/05\/mas-equipamiento-para-el-municipio\/"},"author":{"name":"ulises","@id":"https:\/\/www.celttv.com.ar\/#\/schema\/person\/6d99c072dba59953809c81446e9d0ace"},"headline":"MAS EQUIPAMIENTO PARA EL MUNICIPIO","datePublished":"2013-12-05T15:16:26+00:00","dateModified":"2013-12-05T15:16:26+00:00","mainEntityOfPage":{"@id":"https:\/\/www.celttv.com.ar\/index.php\/2013\/12\/05\/mas-equipamiento-para-el-municipio\/"},"wordCount":524,"publisher":{"@id":"https:\/\/www.celttv.com.ar\/#organization"},"articleSection":["Comunidad","Destacadas","Pol\u00edtica"],"inLanguage":"es"},{"@type":"WebPage","@id":"https:\/\/www.celttv.com.ar\/index.php\/2013\/12\/05\/mas-equipamiento-para-el-municipio\/","url":"https:\/\/www.celttv.com.ar\/index.php\/2013\/12\/05\/mas-equipamiento-para-el-municipio\/","name":"MAS EQUIPAMIENTO PARA EL MUNICIPIO - CELTTV","isPartOf":{"@id":"https:\/\/www.celttv.com.ar\/#website"},"datePublished":"2013-12-05T15:16:26+00:00","dateModified":"2013-12-05T15:16:26+00:00","description":"Sitio web de noticias de la localidad de Tornquist, provincia de Buenos Aires, Rep\u00fablica Argentina. Contenido propio originado por periodistas de CELTTV, el canal de TV local de la Cooperativa El\u00e9ctrica de Tornquist. Turismo, Pol\u00edtica, Sociedad, Deporte, Cultura y todo el contenido de inter\u00e9s general que la gente del pueblo y la regi\u00f3n debe conocer.","breadcrumb":{"@id":"https:\/\/www.celttv.com.ar\/index.php\/2013\/12\/05\/mas-equipamiento-para-el-municipio\/#breadcrumb"},"inLanguage":"es","potentialAction":[{"@type":"ReadAction","target":["https:\/\/www.celttv.com.ar\/index.php\/2013\/12\/05\/mas-equipamiento-para-el-municipio\/"]}]},{"@type":"BreadcrumbList","@id":"https:\/\/www.celttv.com.ar\/index.php\/2013\/12\/05\/mas-equipamiento-para-el-municipio\/#breadcrumb","itemListElement":[{"@type":"ListItem","position":1,"name":"Inicio","item":"https:\/\/www.celttv.com.ar\/"},{"@type":"ListItem","position":2,"name":"MAS EQUIPAMIENTO PARA EL MUNICIPIO"}]},{"@type":"WebSite","@id":"https:\/\/www.celttv.com.ar\/#website","url":"https:\/\/www.celttv.com.ar\/","name":"CELTTV","description":"Cooperativa El\u00e9ctrica de Tornquist","publisher":{"@id":"https:\/\/www.celttv.com.ar\/#organization"},"potentialAction":[{"@type":"SearchAction","target":{"@type":"EntryPoint","urlTemplate":"https:\/\/www.celttv.com.ar\/?s={search_term_string}"},"query-input":"required name=search_term_string"}],"inLanguage":"es"},{"@type":"Organization","@id":"https:\/\/www.celttv.com.ar\/#organization","name":"CELTTV","url":"https:\/\/www.celttv.com.ar\/","sameAs":["https:\/\/www.youtube.com\/channel\/UCz_oIt8Hig64Ub-EmcNPIhg","https:\/\/www.facebook.com\/celtTV\/"],"logo":{"@type":"ImageObject","inLanguage":"es","@id":"https:\/\/www.celttv.com.ar\/#\/schema\/logo\/image\/","url":"http:\/\/www.celttv.com.ar\/wp-content\/uploads\/2022\/08\/logo-1.png","contentUrl":"http:\/\/www.celttv.com.ar\/wp-content\/uploads\/2022\/08\/logo-1.png","width":461,"height":159,"caption":"CELTTV"},"image":{"@id":"https:\/\/www.celttv.com.ar\/#\/schema\/logo\/image\/"}},{"@type":"Person","@id":"https:\/\/www.celttv.com.ar\/#\/schema\/person\/6d99c072dba59953809c81446e9d0ace","name":"ulises","image":{"@type":"ImageObject","inLanguage":"es","@id":"https:\/\/www.celttv.com.ar\/#\/schema\/person\/image\/","url":"https:\/\/secure.gravatar.com\/avatar\/7f2c48bdc33b30088f941fb6082e555f2874c98e20cb159d7b92b50eadfce793?s=96&d=mm&r=g","contentUrl":"https:\/\/secure.gravatar.com\/avatar\/7f2c48bdc33b30088f941fb6082e555f2874c98e20cb159d7b92b50eadfce793?s=96&d=mm&r=g","caption":"ulises"},"sameAs":["http:\/\/www.celttv.com.ar"]}]}},"_links":{"self":[{"href":"https:\/\/www.celttv.com.ar\/index.php\/wp-json\/wp\/v2\/posts\/16245","targetHints":{"allow":["GET"]}}],"collection":[{"href":"https:\/\/www.celttv.com.ar\/index.php\/wp-json\/wp\/v2\/posts"}],"about":[{"href":"https:\/\/www.celttv.com.ar\/index.php\/wp-json\/wp\/v2\/types\/post"}],"author":[{"embeddable":true,"href":"https:\/\/www.celttv.com.ar\/index.php\/wp-json\/wp\/v2\/users\/1"}],"replies":[{"embeddable":true,"href":"https:\/\/www.celttv.com.ar\/index.php\/wp-json\/wp\/v2\/comments?post=16245"}],"version-history":[{"count":0,"href":"https:\/\/www.celttv.com.ar\/index.php\/wp-json\/wp\/v2\/posts\/16245\/revisions"}],"wp:attachment":[{"href":"https:\/\/www.celttv.com.ar\/index.php\/wp-json\/wp\/v2\/media?parent=16245"}],"wp:term":[{"taxonomy":"category","embeddable":true,"href":"https:\/\/www.celttv.com.ar\/index.php\/wp-json\/wp\/v2\/categories?post=16245"},{"taxonomy":"post_tag","embeddable":true,"href":"https:\/\/www.celttv.com.ar\/index.php\/wp-json\/wp\/v2\/tags?post=16245"}],"curies":[{"name":"wp","href":"https:\/\/api.w.org\/{rel}","templated":true}]}}