{"id":16263,"date":"2013-12-05T19:01:53","date_gmt":"2013-12-05T19:01:53","guid":{"rendered":"http:\/\/www.tvcnoticias.com.ar\/?p=16263"},"modified":"2013-12-05T19:01:53","modified_gmt":"2013-12-05T19:01:53","slug":"se-realizo-en-tornquist-la-reunion-regional-de-camaras-edheridas-a-f-e-b-a","status":"publish","type":"post","link":"https:\/\/www.celttv.com.ar\/index.php\/2013\/12\/05\/se-realizo-en-tornquist-la-reunion-regional-de-camaras-edheridas-a-f-e-b-a\/","title":{"rendered":"SE REALIZO EN TORNQUIST LA REUNION REGIONAL DE CAMARAS ADHERIDAS A F.E.B.A."},"content":{"rendered":"<p>En instalaciones de la Cooperativa El\u00e9ctrica Ltda. de Tornquist se realiz\u00f3 el pasado mi\u00e9rcoles una reuni\u00f3n regional de C\u00e1maras adheridas a la Federaci\u00f3n Econ\u00f3mica de la Provincia de Buenos Aires (F.E.B.A.) donde tuvieron tratamiento diversos temas de inter\u00e9s y preocupaci\u00f3n regional.\u00a0 \u00a0 En representaci\u00f3n de F.E.B.A. estuvieron presentes el Vice Presidente 1\u00ba Juan Carlos Uboldi y el Vice Presidente 4\u00ba Carlos Cappelletti, acompa\u00f1ados en la mesa de cabecera por el titular de la C\u00e1mara local Carlos Quiroz.\u00a0 \u00a0 Diversas inquietudes fueron analizadas en el marco de la mencionada reuni\u00f3n relacionadas con la instalaci\u00f3n y el funcionamientos de Parques Industriales, la Ley 14369 que permite a los municipios elaborar las ordenanzas para reglamentar y\/o readecuar la instalaci\u00f3n de las denominadas \u201cSaladitas\u201d.\u00a0 Tambi\u00e9n se habl\u00f3 de los centros comerciales a cielo abierto y las ferias multipunto.\u00a0 \u00a0En materia de seguridad se convers\u00f3 sobre la posible inplementaci\u00f3n en las distintas localidades del sistema \u201cAlerta Comercio\u201d que consiste en un bot\u00f3n antip\u00e1nico \u00a0conectado a los centros de monitoreo de cada localidad.\u00a0 \u00a0 Se habl\u00f3 tambi\u00e9n sobre l\u00edneas de cr\u00e9ditos a trav\u00e9s del Banco Santander dirigidas al sector comercial.\u00a0 \u00a0Una de las definiciones adoptadas en esta reuni\u00f3n tuvo que ver con la gesti\u00f3n de FEBA. respecto del aumento del porcentaje a distribuir por C.A.M.E. entre las C\u00e1maras, llev\u00e1ndolo el 50% vigente actualmente al 60% comprometido oportunamente por el actual presidente de esa entidad nacional.<br \/>\nRONDA DE NEGOCIOS\u00a0 \u00a0Otra de las resoluciones adoptadas tuvo que ver con el apoyo a trav\u00e9s de FEBA. y las C\u00e1maras de la regi\u00f3n a la Ronda de Negocios Regional a desarrollarse en mayo del pr\u00f3ximo a\u00f1o en la localidad de Coronel Suarez, la que en el futuro tendr\u00e1 car\u00e1cter rotativo.<br \/>\nOBRA DE GAS NATURAL\u00a0 \u00a0Se resolvi\u00f3 solicitar y acompa\u00f1ar a FEBA. en \u00a0las gestiones para la ejecuci\u00f3n del gasoducto faltante que afecta a la regi\u00f3n. Varios de los parques industriales existentes, como el Coronel Pringles, Coronel Suarez y Puan, carecen de dicho servicio, lo que impide la radicaci\u00f3n de futuras industrias.<br \/>\nLEY 13.647 DESARROLLO DEL SUDOESTE\u00a0 \u00a0En la reuni\u00f3n de Tornquist se resolvi\u00f3 gestionar ante las autoridades pol\u00edticas de la provincia, la ratificaci\u00f3n de la decisi\u00f3n pol\u00edtica de la puesta en vigencia de dicha norma con el compromiso presupuestario correspondiente.<br \/>\nLEY 10.390\/86 DE EMERGENCIA AGROPECUARIA Y SU DECRETO REGLAMENTARIO\u00a0 Se decidi\u00f3 gestionar ante el gobierno provincial la inclusi\u00f3n del Comercio y la industria a la mencionada normativa provincial.<br \/>\nCAMARAS PRESENTES EN TORNQUIST\u00a0 \u00a0Estuvieron representadas en la reuni\u00f3n de Tornquist las C\u00e1maras de Comercio, Industria y Turismo E. Tornquist, Centro Comercial Huanguel\u00e9n, C\u00e1mara de Comercio de Laprida, C\u00e1mara de Comercio de Puan, Asociaci\u00f3n de Comercio e Industria Coronel Pringles, Corporaci\u00f3n de Comercio, Industria y Servicios de Bah\u00eda Blanca, C\u00e1mara de Comercio de Casbas, Uni\u00f3n de Comercio de Punta Alta, C\u00e1mara de Comercio e Industria de Coronel Suarez, Asociaci\u00f3n de Comercio de Monte Hermoso, C\u00e1mara Comercio de Saavedra y C\u00e1mara de Comercio de Pigu\u00e9.<br \/>\n<a rel=\"attachment wp-att-16271\" href=\"http:\/\/www.tvcnoticias.com.ar\/?attachment_id=16271\"><img loading=\"lazy\" decoding=\"async\" class=\"aligncenter size-full wp-image-16271\" title=\"DSC01604 (Small)\" src=\"http:\/\/www.tvcnoticias.com.ar\/wp-content\/uploads\/2013\/12\/DSC01604-Small.jpg\" alt=\"\" width=\"640\" height=\"480\" \/><\/a><\/p>\n","protected":false},"excerpt":{"rendered":"<p>En instalaciones de la Cooperativa El\u00e9ctrica Ltda. de Tornquist se realiz\u00f3 el pasado mi\u00e9rcoles una reuni\u00f3n regional de C\u00e1maras adheridas a la Federaci\u00f3n Econ\u00f3mica de la Provincia de Buenos Aires (F.E.B.A.) donde tuvieron tratamiento diversos temas de inter\u00e9s y preocupaci\u00f3n regional.\u00a0 \u00a0 En representaci\u00f3n de F.E.B.A. estuvieron presentes el Vice Presidente 1\u00ba Juan Carlos Uboldi [&hellip;]<\/p>\n","protected":false},"author":1,"featured_media":0,"comment_status":"closed","ping_status":"open","sticky":false,"template":"","format":"standard","meta":{"footnotes":""},"categories":[51,52],"tags":[],"class_list":["post-16263","post","type-post","status-publish","format-standard","hentry","category-comunidad","category-destacadas"],"yoast_head":"<!-- This site is optimized with the Yoast SEO plugin v19.7.1 - https:\/\/yoast.com\/wordpress\/plugins\/seo\/ -->\n<title>SE REALIZO EN TORNQUIST LA REUNION REGIONAL DE CAMARAS ADHERIDAS A F.E.B.A. - CELTTV<\/title>\n<meta name=\"description\" content=\"Sitio web de noticias de la localidad de Tornquist, provincia de Buenos Aires, Rep\u00fablica Argentina. Contenido propio originado por periodistas de CELTTV, el canal de TV local de la Cooperativa El\u00e9ctrica de Tornquist. Turismo, Pol\u00edtica, Sociedad, Deporte, Cultura y todo el contenido de inter\u00e9s general que la gente del pueblo y la regi\u00f3n debe conocer.\" \/>\n<meta name=\"robots\" content=\"index, follow, max-snippet:-1, max-image-preview:large, max-video-preview:-1\" \/>\n<link rel=\"canonical\" href=\"https:\/\/www.celttv.com.ar\/index.php\/2013\/12\/05\/se-realizo-en-tornquist-la-reunion-regional-de-camaras-edheridas-a-f-e-b-a\/\" \/>\n<meta property=\"og:locale\" content=\"es_ES\" \/>\n<meta property=\"og:type\" content=\"article\" \/>\n<meta property=\"og:title\" content=\"SE REALIZO EN TORNQUIST LA REUNION REGIONAL DE CAMARAS ADHERIDAS A F.E.B.A. - CELTTV\" \/>\n<meta property=\"og:description\" content=\"Sitio web de noticias de la localidad de Tornquist, provincia de Buenos Aires, Rep\u00fablica Argentina. Contenido propio originado por periodistas de CELTTV, el canal de TV local de la Cooperativa El\u00e9ctrica de Tornquist. Turismo, Pol\u00edtica, Sociedad, Deporte, Cultura y todo el contenido de inter\u00e9s general que la gente del pueblo y la regi\u00f3n debe conocer.\" \/>\n<meta property=\"og:url\" content=\"https:\/\/www.celttv.com.ar\/index.php\/2013\/12\/05\/se-realizo-en-tornquist-la-reunion-regional-de-camaras-edheridas-a-f-e-b-a\/\" \/>\n<meta property=\"og:site_name\" content=\"CELTTV\" \/>\n<meta property=\"article:publisher\" content=\"https:\/\/www.facebook.com\/celtTV\/\" \/>\n<meta property=\"article:published_time\" content=\"2013-12-05T19:01:53+00:00\" \/>\n<meta property=\"og:image\" content=\"http:\/\/www.tvcnoticias.com.ar\/wp-content\/uploads\/2013\/12\/DSC01604-Small.jpg\" \/>\n<meta name=\"author\" content=\"ulises\" \/>\n<meta name=\"twitter:card\" content=\"summary_large_image\" \/>\n<meta name=\"twitter:label1\" content=\"Escrito por\" \/>\n\t<meta name=\"twitter:data1\" content=\"ulises\" \/>\n\t<meta name=\"twitter:label2\" content=\"Tiempo de lectura\" \/>\n\t<meta name=\"twitter:data2\" content=\"3 minutos\" \/>\n<script type=\"application\/ld+json\" class=\"yoast-schema-graph\">{\"@context\":\"https:\/\/schema.org\",\"@graph\":[{\"@type\":\"NewsArticle\",\"@id\":\"https:\/\/www.celttv.com.ar\/index.php\/2013\/12\/05\/se-realizo-en-tornquist-la-reunion-regional-de-camaras-edheridas-a-f-e-b-a\/#article\",\"isPartOf\":{\"@id\":\"https:\/\/www.celttv.com.ar\/index.php\/2013\/12\/05\/se-realizo-en-tornquist-la-reunion-regional-de-camaras-edheridas-a-f-e-b-a\/\"},\"author\":{\"name\":\"ulises\",\"@id\":\"https:\/\/www.celttv.com.ar\/#\/schema\/person\/6d99c072dba59953809c81446e9d0ace\"},\"headline\":\"SE REALIZO EN TORNQUIST LA REUNION REGIONAL DE CAMARAS ADHERIDAS A F.E.B.A.\",\"datePublished\":\"2013-12-05T19:01:53+00:00\",\"dateModified\":\"2013-12-05T19:01:53+00:00\",\"mainEntityOfPage\":{\"@id\":\"https:\/\/www.celttv.com.ar\/index.php\/2013\/12\/05\/se-realizo-en-tornquist-la-reunion-regional-de-camaras-edheridas-a-f-e-b-a\/\"},\"wordCount\":553,\"publisher\":{\"@id\":\"https:\/\/www.celttv.com.ar\/#organization\"},\"articleSection\":[\"Comunidad\",\"Destacadas\"],\"inLanguage\":\"es\"},{\"@type\":\"WebPage\",\"@id\":\"https:\/\/www.celttv.com.ar\/index.php\/2013\/12\/05\/se-realizo-en-tornquist-la-reunion-regional-de-camaras-edheridas-a-f-e-b-a\/\",\"url\":\"https:\/\/www.celttv.com.ar\/index.php\/2013\/12\/05\/se-realizo-en-tornquist-la-reunion-regional-de-camaras-edheridas-a-f-e-b-a\/\",\"name\":\"SE REALIZO EN TORNQUIST LA REUNION REGIONAL DE CAMARAS ADHERIDAS A F.E.B.A. - CELTTV\",\"isPartOf\":{\"@id\":\"https:\/\/www.celttv.com.ar\/#website\"},\"datePublished\":\"2013-12-05T19:01:53+00:00\",\"dateModified\":\"2013-12-05T19:01:53+00:00\",\"description\":\"Sitio web de noticias de la localidad de Tornquist, provincia de Buenos Aires, Rep\u00fablica Argentina. Contenido propio originado por periodistas de CELTTV, el canal de TV local de la Cooperativa El\u00e9ctrica de Tornquist. Turismo, Pol\u00edtica, Sociedad, Deporte, Cultura y todo el contenido de inter\u00e9s general que la gente del pueblo y la regi\u00f3n debe conocer.\",\"breadcrumb\":{\"@id\":\"https:\/\/www.celttv.com.ar\/index.php\/2013\/12\/05\/se-realizo-en-tornquist-la-reunion-regional-de-camaras-edheridas-a-f-e-b-a\/#breadcrumb\"},\"inLanguage\":\"es\",\"potentialAction\":[{\"@type\":\"ReadAction\",\"target\":[\"https:\/\/www.celttv.com.ar\/index.php\/2013\/12\/05\/se-realizo-en-tornquist-la-reunion-regional-de-camaras-edheridas-a-f-e-b-a\/\"]}]},{\"@type\":\"BreadcrumbList\",\"@id\":\"https:\/\/www.celttv.com.ar\/index.php\/2013\/12\/05\/se-realizo-en-tornquist-la-reunion-regional-de-camaras-edheridas-a-f-e-b-a\/#breadcrumb\",\"itemListElement\":[{\"@type\":\"ListItem\",\"position\":1,\"name\":\"Inicio\",\"item\":\"https:\/\/www.celttv.com.ar\/\"},{\"@type\":\"ListItem\",\"position\":2,\"name\":\"SE REALIZO EN TORNQUIST LA REUNION REGIONAL DE CAMARAS ADHERIDAS A F.E.B.A.\"}]},{\"@type\":\"WebSite\",\"@id\":\"https:\/\/www.celttv.com.ar\/#website\",\"url\":\"https:\/\/www.celttv.com.ar\/\",\"name\":\"CELTTV\",\"description\":\"Cooperativa El\u00e9ctrica de Tornquist\",\"publisher\":{\"@id\":\"https:\/\/www.celttv.com.ar\/#organization\"},\"potentialAction\":[{\"@type\":\"SearchAction\",\"target\":{\"@type\":\"EntryPoint\",\"urlTemplate\":\"https:\/\/www.celttv.com.ar\/?s={search_term_string}\"},\"query-input\":\"required name=search_term_string\"}],\"inLanguage\":\"es\"},{\"@type\":\"Organization\",\"@id\":\"https:\/\/www.celttv.com.ar\/#organization\",\"name\":\"CELTTV\",\"url\":\"https:\/\/www.celttv.com.ar\/\",\"sameAs\":[\"https:\/\/www.youtube.com\/channel\/UCz_oIt8Hig64Ub-EmcNPIhg\",\"https:\/\/www.facebook.com\/celtTV\/\"],\"logo\":{\"@type\":\"ImageObject\",\"inLanguage\":\"es\",\"@id\":\"https:\/\/www.celttv.com.ar\/#\/schema\/logo\/image\/\",\"url\":\"http:\/\/www.celttv.com.ar\/wp-content\/uploads\/2022\/08\/logo-1.png\",\"contentUrl\":\"http:\/\/www.celttv.com.ar\/wp-content\/uploads\/2022\/08\/logo-1.png\",\"width\":461,\"height\":159,\"caption\":\"CELTTV\"},\"image\":{\"@id\":\"https:\/\/www.celttv.com.ar\/#\/schema\/logo\/image\/\"}},{\"@type\":\"Person\",\"@id\":\"https:\/\/www.celttv.com.ar\/#\/schema\/person\/6d99c072dba59953809c81446e9d0ace\",\"name\":\"ulises\",\"image\":{\"@type\":\"ImageObject\",\"inLanguage\":\"es\",\"@id\":\"https:\/\/www.celttv.com.ar\/#\/schema\/person\/image\/\",\"url\":\"https:\/\/secure.gravatar.com\/avatar\/7f2c48bdc33b30088f941fb6082e555f2874c98e20cb159d7b92b50eadfce793?s=96&d=mm&r=g\",\"contentUrl\":\"https:\/\/secure.gravatar.com\/avatar\/7f2c48bdc33b30088f941fb6082e555f2874c98e20cb159d7b92b50eadfce793?s=96&d=mm&r=g\",\"caption\":\"ulises\"},\"sameAs\":[\"http:\/\/www.celttv.com.ar\"]}]}<\/script>\n<!-- \/ Yoast SEO plugin. -->","yoast_head_json":{"title":"SE REALIZO EN TORNQUIST LA REUNION REGIONAL DE CAMARAS ADHERIDAS A F.E.B.A. - CELTTV","description":"Sitio web de noticias de la localidad de Tornquist, provincia de Buenos Aires, Rep\u00fablica Argentina. Contenido propio originado por periodistas de CELTTV, el canal de TV local de la Cooperativa El\u00e9ctrica de Tornquist. Turismo, Pol\u00edtica, Sociedad, Deporte, Cultura y todo el contenido de inter\u00e9s general que la gente del pueblo y la regi\u00f3n debe conocer.","robots":{"index":"index","follow":"follow","max-snippet":"max-snippet:-1","max-image-preview":"max-image-preview:large","max-video-preview":"max-video-preview:-1"},"canonical":"https:\/\/www.celttv.com.ar\/index.php\/2013\/12\/05\/se-realizo-en-tornquist-la-reunion-regional-de-camaras-edheridas-a-f-e-b-a\/","og_locale":"es_ES","og_type":"article","og_title":"SE REALIZO EN TORNQUIST LA REUNION REGIONAL DE CAMARAS ADHERIDAS A F.E.B.A. - CELTTV","og_description":"Sitio web de noticias de la localidad de Tornquist, provincia de Buenos Aires, Rep\u00fablica Argentina. Contenido propio originado por periodistas de CELTTV, el canal de TV local de la Cooperativa El\u00e9ctrica de Tornquist. Turismo, Pol\u00edtica, Sociedad, Deporte, Cultura y todo el contenido de inter\u00e9s general que la gente del pueblo y la regi\u00f3n debe conocer.","og_url":"https:\/\/www.celttv.com.ar\/index.php\/2013\/12\/05\/se-realizo-en-tornquist-la-reunion-regional-de-camaras-edheridas-a-f-e-b-a\/","og_site_name":"CELTTV","article_publisher":"https:\/\/www.facebook.com\/celtTV\/","article_published_time":"2013-12-05T19:01:53+00:00","og_image":[{"url":"http:\/\/www.tvcnoticias.com.ar\/wp-content\/uploads\/2013\/12\/DSC01604-Small.jpg"}],"author":"ulises","twitter_card":"summary_large_image","twitter_misc":{"Escrito por":"ulises","Tiempo de lectura":"3 minutos"},"schema":{"@context":"https:\/\/schema.org","@graph":[{"@type":"NewsArticle","@id":"https:\/\/www.celttv.com.ar\/index.php\/2013\/12\/05\/se-realizo-en-tornquist-la-reunion-regional-de-camaras-edheridas-a-f-e-b-a\/#article","isPartOf":{"@id":"https:\/\/www.celttv.com.ar\/index.php\/2013\/12\/05\/se-realizo-en-tornquist-la-reunion-regional-de-camaras-edheridas-a-f-e-b-a\/"},"author":{"name":"ulises","@id":"https:\/\/www.celttv.com.ar\/#\/schema\/person\/6d99c072dba59953809c81446e9d0ace"},"headline":"SE REALIZO EN TORNQUIST LA REUNION REGIONAL DE CAMARAS ADHERIDAS A F.E.B.A.","datePublished":"2013-12-05T19:01:53+00:00","dateModified":"2013-12-05T19:01:53+00:00","mainEntityOfPage":{"@id":"https:\/\/www.celttv.com.ar\/index.php\/2013\/12\/05\/se-realizo-en-tornquist-la-reunion-regional-de-camaras-edheridas-a-f-e-b-a\/"},"wordCount":553,"publisher":{"@id":"https:\/\/www.celttv.com.ar\/#organization"},"articleSection":["Comunidad","Destacadas"],"inLanguage":"es"},{"@type":"WebPage","@id":"https:\/\/www.celttv.com.ar\/index.php\/2013\/12\/05\/se-realizo-en-tornquist-la-reunion-regional-de-camaras-edheridas-a-f-e-b-a\/","url":"https:\/\/www.celttv.com.ar\/index.php\/2013\/12\/05\/se-realizo-en-tornquist-la-reunion-regional-de-camaras-edheridas-a-f-e-b-a\/","name":"SE REALIZO EN TORNQUIST LA REUNION REGIONAL DE CAMARAS ADHERIDAS A F.E.B.A. - CELTTV","isPartOf":{"@id":"https:\/\/www.celttv.com.ar\/#website"},"datePublished":"2013-12-05T19:01:53+00:00","dateModified":"2013-12-05T19:01:53+00:00","description":"Sitio web de noticias de la localidad de Tornquist, provincia de Buenos Aires, Rep\u00fablica Argentina. Contenido propio originado por periodistas de CELTTV, el canal de TV local de la Cooperativa El\u00e9ctrica de Tornquist. Turismo, Pol\u00edtica, Sociedad, Deporte, Cultura y todo el contenido de inter\u00e9s general que la gente del pueblo y la regi\u00f3n debe conocer.","breadcrumb":{"@id":"https:\/\/www.celttv.com.ar\/index.php\/2013\/12\/05\/se-realizo-en-tornquist-la-reunion-regional-de-camaras-edheridas-a-f-e-b-a\/#breadcrumb"},"inLanguage":"es","potentialAction":[{"@type":"ReadAction","target":["https:\/\/www.celttv.com.ar\/index.php\/2013\/12\/05\/se-realizo-en-tornquist-la-reunion-regional-de-camaras-edheridas-a-f-e-b-a\/"]}]},{"@type":"BreadcrumbList","@id":"https:\/\/www.celttv.com.ar\/index.php\/2013\/12\/05\/se-realizo-en-tornquist-la-reunion-regional-de-camaras-edheridas-a-f-e-b-a\/#breadcrumb","itemListElement":[{"@type":"ListItem","position":1,"name":"Inicio","item":"https:\/\/www.celttv.com.ar\/"},{"@type":"ListItem","position":2,"name":"SE REALIZO EN TORNQUIST LA REUNION REGIONAL DE CAMARAS ADHERIDAS A F.E.B.A."}]},{"@type":"WebSite","@id":"https:\/\/www.celttv.com.ar\/#website","url":"https:\/\/www.celttv.com.ar\/","name":"CELTTV","description":"Cooperativa El\u00e9ctrica de Tornquist","publisher":{"@id":"https:\/\/www.celttv.com.ar\/#organization"},"potentialAction":[{"@type":"SearchAction","target":{"@type":"EntryPoint","urlTemplate":"https:\/\/www.celttv.com.ar\/?s={search_term_string}"},"query-input":"required name=search_term_string"}],"inLanguage":"es"},{"@type":"Organization","@id":"https:\/\/www.celttv.com.ar\/#organization","name":"CELTTV","url":"https:\/\/www.celttv.com.ar\/","sameAs":["https:\/\/www.youtube.com\/channel\/UCz_oIt8Hig64Ub-EmcNPIhg","https:\/\/www.facebook.com\/celtTV\/"],"logo":{"@type":"ImageObject","inLanguage":"es","@id":"https:\/\/www.celttv.com.ar\/#\/schema\/logo\/image\/","url":"http:\/\/www.celttv.com.ar\/wp-content\/uploads\/2022\/08\/logo-1.png","contentUrl":"http:\/\/www.celttv.com.ar\/wp-content\/uploads\/2022\/08\/logo-1.png","width":461,"height":159,"caption":"CELTTV"},"image":{"@id":"https:\/\/www.celttv.com.ar\/#\/schema\/logo\/image\/"}},{"@type":"Person","@id":"https:\/\/www.celttv.com.ar\/#\/schema\/person\/6d99c072dba59953809c81446e9d0ace","name":"ulises","image":{"@type":"ImageObject","inLanguage":"es","@id":"https:\/\/www.celttv.com.ar\/#\/schema\/person\/image\/","url":"https:\/\/secure.gravatar.com\/avatar\/7f2c48bdc33b30088f941fb6082e555f2874c98e20cb159d7b92b50eadfce793?s=96&d=mm&r=g","contentUrl":"https:\/\/secure.gravatar.com\/avatar\/7f2c48bdc33b30088f941fb6082e555f2874c98e20cb159d7b92b50eadfce793?s=96&d=mm&r=g","caption":"ulises"},"sameAs":["http:\/\/www.celttv.com.ar"]}]}},"_links":{"self":[{"href":"https:\/\/www.celttv.com.ar\/index.php\/wp-json\/wp\/v2\/posts\/16263","targetHints":{"allow":["GET"]}}],"collection":[{"href":"https:\/\/www.celttv.com.ar\/index.php\/wp-json\/wp\/v2\/posts"}],"about":[{"href":"https:\/\/www.celttv.com.ar\/index.php\/wp-json\/wp\/v2\/types\/post"}],"author":[{"embeddable":true,"href":"https:\/\/www.celttv.com.ar\/index.php\/wp-json\/wp\/v2\/users\/1"}],"replies":[{"embeddable":true,"href":"https:\/\/www.celttv.com.ar\/index.php\/wp-json\/wp\/v2\/comments?post=16263"}],"version-history":[{"count":0,"href":"https:\/\/www.celttv.com.ar\/index.php\/wp-json\/wp\/v2\/posts\/16263\/revisions"}],"wp:attachment":[{"href":"https:\/\/www.celttv.com.ar\/index.php\/wp-json\/wp\/v2\/media?parent=16263"}],"wp:term":[{"taxonomy":"category","embeddable":true,"href":"https:\/\/www.celttv.com.ar\/index.php\/wp-json\/wp\/v2\/categories?post=16263"},{"taxonomy":"post_tag","embeddable":true,"href":"https:\/\/www.celttv.com.ar\/index.php\/wp-json\/wp\/v2\/tags?post=16263"}],"curies":[{"name":"wp","href":"https:\/\/api.w.org\/{rel}","templated":true}]}}