{"id":16345,"date":"2013-12-11T01:11:52","date_gmt":"2013-12-11T01:11:52","guid":{"rendered":"http:\/\/www.tvcnoticias.com.ar\/?p=16345"},"modified":"2013-12-11T01:11:52","modified_gmt":"2013-12-11T01:11:52","slug":"automoto-vencio-a-tiro-federal-y-es-finalista-del-clausura-compacto-notas-y-festejos","status":"publish","type":"post","link":"https:\/\/www.celttv.com.ar\/index.php\/2013\/12\/11\/automoto-vencio-a-tiro-federal-y-es-finalista-del-clausura-compacto-notas-y-festejos\/","title":{"rendered":"AUTOMOTO VENCIO A TIRO FEDERAL Y ES FINALISTA DEL CLAUSURA (compacto, notas y festejos)"},"content":{"rendered":"<p><a href=\"https:\/\/www.youtube.com\/watch?v=5YA2pc2958Q\"><a href=\"https:\/\/www.youtube.com\/watch?v=5YA2pc2958Q\">httpv:\/\/www.youtube.com\/watch?v=5YA2pc2958Q<\/a><\/a><br \/>\n<a href=\"https:\/\/www.youtube.com\/watch?v=UbyoYo-Q-6o\"><a href=\"https:\/\/www.youtube.com\/watch?v=UbyoYo-Q-6o\">httpv:\/\/www.youtube.com\/watch?v=UbyoYo-Q-6o<\/a><\/a><br \/>\n<a href=\"https:\/\/www.youtube.com\/watch?v=JIlyfSJKlaY\"><a href=\"https:\/\/www.youtube.com\/watch?v=JIlyfSJKlaY\">httpv:\/\/www.youtube.com\/watch?v=JIlyfSJKlaY<\/a><\/a><br \/>\nGracias al gol convertido por el bahiense Hern\u00e1n Rosell a los 48 minutos del segundo tiempo, Automoto se meti\u00f3 por primera vez en la historia en una final de la Liga Regional de F\u00fatbol.<br \/>\nEl partido, que termin\u00f3 1 a 0 a favor del elenco de Tornquist, se jug\u00f3 esta tarde en el estadio Ruben Segui de Boca Juniors ante Tiro Federal de Puan que hizo las veces de local.<br \/>\nEn la otra semifinal, Pe\u00f1arol igual\u00f3 1 a 1 en los 90 reglamentarios ante Deportivo Argentino. Dami\u00e1n Weisbeck pon\u00eda en ventaja a &#8220;Pe\u00f1a&#8221; pero a los 47 minutos del complemento Nicol\u00e1s Cabral dejaba en tablas el encuentro mediante tiro penal. En la definici\u00f3n desde los doce pasos fue victoria azulgrana por 5 a 4.<br \/>\nEl pr\u00f3ximo domingo, en escenario a confirmar, se jugar\u00e1 la final del Torneo Clausura entre Automoto y Pe\u00f1arol de Pig\u00fc\u00e9.<br \/>\n&nbsp;<\/p>\n","protected":false},"excerpt":{"rendered":"<p>httpv:\/\/www.youtube.com\/watch?v=5YA2pc2958Q httpv:\/\/www.youtube.com\/watch?v=UbyoYo-Q-6o httpv:\/\/www.youtube.com\/watch?v=JIlyfSJKlaY Gracias al gol convertido por el bahiense Hern\u00e1n Rosell a los 48 minutos del segundo tiempo, Automoto se meti\u00f3 por primera vez en la historia en una final de la Liga Regional de F\u00fatbol. El partido, que termin\u00f3 1 a 0 a favor del elenco de Tornquist, se jug\u00f3 esta tarde en [&hellip;]<\/p>\n","protected":false},"author":1,"featured_media":0,"comment_status":"closed","ping_status":"open","sticky":false,"template":"","format":"standard","meta":{"footnotes":""},"categories":[60,52,64],"tags":[],"class_list":["post-16345","post","type-post","status-publish","format-standard","hentry","category-deporte","category-destacadas","category-videos-destacados"],"yoast_head":"<!-- This site is optimized with the Yoast SEO plugin v19.7.1 - https:\/\/yoast.com\/wordpress\/plugins\/seo\/ -->\n<title>AUTOMOTO VENCIO A TIRO FEDERAL Y ES FINALISTA DEL CLAUSURA (compacto, notas y festejos) - CELTTV<\/title>\n<meta name=\"description\" content=\"Sitio web de noticias de la localidad de Tornquist, provincia de Buenos Aires, Rep\u00fablica Argentina. Contenido propio originado por periodistas de CELTTV, el canal de TV local de la Cooperativa El\u00e9ctrica de Tornquist. Turismo, Pol\u00edtica, Sociedad, Deporte, Cultura y todo el contenido de inter\u00e9s general que la gente del pueblo y la regi\u00f3n debe conocer.\" \/>\n<meta name=\"robots\" content=\"index, follow, max-snippet:-1, max-image-preview:large, max-video-preview:-1\" \/>\n<link rel=\"canonical\" href=\"https:\/\/www.celttv.com.ar\/index.php\/2013\/12\/11\/automoto-vencio-a-tiro-federal-y-es-finalista-del-clausura-compacto-notas-y-festejos\/\" \/>\n<meta property=\"og:locale\" content=\"es_ES\" \/>\n<meta property=\"og:type\" content=\"article\" \/>\n<meta property=\"og:title\" content=\"AUTOMOTO VENCIO A TIRO FEDERAL Y ES FINALISTA DEL CLAUSURA (compacto, notas y festejos) - CELTTV\" \/>\n<meta property=\"og:description\" content=\"Sitio web de noticias de la localidad de Tornquist, provincia de Buenos Aires, Rep\u00fablica Argentina. Contenido propio originado por periodistas de CELTTV, el canal de TV local de la Cooperativa El\u00e9ctrica de Tornquist. Turismo, Pol\u00edtica, Sociedad, Deporte, Cultura y todo el contenido de inter\u00e9s general que la gente del pueblo y la regi\u00f3n debe conocer.\" \/>\n<meta property=\"og:url\" content=\"https:\/\/www.celttv.com.ar\/index.php\/2013\/12\/11\/automoto-vencio-a-tiro-federal-y-es-finalista-del-clausura-compacto-notas-y-festejos\/\" \/>\n<meta property=\"og:site_name\" content=\"CELTTV\" \/>\n<meta property=\"article:publisher\" content=\"https:\/\/www.facebook.com\/celtTV\/\" \/>\n<meta property=\"article:published_time\" content=\"2013-12-11T01:11:52+00:00\" \/>\n<meta name=\"author\" content=\"ulises\" \/>\n<meta name=\"twitter:card\" content=\"summary_large_image\" \/>\n<meta name=\"twitter:label1\" content=\"Escrito por\" \/>\n\t<meta name=\"twitter:data1\" content=\"ulises\" \/>\n\t<meta name=\"twitter:label2\" content=\"Tiempo de lectura\" \/>\n\t<meta name=\"twitter:data2\" content=\"1 minuto\" \/>\n<script type=\"application\/ld+json\" class=\"yoast-schema-graph\">{\"@context\":\"https:\/\/schema.org\",\"@graph\":[{\"@type\":\"NewsArticle\",\"@id\":\"https:\/\/www.celttv.com.ar\/index.php\/2013\/12\/11\/automoto-vencio-a-tiro-federal-y-es-finalista-del-clausura-compacto-notas-y-festejos\/#article\",\"isPartOf\":{\"@id\":\"https:\/\/www.celttv.com.ar\/index.php\/2013\/12\/11\/automoto-vencio-a-tiro-federal-y-es-finalista-del-clausura-compacto-notas-y-festejos\/\"},\"author\":{\"name\":\"ulises\",\"@id\":\"https:\/\/www.celttv.com.ar\/#\/schema\/person\/6d99c072dba59953809c81446e9d0ace\"},\"headline\":\"AUTOMOTO VENCIO A TIRO FEDERAL Y ES FINALISTA DEL CLAUSURA (compacto, notas y festejos)\",\"datePublished\":\"2013-12-11T01:11:52+00:00\",\"dateModified\":\"2013-12-11T01:11:52+00:00\",\"mainEntityOfPage\":{\"@id\":\"https:\/\/www.celttv.com.ar\/index.php\/2013\/12\/11\/automoto-vencio-a-tiro-federal-y-es-finalista-del-clausura-compacto-notas-y-festejos\/\"},\"wordCount\":184,\"publisher\":{\"@id\":\"https:\/\/www.celttv.com.ar\/#organization\"},\"articleSection\":[\"Deporte\",\"Destacadas\",\"Videos Destacados\"],\"inLanguage\":\"es\"},{\"@type\":\"WebPage\",\"@id\":\"https:\/\/www.celttv.com.ar\/index.php\/2013\/12\/11\/automoto-vencio-a-tiro-federal-y-es-finalista-del-clausura-compacto-notas-y-festejos\/\",\"url\":\"https:\/\/www.celttv.com.ar\/index.php\/2013\/12\/11\/automoto-vencio-a-tiro-federal-y-es-finalista-del-clausura-compacto-notas-y-festejos\/\",\"name\":\"AUTOMOTO VENCIO A TIRO FEDERAL Y ES FINALISTA DEL CLAUSURA (compacto, notas y festejos) - CELTTV\",\"isPartOf\":{\"@id\":\"https:\/\/www.celttv.com.ar\/#website\"},\"datePublished\":\"2013-12-11T01:11:52+00:00\",\"dateModified\":\"2013-12-11T01:11:52+00:00\",\"description\":\"Sitio web de noticias de la localidad de Tornquist, provincia de Buenos Aires, Rep\u00fablica Argentina. Contenido propio originado por periodistas de CELTTV, el canal de TV local de la Cooperativa El\u00e9ctrica de Tornquist. Turismo, Pol\u00edtica, Sociedad, Deporte, Cultura y todo el contenido de inter\u00e9s general que la gente del pueblo y la regi\u00f3n debe conocer.\",\"breadcrumb\":{\"@id\":\"https:\/\/www.celttv.com.ar\/index.php\/2013\/12\/11\/automoto-vencio-a-tiro-federal-y-es-finalista-del-clausura-compacto-notas-y-festejos\/#breadcrumb\"},\"inLanguage\":\"es\",\"potentialAction\":[{\"@type\":\"ReadAction\",\"target\":[\"https:\/\/www.celttv.com.ar\/index.php\/2013\/12\/11\/automoto-vencio-a-tiro-federal-y-es-finalista-del-clausura-compacto-notas-y-festejos\/\"]}]},{\"@type\":\"BreadcrumbList\",\"@id\":\"https:\/\/www.celttv.com.ar\/index.php\/2013\/12\/11\/automoto-vencio-a-tiro-federal-y-es-finalista-del-clausura-compacto-notas-y-festejos\/#breadcrumb\",\"itemListElement\":[{\"@type\":\"ListItem\",\"position\":1,\"name\":\"Inicio\",\"item\":\"https:\/\/www.celttv.com.ar\/\"},{\"@type\":\"ListItem\",\"position\":2,\"name\":\"AUTOMOTO VENCIO A TIRO FEDERAL Y ES FINALISTA DEL CLAUSURA (compacto, notas y festejos)\"}]},{\"@type\":\"WebSite\",\"@id\":\"https:\/\/www.celttv.com.ar\/#website\",\"url\":\"https:\/\/www.celttv.com.ar\/\",\"name\":\"CELTTV\",\"description\":\"Cooperativa El\u00e9ctrica de Tornquist\",\"publisher\":{\"@id\":\"https:\/\/www.celttv.com.ar\/#organization\"},\"potentialAction\":[{\"@type\":\"SearchAction\",\"target\":{\"@type\":\"EntryPoint\",\"urlTemplate\":\"https:\/\/www.celttv.com.ar\/?s={search_term_string}\"},\"query-input\":\"required name=search_term_string\"}],\"inLanguage\":\"es\"},{\"@type\":\"Organization\",\"@id\":\"https:\/\/www.celttv.com.ar\/#organization\",\"name\":\"CELTTV\",\"url\":\"https:\/\/www.celttv.com.ar\/\",\"sameAs\":[\"https:\/\/www.youtube.com\/channel\/UCz_oIt8Hig64Ub-EmcNPIhg\",\"https:\/\/www.facebook.com\/celtTV\/\"],\"logo\":{\"@type\":\"ImageObject\",\"inLanguage\":\"es\",\"@id\":\"https:\/\/www.celttv.com.ar\/#\/schema\/logo\/image\/\",\"url\":\"http:\/\/www.celttv.com.ar\/wp-content\/uploads\/2022\/08\/logo-1.png\",\"contentUrl\":\"http:\/\/www.celttv.com.ar\/wp-content\/uploads\/2022\/08\/logo-1.png\",\"width\":461,\"height\":159,\"caption\":\"CELTTV\"},\"image\":{\"@id\":\"https:\/\/www.celttv.com.ar\/#\/schema\/logo\/image\/\"}},{\"@type\":\"Person\",\"@id\":\"https:\/\/www.celttv.com.ar\/#\/schema\/person\/6d99c072dba59953809c81446e9d0ace\",\"name\":\"ulises\",\"image\":{\"@type\":\"ImageObject\",\"inLanguage\":\"es\",\"@id\":\"https:\/\/www.celttv.com.ar\/#\/schema\/person\/image\/\",\"url\":\"https:\/\/secure.gravatar.com\/avatar\/7f2c48bdc33b30088f941fb6082e555f2874c98e20cb159d7b92b50eadfce793?s=96&d=mm&r=g\",\"contentUrl\":\"https:\/\/secure.gravatar.com\/avatar\/7f2c48bdc33b30088f941fb6082e555f2874c98e20cb159d7b92b50eadfce793?s=96&d=mm&r=g\",\"caption\":\"ulises\"},\"sameAs\":[\"http:\/\/www.celttv.com.ar\"]}]}<\/script>\n<!-- \/ Yoast SEO plugin. -->","yoast_head_json":{"title":"AUTOMOTO VENCIO A TIRO FEDERAL Y ES FINALISTA DEL CLAUSURA (compacto, notas y festejos) - CELTTV","description":"Sitio web de noticias de la localidad de Tornquist, provincia de Buenos Aires, Rep\u00fablica Argentina. Contenido propio originado por periodistas de CELTTV, el canal de TV local de la Cooperativa El\u00e9ctrica de Tornquist. Turismo, Pol\u00edtica, Sociedad, Deporte, Cultura y todo el contenido de inter\u00e9s general que la gente del pueblo y la regi\u00f3n debe conocer.","robots":{"index":"index","follow":"follow","max-snippet":"max-snippet:-1","max-image-preview":"max-image-preview:large","max-video-preview":"max-video-preview:-1"},"canonical":"https:\/\/www.celttv.com.ar\/index.php\/2013\/12\/11\/automoto-vencio-a-tiro-federal-y-es-finalista-del-clausura-compacto-notas-y-festejos\/","og_locale":"es_ES","og_type":"article","og_title":"AUTOMOTO VENCIO A TIRO FEDERAL Y ES FINALISTA DEL CLAUSURA (compacto, notas y festejos) - CELTTV","og_description":"Sitio web de noticias de la localidad de Tornquist, provincia de Buenos Aires, Rep\u00fablica Argentina. Contenido propio originado por periodistas de CELTTV, el canal de TV local de la Cooperativa El\u00e9ctrica de Tornquist. Turismo, Pol\u00edtica, Sociedad, Deporte, Cultura y todo el contenido de inter\u00e9s general que la gente del pueblo y la regi\u00f3n debe conocer.","og_url":"https:\/\/www.celttv.com.ar\/index.php\/2013\/12\/11\/automoto-vencio-a-tiro-federal-y-es-finalista-del-clausura-compacto-notas-y-festejos\/","og_site_name":"CELTTV","article_publisher":"https:\/\/www.facebook.com\/celtTV\/","article_published_time":"2013-12-11T01:11:52+00:00","author":"ulises","twitter_card":"summary_large_image","twitter_misc":{"Escrito por":"ulises","Tiempo de lectura":"1 minuto"},"schema":{"@context":"https:\/\/schema.org","@graph":[{"@type":"NewsArticle","@id":"https:\/\/www.celttv.com.ar\/index.php\/2013\/12\/11\/automoto-vencio-a-tiro-federal-y-es-finalista-del-clausura-compacto-notas-y-festejos\/#article","isPartOf":{"@id":"https:\/\/www.celttv.com.ar\/index.php\/2013\/12\/11\/automoto-vencio-a-tiro-federal-y-es-finalista-del-clausura-compacto-notas-y-festejos\/"},"author":{"name":"ulises","@id":"https:\/\/www.celttv.com.ar\/#\/schema\/person\/6d99c072dba59953809c81446e9d0ace"},"headline":"AUTOMOTO VENCIO A TIRO FEDERAL Y ES FINALISTA DEL CLAUSURA (compacto, notas y festejos)","datePublished":"2013-12-11T01:11:52+00:00","dateModified":"2013-12-11T01:11:52+00:00","mainEntityOfPage":{"@id":"https:\/\/www.celttv.com.ar\/index.php\/2013\/12\/11\/automoto-vencio-a-tiro-federal-y-es-finalista-del-clausura-compacto-notas-y-festejos\/"},"wordCount":184,"publisher":{"@id":"https:\/\/www.celttv.com.ar\/#organization"},"articleSection":["Deporte","Destacadas","Videos Destacados"],"inLanguage":"es"},{"@type":"WebPage","@id":"https:\/\/www.celttv.com.ar\/index.php\/2013\/12\/11\/automoto-vencio-a-tiro-federal-y-es-finalista-del-clausura-compacto-notas-y-festejos\/","url":"https:\/\/www.celttv.com.ar\/index.php\/2013\/12\/11\/automoto-vencio-a-tiro-federal-y-es-finalista-del-clausura-compacto-notas-y-festejos\/","name":"AUTOMOTO VENCIO A TIRO FEDERAL Y ES FINALISTA DEL CLAUSURA (compacto, notas y festejos) - CELTTV","isPartOf":{"@id":"https:\/\/www.celttv.com.ar\/#website"},"datePublished":"2013-12-11T01:11:52+00:00","dateModified":"2013-12-11T01:11:52+00:00","description":"Sitio web de noticias de la localidad de Tornquist, provincia de Buenos Aires, Rep\u00fablica Argentina. Contenido propio originado por periodistas de CELTTV, el canal de TV local de la Cooperativa El\u00e9ctrica de Tornquist. Turismo, Pol\u00edtica, Sociedad, Deporte, Cultura y todo el contenido de inter\u00e9s general que la gente del pueblo y la regi\u00f3n debe conocer.","breadcrumb":{"@id":"https:\/\/www.celttv.com.ar\/index.php\/2013\/12\/11\/automoto-vencio-a-tiro-federal-y-es-finalista-del-clausura-compacto-notas-y-festejos\/#breadcrumb"},"inLanguage":"es","potentialAction":[{"@type":"ReadAction","target":["https:\/\/www.celttv.com.ar\/index.php\/2013\/12\/11\/automoto-vencio-a-tiro-federal-y-es-finalista-del-clausura-compacto-notas-y-festejos\/"]}]},{"@type":"BreadcrumbList","@id":"https:\/\/www.celttv.com.ar\/index.php\/2013\/12\/11\/automoto-vencio-a-tiro-federal-y-es-finalista-del-clausura-compacto-notas-y-festejos\/#breadcrumb","itemListElement":[{"@type":"ListItem","position":1,"name":"Inicio","item":"https:\/\/www.celttv.com.ar\/"},{"@type":"ListItem","position":2,"name":"AUTOMOTO VENCIO A TIRO FEDERAL Y ES FINALISTA DEL CLAUSURA (compacto, notas y festejos)"}]},{"@type":"WebSite","@id":"https:\/\/www.celttv.com.ar\/#website","url":"https:\/\/www.celttv.com.ar\/","name":"CELTTV","description":"Cooperativa El\u00e9ctrica de Tornquist","publisher":{"@id":"https:\/\/www.celttv.com.ar\/#organization"},"potentialAction":[{"@type":"SearchAction","target":{"@type":"EntryPoint","urlTemplate":"https:\/\/www.celttv.com.ar\/?s={search_term_string}"},"query-input":"required name=search_term_string"}],"inLanguage":"es"},{"@type":"Organization","@id":"https:\/\/www.celttv.com.ar\/#organization","name":"CELTTV","url":"https:\/\/www.celttv.com.ar\/","sameAs":["https:\/\/www.youtube.com\/channel\/UCz_oIt8Hig64Ub-EmcNPIhg","https:\/\/www.facebook.com\/celtTV\/"],"logo":{"@type":"ImageObject","inLanguage":"es","@id":"https:\/\/www.celttv.com.ar\/#\/schema\/logo\/image\/","url":"http:\/\/www.celttv.com.ar\/wp-content\/uploads\/2022\/08\/logo-1.png","contentUrl":"http:\/\/www.celttv.com.ar\/wp-content\/uploads\/2022\/08\/logo-1.png","width":461,"height":159,"caption":"CELTTV"},"image":{"@id":"https:\/\/www.celttv.com.ar\/#\/schema\/logo\/image\/"}},{"@type":"Person","@id":"https:\/\/www.celttv.com.ar\/#\/schema\/person\/6d99c072dba59953809c81446e9d0ace","name":"ulises","image":{"@type":"ImageObject","inLanguage":"es","@id":"https:\/\/www.celttv.com.ar\/#\/schema\/person\/image\/","url":"https:\/\/secure.gravatar.com\/avatar\/7f2c48bdc33b30088f941fb6082e555f2874c98e20cb159d7b92b50eadfce793?s=96&d=mm&r=g","contentUrl":"https:\/\/secure.gravatar.com\/avatar\/7f2c48bdc33b30088f941fb6082e555f2874c98e20cb159d7b92b50eadfce793?s=96&d=mm&r=g","caption":"ulises"},"sameAs":["http:\/\/www.celttv.com.ar"]}]}},"_links":{"self":[{"href":"https:\/\/www.celttv.com.ar\/index.php\/wp-json\/wp\/v2\/posts\/16345","targetHints":{"allow":["GET"]}}],"collection":[{"href":"https:\/\/www.celttv.com.ar\/index.php\/wp-json\/wp\/v2\/posts"}],"about":[{"href":"https:\/\/www.celttv.com.ar\/index.php\/wp-json\/wp\/v2\/types\/post"}],"author":[{"embeddable":true,"href":"https:\/\/www.celttv.com.ar\/index.php\/wp-json\/wp\/v2\/users\/1"}],"replies":[{"embeddable":true,"href":"https:\/\/www.celttv.com.ar\/index.php\/wp-json\/wp\/v2\/comments?post=16345"}],"version-history":[{"count":0,"href":"https:\/\/www.celttv.com.ar\/index.php\/wp-json\/wp\/v2\/posts\/16345\/revisions"}],"wp:attachment":[{"href":"https:\/\/www.celttv.com.ar\/index.php\/wp-json\/wp\/v2\/media?parent=16345"}],"wp:term":[{"taxonomy":"category","embeddable":true,"href":"https:\/\/www.celttv.com.ar\/index.php\/wp-json\/wp\/v2\/categories?post=16345"},{"taxonomy":"post_tag","embeddable":true,"href":"https:\/\/www.celttv.com.ar\/index.php\/wp-json\/wp\/v2\/tags?post=16345"}],"curies":[{"name":"wp","href":"https:\/\/api.w.org\/{rel}","templated":true}]}}