{"id":16351,"date":"2013-12-11T22:46:03","date_gmt":"2013-12-11T22:46:03","guid":{"rendered":"http:\/\/www.tvcnoticias.com.ar\/?p=16351"},"modified":"2013-12-11T22:46:03","modified_gmt":"2013-12-11T22:46:03","slug":"el-club-de-pesca-tornquist-inauguro-la-temporada-con-la-tradicional-rueda-de-corderos","status":"publish","type":"post","link":"https:\/\/www.celttv.com.ar\/index.php\/2013\/12\/11\/el-club-de-pesca-tornquist-inauguro-la-temporada-con-la-tradicional-rueda-de-corderos\/","title":{"rendered":"EL CLUB DE PESCA TORNQUIST INAUGURO LA TEMPORADA CON LA TRADICIONAL RUEDA DE CORDEROS"},"content":{"rendered":"<p><a href=\"https:\/\/www.youtube.com\/watch?v=jBpKvMWmnBQ\"><a href=\"https:\/\/www.youtube.com\/watch?v=jBpKvMWmnBQ\">httpv:\/\/www.youtube.com\/watch?v=jBpKvMWmnBQ<\/a><\/a><br \/>\n<a href=\"https:\/\/www.youtube.com\/watch?v=jpSd9ZD1SAQ\"><a href=\"https:\/\/www.youtube.com\/watch?v=jpSd9ZD1SAQ\">httpv:\/\/www.youtube.com\/watch?v=jpSd9ZD1SAQ<\/a><\/a><br \/>\nCon el izamiento del Pabell\u00f3n Nacional, en el m\u00e1stil ubicado en la \u201cPlaya de la Comarca\u201d se dio comienzo a los actos protocolares con los que el Club de pesca Tornquist dej\u00f3 inaugurada la temporada estival 2013\/2014.\u00a0 \u00a0Los asistentes compartieron las estrofas del Himno Nacional Argentino y luego de una breve introducci\u00f3n del presidente de la Instituci\u00f3n, Ricardo Echevarr\u00eda, se procedi\u00f3 al tradicional corte de cintas que tuvo un doble significado. En primer lugar la inauguraci\u00f3n, con renovada expectativa, de una nueva temporada y tambi\u00e9n se inaugur\u00f3 la nueva cobertura instalada en el sector de cantina, realizada con chapas facilitadas por la empresa Bolteco SRL., joven empresa tornquistense, propiedad del Ing. Franco Bolletta. que respondi\u00f3 de inmediato a la requisitoria de la instituci\u00f3n lagunera, permitiendo concretar esta obra, tan importante para el desarrollo de la actividad lagunera.\u00a0 \u00a0Del corte de cintas por la inauguraci\u00f3n de la temporada participaron el presidente de la instituci\u00f3n Ricardo Echevarr\u00eda, integrantes de la comisi\u00f3n directiva; el vice presidente 2\u00ba del HCD. Gustavo Moroncini y el Secretario de Cultura, Turismo y Deportes Leandro Pascale.\u00a0 \u00a0A la hora de dejar inaugurada la nueva cobertura del sector de la cantina participaron el presidente Ricardo Echevarr\u00eda, Franco Bolletta, titular de la empresa Bolteco SRL. y Victor Del Po en representaci\u00f3n de la firma Del Construcciones quienes tuvieron a su cargo la instalaci\u00f3n de la mencionada cobertura.\u00a0 \u00a0Cerrando el acto protocolar los cantineros del club de Pesca ofrecieron un brindis \u00a0a las autoridades presentes y a quienes formaron parte del acto mencionado.\u00a0 \u00a0En di\u00e1logo con este medio, el presidente lagunero agradeci\u00f3 a todas aquellas personas que de una u otra forma colaboraron para la realizaci\u00f3n de esta ya tradicional fiesta.\u00a0 \u00a0\u201cEstamos muy contentos con la colaboraci\u00f3n recibida de la gente del Club y de muchos que sin serlo han colaborado en la realizaci\u00f3n del evento\u201d\u00a0 \u00a0\u201cTenemos que destacar la predisposici\u00f3n de la firma Bolteco SRL. del Ing. Bolletta, que nos acerc\u00f3 la suficiente cantidad de chapas fabricadas por esta joven firma tornquistense y la gran tarea de Victor Del Po y su hijo que hicieron posible la colocaci\u00f3n de la cobertura\u201d\u00a0 \u00a0\u201cYa contamos con servicios que la \u00e9poca impone, como es el caso de internet, y la asamblea a aprobado una cuota extra de capitalizaci\u00f3n para realizar lo antes posible la obra de remodelaci\u00f3n de todo el tendido el\u00e9ctrico; lo cual es indispensable\u201d\u00a0 \u00a0Echevarr\u00eda tambi\u00e9n agradeci\u00f3 a la Cooperativa El\u00e9ctrica de Tornquist por el asesoramiento brindado para realizar la inversi\u00f3n que hace falta y lograr optimizar este servicio b\u00e1sico.\u00a0 \u00a0\u201cTambi\u00e9n tenemos que agradecer a la Cooperativa El\u00e9ctrica y a su personal por la colaboraci\u00f3n prestada, toda vez que se hace necesario; y a la Municipalidad de Tornquist, quienes siempre se muestran interesados por la marcha de la villa y con quienes estamos en permanente contacto para seguir trabajando por el desarrollo de este centro tur\u00edstico\u201d dijo Echevarr\u00eda.\u00a0 \u00a0MOMENTO DE ORACION\u00a0 Frente a la capilla lagunera y luego de los actos protocolares realizados en el sector de cantina, los asistentes compartieron el rezo de una oraci\u00f3n ya que, como ocurre desde el a\u00f1o 1854, cada 8 de diciembre se conmemora el D\u00eda de la Inmaculada Concepci\u00f3n de Mar\u00eda.\u00a0\u00a0 \u00a0El Padre Norberto Lopez no pudo estar presente pero envi\u00f3 un saludo fraterno, y la palabra estuvo a cargo de la Sra. Nelly Zelarray\u00e1n de Miconi\u00a0 \u00a0MOMENTO DEL ASADO\u00a0 Como ocurre cada a\u00f1o la rueda de corderos se constituye en el principal atractivo de la jornada. En esta oportunidad y de la mano de \u201cBocha\u201d Montes \u00a0de Oca y \u201cPichin\u201d Laborde se disfrut\u00f3 de un verdadero \u201cmanjar al asador\u201d.\u00a0 Cabe destacar que las gestiones para asegurar la calidad del \u201cproducto c\u00e1rnico\u201d estuvo a cargo de Bruno Mancinelli.<br \/>\nMOMENTO DE LOS ESPECTACULOS \u00a0\u00a0\u00a0 \u00a0 Carlos Porsel, la pareja de tango de Florencia y Danilo y Ermelinda y su acorde\u00f3n formaron parte de la propuesta musical, generando un animado espect\u00e1culo familiar que se extendi\u00f3 hasta el atardecer.\u00a0 \u00a0c<br \/>\n&nbsp;<\/p>\n","protected":false},"excerpt":{"rendered":"<p>httpv:\/\/www.youtube.com\/watch?v=jBpKvMWmnBQ httpv:\/\/www.youtube.com\/watch?v=jpSd9ZD1SAQ Con el izamiento del Pabell\u00f3n Nacional, en el m\u00e1stil ubicado en la \u201cPlaya de la Comarca\u201d se dio comienzo a los actos protocolares con los que el Club de pesca Tornquist dej\u00f3 inaugurada la temporada estival 2013\/2014.\u00a0 \u00a0Los asistentes compartieron las estrofas del Himno Nacional Argentino y luego de una breve introducci\u00f3n del [&hellip;]<\/p>\n","protected":false},"author":1,"featured_media":0,"comment_status":"closed","ping_status":"open","sticky":false,"template":"","format":"standard","meta":{"footnotes":""},"categories":[51,52,64],"tags":[],"class_list":["post-16351","post","type-post","status-publish","format-standard","hentry","category-comunidad","category-destacadas","category-videos-destacados"],"yoast_head":"<!-- This site is optimized with the Yoast SEO plugin v19.7.1 - https:\/\/yoast.com\/wordpress\/plugins\/seo\/ -->\n<title>EL CLUB DE PESCA TORNQUIST INAUGURO LA TEMPORADA CON LA TRADICIONAL RUEDA DE CORDEROS - CELTTV<\/title>\n<meta name=\"description\" content=\"Sitio web de noticias de la localidad de Tornquist, provincia de Buenos Aires, Rep\u00fablica Argentina. Contenido propio originado por periodistas de CELTTV, el canal de TV local de la Cooperativa El\u00e9ctrica de Tornquist. Turismo, Pol\u00edtica, Sociedad, Deporte, Cultura y todo el contenido de inter\u00e9s general que la gente del pueblo y la regi\u00f3n debe conocer.\" \/>\n<meta name=\"robots\" content=\"index, follow, max-snippet:-1, max-image-preview:large, max-video-preview:-1\" \/>\n<link rel=\"canonical\" href=\"https:\/\/www.celttv.com.ar\/index.php\/2013\/12\/11\/el-club-de-pesca-tornquist-inauguro-la-temporada-con-la-tradicional-rueda-de-corderos\/\" \/>\n<meta property=\"og:locale\" content=\"es_ES\" \/>\n<meta property=\"og:type\" content=\"article\" \/>\n<meta property=\"og:title\" content=\"EL CLUB DE PESCA TORNQUIST INAUGURO LA TEMPORADA CON LA TRADICIONAL RUEDA DE CORDEROS - CELTTV\" \/>\n<meta property=\"og:description\" content=\"Sitio web de noticias de la localidad de Tornquist, provincia de Buenos Aires, Rep\u00fablica Argentina. Contenido propio originado por periodistas de CELTTV, el canal de TV local de la Cooperativa El\u00e9ctrica de Tornquist. Turismo, Pol\u00edtica, Sociedad, Deporte, Cultura y todo el contenido de inter\u00e9s general que la gente del pueblo y la regi\u00f3n debe conocer.\" \/>\n<meta property=\"og:url\" content=\"https:\/\/www.celttv.com.ar\/index.php\/2013\/12\/11\/el-club-de-pesca-tornquist-inauguro-la-temporada-con-la-tradicional-rueda-de-corderos\/\" \/>\n<meta property=\"og:site_name\" content=\"CELTTV\" \/>\n<meta property=\"article:publisher\" content=\"https:\/\/www.facebook.com\/celtTV\/\" \/>\n<meta property=\"article:published_time\" content=\"2013-12-11T22:46:03+00:00\" \/>\n<meta name=\"author\" content=\"ulises\" \/>\n<meta name=\"twitter:card\" content=\"summary_large_image\" \/>\n<meta name=\"twitter:label1\" content=\"Escrito por\" \/>\n\t<meta name=\"twitter:data1\" content=\"ulises\" \/>\n\t<meta name=\"twitter:label2\" content=\"Tiempo de lectura\" \/>\n\t<meta name=\"twitter:data2\" content=\"4 minutos\" \/>\n<script type=\"application\/ld+json\" class=\"yoast-schema-graph\">{\"@context\":\"https:\/\/schema.org\",\"@graph\":[{\"@type\":\"NewsArticle\",\"@id\":\"https:\/\/www.celttv.com.ar\/index.php\/2013\/12\/11\/el-club-de-pesca-tornquist-inauguro-la-temporada-con-la-tradicional-rueda-de-corderos\/#article\",\"isPartOf\":{\"@id\":\"https:\/\/www.celttv.com.ar\/index.php\/2013\/12\/11\/el-club-de-pesca-tornquist-inauguro-la-temporada-con-la-tradicional-rueda-de-corderos\/\"},\"author\":{\"name\":\"ulises\",\"@id\":\"https:\/\/www.celttv.com.ar\/#\/schema\/person\/6d99c072dba59953809c81446e9d0ace\"},\"headline\":\"EL CLUB DE PESCA TORNQUIST INAUGURO LA TEMPORADA CON LA TRADICIONAL RUEDA DE CORDEROS\",\"datePublished\":\"2013-12-11T22:46:03+00:00\",\"dateModified\":\"2013-12-11T22:46:03+00:00\",\"mainEntityOfPage\":{\"@id\":\"https:\/\/www.celttv.com.ar\/index.php\/2013\/12\/11\/el-club-de-pesca-tornquist-inauguro-la-temporada-con-la-tradicional-rueda-de-corderos\/\"},\"wordCount\":722,\"publisher\":{\"@id\":\"https:\/\/www.celttv.com.ar\/#organization\"},\"articleSection\":[\"Comunidad\",\"Destacadas\",\"Videos Destacados\"],\"inLanguage\":\"es\"},{\"@type\":\"WebPage\",\"@id\":\"https:\/\/www.celttv.com.ar\/index.php\/2013\/12\/11\/el-club-de-pesca-tornquist-inauguro-la-temporada-con-la-tradicional-rueda-de-corderos\/\",\"url\":\"https:\/\/www.celttv.com.ar\/index.php\/2013\/12\/11\/el-club-de-pesca-tornquist-inauguro-la-temporada-con-la-tradicional-rueda-de-corderos\/\",\"name\":\"EL CLUB DE PESCA TORNQUIST INAUGURO LA TEMPORADA CON LA TRADICIONAL RUEDA DE CORDEROS - CELTTV\",\"isPartOf\":{\"@id\":\"https:\/\/www.celttv.com.ar\/#website\"},\"datePublished\":\"2013-12-11T22:46:03+00:00\",\"dateModified\":\"2013-12-11T22:46:03+00:00\",\"description\":\"Sitio web de noticias de la localidad de Tornquist, provincia de Buenos Aires, Rep\u00fablica Argentina. Contenido propio originado por periodistas de CELTTV, el canal de TV local de la Cooperativa El\u00e9ctrica de Tornquist. Turismo, Pol\u00edtica, Sociedad, Deporte, Cultura y todo el contenido de inter\u00e9s general que la gente del pueblo y la regi\u00f3n debe conocer.\",\"breadcrumb\":{\"@id\":\"https:\/\/www.celttv.com.ar\/index.php\/2013\/12\/11\/el-club-de-pesca-tornquist-inauguro-la-temporada-con-la-tradicional-rueda-de-corderos\/#breadcrumb\"},\"inLanguage\":\"es\",\"potentialAction\":[{\"@type\":\"ReadAction\",\"target\":[\"https:\/\/www.celttv.com.ar\/index.php\/2013\/12\/11\/el-club-de-pesca-tornquist-inauguro-la-temporada-con-la-tradicional-rueda-de-corderos\/\"]}]},{\"@type\":\"BreadcrumbList\",\"@id\":\"https:\/\/www.celttv.com.ar\/index.php\/2013\/12\/11\/el-club-de-pesca-tornquist-inauguro-la-temporada-con-la-tradicional-rueda-de-corderos\/#breadcrumb\",\"itemListElement\":[{\"@type\":\"ListItem\",\"position\":1,\"name\":\"Inicio\",\"item\":\"https:\/\/www.celttv.com.ar\/\"},{\"@type\":\"ListItem\",\"position\":2,\"name\":\"EL CLUB DE PESCA TORNQUIST INAUGURO LA TEMPORADA CON LA TRADICIONAL RUEDA DE CORDEROS\"}]},{\"@type\":\"WebSite\",\"@id\":\"https:\/\/www.celttv.com.ar\/#website\",\"url\":\"https:\/\/www.celttv.com.ar\/\",\"name\":\"CELTTV\",\"description\":\"Cooperativa El\u00e9ctrica de Tornquist\",\"publisher\":{\"@id\":\"https:\/\/www.celttv.com.ar\/#organization\"},\"potentialAction\":[{\"@type\":\"SearchAction\",\"target\":{\"@type\":\"EntryPoint\",\"urlTemplate\":\"https:\/\/www.celttv.com.ar\/?s={search_term_string}\"},\"query-input\":\"required name=search_term_string\"}],\"inLanguage\":\"es\"},{\"@type\":\"Organization\",\"@id\":\"https:\/\/www.celttv.com.ar\/#organization\",\"name\":\"CELTTV\",\"url\":\"https:\/\/www.celttv.com.ar\/\",\"sameAs\":[\"https:\/\/www.youtube.com\/channel\/UCz_oIt8Hig64Ub-EmcNPIhg\",\"https:\/\/www.facebook.com\/celtTV\/\"],\"logo\":{\"@type\":\"ImageObject\",\"inLanguage\":\"es\",\"@id\":\"https:\/\/www.celttv.com.ar\/#\/schema\/logo\/image\/\",\"url\":\"http:\/\/www.celttv.com.ar\/wp-content\/uploads\/2022\/08\/logo-1.png\",\"contentUrl\":\"http:\/\/www.celttv.com.ar\/wp-content\/uploads\/2022\/08\/logo-1.png\",\"width\":461,\"height\":159,\"caption\":\"CELTTV\"},\"image\":{\"@id\":\"https:\/\/www.celttv.com.ar\/#\/schema\/logo\/image\/\"}},{\"@type\":\"Person\",\"@id\":\"https:\/\/www.celttv.com.ar\/#\/schema\/person\/6d99c072dba59953809c81446e9d0ace\",\"name\":\"ulises\",\"image\":{\"@type\":\"ImageObject\",\"inLanguage\":\"es\",\"@id\":\"https:\/\/www.celttv.com.ar\/#\/schema\/person\/image\/\",\"url\":\"https:\/\/secure.gravatar.com\/avatar\/7f2c48bdc33b30088f941fb6082e555f2874c98e20cb159d7b92b50eadfce793?s=96&d=mm&r=g\",\"contentUrl\":\"https:\/\/secure.gravatar.com\/avatar\/7f2c48bdc33b30088f941fb6082e555f2874c98e20cb159d7b92b50eadfce793?s=96&d=mm&r=g\",\"caption\":\"ulises\"},\"sameAs\":[\"http:\/\/www.celttv.com.ar\"]}]}<\/script>\n<!-- \/ Yoast SEO plugin. -->","yoast_head_json":{"title":"EL CLUB DE PESCA TORNQUIST INAUGURO LA TEMPORADA CON LA TRADICIONAL RUEDA DE CORDEROS - CELTTV","description":"Sitio web de noticias de la localidad de Tornquist, provincia de Buenos Aires, Rep\u00fablica Argentina. Contenido propio originado por periodistas de CELTTV, el canal de TV local de la Cooperativa El\u00e9ctrica de Tornquist. Turismo, Pol\u00edtica, Sociedad, Deporte, Cultura y todo el contenido de inter\u00e9s general que la gente del pueblo y la regi\u00f3n debe conocer.","robots":{"index":"index","follow":"follow","max-snippet":"max-snippet:-1","max-image-preview":"max-image-preview:large","max-video-preview":"max-video-preview:-1"},"canonical":"https:\/\/www.celttv.com.ar\/index.php\/2013\/12\/11\/el-club-de-pesca-tornquist-inauguro-la-temporada-con-la-tradicional-rueda-de-corderos\/","og_locale":"es_ES","og_type":"article","og_title":"EL CLUB DE PESCA TORNQUIST INAUGURO LA TEMPORADA CON LA TRADICIONAL RUEDA DE CORDEROS - CELTTV","og_description":"Sitio web de noticias de la localidad de Tornquist, provincia de Buenos Aires, Rep\u00fablica Argentina. Contenido propio originado por periodistas de CELTTV, el canal de TV local de la Cooperativa El\u00e9ctrica de Tornquist. Turismo, Pol\u00edtica, Sociedad, Deporte, Cultura y todo el contenido de inter\u00e9s general que la gente del pueblo y la regi\u00f3n debe conocer.","og_url":"https:\/\/www.celttv.com.ar\/index.php\/2013\/12\/11\/el-club-de-pesca-tornquist-inauguro-la-temporada-con-la-tradicional-rueda-de-corderos\/","og_site_name":"CELTTV","article_publisher":"https:\/\/www.facebook.com\/celtTV\/","article_published_time":"2013-12-11T22:46:03+00:00","author":"ulises","twitter_card":"summary_large_image","twitter_misc":{"Escrito por":"ulises","Tiempo de lectura":"4 minutos"},"schema":{"@context":"https:\/\/schema.org","@graph":[{"@type":"NewsArticle","@id":"https:\/\/www.celttv.com.ar\/index.php\/2013\/12\/11\/el-club-de-pesca-tornquist-inauguro-la-temporada-con-la-tradicional-rueda-de-corderos\/#article","isPartOf":{"@id":"https:\/\/www.celttv.com.ar\/index.php\/2013\/12\/11\/el-club-de-pesca-tornquist-inauguro-la-temporada-con-la-tradicional-rueda-de-corderos\/"},"author":{"name":"ulises","@id":"https:\/\/www.celttv.com.ar\/#\/schema\/person\/6d99c072dba59953809c81446e9d0ace"},"headline":"EL CLUB DE PESCA TORNQUIST INAUGURO LA TEMPORADA CON LA TRADICIONAL RUEDA DE CORDEROS","datePublished":"2013-12-11T22:46:03+00:00","dateModified":"2013-12-11T22:46:03+00:00","mainEntityOfPage":{"@id":"https:\/\/www.celttv.com.ar\/index.php\/2013\/12\/11\/el-club-de-pesca-tornquist-inauguro-la-temporada-con-la-tradicional-rueda-de-corderos\/"},"wordCount":722,"publisher":{"@id":"https:\/\/www.celttv.com.ar\/#organization"},"articleSection":["Comunidad","Destacadas","Videos Destacados"],"inLanguage":"es"},{"@type":"WebPage","@id":"https:\/\/www.celttv.com.ar\/index.php\/2013\/12\/11\/el-club-de-pesca-tornquist-inauguro-la-temporada-con-la-tradicional-rueda-de-corderos\/","url":"https:\/\/www.celttv.com.ar\/index.php\/2013\/12\/11\/el-club-de-pesca-tornquist-inauguro-la-temporada-con-la-tradicional-rueda-de-corderos\/","name":"EL CLUB DE PESCA TORNQUIST INAUGURO LA TEMPORADA CON LA TRADICIONAL RUEDA DE CORDEROS - CELTTV","isPartOf":{"@id":"https:\/\/www.celttv.com.ar\/#website"},"datePublished":"2013-12-11T22:46:03+00:00","dateModified":"2013-12-11T22:46:03+00:00","description":"Sitio web de noticias de la localidad de Tornquist, provincia de Buenos Aires, Rep\u00fablica Argentina. Contenido propio originado por periodistas de CELTTV, el canal de TV local de la Cooperativa El\u00e9ctrica de Tornquist. Turismo, Pol\u00edtica, Sociedad, Deporte, Cultura y todo el contenido de inter\u00e9s general que la gente del pueblo y la regi\u00f3n debe conocer.","breadcrumb":{"@id":"https:\/\/www.celttv.com.ar\/index.php\/2013\/12\/11\/el-club-de-pesca-tornquist-inauguro-la-temporada-con-la-tradicional-rueda-de-corderos\/#breadcrumb"},"inLanguage":"es","potentialAction":[{"@type":"ReadAction","target":["https:\/\/www.celttv.com.ar\/index.php\/2013\/12\/11\/el-club-de-pesca-tornquist-inauguro-la-temporada-con-la-tradicional-rueda-de-corderos\/"]}]},{"@type":"BreadcrumbList","@id":"https:\/\/www.celttv.com.ar\/index.php\/2013\/12\/11\/el-club-de-pesca-tornquist-inauguro-la-temporada-con-la-tradicional-rueda-de-corderos\/#breadcrumb","itemListElement":[{"@type":"ListItem","position":1,"name":"Inicio","item":"https:\/\/www.celttv.com.ar\/"},{"@type":"ListItem","position":2,"name":"EL CLUB DE PESCA TORNQUIST INAUGURO LA TEMPORADA CON LA TRADICIONAL RUEDA DE CORDEROS"}]},{"@type":"WebSite","@id":"https:\/\/www.celttv.com.ar\/#website","url":"https:\/\/www.celttv.com.ar\/","name":"CELTTV","description":"Cooperativa El\u00e9ctrica de Tornquist","publisher":{"@id":"https:\/\/www.celttv.com.ar\/#organization"},"potentialAction":[{"@type":"SearchAction","target":{"@type":"EntryPoint","urlTemplate":"https:\/\/www.celttv.com.ar\/?s={search_term_string}"},"query-input":"required name=search_term_string"}],"inLanguage":"es"},{"@type":"Organization","@id":"https:\/\/www.celttv.com.ar\/#organization","name":"CELTTV","url":"https:\/\/www.celttv.com.ar\/","sameAs":["https:\/\/www.youtube.com\/channel\/UCz_oIt8Hig64Ub-EmcNPIhg","https:\/\/www.facebook.com\/celtTV\/"],"logo":{"@type":"ImageObject","inLanguage":"es","@id":"https:\/\/www.celttv.com.ar\/#\/schema\/logo\/image\/","url":"http:\/\/www.celttv.com.ar\/wp-content\/uploads\/2022\/08\/logo-1.png","contentUrl":"http:\/\/www.celttv.com.ar\/wp-content\/uploads\/2022\/08\/logo-1.png","width":461,"height":159,"caption":"CELTTV"},"image":{"@id":"https:\/\/www.celttv.com.ar\/#\/schema\/logo\/image\/"}},{"@type":"Person","@id":"https:\/\/www.celttv.com.ar\/#\/schema\/person\/6d99c072dba59953809c81446e9d0ace","name":"ulises","image":{"@type":"ImageObject","inLanguage":"es","@id":"https:\/\/www.celttv.com.ar\/#\/schema\/person\/image\/","url":"https:\/\/secure.gravatar.com\/avatar\/7f2c48bdc33b30088f941fb6082e555f2874c98e20cb159d7b92b50eadfce793?s=96&d=mm&r=g","contentUrl":"https:\/\/secure.gravatar.com\/avatar\/7f2c48bdc33b30088f941fb6082e555f2874c98e20cb159d7b92b50eadfce793?s=96&d=mm&r=g","caption":"ulises"},"sameAs":["http:\/\/www.celttv.com.ar"]}]}},"_links":{"self":[{"href":"https:\/\/www.celttv.com.ar\/index.php\/wp-json\/wp\/v2\/posts\/16351","targetHints":{"allow":["GET"]}}],"collection":[{"href":"https:\/\/www.celttv.com.ar\/index.php\/wp-json\/wp\/v2\/posts"}],"about":[{"href":"https:\/\/www.celttv.com.ar\/index.php\/wp-json\/wp\/v2\/types\/post"}],"author":[{"embeddable":true,"href":"https:\/\/www.celttv.com.ar\/index.php\/wp-json\/wp\/v2\/users\/1"}],"replies":[{"embeddable":true,"href":"https:\/\/www.celttv.com.ar\/index.php\/wp-json\/wp\/v2\/comments?post=16351"}],"version-history":[{"count":0,"href":"https:\/\/www.celttv.com.ar\/index.php\/wp-json\/wp\/v2\/posts\/16351\/revisions"}],"wp:attachment":[{"href":"https:\/\/www.celttv.com.ar\/index.php\/wp-json\/wp\/v2\/media?parent=16351"}],"wp:term":[{"taxonomy":"category","embeddable":true,"href":"https:\/\/www.celttv.com.ar\/index.php\/wp-json\/wp\/v2\/categories?post=16351"},{"taxonomy":"post_tag","embeddable":true,"href":"https:\/\/www.celttv.com.ar\/index.php\/wp-json\/wp\/v2\/tags?post=16351"}],"curies":[{"name":"wp","href":"https:\/\/api.w.org\/{rel}","templated":true}]}}