{"id":16508,"date":"2013-12-18T15:56:47","date_gmt":"2013-12-18T15:56:47","guid":{"rendered":"http:\/\/www.tvcnoticias.com.ar\/?p=16508"},"modified":"2013-12-18T15:56:47","modified_gmt":"2013-12-18T15:56:47","slug":"el-centro-de-genetica-porcina-se-convirtio-en-una-realidad","status":"publish","type":"post","link":"https:\/\/www.celttv.com.ar\/index.php\/2013\/12\/18\/el-centro-de-genetica-porcina-se-convirtio-en-una-realidad\/","title":{"rendered":"EL CENTRO DE GENETICA PORCINA SE CONVIRTIO EN UNA REALIDAD"},"content":{"rendered":"<p><br \/>\n<a href=\"http:\/\/www.youtube.com\/watch?v=ia1IrMuXTYc\"><a href=\"http:\/\/www.youtube.com\/watch?v=ia1IrMuXTYc\">httpv:\/\/www.youtube.com\/watch?v=ia1IrMuXTYc<\/a><\/a><br \/>\n<a href=\"http:\/\/www.youtube.com\/watch?v=Tn18N_MsFOE\"><a href=\"http:\/\/www.youtube.com\/watch?v=Tn18N_MsFOE\">httpv:\/\/www.youtube.com\/watch?v=Tn18N_MsFOE<\/a><\/a><br \/>\nCon el cl\u00e1sico corte de cintas, qued\u00f3 inaugurado el Centro de Gen\u00e9tica Porcina del Grupo de Cambio Rural Porsur, que se construy\u00f3 mediante un fondo rotatorio entregado hace algunos meses por la Municipalidad de Tornquist, con dinero de la partida entregada oportunamente por el Ministerio de Agricultura, Ganader\u00eda y Pesca de la Naci\u00f3n.<br \/>\nEl acto cont\u00f3 con la presencia de los nueve porcicultores que llevaron a cabo el proyecto, el intendente municipal, licenciado Gustavo Trankels; el director de Emergencia Agropecuaria del mencionado organismo nacional, Julio Haure; miembros del Departamento Ejecutivo e integrantes de la Secretar\u00eda de Producci\u00f3n y Medio Ambiente comunal.<br \/>\n\u201cEs una alegr\u00eda compartir este momento con ustedes. Cuando llegaron con el problema y la soluci\u00f3n ya pensado, vimos que hab\u00eda algo muy interesante y que estaba respaldado, adem\u00e1s de por un criterio y una solidez t\u00e9cnica muy importante, por productores que quer\u00edan trabajar, mejorar y agregar a la cadena de valor. Por eso fue un compromiso que nos gust\u00f3 asumir\u201d, record\u00f3 el jefe comunal, quien destac\u00f3 la figura de los fondos rotatorios implementados por la administraci\u00f3n municipal que conduce.<br \/>\n\u201cLa posibilidad de tener esa herramienta nos otorga la chance de que sentados en una mesa con los propios productores, pero ya disponiendo de recursos, podamos asistirlos como en este caso. Por eso se debe destacar la continuidad del sistema pese a que fueron cambiando los ministros\u201d, a\u00f1adi\u00f3.<br \/>\nEl intendente Trankels felicit\u00f3 a todos los integrantes del grupo que impuls\u00f3 el centro de inseminaci\u00f3n y reconoci\u00f3 y agradeci\u00f3 el trabajo del INTA de Tornquist, los extensionistas locales de los ministerios de Asuntos Agrarios bonaerense y Agricultura, Ganader\u00eda y Pesca de la Naci\u00f3n; los ex ministros de la cartera agropecuaria nacional, Juli\u00e1n Dom\u00ednguez y Norberto Yauhar, y el actual Carlos Casamiquela; y del subsecretario de Pol\u00edtica Institucional del mismo ministerio, Javier Rodr\u00edguez. Adem\u00e1s, le dedic\u00f3 un p\u00e1rrafo especial a Haroldo Lebed y Julio Haure.<br \/>\n\u201cEs un orgullo poder acompa\u00f1ar a un grupo de productores que tuvo el gesto de, ante una contingencia, organizarse y buscar ir hacia adelante. Felicitaciones a todos. Acompa\u00f1ar este proyecto fue un gusto para nosotros\u201d, se\u00f1al\u00f3.<br \/>\nSergio Molina, uno de los productores pertenecientes al grupo, destac\u00f3 el apoyo brindado por la gesti\u00f3n del intendente Trankels.<br \/>\n\u201cEste grupo se empez\u00f3 a reunir por el empuje de Nelson Muscillo, que sosten\u00eda que deb\u00edamos juntarnos para comercializar. Juntos logramos una l\u00ednea de comercializaci\u00f3n, que es nuestro caballito de batalla. Berenice Muscillo es la encargada de la comercializaci\u00f3n de los animales de 30 productores de 200 kil\u00f3metros a la redonda. Esto es mucho decir\u201d, confi\u00f3.<br \/>\n\u201cHoy sacamos 1.300 animales mensuales e incorporamos lechoneros. Es un gran orgullo. Sab\u00edamos que para mejorar deb\u00edamos inseminar y eso fue lo que hicimos. Gracias Julio y Gustavo por el apoyo. Y a todos los que nos acompa\u00f1aron: el INTA, la familia, los empleados de nuestros criaderos, nuestros hijos, los amigos y los afectos\u201d, destac\u00f3.<br \/>\nEl acto de inauguraci\u00f3n cont\u00f3 con el corte de cinta, el descubrimiento de una placa y una breve recorrida por el centro propiamente dicho.<br \/>\n&nbsp;<br \/>\n<strong>Un poco de historia<br \/>\n<\/strong><br \/>\nEn diciembre del a\u00f1o pasado, un grupo de criadores de cerdos le present\u00f3 al secretario\u00a0 de Producci\u00f3n y Medio Ambiente, Ricardo Valentini, un proyecto para la construcci\u00f3n de centro de inseminaci\u00f3n en la regi\u00f3n, con el objetivo de ordenar\u00a0su producci\u00f3n en forma estandarizada gen\u00e9ticamente. Esto les permitir\u00eda mantener mercados\u00a0actuales \u00a0y proyectase a otros.<br \/>\nCon el visto bueno del intendente Gustavo Trankels, quien r\u00e1pidamente entendi\u00f3 la trascendencia del proyecto para nuestra regi\u00f3n, se present\u00f3 ante la Mesa Agropecuaria local. Fue as\u00ed que con recursos provenientes del recupero de fondos rotatorios, cuya partida inicial fue entregada por el Ministerio de Agricultura, Ganader\u00eda y Pesca de la Naci\u00f3n,\u00a0y con el visto bueno de este organismo,\u00a0a mediados de este a\u00f1o se conform\u00f3 otro fondo de 405 mil pesos para financiar la construcci\u00f3n edilicia, la compra de equipos de laboratorio y la adquisici\u00f3n de ejemplares.<br \/>\nLo \u00a0m\u00e1s interesante de este centro es que, si bien f\u00edsicamente se encuentra en Tornquist (sobre la ruta 33, a unos 55 kil\u00f3metros de Bah\u00eda Blanca), tiene proyecci\u00f3n regional, debido a que sus integrantes son de diferentes\u00a0localidades, como Cabildo, Tornquist, Bah\u00eda Blanca, Darregueira y Dufaur, lo que marca claramente un sentido de pertenencia para el Sudoeste Bonaerense.<br \/>\nA ellos se le suman\u00a0los integrantes del grupo de cambio rural del INTA Tornquist como efecto multiplicador, por lo que se involucra\u00a0directamente a m\u00e1s de 30 productores, alguno de\u00a0los cuales\u00a0desarrollan su actividad con los n\u00facleos gen\u00e9ticos porcinos aportados por el Ministerio de Asuntos Agrarios provincial.<br \/>\n&nbsp;<\/p>\n","protected":false},"excerpt":{"rendered":"<p>httpv:\/\/www.youtube.com\/watch?v=ia1IrMuXTYc httpv:\/\/www.youtube.com\/watch?v=Tn18N_MsFOE Con el cl\u00e1sico corte de cintas, qued\u00f3 inaugurado el Centro de Gen\u00e9tica Porcina del Grupo de Cambio Rural Porsur, que se construy\u00f3 mediante un fondo rotatorio entregado hace algunos meses por la Municipalidad de Tornquist, con dinero de la partida entregada oportunamente por el Ministerio de Agricultura, Ganader\u00eda y Pesca de la Naci\u00f3n. [&hellip;]<\/p>\n","protected":false},"author":1,"featured_media":0,"comment_status":"closed","ping_status":"open","sticky":false,"template":"","format":"standard","meta":{"footnotes":""},"categories":[51,52,53,64],"tags":[],"class_list":["post-16508","post","type-post","status-publish","format-standard","hentry","category-comunidad","category-destacadas","category-politica","category-videos-destacados"],"yoast_head":"<!-- This site is optimized with the Yoast SEO plugin v19.7.1 - https:\/\/yoast.com\/wordpress\/plugins\/seo\/ -->\n<title>EL CENTRO DE GENETICA PORCINA SE CONVIRTIO EN UNA REALIDAD - CELTTV<\/title>\n<meta name=\"description\" content=\"Sitio web de noticias de la localidad de Tornquist, provincia de Buenos Aires, Rep\u00fablica Argentina. Contenido propio originado por periodistas de CELTTV, el canal de TV local de la Cooperativa El\u00e9ctrica de Tornquist. Turismo, Pol\u00edtica, Sociedad, Deporte, Cultura y todo el contenido de inter\u00e9s general que la gente del pueblo y la regi\u00f3n debe conocer.\" \/>\n<meta name=\"robots\" content=\"index, follow, max-snippet:-1, max-image-preview:large, max-video-preview:-1\" \/>\n<link rel=\"canonical\" href=\"https:\/\/www.celttv.com.ar\/index.php\/2013\/12\/18\/el-centro-de-genetica-porcina-se-convirtio-en-una-realidad\/\" \/>\n<meta property=\"og:locale\" content=\"es_ES\" \/>\n<meta property=\"og:type\" content=\"article\" \/>\n<meta property=\"og:title\" content=\"EL CENTRO DE GENETICA PORCINA SE CONVIRTIO EN UNA REALIDAD - CELTTV\" \/>\n<meta property=\"og:description\" content=\"Sitio web de noticias de la localidad de Tornquist, provincia de Buenos Aires, Rep\u00fablica Argentina. Contenido propio originado por periodistas de CELTTV, el canal de TV local de la Cooperativa El\u00e9ctrica de Tornquist. Turismo, Pol\u00edtica, Sociedad, Deporte, Cultura y todo el contenido de inter\u00e9s general que la gente del pueblo y la regi\u00f3n debe conocer.\" \/>\n<meta property=\"og:url\" content=\"https:\/\/www.celttv.com.ar\/index.php\/2013\/12\/18\/el-centro-de-genetica-porcina-se-convirtio-en-una-realidad\/\" \/>\n<meta property=\"og:site_name\" content=\"CELTTV\" \/>\n<meta property=\"article:publisher\" content=\"https:\/\/www.facebook.com\/celtTV\/\" \/>\n<meta property=\"article:published_time\" content=\"2013-12-18T15:56:47+00:00\" \/>\n<meta name=\"author\" content=\"ulises\" \/>\n<meta name=\"twitter:card\" content=\"summary_large_image\" \/>\n<meta name=\"twitter:label1\" content=\"Escrito por\" \/>\n\t<meta name=\"twitter:data1\" content=\"ulises\" \/>\n\t<meta name=\"twitter:label2\" content=\"Tiempo de lectura\" \/>\n\t<meta name=\"twitter:data2\" content=\"4 minutos\" \/>\n<script type=\"application\/ld+json\" class=\"yoast-schema-graph\">{\"@context\":\"https:\/\/schema.org\",\"@graph\":[{\"@type\":\"NewsArticle\",\"@id\":\"https:\/\/www.celttv.com.ar\/index.php\/2013\/12\/18\/el-centro-de-genetica-porcina-se-convirtio-en-una-realidad\/#article\",\"isPartOf\":{\"@id\":\"https:\/\/www.celttv.com.ar\/index.php\/2013\/12\/18\/el-centro-de-genetica-porcina-se-convirtio-en-una-realidad\/\"},\"author\":{\"name\":\"ulises\",\"@id\":\"https:\/\/www.celttv.com.ar\/#\/schema\/person\/6d99c072dba59953809c81446e9d0ace\"},\"headline\":\"EL CENTRO DE GENETICA PORCINA SE CONVIRTIO EN UNA REALIDAD\",\"datePublished\":\"2013-12-18T15:56:47+00:00\",\"dateModified\":\"2013-12-18T15:56:47+00:00\",\"mainEntityOfPage\":{\"@id\":\"https:\/\/www.celttv.com.ar\/index.php\/2013\/12\/18\/el-centro-de-genetica-porcina-se-convirtio-en-una-realidad\/\"},\"wordCount\":846,\"publisher\":{\"@id\":\"https:\/\/www.celttv.com.ar\/#organization\"},\"articleSection\":[\"Comunidad\",\"Destacadas\",\"Pol\u00edtica\",\"Videos Destacados\"],\"inLanguage\":\"es\"},{\"@type\":\"WebPage\",\"@id\":\"https:\/\/www.celttv.com.ar\/index.php\/2013\/12\/18\/el-centro-de-genetica-porcina-se-convirtio-en-una-realidad\/\",\"url\":\"https:\/\/www.celttv.com.ar\/index.php\/2013\/12\/18\/el-centro-de-genetica-porcina-se-convirtio-en-una-realidad\/\",\"name\":\"EL CENTRO DE GENETICA PORCINA SE CONVIRTIO EN UNA REALIDAD - CELTTV\",\"isPartOf\":{\"@id\":\"https:\/\/www.celttv.com.ar\/#website\"},\"datePublished\":\"2013-12-18T15:56:47+00:00\",\"dateModified\":\"2013-12-18T15:56:47+00:00\",\"description\":\"Sitio web de noticias de la localidad de Tornquist, provincia de Buenos Aires, Rep\u00fablica Argentina. Contenido propio originado por periodistas de CELTTV, el canal de TV local de la Cooperativa El\u00e9ctrica de Tornquist. Turismo, Pol\u00edtica, Sociedad, Deporte, Cultura y todo el contenido de inter\u00e9s general que la gente del pueblo y la regi\u00f3n debe conocer.\",\"breadcrumb\":{\"@id\":\"https:\/\/www.celttv.com.ar\/index.php\/2013\/12\/18\/el-centro-de-genetica-porcina-se-convirtio-en-una-realidad\/#breadcrumb\"},\"inLanguage\":\"es\",\"potentialAction\":[{\"@type\":\"ReadAction\",\"target\":[\"https:\/\/www.celttv.com.ar\/index.php\/2013\/12\/18\/el-centro-de-genetica-porcina-se-convirtio-en-una-realidad\/\"]}]},{\"@type\":\"BreadcrumbList\",\"@id\":\"https:\/\/www.celttv.com.ar\/index.php\/2013\/12\/18\/el-centro-de-genetica-porcina-se-convirtio-en-una-realidad\/#breadcrumb\",\"itemListElement\":[{\"@type\":\"ListItem\",\"position\":1,\"name\":\"Inicio\",\"item\":\"https:\/\/www.celttv.com.ar\/\"},{\"@type\":\"ListItem\",\"position\":2,\"name\":\"EL CENTRO DE GENETICA PORCINA SE CONVIRTIO EN UNA REALIDAD\"}]},{\"@type\":\"WebSite\",\"@id\":\"https:\/\/www.celttv.com.ar\/#website\",\"url\":\"https:\/\/www.celttv.com.ar\/\",\"name\":\"CELTTV\",\"description\":\"Cooperativa El\u00e9ctrica de Tornquist\",\"publisher\":{\"@id\":\"https:\/\/www.celttv.com.ar\/#organization\"},\"potentialAction\":[{\"@type\":\"SearchAction\",\"target\":{\"@type\":\"EntryPoint\",\"urlTemplate\":\"https:\/\/www.celttv.com.ar\/?s={search_term_string}\"},\"query-input\":\"required name=search_term_string\"}],\"inLanguage\":\"es\"},{\"@type\":\"Organization\",\"@id\":\"https:\/\/www.celttv.com.ar\/#organization\",\"name\":\"CELTTV\",\"url\":\"https:\/\/www.celttv.com.ar\/\",\"sameAs\":[\"https:\/\/www.youtube.com\/channel\/UCz_oIt8Hig64Ub-EmcNPIhg\",\"https:\/\/www.facebook.com\/celtTV\/\"],\"logo\":{\"@type\":\"ImageObject\",\"inLanguage\":\"es\",\"@id\":\"https:\/\/www.celttv.com.ar\/#\/schema\/logo\/image\/\",\"url\":\"http:\/\/www.celttv.com.ar\/wp-content\/uploads\/2022\/08\/logo-1.png\",\"contentUrl\":\"http:\/\/www.celttv.com.ar\/wp-content\/uploads\/2022\/08\/logo-1.png\",\"width\":461,\"height\":159,\"caption\":\"CELTTV\"},\"image\":{\"@id\":\"https:\/\/www.celttv.com.ar\/#\/schema\/logo\/image\/\"}},{\"@type\":\"Person\",\"@id\":\"https:\/\/www.celttv.com.ar\/#\/schema\/person\/6d99c072dba59953809c81446e9d0ace\",\"name\":\"ulises\",\"image\":{\"@type\":\"ImageObject\",\"inLanguage\":\"es\",\"@id\":\"https:\/\/www.celttv.com.ar\/#\/schema\/person\/image\/\",\"url\":\"https:\/\/secure.gravatar.com\/avatar\/7f2c48bdc33b30088f941fb6082e555f2874c98e20cb159d7b92b50eadfce793?s=96&d=mm&r=g\",\"contentUrl\":\"https:\/\/secure.gravatar.com\/avatar\/7f2c48bdc33b30088f941fb6082e555f2874c98e20cb159d7b92b50eadfce793?s=96&d=mm&r=g\",\"caption\":\"ulises\"},\"sameAs\":[\"http:\/\/www.celttv.com.ar\"]}]}<\/script>\n<!-- \/ Yoast SEO plugin. -->","yoast_head_json":{"title":"EL CENTRO DE GENETICA PORCINA SE CONVIRTIO EN UNA REALIDAD - CELTTV","description":"Sitio web de noticias de la localidad de Tornquist, provincia de Buenos Aires, Rep\u00fablica Argentina. Contenido propio originado por periodistas de CELTTV, el canal de TV local de la Cooperativa El\u00e9ctrica de Tornquist. Turismo, Pol\u00edtica, Sociedad, Deporte, Cultura y todo el contenido de inter\u00e9s general que la gente del pueblo y la regi\u00f3n debe conocer.","robots":{"index":"index","follow":"follow","max-snippet":"max-snippet:-1","max-image-preview":"max-image-preview:large","max-video-preview":"max-video-preview:-1"},"canonical":"https:\/\/www.celttv.com.ar\/index.php\/2013\/12\/18\/el-centro-de-genetica-porcina-se-convirtio-en-una-realidad\/","og_locale":"es_ES","og_type":"article","og_title":"EL CENTRO DE GENETICA PORCINA SE CONVIRTIO EN UNA REALIDAD - CELTTV","og_description":"Sitio web de noticias de la localidad de Tornquist, provincia de Buenos Aires, Rep\u00fablica Argentina. Contenido propio originado por periodistas de CELTTV, el canal de TV local de la Cooperativa El\u00e9ctrica de Tornquist. Turismo, Pol\u00edtica, Sociedad, Deporte, Cultura y todo el contenido de inter\u00e9s general que la gente del pueblo y la regi\u00f3n debe conocer.","og_url":"https:\/\/www.celttv.com.ar\/index.php\/2013\/12\/18\/el-centro-de-genetica-porcina-se-convirtio-en-una-realidad\/","og_site_name":"CELTTV","article_publisher":"https:\/\/www.facebook.com\/celtTV\/","article_published_time":"2013-12-18T15:56:47+00:00","author":"ulises","twitter_card":"summary_large_image","twitter_misc":{"Escrito por":"ulises","Tiempo de lectura":"4 minutos"},"schema":{"@context":"https:\/\/schema.org","@graph":[{"@type":"NewsArticle","@id":"https:\/\/www.celttv.com.ar\/index.php\/2013\/12\/18\/el-centro-de-genetica-porcina-se-convirtio-en-una-realidad\/#article","isPartOf":{"@id":"https:\/\/www.celttv.com.ar\/index.php\/2013\/12\/18\/el-centro-de-genetica-porcina-se-convirtio-en-una-realidad\/"},"author":{"name":"ulises","@id":"https:\/\/www.celttv.com.ar\/#\/schema\/person\/6d99c072dba59953809c81446e9d0ace"},"headline":"EL CENTRO DE GENETICA PORCINA SE CONVIRTIO EN UNA REALIDAD","datePublished":"2013-12-18T15:56:47+00:00","dateModified":"2013-12-18T15:56:47+00:00","mainEntityOfPage":{"@id":"https:\/\/www.celttv.com.ar\/index.php\/2013\/12\/18\/el-centro-de-genetica-porcina-se-convirtio-en-una-realidad\/"},"wordCount":846,"publisher":{"@id":"https:\/\/www.celttv.com.ar\/#organization"},"articleSection":["Comunidad","Destacadas","Pol\u00edtica","Videos Destacados"],"inLanguage":"es"},{"@type":"WebPage","@id":"https:\/\/www.celttv.com.ar\/index.php\/2013\/12\/18\/el-centro-de-genetica-porcina-se-convirtio-en-una-realidad\/","url":"https:\/\/www.celttv.com.ar\/index.php\/2013\/12\/18\/el-centro-de-genetica-porcina-se-convirtio-en-una-realidad\/","name":"EL CENTRO DE GENETICA PORCINA SE CONVIRTIO EN UNA REALIDAD - CELTTV","isPartOf":{"@id":"https:\/\/www.celttv.com.ar\/#website"},"datePublished":"2013-12-18T15:56:47+00:00","dateModified":"2013-12-18T15:56:47+00:00","description":"Sitio web de noticias de la localidad de Tornquist, provincia de Buenos Aires, Rep\u00fablica Argentina. Contenido propio originado por periodistas de CELTTV, el canal de TV local de la Cooperativa El\u00e9ctrica de Tornquist. Turismo, Pol\u00edtica, Sociedad, Deporte, Cultura y todo el contenido de inter\u00e9s general que la gente del pueblo y la regi\u00f3n debe conocer.","breadcrumb":{"@id":"https:\/\/www.celttv.com.ar\/index.php\/2013\/12\/18\/el-centro-de-genetica-porcina-se-convirtio-en-una-realidad\/#breadcrumb"},"inLanguage":"es","potentialAction":[{"@type":"ReadAction","target":["https:\/\/www.celttv.com.ar\/index.php\/2013\/12\/18\/el-centro-de-genetica-porcina-se-convirtio-en-una-realidad\/"]}]},{"@type":"BreadcrumbList","@id":"https:\/\/www.celttv.com.ar\/index.php\/2013\/12\/18\/el-centro-de-genetica-porcina-se-convirtio-en-una-realidad\/#breadcrumb","itemListElement":[{"@type":"ListItem","position":1,"name":"Inicio","item":"https:\/\/www.celttv.com.ar\/"},{"@type":"ListItem","position":2,"name":"EL CENTRO DE GENETICA PORCINA SE CONVIRTIO EN UNA REALIDAD"}]},{"@type":"WebSite","@id":"https:\/\/www.celttv.com.ar\/#website","url":"https:\/\/www.celttv.com.ar\/","name":"CELTTV","description":"Cooperativa El\u00e9ctrica de Tornquist","publisher":{"@id":"https:\/\/www.celttv.com.ar\/#organization"},"potentialAction":[{"@type":"SearchAction","target":{"@type":"EntryPoint","urlTemplate":"https:\/\/www.celttv.com.ar\/?s={search_term_string}"},"query-input":"required name=search_term_string"}],"inLanguage":"es"},{"@type":"Organization","@id":"https:\/\/www.celttv.com.ar\/#organization","name":"CELTTV","url":"https:\/\/www.celttv.com.ar\/","sameAs":["https:\/\/www.youtube.com\/channel\/UCz_oIt8Hig64Ub-EmcNPIhg","https:\/\/www.facebook.com\/celtTV\/"],"logo":{"@type":"ImageObject","inLanguage":"es","@id":"https:\/\/www.celttv.com.ar\/#\/schema\/logo\/image\/","url":"http:\/\/www.celttv.com.ar\/wp-content\/uploads\/2022\/08\/logo-1.png","contentUrl":"http:\/\/www.celttv.com.ar\/wp-content\/uploads\/2022\/08\/logo-1.png","width":461,"height":159,"caption":"CELTTV"},"image":{"@id":"https:\/\/www.celttv.com.ar\/#\/schema\/logo\/image\/"}},{"@type":"Person","@id":"https:\/\/www.celttv.com.ar\/#\/schema\/person\/6d99c072dba59953809c81446e9d0ace","name":"ulises","image":{"@type":"ImageObject","inLanguage":"es","@id":"https:\/\/www.celttv.com.ar\/#\/schema\/person\/image\/","url":"https:\/\/secure.gravatar.com\/avatar\/7f2c48bdc33b30088f941fb6082e555f2874c98e20cb159d7b92b50eadfce793?s=96&d=mm&r=g","contentUrl":"https:\/\/secure.gravatar.com\/avatar\/7f2c48bdc33b30088f941fb6082e555f2874c98e20cb159d7b92b50eadfce793?s=96&d=mm&r=g","caption":"ulises"},"sameAs":["http:\/\/www.celttv.com.ar"]}]}},"_links":{"self":[{"href":"https:\/\/www.celttv.com.ar\/index.php\/wp-json\/wp\/v2\/posts\/16508","targetHints":{"allow":["GET"]}}],"collection":[{"href":"https:\/\/www.celttv.com.ar\/index.php\/wp-json\/wp\/v2\/posts"}],"about":[{"href":"https:\/\/www.celttv.com.ar\/index.php\/wp-json\/wp\/v2\/types\/post"}],"author":[{"embeddable":true,"href":"https:\/\/www.celttv.com.ar\/index.php\/wp-json\/wp\/v2\/users\/1"}],"replies":[{"embeddable":true,"href":"https:\/\/www.celttv.com.ar\/index.php\/wp-json\/wp\/v2\/comments?post=16508"}],"version-history":[{"count":0,"href":"https:\/\/www.celttv.com.ar\/index.php\/wp-json\/wp\/v2\/posts\/16508\/revisions"}],"wp:attachment":[{"href":"https:\/\/www.celttv.com.ar\/index.php\/wp-json\/wp\/v2\/media?parent=16508"}],"wp:term":[{"taxonomy":"category","embeddable":true,"href":"https:\/\/www.celttv.com.ar\/index.php\/wp-json\/wp\/v2\/categories?post=16508"},{"taxonomy":"post_tag","embeddable":true,"href":"https:\/\/www.celttv.com.ar\/index.php\/wp-json\/wp\/v2\/tags?post=16508"}],"curies":[{"name":"wp","href":"https:\/\/api.w.org\/{rel}","templated":true}]}}