{"id":16526,"date":"2013-12-18T19:22:29","date_gmt":"2013-12-18T19:22:29","guid":{"rendered":"http:\/\/www.tvcnoticias.com.ar\/?p=16526"},"modified":"2013-12-18T19:22:29","modified_gmt":"2013-12-18T19:22:29","slug":"penarol-termino-con-la-ilusion-del-azulgrana-de-tornquist-compacto-del-partido","status":"publish","type":"post","link":"https:\/\/www.celttv.com.ar\/index.php\/2013\/12\/18\/penarol-termino-con-la-ilusion-del-azulgrana-de-tornquist-compacto-del-partido\/","title":{"rendered":"PE\u00d1AROL TERMINO CON LA ILUSI\u00d3N DEL AZULGRANA DE TORNQUIST (Compacto del Partido)"},"content":{"rendered":"<p><a href=\"http:\/\/www.youtube.com\/watch?v=FW9ypSeH4z4\"><a href=\"http:\/\/www.youtube.com\/watch?v=FW9ypSeH4z4\">httpv:\/\/www.youtube.com\/watch?v=FW9ypSeH4z4<\/a><\/a><br \/>\n<a href=\"http:\/\/www.youtube.com\/watch?v=FW9ypSeH4z4\"><a href=\"http:\/\/www.youtube.com\/watch?v=FW9ypSeH4z4\"><\/a><\/a>Pe\u00f1arol le gan\u00f3 a Automoto en un partido picante, tenso y hasta violento adentro y afuera de la cancha. Fue 2 a 1 con goles de Cavalier y Salvi para ganar el Clausura y alcanzar el repechaje contra Deportivo Sarmiento.<br \/>\nCon oficio, aunque sufriendo un poco en el final, Pe\u00f1arol dio ayer un paso importante en esta definici\u00f3n del torneo de la Liga Regional de F\u00fatbol. El equipo pig\u00fcense, \u00faltimo campe\u00f3n, derrot\u00f3 2 a 1 a Automoto de Tornquist, gan\u00f3 el Clausura y ahora deber\u00e1 enfrentar a Deportivo Sarmiento (ganador de la Liguilla), para determinar quien ser\u00e1 el rival de San Mart\u00edn de Santa Trinidad en la gran final del a\u00f1o.<br \/>\nPe\u00f1arol gan\u00f3 bien, m\u00e1s all\u00e1 que Automoto lo presion\u00f3 y le gener\u00f3 varias chances en el final como para empatarlo.<br \/>\nFue un partido caliente, picante, con mucha tensi\u00f3n y con momentos lamentables, violentos. Los dos se jugaban mucho. Pe\u00f1arol, por su condici\u00f3n de candidato y su historia. Y Automoto por el esfuerzo realizado para armar un equipo competitivo esta temporada y por sus ganas de pelear por el t\u00edtulo por primera vez en su historia.<br \/>\nDadas las circunstancias, el partido se present\u00f3 con mucha cautela y el temor l\u00f3gico por dar pasos en falso.<br \/>\nPas\u00f3 realmente poco en los primeros minutos. Una arremetida de Weisbeck antes del minuto de juego que intercept\u00f3 el arquero Gatti, alguna respuesta de Automoto con Ignacio Salas, que remat\u00f3 desviado y una buena jugada personal de Salvi que termin\u00f3 con un centro bombeado despejado al corner.<br \/>\nEl primer gol lleg\u00f3 a los 21. Lleg\u00f3 un centro al \u00e1rea y por atr\u00e1s de todos apareci\u00f3 Franco Cavalier, que cortinado por Fuhr cabece\u00f3 solito a la red para el delirio de los pig\u00fcenses. Uno a cero Pe\u00f1arol.<br \/>\nAutomoto volvi\u00f3 a llegar con claridad a los 37 minutos. Rosell ensay\u00f3 un remate desde el borde del \u00e1rea que Herrero desvi\u00f3 al c\u00f3rner. Fue un anticipo, ya que cinco minutos despu\u00e9s Pulgar escap\u00f3 por izquierda y tir\u00f3 centro atr\u00e1s para la aparici\u00f3n goleadora de Alexis Avila. Empataba Automoto, todo volv\u00eda a estar como al principio.<br \/>\nAntes del final de la etapa lo tuvo Pe\u00f1arol dos veces en la misma jugada. Primero con Weisbeck, que qued\u00f3 libre por derecha y sac\u00f3 un remate que ataj\u00f3 Gatti. Y en el rebote, el \u201cTili\u201d Dietrich le peg\u00f3 apenas alto del travesa\u00f1o.<br \/>\n<strong><span style=\"text-decoration: underline;\">Golpe\u00f3 de entrada<\/span><\/strong><br \/>\nEl segundo tiempo comenz\u00f3 de una manera \u00f3ptima para Pe\u00f1arol, ya que en el primer ataque a fondo lleg\u00f3 al gol. Iban 2 minutos cuando Sim\u00f3n Salvi encar\u00f3 por izquierda, gan\u00f3 a pura habilidad y una vez mano a mano con el arquero, defini\u00f3 majestuosamente, al \u00e1ngulo, para poner el 2 a 1.<br \/>\nTodo se hizo nuevamente cuesta arriba para Automoto. Y Pe\u00f1arol tuvo el tercero en la cabeza de Fuhr, pero el grandote no pudo convertir tras un centro largo de Salvi.<br \/>\nAutomoto no inquietaba, pero Pe\u00f1arol jugaba cada vez m\u00e1s atr\u00e1s. Salvi empez\u00f3 a arriesgar con la entrada de Bilbao por Gigliotti en busca de nuevas alternativas ofensivas.<br \/>\nLo mejor de Automoto fue en los \u00faltimos 15 minutos, con la desesperaci\u00f3n y la necesidad de empatar a cuestas.<br \/>\nA los 35 desde un saque lateral casi llega el empate. Cay\u00f3 la pelota al \u00e1rea, la pein\u00f3 Pulgar e Ignacio Salas se lo perdi\u00f3 incre\u00edblemente con otro cabezazo.<br \/>\nPor arriba otra vez estuvo cerca el \u201cRojo\u201d. Lleg\u00f3 un centr\u00f3 desde la derecha, Rosell gan\u00f3 en lo alto de cabeza y la pelota peg\u00f3 en el palo izquierdo del arco defendido por Herrero.<br \/>\nAutomoto no se resign\u00f3. Corinaldi le peg\u00f3 mordido y desviado en una chance muy propicia y Salas volvi\u00f3 a tener su posibilidad pero volvi\u00f3 a rematar desviado, esta vez con un derechazo rasante y cruzado.<br \/>\nArce, al que le pes\u00f3 dirigir la final y no estuvo a la altura (debi\u00f3 expulsar al menos a un par de jugadores), pit\u00f3 el final. Automoto termin\u00f3 con mucha bronca y hubo corridas y golpes entre algunos jugadores, mientras la hinchada de Tornquist arrojaba botellas y otros objetos al campo de juego, exasperando a\u00fan m\u00e1s los \u00e1nimos.<br \/>\nCon este final bochornoso y lamentable a un lado, buen triunfo de Pe\u00f1arol, que se sac\u00f3 de encima a un rival muy duro y sigue en carrera en su pelea por repetir el t\u00edtulo logrado el a\u00f1o pasado.<br \/>\nJuan Mailland<br \/>\n<strong>AUTOMOTO 1<\/strong><br \/>\nGuillermo Gatti<br \/>\nMart\u00edn Fuhr<br \/>\nJusto Zas<br \/>\nMat\u00edas Sonzini<br \/>\nSebasti\u00e1n Gigliotti<br \/>\nFacundo Villar<br \/>\nIgnacio Salas<br \/>\nMat\u00edas Salas<br \/>\nHern\u00e1n Rosell<br \/>\nAlexis \u00c1vila<br \/>\nFranco Pulgar<br \/>\nDT: Carlos Salvi.<br \/>\nCambios: 66m Hern\u00e1n Bilbao por Gigliotti y 69m Mariano Corinaldi por Villar.<br \/>\nSuplentes: Fabi\u00e1n Villar, F\u00e9lix C\u00f3seres y Emiliano Sandoval.<br \/>\n<strong>PE\u00d1AROL 2<\/strong><br \/>\nMaximiliano Herrero<br \/>\nMarcos Parada<br \/>\nMat\u00edas Garay<br \/>\nFederico Pradilla<br \/>\nRamiro Rojas<br \/>\nDami\u00e1n Weisbeck<br \/>\nSantiago Rojas<br \/>\nFranco Cavalier<br \/>\nJoaqu\u00edn Salvi<br \/>\nJuan Manuel Dietrich<br \/>\nLautaro Fuhr<br \/>\nDT: Mat\u00edas Cappelletti<br \/>\nCambios: 71m Marcelo Trujillo por Salvi, 81m Cristian Weisbeck por R. Rojas y 86m Joaqu\u00edn Trujillo por Dietrich.<br \/>\nSuplentes: Mat\u00edas Crunger y Maximiliano Platz.<br \/>\n<strong>GOLES.<\/strong> Primer tiempo: 21m Franco Cavalier (P) y 42m Alexis \u00c1vila (A). Segundo tiempo: 2m Joaqu\u00edn Salvi (P).<br \/>\n<strong>\u00c1RBITRO:<\/strong> Cristian Arce (4) de Olavarr\u00eda.<br \/>\n<strong>CANCHA: <\/strong>\u201cRub\u00e9n Segu\u00ed\u201d (Boca)<br \/>\n&nbsp;<\/p>\n","protected":false},"excerpt":{"rendered":"<p>httpv:\/\/www.youtube.com\/watch?v=FW9ypSeH4z4 Pe\u00f1arol le gan\u00f3 a Automoto en un partido picante, tenso y hasta violento adentro y afuera de la cancha. Fue 2 a 1 con goles de Cavalier y Salvi para ganar el Clausura y alcanzar el repechaje contra Deportivo Sarmiento. Con oficio, aunque sufriendo un poco en el final, Pe\u00f1arol dio ayer un paso [&hellip;]<\/p>\n","protected":false},"author":1,"featured_media":0,"comment_status":"closed","ping_status":"open","sticky":false,"template":"","format":"standard","meta":{"footnotes":""},"categories":[60,52],"tags":[],"class_list":["post-16526","post","type-post","status-publish","format-standard","hentry","category-deporte","category-destacadas"],"yoast_head":"<!-- This site is optimized with the Yoast SEO plugin v19.7.1 - https:\/\/yoast.com\/wordpress\/plugins\/seo\/ -->\n<title>PE\u00d1AROL TERMINO CON LA ILUSI\u00d3N DEL AZULGRANA DE TORNQUIST (Compacto del Partido) - CELTTV<\/title>\n<meta name=\"description\" content=\"Sitio web de noticias de la localidad de Tornquist, provincia de Buenos Aires, Rep\u00fablica Argentina. Contenido propio originado por periodistas de CELTTV, el canal de TV local de la Cooperativa El\u00e9ctrica de Tornquist. Turismo, Pol\u00edtica, Sociedad, Deporte, Cultura y todo el contenido de inter\u00e9s general que la gente del pueblo y la regi\u00f3n debe conocer.\" \/>\n<meta name=\"robots\" content=\"index, follow, max-snippet:-1, max-image-preview:large, max-video-preview:-1\" \/>\n<link rel=\"canonical\" href=\"https:\/\/www.celttv.com.ar\/index.php\/2013\/12\/18\/penarol-termino-con-la-ilusion-del-azulgrana-de-tornquist-compacto-del-partido\/\" \/>\n<meta property=\"og:locale\" content=\"es_ES\" \/>\n<meta property=\"og:type\" content=\"article\" \/>\n<meta property=\"og:title\" content=\"PE\u00d1AROL TERMINO CON LA ILUSI\u00d3N DEL AZULGRANA DE TORNQUIST (Compacto del Partido) - CELTTV\" \/>\n<meta property=\"og:description\" content=\"Sitio web de noticias de la localidad de Tornquist, provincia de Buenos Aires, Rep\u00fablica Argentina. Contenido propio originado por periodistas de CELTTV, el canal de TV local de la Cooperativa El\u00e9ctrica de Tornquist. Turismo, Pol\u00edtica, Sociedad, Deporte, Cultura y todo el contenido de inter\u00e9s general que la gente del pueblo y la regi\u00f3n debe conocer.\" \/>\n<meta property=\"og:url\" content=\"https:\/\/www.celttv.com.ar\/index.php\/2013\/12\/18\/penarol-termino-con-la-ilusion-del-azulgrana-de-tornquist-compacto-del-partido\/\" \/>\n<meta property=\"og:site_name\" content=\"CELTTV\" \/>\n<meta property=\"article:publisher\" content=\"https:\/\/www.facebook.com\/celtTV\/\" \/>\n<meta property=\"article:published_time\" content=\"2013-12-18T19:22:29+00:00\" \/>\n<meta name=\"author\" content=\"ulises\" \/>\n<meta name=\"twitter:card\" content=\"summary_large_image\" \/>\n<meta name=\"twitter:label1\" content=\"Escrito por\" \/>\n\t<meta name=\"twitter:data1\" content=\"ulises\" \/>\n\t<meta name=\"twitter:label2\" content=\"Tiempo de lectura\" \/>\n\t<meta name=\"twitter:data2\" content=\"4 minutos\" \/>\n<script type=\"application\/ld+json\" class=\"yoast-schema-graph\">{\"@context\":\"https:\/\/schema.org\",\"@graph\":[{\"@type\":\"NewsArticle\",\"@id\":\"https:\/\/www.celttv.com.ar\/index.php\/2013\/12\/18\/penarol-termino-con-la-ilusion-del-azulgrana-de-tornquist-compacto-del-partido\/#article\",\"isPartOf\":{\"@id\":\"https:\/\/www.celttv.com.ar\/index.php\/2013\/12\/18\/penarol-termino-con-la-ilusion-del-azulgrana-de-tornquist-compacto-del-partido\/\"},\"author\":{\"name\":\"ulises\",\"@id\":\"https:\/\/www.celttv.com.ar\/#\/schema\/person\/6d99c072dba59953809c81446e9d0ace\"},\"headline\":\"PE\u00d1AROL TERMINO CON LA ILUSI\u00d3N DEL AZULGRANA DE TORNQUIST (Compacto del Partido)\",\"datePublished\":\"2013-12-18T19:22:29+00:00\",\"dateModified\":\"2013-12-18T19:22:29+00:00\",\"mainEntityOfPage\":{\"@id\":\"https:\/\/www.celttv.com.ar\/index.php\/2013\/12\/18\/penarol-termino-con-la-ilusion-del-azulgrana-de-tornquist-compacto-del-partido\/\"},\"wordCount\":913,\"publisher\":{\"@id\":\"https:\/\/www.celttv.com.ar\/#organization\"},\"articleSection\":[\"Deporte\",\"Destacadas\"],\"inLanguage\":\"es\"},{\"@type\":\"WebPage\",\"@id\":\"https:\/\/www.celttv.com.ar\/index.php\/2013\/12\/18\/penarol-termino-con-la-ilusion-del-azulgrana-de-tornquist-compacto-del-partido\/\",\"url\":\"https:\/\/www.celttv.com.ar\/index.php\/2013\/12\/18\/penarol-termino-con-la-ilusion-del-azulgrana-de-tornquist-compacto-del-partido\/\",\"name\":\"PE\u00d1AROL TERMINO CON LA ILUSI\u00d3N DEL AZULGRANA DE TORNQUIST (Compacto del Partido) - CELTTV\",\"isPartOf\":{\"@id\":\"https:\/\/www.celttv.com.ar\/#website\"},\"datePublished\":\"2013-12-18T19:22:29+00:00\",\"dateModified\":\"2013-12-18T19:22:29+00:00\",\"description\":\"Sitio web de noticias de la localidad de Tornquist, provincia de Buenos Aires, Rep\u00fablica Argentina. Contenido propio originado por periodistas de CELTTV, el canal de TV local de la Cooperativa El\u00e9ctrica de Tornquist. Turismo, Pol\u00edtica, Sociedad, Deporte, Cultura y todo el contenido de inter\u00e9s general que la gente del pueblo y la regi\u00f3n debe conocer.\",\"breadcrumb\":{\"@id\":\"https:\/\/www.celttv.com.ar\/index.php\/2013\/12\/18\/penarol-termino-con-la-ilusion-del-azulgrana-de-tornquist-compacto-del-partido\/#breadcrumb\"},\"inLanguage\":\"es\",\"potentialAction\":[{\"@type\":\"ReadAction\",\"target\":[\"https:\/\/www.celttv.com.ar\/index.php\/2013\/12\/18\/penarol-termino-con-la-ilusion-del-azulgrana-de-tornquist-compacto-del-partido\/\"]}]},{\"@type\":\"BreadcrumbList\",\"@id\":\"https:\/\/www.celttv.com.ar\/index.php\/2013\/12\/18\/penarol-termino-con-la-ilusion-del-azulgrana-de-tornquist-compacto-del-partido\/#breadcrumb\",\"itemListElement\":[{\"@type\":\"ListItem\",\"position\":1,\"name\":\"Inicio\",\"item\":\"https:\/\/www.celttv.com.ar\/\"},{\"@type\":\"ListItem\",\"position\":2,\"name\":\"PE\u00d1AROL TERMINO CON LA ILUSI\u00d3N DEL AZULGRANA DE TORNQUIST (Compacto del Partido)\"}]},{\"@type\":\"WebSite\",\"@id\":\"https:\/\/www.celttv.com.ar\/#website\",\"url\":\"https:\/\/www.celttv.com.ar\/\",\"name\":\"CELTTV\",\"description\":\"Cooperativa El\u00e9ctrica de Tornquist\",\"publisher\":{\"@id\":\"https:\/\/www.celttv.com.ar\/#organization\"},\"potentialAction\":[{\"@type\":\"SearchAction\",\"target\":{\"@type\":\"EntryPoint\",\"urlTemplate\":\"https:\/\/www.celttv.com.ar\/?s={search_term_string}\"},\"query-input\":\"required name=search_term_string\"}],\"inLanguage\":\"es\"},{\"@type\":\"Organization\",\"@id\":\"https:\/\/www.celttv.com.ar\/#organization\",\"name\":\"CELTTV\",\"url\":\"https:\/\/www.celttv.com.ar\/\",\"sameAs\":[\"https:\/\/www.youtube.com\/channel\/UCz_oIt8Hig64Ub-EmcNPIhg\",\"https:\/\/www.facebook.com\/celtTV\/\"],\"logo\":{\"@type\":\"ImageObject\",\"inLanguage\":\"es\",\"@id\":\"https:\/\/www.celttv.com.ar\/#\/schema\/logo\/image\/\",\"url\":\"http:\/\/www.celttv.com.ar\/wp-content\/uploads\/2022\/08\/logo-1.png\",\"contentUrl\":\"http:\/\/www.celttv.com.ar\/wp-content\/uploads\/2022\/08\/logo-1.png\",\"width\":461,\"height\":159,\"caption\":\"CELTTV\"},\"image\":{\"@id\":\"https:\/\/www.celttv.com.ar\/#\/schema\/logo\/image\/\"}},{\"@type\":\"Person\",\"@id\":\"https:\/\/www.celttv.com.ar\/#\/schema\/person\/6d99c072dba59953809c81446e9d0ace\",\"name\":\"ulises\",\"image\":{\"@type\":\"ImageObject\",\"inLanguage\":\"es\",\"@id\":\"https:\/\/www.celttv.com.ar\/#\/schema\/person\/image\/\",\"url\":\"https:\/\/secure.gravatar.com\/avatar\/7f2c48bdc33b30088f941fb6082e555f2874c98e20cb159d7b92b50eadfce793?s=96&d=mm&r=g\",\"contentUrl\":\"https:\/\/secure.gravatar.com\/avatar\/7f2c48bdc33b30088f941fb6082e555f2874c98e20cb159d7b92b50eadfce793?s=96&d=mm&r=g\",\"caption\":\"ulises\"},\"sameAs\":[\"http:\/\/www.celttv.com.ar\"]}]}<\/script>\n<!-- \/ Yoast SEO plugin. -->","yoast_head_json":{"title":"PE\u00d1AROL TERMINO CON LA ILUSI\u00d3N DEL AZULGRANA DE TORNQUIST (Compacto del Partido) - CELTTV","description":"Sitio web de noticias de la localidad de Tornquist, provincia de Buenos Aires, Rep\u00fablica Argentina. Contenido propio originado por periodistas de CELTTV, el canal de TV local de la Cooperativa El\u00e9ctrica de Tornquist. Turismo, Pol\u00edtica, Sociedad, Deporte, Cultura y todo el contenido de inter\u00e9s general que la gente del pueblo y la regi\u00f3n debe conocer.","robots":{"index":"index","follow":"follow","max-snippet":"max-snippet:-1","max-image-preview":"max-image-preview:large","max-video-preview":"max-video-preview:-1"},"canonical":"https:\/\/www.celttv.com.ar\/index.php\/2013\/12\/18\/penarol-termino-con-la-ilusion-del-azulgrana-de-tornquist-compacto-del-partido\/","og_locale":"es_ES","og_type":"article","og_title":"PE\u00d1AROL TERMINO CON LA ILUSI\u00d3N DEL AZULGRANA DE TORNQUIST (Compacto del Partido) - CELTTV","og_description":"Sitio web de noticias de la localidad de Tornquist, provincia de Buenos Aires, Rep\u00fablica Argentina. Contenido propio originado por periodistas de CELTTV, el canal de TV local de la Cooperativa El\u00e9ctrica de Tornquist. Turismo, Pol\u00edtica, Sociedad, Deporte, Cultura y todo el contenido de inter\u00e9s general que la gente del pueblo y la regi\u00f3n debe conocer.","og_url":"https:\/\/www.celttv.com.ar\/index.php\/2013\/12\/18\/penarol-termino-con-la-ilusion-del-azulgrana-de-tornquist-compacto-del-partido\/","og_site_name":"CELTTV","article_publisher":"https:\/\/www.facebook.com\/celtTV\/","article_published_time":"2013-12-18T19:22:29+00:00","author":"ulises","twitter_card":"summary_large_image","twitter_misc":{"Escrito por":"ulises","Tiempo de lectura":"4 minutos"},"schema":{"@context":"https:\/\/schema.org","@graph":[{"@type":"NewsArticle","@id":"https:\/\/www.celttv.com.ar\/index.php\/2013\/12\/18\/penarol-termino-con-la-ilusion-del-azulgrana-de-tornquist-compacto-del-partido\/#article","isPartOf":{"@id":"https:\/\/www.celttv.com.ar\/index.php\/2013\/12\/18\/penarol-termino-con-la-ilusion-del-azulgrana-de-tornquist-compacto-del-partido\/"},"author":{"name":"ulises","@id":"https:\/\/www.celttv.com.ar\/#\/schema\/person\/6d99c072dba59953809c81446e9d0ace"},"headline":"PE\u00d1AROL TERMINO CON LA ILUSI\u00d3N DEL AZULGRANA DE TORNQUIST (Compacto del Partido)","datePublished":"2013-12-18T19:22:29+00:00","dateModified":"2013-12-18T19:22:29+00:00","mainEntityOfPage":{"@id":"https:\/\/www.celttv.com.ar\/index.php\/2013\/12\/18\/penarol-termino-con-la-ilusion-del-azulgrana-de-tornquist-compacto-del-partido\/"},"wordCount":913,"publisher":{"@id":"https:\/\/www.celttv.com.ar\/#organization"},"articleSection":["Deporte","Destacadas"],"inLanguage":"es"},{"@type":"WebPage","@id":"https:\/\/www.celttv.com.ar\/index.php\/2013\/12\/18\/penarol-termino-con-la-ilusion-del-azulgrana-de-tornquist-compacto-del-partido\/","url":"https:\/\/www.celttv.com.ar\/index.php\/2013\/12\/18\/penarol-termino-con-la-ilusion-del-azulgrana-de-tornquist-compacto-del-partido\/","name":"PE\u00d1AROL TERMINO CON LA ILUSI\u00d3N DEL AZULGRANA DE TORNQUIST (Compacto del Partido) - CELTTV","isPartOf":{"@id":"https:\/\/www.celttv.com.ar\/#website"},"datePublished":"2013-12-18T19:22:29+00:00","dateModified":"2013-12-18T19:22:29+00:00","description":"Sitio web de noticias de la localidad de Tornquist, provincia de Buenos Aires, Rep\u00fablica Argentina. Contenido propio originado por periodistas de CELTTV, el canal de TV local de la Cooperativa El\u00e9ctrica de Tornquist. Turismo, Pol\u00edtica, Sociedad, Deporte, Cultura y todo el contenido de inter\u00e9s general que la gente del pueblo y la regi\u00f3n debe conocer.","breadcrumb":{"@id":"https:\/\/www.celttv.com.ar\/index.php\/2013\/12\/18\/penarol-termino-con-la-ilusion-del-azulgrana-de-tornquist-compacto-del-partido\/#breadcrumb"},"inLanguage":"es","potentialAction":[{"@type":"ReadAction","target":["https:\/\/www.celttv.com.ar\/index.php\/2013\/12\/18\/penarol-termino-con-la-ilusion-del-azulgrana-de-tornquist-compacto-del-partido\/"]}]},{"@type":"BreadcrumbList","@id":"https:\/\/www.celttv.com.ar\/index.php\/2013\/12\/18\/penarol-termino-con-la-ilusion-del-azulgrana-de-tornquist-compacto-del-partido\/#breadcrumb","itemListElement":[{"@type":"ListItem","position":1,"name":"Inicio","item":"https:\/\/www.celttv.com.ar\/"},{"@type":"ListItem","position":2,"name":"PE\u00d1AROL TERMINO CON LA ILUSI\u00d3N DEL AZULGRANA DE TORNQUIST (Compacto del Partido)"}]},{"@type":"WebSite","@id":"https:\/\/www.celttv.com.ar\/#website","url":"https:\/\/www.celttv.com.ar\/","name":"CELTTV","description":"Cooperativa El\u00e9ctrica de Tornquist","publisher":{"@id":"https:\/\/www.celttv.com.ar\/#organization"},"potentialAction":[{"@type":"SearchAction","target":{"@type":"EntryPoint","urlTemplate":"https:\/\/www.celttv.com.ar\/?s={search_term_string}"},"query-input":"required name=search_term_string"}],"inLanguage":"es"},{"@type":"Organization","@id":"https:\/\/www.celttv.com.ar\/#organization","name":"CELTTV","url":"https:\/\/www.celttv.com.ar\/","sameAs":["https:\/\/www.youtube.com\/channel\/UCz_oIt8Hig64Ub-EmcNPIhg","https:\/\/www.facebook.com\/celtTV\/"],"logo":{"@type":"ImageObject","inLanguage":"es","@id":"https:\/\/www.celttv.com.ar\/#\/schema\/logo\/image\/","url":"http:\/\/www.celttv.com.ar\/wp-content\/uploads\/2022\/08\/logo-1.png","contentUrl":"http:\/\/www.celttv.com.ar\/wp-content\/uploads\/2022\/08\/logo-1.png","width":461,"height":159,"caption":"CELTTV"},"image":{"@id":"https:\/\/www.celttv.com.ar\/#\/schema\/logo\/image\/"}},{"@type":"Person","@id":"https:\/\/www.celttv.com.ar\/#\/schema\/person\/6d99c072dba59953809c81446e9d0ace","name":"ulises","image":{"@type":"ImageObject","inLanguage":"es","@id":"https:\/\/www.celttv.com.ar\/#\/schema\/person\/image\/","url":"https:\/\/secure.gravatar.com\/avatar\/7f2c48bdc33b30088f941fb6082e555f2874c98e20cb159d7b92b50eadfce793?s=96&d=mm&r=g","contentUrl":"https:\/\/secure.gravatar.com\/avatar\/7f2c48bdc33b30088f941fb6082e555f2874c98e20cb159d7b92b50eadfce793?s=96&d=mm&r=g","caption":"ulises"},"sameAs":["http:\/\/www.celttv.com.ar"]}]}},"_links":{"self":[{"href":"https:\/\/www.celttv.com.ar\/index.php\/wp-json\/wp\/v2\/posts\/16526","targetHints":{"allow":["GET"]}}],"collection":[{"href":"https:\/\/www.celttv.com.ar\/index.php\/wp-json\/wp\/v2\/posts"}],"about":[{"href":"https:\/\/www.celttv.com.ar\/index.php\/wp-json\/wp\/v2\/types\/post"}],"author":[{"embeddable":true,"href":"https:\/\/www.celttv.com.ar\/index.php\/wp-json\/wp\/v2\/users\/1"}],"replies":[{"embeddable":true,"href":"https:\/\/www.celttv.com.ar\/index.php\/wp-json\/wp\/v2\/comments?post=16526"}],"version-history":[{"count":0,"href":"https:\/\/www.celttv.com.ar\/index.php\/wp-json\/wp\/v2\/posts\/16526\/revisions"}],"wp:attachment":[{"href":"https:\/\/www.celttv.com.ar\/index.php\/wp-json\/wp\/v2\/media?parent=16526"}],"wp:term":[{"taxonomy":"category","embeddable":true,"href":"https:\/\/www.celttv.com.ar\/index.php\/wp-json\/wp\/v2\/categories?post=16526"},{"taxonomy":"post_tag","embeddable":true,"href":"https:\/\/www.celttv.com.ar\/index.php\/wp-json\/wp\/v2\/tags?post=16526"}],"curies":[{"name":"wp","href":"https:\/\/api.w.org\/{rel}","templated":true}]}}