{"id":16533,"date":"2013-12-18T22:55:20","date_gmt":"2013-12-18T22:55:20","guid":{"rendered":"http:\/\/www.tvcnoticias.com.ar\/?p=16533"},"modified":"2013-12-18T22:55:20","modified_gmt":"2013-12-18T22:55:20","slug":"allanamiento-positivo-en-sierra-de-la-ventana-por-tenencia-ilegal-de-arma-y-amenazas-calificadas","status":"publish","type":"post","link":"https:\/\/www.celttv.com.ar\/index.php\/2013\/12\/18\/allanamiento-positivo-en-sierra-de-la-ventana-por-tenencia-ilegal-de-arma-y-amenazas-calificadas\/","title":{"rendered":"ALLANAMIENTO POSITIVO EN SIERRA DE LA VENTANA POR TENENCIA ILEGAL DE ARMA Y AMENAZAS CALIFICADAS"},"content":{"rendered":"<p><br \/>\nTENENCIA ILEGAL DE ARMA DE FUEGO Y AMENAZAS CALIFICADAS<br \/>\nPersonal de la Subestaci\u00f3n de Polic\u00eda Comunal Sierra de la Ventana realiz\u00f3 un allanamiento por tenencia ilegal de arma de fuego de uso civil y amenazas, resultando positivo, procedi\u00e9ndose a la aprehensi\u00f3n del ciudadano Gustavo Ernesto Molina de 52 a\u00f1os domiciliado en Galileo Galilei N\u00ba 36 de esta localidad serrana.<br \/>\nEl hecho fue denunciado por Adolfo Clemente Gette, argentino de 42 a\u00f1os de edad, de profesi\u00f3n changar\u00edn domiciliado en la misma localidad.<br \/>\nEn el operativo se procedi\u00f3 al secuestro de una arma de fuego tipo carabina calibre 22 marca Rubiextra con cargador y municiones completas, conproyectiles punta hueca mismo calibre y cinco cajas conteniendo proyectiles intactos cada caja.<br \/>\nTom\u00f3 intervenci\u00f3n la UFIJ N\u00ba 12 y la Ayudant\u00eda Fiscal del Distrito de Tornquist.<br \/>\nMolina, quien posee antecedentes penales y policiales, fue aprehendido y alojado en la seccional policial de Sierra de la Ventana. Tambi\u00e9n se inform\u00f3 que el arma de fuego secuestrada no posee documentaci\u00f3n alguna y el aprehendido no pudo acreditar su propiedad ni tenencia de la misma.<br \/>\nTom\u00f3 intervenci\u00f3n la Dra. Lelia Scavarda del Dpto. Judicial Bah\u00eda Blanca, la Ayudant\u00eda Fiscal del distrito de Tornquist y el Juez de Paz Letrado Dr. Francisco Jos\u00e9 Frizza.<br \/>\n&nbsp;<\/p>\n","protected":false},"excerpt":{"rendered":"<p>TENENCIA ILEGAL DE ARMA DE FUEGO Y AMENAZAS CALIFICADAS Personal de la Subestaci\u00f3n de Polic\u00eda Comunal Sierra de la Ventana realiz\u00f3 un allanamiento por tenencia ilegal de arma de fuego de uso civil y amenazas, resultando positivo, procedi\u00e9ndose a la aprehensi\u00f3n del ciudadano Gustavo Ernesto Molina de 52 a\u00f1os domiciliado en Galileo Galilei N\u00ba 36 [&hellip;]<\/p>\n","protected":false},"author":1,"featured_media":0,"comment_status":"closed","ping_status":"open","sticky":false,"template":"","format":"standard","meta":{"footnotes":""},"categories":[52,61],"tags":[],"class_list":["post-16533","post","type-post","status-publish","format-standard","hentry","category-destacadas","category-policiales"],"yoast_head":"<!-- This site is optimized with the Yoast SEO plugin v19.7.1 - https:\/\/yoast.com\/wordpress\/plugins\/seo\/ -->\n<title>ALLANAMIENTO POSITIVO EN SIERRA DE LA VENTANA POR TENENCIA ILEGAL DE ARMA Y AMENAZAS CALIFICADAS - CELTTV<\/title>\n<meta name=\"description\" content=\"Sitio web de noticias de la localidad de Tornquist, provincia de Buenos Aires, Rep\u00fablica Argentina. Contenido propio originado por periodistas de CELTTV, el canal de TV local de la Cooperativa El\u00e9ctrica de Tornquist. Turismo, Pol\u00edtica, Sociedad, Deporte, Cultura y todo el contenido de inter\u00e9s general que la gente del pueblo y la regi\u00f3n debe conocer.\" \/>\n<meta name=\"robots\" content=\"index, follow, max-snippet:-1, max-image-preview:large, max-video-preview:-1\" \/>\n<link rel=\"canonical\" href=\"https:\/\/www.celttv.com.ar\/index.php\/2013\/12\/18\/allanamiento-positivo-en-sierra-de-la-ventana-por-tenencia-ilegal-de-arma-y-amenazas-calificadas\/\" \/>\n<meta property=\"og:locale\" content=\"es_ES\" \/>\n<meta property=\"og:type\" content=\"article\" \/>\n<meta property=\"og:title\" content=\"ALLANAMIENTO POSITIVO EN SIERRA DE LA VENTANA POR TENENCIA ILEGAL DE ARMA Y AMENAZAS CALIFICADAS - CELTTV\" \/>\n<meta property=\"og:description\" content=\"Sitio web de noticias de la localidad de Tornquist, provincia de Buenos Aires, Rep\u00fablica Argentina. Contenido propio originado por periodistas de CELTTV, el canal de TV local de la Cooperativa El\u00e9ctrica de Tornquist. Turismo, Pol\u00edtica, Sociedad, Deporte, Cultura y todo el contenido de inter\u00e9s general que la gente del pueblo y la regi\u00f3n debe conocer.\" \/>\n<meta property=\"og:url\" content=\"https:\/\/www.celttv.com.ar\/index.php\/2013\/12\/18\/allanamiento-positivo-en-sierra-de-la-ventana-por-tenencia-ilegal-de-arma-y-amenazas-calificadas\/\" \/>\n<meta property=\"og:site_name\" content=\"CELTTV\" \/>\n<meta property=\"article:publisher\" content=\"https:\/\/www.facebook.com\/celtTV\/\" \/>\n<meta property=\"article:published_time\" content=\"2013-12-18T22:55:20+00:00\" \/>\n<meta name=\"author\" content=\"ulises\" \/>\n<meta name=\"twitter:card\" content=\"summary_large_image\" \/>\n<meta name=\"twitter:label1\" content=\"Escrito por\" \/>\n\t<meta name=\"twitter:data1\" content=\"ulises\" \/>\n\t<meta name=\"twitter:label2\" content=\"Tiempo de lectura\" \/>\n\t<meta name=\"twitter:data2\" content=\"1 minuto\" \/>\n<script type=\"application\/ld+json\" class=\"yoast-schema-graph\">{\"@context\":\"https:\/\/schema.org\",\"@graph\":[{\"@type\":\"NewsArticle\",\"@id\":\"https:\/\/www.celttv.com.ar\/index.php\/2013\/12\/18\/allanamiento-positivo-en-sierra-de-la-ventana-por-tenencia-ilegal-de-arma-y-amenazas-calificadas\/#article\",\"isPartOf\":{\"@id\":\"https:\/\/www.celttv.com.ar\/index.php\/2013\/12\/18\/allanamiento-positivo-en-sierra-de-la-ventana-por-tenencia-ilegal-de-arma-y-amenazas-calificadas\/\"},\"author\":{\"name\":\"ulises\",\"@id\":\"https:\/\/www.celttv.com.ar\/#\/schema\/person\/6d99c072dba59953809c81446e9d0ace\"},\"headline\":\"ALLANAMIENTO POSITIVO EN SIERRA DE LA VENTANA POR TENENCIA ILEGAL DE ARMA Y AMENAZAS CALIFICADAS\",\"datePublished\":\"2013-12-18T22:55:20+00:00\",\"dateModified\":\"2013-12-18T22:55:20+00:00\",\"mainEntityOfPage\":{\"@id\":\"https:\/\/www.celttv.com.ar\/index.php\/2013\/12\/18\/allanamiento-positivo-en-sierra-de-la-ventana-por-tenencia-ilegal-de-arma-y-amenazas-calificadas\/\"},\"wordCount\":235,\"publisher\":{\"@id\":\"https:\/\/www.celttv.com.ar\/#organization\"},\"articleSection\":[\"Destacadas\",\"Policiales\"],\"inLanguage\":\"es\"},{\"@type\":\"WebPage\",\"@id\":\"https:\/\/www.celttv.com.ar\/index.php\/2013\/12\/18\/allanamiento-positivo-en-sierra-de-la-ventana-por-tenencia-ilegal-de-arma-y-amenazas-calificadas\/\",\"url\":\"https:\/\/www.celttv.com.ar\/index.php\/2013\/12\/18\/allanamiento-positivo-en-sierra-de-la-ventana-por-tenencia-ilegal-de-arma-y-amenazas-calificadas\/\",\"name\":\"ALLANAMIENTO POSITIVO EN SIERRA DE LA VENTANA POR TENENCIA ILEGAL DE ARMA Y AMENAZAS CALIFICADAS - CELTTV\",\"isPartOf\":{\"@id\":\"https:\/\/www.celttv.com.ar\/#website\"},\"datePublished\":\"2013-12-18T22:55:20+00:00\",\"dateModified\":\"2013-12-18T22:55:20+00:00\",\"description\":\"Sitio web de noticias de la localidad de Tornquist, provincia de Buenos Aires, Rep\u00fablica Argentina. Contenido propio originado por periodistas de CELTTV, el canal de TV local de la Cooperativa El\u00e9ctrica de Tornquist. Turismo, Pol\u00edtica, Sociedad, Deporte, Cultura y todo el contenido de inter\u00e9s general que la gente del pueblo y la regi\u00f3n debe conocer.\",\"breadcrumb\":{\"@id\":\"https:\/\/www.celttv.com.ar\/index.php\/2013\/12\/18\/allanamiento-positivo-en-sierra-de-la-ventana-por-tenencia-ilegal-de-arma-y-amenazas-calificadas\/#breadcrumb\"},\"inLanguage\":\"es\",\"potentialAction\":[{\"@type\":\"ReadAction\",\"target\":[\"https:\/\/www.celttv.com.ar\/index.php\/2013\/12\/18\/allanamiento-positivo-en-sierra-de-la-ventana-por-tenencia-ilegal-de-arma-y-amenazas-calificadas\/\"]}]},{\"@type\":\"BreadcrumbList\",\"@id\":\"https:\/\/www.celttv.com.ar\/index.php\/2013\/12\/18\/allanamiento-positivo-en-sierra-de-la-ventana-por-tenencia-ilegal-de-arma-y-amenazas-calificadas\/#breadcrumb\",\"itemListElement\":[{\"@type\":\"ListItem\",\"position\":1,\"name\":\"Inicio\",\"item\":\"https:\/\/www.celttv.com.ar\/\"},{\"@type\":\"ListItem\",\"position\":2,\"name\":\"ALLANAMIENTO POSITIVO EN SIERRA DE LA VENTANA POR TENENCIA ILEGAL DE ARMA Y AMENAZAS CALIFICADAS\"}]},{\"@type\":\"WebSite\",\"@id\":\"https:\/\/www.celttv.com.ar\/#website\",\"url\":\"https:\/\/www.celttv.com.ar\/\",\"name\":\"CELTTV\",\"description\":\"Cooperativa El\u00e9ctrica de Tornquist\",\"publisher\":{\"@id\":\"https:\/\/www.celttv.com.ar\/#organization\"},\"potentialAction\":[{\"@type\":\"SearchAction\",\"target\":{\"@type\":\"EntryPoint\",\"urlTemplate\":\"https:\/\/www.celttv.com.ar\/?s={search_term_string}\"},\"query-input\":\"required name=search_term_string\"}],\"inLanguage\":\"es\"},{\"@type\":\"Organization\",\"@id\":\"https:\/\/www.celttv.com.ar\/#organization\",\"name\":\"CELTTV\",\"url\":\"https:\/\/www.celttv.com.ar\/\",\"sameAs\":[\"https:\/\/www.youtube.com\/channel\/UCz_oIt8Hig64Ub-EmcNPIhg\",\"https:\/\/www.facebook.com\/celtTV\/\"],\"logo\":{\"@type\":\"ImageObject\",\"inLanguage\":\"es\",\"@id\":\"https:\/\/www.celttv.com.ar\/#\/schema\/logo\/image\/\",\"url\":\"http:\/\/www.celttv.com.ar\/wp-content\/uploads\/2022\/08\/logo-1.png\",\"contentUrl\":\"http:\/\/www.celttv.com.ar\/wp-content\/uploads\/2022\/08\/logo-1.png\",\"width\":461,\"height\":159,\"caption\":\"CELTTV\"},\"image\":{\"@id\":\"https:\/\/www.celttv.com.ar\/#\/schema\/logo\/image\/\"}},{\"@type\":\"Person\",\"@id\":\"https:\/\/www.celttv.com.ar\/#\/schema\/person\/6d99c072dba59953809c81446e9d0ace\",\"name\":\"ulises\",\"image\":{\"@type\":\"ImageObject\",\"inLanguage\":\"es\",\"@id\":\"https:\/\/www.celttv.com.ar\/#\/schema\/person\/image\/\",\"url\":\"https:\/\/secure.gravatar.com\/avatar\/7f2c48bdc33b30088f941fb6082e555f2874c98e20cb159d7b92b50eadfce793?s=96&d=mm&r=g\",\"contentUrl\":\"https:\/\/secure.gravatar.com\/avatar\/7f2c48bdc33b30088f941fb6082e555f2874c98e20cb159d7b92b50eadfce793?s=96&d=mm&r=g\",\"caption\":\"ulises\"},\"sameAs\":[\"http:\/\/www.celttv.com.ar\"]}]}<\/script>\n<!-- \/ Yoast SEO plugin. -->","yoast_head_json":{"title":"ALLANAMIENTO POSITIVO EN SIERRA DE LA VENTANA POR TENENCIA ILEGAL DE ARMA Y AMENAZAS CALIFICADAS - CELTTV","description":"Sitio web de noticias de la localidad de Tornquist, provincia de Buenos Aires, Rep\u00fablica Argentina. Contenido propio originado por periodistas de CELTTV, el canal de TV local de la Cooperativa El\u00e9ctrica de Tornquist. Turismo, Pol\u00edtica, Sociedad, Deporte, Cultura y todo el contenido de inter\u00e9s general que la gente del pueblo y la regi\u00f3n debe conocer.","robots":{"index":"index","follow":"follow","max-snippet":"max-snippet:-1","max-image-preview":"max-image-preview:large","max-video-preview":"max-video-preview:-1"},"canonical":"https:\/\/www.celttv.com.ar\/index.php\/2013\/12\/18\/allanamiento-positivo-en-sierra-de-la-ventana-por-tenencia-ilegal-de-arma-y-amenazas-calificadas\/","og_locale":"es_ES","og_type":"article","og_title":"ALLANAMIENTO POSITIVO EN SIERRA DE LA VENTANA POR TENENCIA ILEGAL DE ARMA Y AMENAZAS CALIFICADAS - CELTTV","og_description":"Sitio web de noticias de la localidad de Tornquist, provincia de Buenos Aires, Rep\u00fablica Argentina. Contenido propio originado por periodistas de CELTTV, el canal de TV local de la Cooperativa El\u00e9ctrica de Tornquist. Turismo, Pol\u00edtica, Sociedad, Deporte, Cultura y todo el contenido de inter\u00e9s general que la gente del pueblo y la regi\u00f3n debe conocer.","og_url":"https:\/\/www.celttv.com.ar\/index.php\/2013\/12\/18\/allanamiento-positivo-en-sierra-de-la-ventana-por-tenencia-ilegal-de-arma-y-amenazas-calificadas\/","og_site_name":"CELTTV","article_publisher":"https:\/\/www.facebook.com\/celtTV\/","article_published_time":"2013-12-18T22:55:20+00:00","author":"ulises","twitter_card":"summary_large_image","twitter_misc":{"Escrito por":"ulises","Tiempo de lectura":"1 minuto"},"schema":{"@context":"https:\/\/schema.org","@graph":[{"@type":"NewsArticle","@id":"https:\/\/www.celttv.com.ar\/index.php\/2013\/12\/18\/allanamiento-positivo-en-sierra-de-la-ventana-por-tenencia-ilegal-de-arma-y-amenazas-calificadas\/#article","isPartOf":{"@id":"https:\/\/www.celttv.com.ar\/index.php\/2013\/12\/18\/allanamiento-positivo-en-sierra-de-la-ventana-por-tenencia-ilegal-de-arma-y-amenazas-calificadas\/"},"author":{"name":"ulises","@id":"https:\/\/www.celttv.com.ar\/#\/schema\/person\/6d99c072dba59953809c81446e9d0ace"},"headline":"ALLANAMIENTO POSITIVO EN SIERRA DE LA VENTANA POR TENENCIA ILEGAL DE ARMA Y AMENAZAS CALIFICADAS","datePublished":"2013-12-18T22:55:20+00:00","dateModified":"2013-12-18T22:55:20+00:00","mainEntityOfPage":{"@id":"https:\/\/www.celttv.com.ar\/index.php\/2013\/12\/18\/allanamiento-positivo-en-sierra-de-la-ventana-por-tenencia-ilegal-de-arma-y-amenazas-calificadas\/"},"wordCount":235,"publisher":{"@id":"https:\/\/www.celttv.com.ar\/#organization"},"articleSection":["Destacadas","Policiales"],"inLanguage":"es"},{"@type":"WebPage","@id":"https:\/\/www.celttv.com.ar\/index.php\/2013\/12\/18\/allanamiento-positivo-en-sierra-de-la-ventana-por-tenencia-ilegal-de-arma-y-amenazas-calificadas\/","url":"https:\/\/www.celttv.com.ar\/index.php\/2013\/12\/18\/allanamiento-positivo-en-sierra-de-la-ventana-por-tenencia-ilegal-de-arma-y-amenazas-calificadas\/","name":"ALLANAMIENTO POSITIVO EN SIERRA DE LA VENTANA POR TENENCIA ILEGAL DE ARMA Y AMENAZAS CALIFICADAS - CELTTV","isPartOf":{"@id":"https:\/\/www.celttv.com.ar\/#website"},"datePublished":"2013-12-18T22:55:20+00:00","dateModified":"2013-12-18T22:55:20+00:00","description":"Sitio web de noticias de la localidad de Tornquist, provincia de Buenos Aires, Rep\u00fablica Argentina. Contenido propio originado por periodistas de CELTTV, el canal de TV local de la Cooperativa El\u00e9ctrica de Tornquist. Turismo, Pol\u00edtica, Sociedad, Deporte, Cultura y todo el contenido de inter\u00e9s general que la gente del pueblo y la regi\u00f3n debe conocer.","breadcrumb":{"@id":"https:\/\/www.celttv.com.ar\/index.php\/2013\/12\/18\/allanamiento-positivo-en-sierra-de-la-ventana-por-tenencia-ilegal-de-arma-y-amenazas-calificadas\/#breadcrumb"},"inLanguage":"es","potentialAction":[{"@type":"ReadAction","target":["https:\/\/www.celttv.com.ar\/index.php\/2013\/12\/18\/allanamiento-positivo-en-sierra-de-la-ventana-por-tenencia-ilegal-de-arma-y-amenazas-calificadas\/"]}]},{"@type":"BreadcrumbList","@id":"https:\/\/www.celttv.com.ar\/index.php\/2013\/12\/18\/allanamiento-positivo-en-sierra-de-la-ventana-por-tenencia-ilegal-de-arma-y-amenazas-calificadas\/#breadcrumb","itemListElement":[{"@type":"ListItem","position":1,"name":"Inicio","item":"https:\/\/www.celttv.com.ar\/"},{"@type":"ListItem","position":2,"name":"ALLANAMIENTO POSITIVO EN SIERRA DE LA VENTANA POR TENENCIA ILEGAL DE ARMA Y AMENAZAS CALIFICADAS"}]},{"@type":"WebSite","@id":"https:\/\/www.celttv.com.ar\/#website","url":"https:\/\/www.celttv.com.ar\/","name":"CELTTV","description":"Cooperativa El\u00e9ctrica de Tornquist","publisher":{"@id":"https:\/\/www.celttv.com.ar\/#organization"},"potentialAction":[{"@type":"SearchAction","target":{"@type":"EntryPoint","urlTemplate":"https:\/\/www.celttv.com.ar\/?s={search_term_string}"},"query-input":"required name=search_term_string"}],"inLanguage":"es"},{"@type":"Organization","@id":"https:\/\/www.celttv.com.ar\/#organization","name":"CELTTV","url":"https:\/\/www.celttv.com.ar\/","sameAs":["https:\/\/www.youtube.com\/channel\/UCz_oIt8Hig64Ub-EmcNPIhg","https:\/\/www.facebook.com\/celtTV\/"],"logo":{"@type":"ImageObject","inLanguage":"es","@id":"https:\/\/www.celttv.com.ar\/#\/schema\/logo\/image\/","url":"http:\/\/www.celttv.com.ar\/wp-content\/uploads\/2022\/08\/logo-1.png","contentUrl":"http:\/\/www.celttv.com.ar\/wp-content\/uploads\/2022\/08\/logo-1.png","width":461,"height":159,"caption":"CELTTV"},"image":{"@id":"https:\/\/www.celttv.com.ar\/#\/schema\/logo\/image\/"}},{"@type":"Person","@id":"https:\/\/www.celttv.com.ar\/#\/schema\/person\/6d99c072dba59953809c81446e9d0ace","name":"ulises","image":{"@type":"ImageObject","inLanguage":"es","@id":"https:\/\/www.celttv.com.ar\/#\/schema\/person\/image\/","url":"https:\/\/secure.gravatar.com\/avatar\/7f2c48bdc33b30088f941fb6082e555f2874c98e20cb159d7b92b50eadfce793?s=96&d=mm&r=g","contentUrl":"https:\/\/secure.gravatar.com\/avatar\/7f2c48bdc33b30088f941fb6082e555f2874c98e20cb159d7b92b50eadfce793?s=96&d=mm&r=g","caption":"ulises"},"sameAs":["http:\/\/www.celttv.com.ar"]}]}},"_links":{"self":[{"href":"https:\/\/www.celttv.com.ar\/index.php\/wp-json\/wp\/v2\/posts\/16533","targetHints":{"allow":["GET"]}}],"collection":[{"href":"https:\/\/www.celttv.com.ar\/index.php\/wp-json\/wp\/v2\/posts"}],"about":[{"href":"https:\/\/www.celttv.com.ar\/index.php\/wp-json\/wp\/v2\/types\/post"}],"author":[{"embeddable":true,"href":"https:\/\/www.celttv.com.ar\/index.php\/wp-json\/wp\/v2\/users\/1"}],"replies":[{"embeddable":true,"href":"https:\/\/www.celttv.com.ar\/index.php\/wp-json\/wp\/v2\/comments?post=16533"}],"version-history":[{"count":0,"href":"https:\/\/www.celttv.com.ar\/index.php\/wp-json\/wp\/v2\/posts\/16533\/revisions"}],"wp:attachment":[{"href":"https:\/\/www.celttv.com.ar\/index.php\/wp-json\/wp\/v2\/media?parent=16533"}],"wp:term":[{"taxonomy":"category","embeddable":true,"href":"https:\/\/www.celttv.com.ar\/index.php\/wp-json\/wp\/v2\/categories?post=16533"},{"taxonomy":"post_tag","embeddable":true,"href":"https:\/\/www.celttv.com.ar\/index.php\/wp-json\/wp\/v2\/tags?post=16533"}],"curies":[{"name":"wp","href":"https:\/\/api.w.org\/{rel}","templated":true}]}}