{"id":16538,"date":"2013-12-19T00:00:19","date_gmt":"2013-12-19T00:00:19","guid":{"rendered":"http:\/\/www.tvcnoticias.com.ar\/?p=16538"},"modified":"2013-12-19T00:00:19","modified_gmt":"2013-12-19T00:00:19","slug":"dos-fiestas-de-nuestro-distrito-fueron-presentadas-en-capital-federal","status":"publish","type":"post","link":"https:\/\/www.celttv.com.ar\/index.php\/2013\/12\/19\/dos-fiestas-de-nuestro-distrito-fueron-presentadas-en-capital-federal\/","title":{"rendered":"DOS FIESTAS DE NUESTRO DISTRITO FUERON PRESENTADAS EN CAPITAL FEDERAL"},"content":{"rendered":"<p>Importante difusi\u00f3n para la Comarca, con la presencia del intendente Gustavo Trankels.<br \/>\n<br \/>\nUna jornada por dem\u00e1s especial se vivi\u00f3 hoy en la Casa de la Provincia de Buenos Aires en la Ciudad Aut\u00f3noma de Buenos Aires, donde se desarroll\u00f3 el lanzamiento de las fiestas provinciales de Reyes Magos (3, 4 y 5 de enero) y Las Golondrinas (11 y 12 de enero), dos de las celebraciones m\u00e1s cl\u00e1sicas que posee nuestro distrito.<br \/>\nLa presentaci\u00f3n cont\u00f3 con la participaci\u00f3n del intendente municipal, licenciado Gustavo Trankels; el subsecretario de la Secretar\u00eda de Turismo de Buenos Aires, licenciado Roberto D\u00edaz; el Subsecretario de Casas de la Provincia, Rodolfo Valenta; el Director de Fiestas Populares bonaerense, H\u00e9ctor Griffini; Mara Guti\u00e9rrez y Jorge Savisky, integrantes de la comisi\u00f3n organizadora; y Rosana Cardoso, presidente de la Asociaci\u00f3n para el Desarrollo Tur\u00edstico de Sierra de la Ventana.<br \/>\n\u201cEstas dos fiestas son muy importantes para nuestras comunidades, por eso es trascendente realizar la presentaci\u00f3n en la Casa de la Provincia. Estamos acompa\u00f1ados por integrantes de la comisi\u00f3n organizadora de la Fiesta Provincial de Reyes Magos, que son vecinos que quieren transmitir esta fiesta maravillosa, que desde hace 50 a\u00f1os dibuja sonrisas en los chicos. Hay una transmisi\u00f3n cultural muy fuerte, que se convirti\u00f3 tambi\u00e9n en un atractivo tur\u00edstico\u201d, enfatiz\u00f3 Trankels.<br \/>\n\u201cCon respecto a la Fiesta de la Golondrina, tambi\u00e9n tiene un marco muy familiar, con la presentaci\u00f3n de artistas locales, regionales y de renombre nacional e internacional. Es ideal para el disfrute de la familia y tiene shows para todos los gustos\u201d, a\u00f1adi\u00f3.<br \/>\nEl jefe comunal destac\u00f3 a los vecinos que vienen trabajando fuertemente en la organizaci\u00f3n de los festejos, al tiempo que agradeci\u00f3 el compromiso y la predisposici\u00f3n del gobernador Daniel Scioli, a Ignacio Crotto, a Rodolfo Valenta, a Roberto D\u00edaz, a H\u00e9ctor Griffini y a todos el equipo de trabajo de la Casa de la Provincia, que permitieron desarrollar la presentaci\u00f3n. Adem\u00e1s, describi\u00f3 las bondades tur\u00edsticas de la Comarca.<br \/>\nDurante el lanzamiento, se observaron dos videos (uno de cada una de las fiestas) y se degustaron productos regionales de nuestro distrito, como vinos, alfajores, chocolates y jam\u00f3n serrano, cedidos gentilmente por los prestadores.<br \/>\n\u201cEs una alegr\u00eda que est\u00e9n representados distintos sectores del distrito de Tornquist en esta presentaci\u00f3n. Las dos fiestas son espectaculares, con un marco paisaj\u00edstico tremendo. Toda la Comarca se est\u00e1 posicionando hace muchos a\u00f1os, con el trabajo que vienen realizando desde el Municipio y el sector privado. La Provincia estar\u00e1 acompa\u00f1ando como siempre y le recomendamos a todas las familias que concurran\u201d, expres\u00f3 Roberto D\u00edaz.<br \/>\nPor su parte, Mara Guti\u00e9rrez, se refiri\u00f3 espec\u00edficamente a la organizaci\u00f3n de la Fiesta de Reyes y destac\u00f3 el trabajo que se viene realizando para que la misma sea un \u00e9xito.<br \/>\n\u201cSomos un grupo de vecinos que decidimos trabajar para festejar los 50 a\u00f1os de la fiesta. Nos reunimos con Gustavo, que nos brind\u00f3 todo el apoyo. Lo lindo de esta celebraci\u00f3n es que est\u00e1 dedicada a los ni\u00f1os y que el sector privado y el p\u00fablico pueden estar trabajando juntos. La emoci\u00f3n de ver a los reyes magos se transmite. Este a\u00f1o, por ser la edici\u00f3n n\u00famero 50, vamos a contar con shows especiales, como El Bahiano\u201d, destac\u00f3.<br \/>\nFinalmente, Valenta agradeci\u00f3 la elecci\u00f3n de la dependencia bonaerense para presentar la fiesta.<br \/>\n\u201cPara m\u00ed es una alegr\u00eda recibir al intendente Trankels y a la gente de la organizaci\u00f3n a esta Casa, que el gobernador Daniel Scioli quiere que se encuentre a disposici\u00f3n de los municipios, para que expongan sus productos culturales y tur\u00edsticos. Le quiero agradecer al jefe comunal que haya elegido nuestra casa para exponer esta celebraci\u00f3n, que posee tanto sentimiento familiar, al igual que la de la Golondrina\u201d, explic\u00f3.<br \/>\n&nbsp;<\/p>\n","protected":false},"excerpt":{"rendered":"<p>Importante difusi\u00f3n para la Comarca, con la presencia del intendente Gustavo Trankels. Una jornada por dem\u00e1s especial se vivi\u00f3 hoy en la Casa de la Provincia de Buenos Aires en la Ciudad Aut\u00f3noma de Buenos Aires, donde se desarroll\u00f3 el lanzamiento de las fiestas provinciales de Reyes Magos (3, 4 y 5 de enero) y [&hellip;]<\/p>\n","protected":false},"author":1,"featured_media":0,"comment_status":"closed","ping_status":"open","sticky":false,"template":"","format":"standard","meta":{"footnotes":""},"categories":[51,52,56,53],"tags":[],"class_list":["post-16538","post","type-post","status-publish","format-standard","hentry","category-comunidad","category-destacadas","category-espectaculos","category-politica"],"yoast_head":"<!-- This site is optimized with the Yoast SEO plugin v19.7.1 - https:\/\/yoast.com\/wordpress\/plugins\/seo\/ -->\n<title>DOS FIESTAS DE NUESTRO DISTRITO FUERON PRESENTADAS EN CAPITAL FEDERAL - CELTTV<\/title>\n<meta name=\"description\" content=\"Sitio web de noticias de la localidad de Tornquist, provincia de Buenos Aires, Rep\u00fablica Argentina. Contenido propio originado por periodistas de CELTTV, el canal de TV local de la Cooperativa El\u00e9ctrica de Tornquist. Turismo, Pol\u00edtica, Sociedad, Deporte, Cultura y todo el contenido de inter\u00e9s general que la gente del pueblo y la regi\u00f3n debe conocer.\" \/>\n<meta name=\"robots\" content=\"index, follow, max-snippet:-1, max-image-preview:large, max-video-preview:-1\" \/>\n<link rel=\"canonical\" href=\"https:\/\/www.celttv.com.ar\/index.php\/2013\/12\/19\/dos-fiestas-de-nuestro-distrito-fueron-presentadas-en-capital-federal\/\" \/>\n<meta property=\"og:locale\" content=\"es_ES\" \/>\n<meta property=\"og:type\" content=\"article\" \/>\n<meta property=\"og:title\" content=\"DOS FIESTAS DE NUESTRO DISTRITO FUERON PRESENTADAS EN CAPITAL FEDERAL - CELTTV\" \/>\n<meta property=\"og:description\" content=\"Sitio web de noticias de la localidad de Tornquist, provincia de Buenos Aires, Rep\u00fablica Argentina. Contenido propio originado por periodistas de CELTTV, el canal de TV local de la Cooperativa El\u00e9ctrica de Tornquist. Turismo, Pol\u00edtica, Sociedad, Deporte, Cultura y todo el contenido de inter\u00e9s general que la gente del pueblo y la regi\u00f3n debe conocer.\" \/>\n<meta property=\"og:url\" content=\"https:\/\/www.celttv.com.ar\/index.php\/2013\/12\/19\/dos-fiestas-de-nuestro-distrito-fueron-presentadas-en-capital-federal\/\" \/>\n<meta property=\"og:site_name\" content=\"CELTTV\" \/>\n<meta property=\"article:publisher\" content=\"https:\/\/www.facebook.com\/celtTV\/\" \/>\n<meta property=\"article:published_time\" content=\"2013-12-19T00:00:19+00:00\" \/>\n<meta name=\"author\" content=\"ulises\" \/>\n<meta name=\"twitter:card\" content=\"summary_large_image\" \/>\n<meta name=\"twitter:label1\" content=\"Escrito por\" \/>\n\t<meta name=\"twitter:data1\" content=\"ulises\" \/>\n\t<meta name=\"twitter:label2\" content=\"Tiempo de lectura\" \/>\n\t<meta name=\"twitter:data2\" content=\"3 minutos\" \/>\n<script type=\"application\/ld+json\" class=\"yoast-schema-graph\">{\"@context\":\"https:\/\/schema.org\",\"@graph\":[{\"@type\":\"NewsArticle\",\"@id\":\"https:\/\/www.celttv.com.ar\/index.php\/2013\/12\/19\/dos-fiestas-de-nuestro-distrito-fueron-presentadas-en-capital-federal\/#article\",\"isPartOf\":{\"@id\":\"https:\/\/www.celttv.com.ar\/index.php\/2013\/12\/19\/dos-fiestas-de-nuestro-distrito-fueron-presentadas-en-capital-federal\/\"},\"author\":{\"name\":\"ulises\",\"@id\":\"https:\/\/www.celttv.com.ar\/#\/schema\/person\/6d99c072dba59953809c81446e9d0ace\"},\"headline\":\"DOS FIESTAS DE NUESTRO DISTRITO FUERON PRESENTADAS EN CAPITAL FEDERAL\",\"datePublished\":\"2013-12-19T00:00:19+00:00\",\"dateModified\":\"2013-12-19T00:00:19+00:00\",\"mainEntityOfPage\":{\"@id\":\"https:\/\/www.celttv.com.ar\/index.php\/2013\/12\/19\/dos-fiestas-de-nuestro-distrito-fueron-presentadas-en-capital-federal\/\"},\"wordCount\":676,\"publisher\":{\"@id\":\"https:\/\/www.celttv.com.ar\/#organization\"},\"articleSection\":[\"Comunidad\",\"Destacadas\",\"Espect\u00e1culos\",\"Pol\u00edtica\"],\"inLanguage\":\"es\"},{\"@type\":\"WebPage\",\"@id\":\"https:\/\/www.celttv.com.ar\/index.php\/2013\/12\/19\/dos-fiestas-de-nuestro-distrito-fueron-presentadas-en-capital-federal\/\",\"url\":\"https:\/\/www.celttv.com.ar\/index.php\/2013\/12\/19\/dos-fiestas-de-nuestro-distrito-fueron-presentadas-en-capital-federal\/\",\"name\":\"DOS FIESTAS DE NUESTRO DISTRITO FUERON PRESENTADAS EN CAPITAL FEDERAL - CELTTV\",\"isPartOf\":{\"@id\":\"https:\/\/www.celttv.com.ar\/#website\"},\"datePublished\":\"2013-12-19T00:00:19+00:00\",\"dateModified\":\"2013-12-19T00:00:19+00:00\",\"description\":\"Sitio web de noticias de la localidad de Tornquist, provincia de Buenos Aires, Rep\u00fablica Argentina. Contenido propio originado por periodistas de CELTTV, el canal de TV local de la Cooperativa El\u00e9ctrica de Tornquist. Turismo, Pol\u00edtica, Sociedad, Deporte, Cultura y todo el contenido de inter\u00e9s general que la gente del pueblo y la regi\u00f3n debe conocer.\",\"breadcrumb\":{\"@id\":\"https:\/\/www.celttv.com.ar\/index.php\/2013\/12\/19\/dos-fiestas-de-nuestro-distrito-fueron-presentadas-en-capital-federal\/#breadcrumb\"},\"inLanguage\":\"es\",\"potentialAction\":[{\"@type\":\"ReadAction\",\"target\":[\"https:\/\/www.celttv.com.ar\/index.php\/2013\/12\/19\/dos-fiestas-de-nuestro-distrito-fueron-presentadas-en-capital-federal\/\"]}]},{\"@type\":\"BreadcrumbList\",\"@id\":\"https:\/\/www.celttv.com.ar\/index.php\/2013\/12\/19\/dos-fiestas-de-nuestro-distrito-fueron-presentadas-en-capital-federal\/#breadcrumb\",\"itemListElement\":[{\"@type\":\"ListItem\",\"position\":1,\"name\":\"Inicio\",\"item\":\"https:\/\/www.celttv.com.ar\/\"},{\"@type\":\"ListItem\",\"position\":2,\"name\":\"DOS FIESTAS DE NUESTRO DISTRITO FUERON PRESENTADAS EN CAPITAL FEDERAL\"}]},{\"@type\":\"WebSite\",\"@id\":\"https:\/\/www.celttv.com.ar\/#website\",\"url\":\"https:\/\/www.celttv.com.ar\/\",\"name\":\"CELTTV\",\"description\":\"Cooperativa El\u00e9ctrica de Tornquist\",\"publisher\":{\"@id\":\"https:\/\/www.celttv.com.ar\/#organization\"},\"potentialAction\":[{\"@type\":\"SearchAction\",\"target\":{\"@type\":\"EntryPoint\",\"urlTemplate\":\"https:\/\/www.celttv.com.ar\/?s={search_term_string}\"},\"query-input\":\"required name=search_term_string\"}],\"inLanguage\":\"es\"},{\"@type\":\"Organization\",\"@id\":\"https:\/\/www.celttv.com.ar\/#organization\",\"name\":\"CELTTV\",\"url\":\"https:\/\/www.celttv.com.ar\/\",\"sameAs\":[\"https:\/\/www.youtube.com\/channel\/UCz_oIt8Hig64Ub-EmcNPIhg\",\"https:\/\/www.facebook.com\/celtTV\/\"],\"logo\":{\"@type\":\"ImageObject\",\"inLanguage\":\"es\",\"@id\":\"https:\/\/www.celttv.com.ar\/#\/schema\/logo\/image\/\",\"url\":\"http:\/\/www.celttv.com.ar\/wp-content\/uploads\/2022\/08\/logo-1.png\",\"contentUrl\":\"http:\/\/www.celttv.com.ar\/wp-content\/uploads\/2022\/08\/logo-1.png\",\"width\":461,\"height\":159,\"caption\":\"CELTTV\"},\"image\":{\"@id\":\"https:\/\/www.celttv.com.ar\/#\/schema\/logo\/image\/\"}},{\"@type\":\"Person\",\"@id\":\"https:\/\/www.celttv.com.ar\/#\/schema\/person\/6d99c072dba59953809c81446e9d0ace\",\"name\":\"ulises\",\"image\":{\"@type\":\"ImageObject\",\"inLanguage\":\"es\",\"@id\":\"https:\/\/www.celttv.com.ar\/#\/schema\/person\/image\/\",\"url\":\"https:\/\/secure.gravatar.com\/avatar\/7f2c48bdc33b30088f941fb6082e555f2874c98e20cb159d7b92b50eadfce793?s=96&d=mm&r=g\",\"contentUrl\":\"https:\/\/secure.gravatar.com\/avatar\/7f2c48bdc33b30088f941fb6082e555f2874c98e20cb159d7b92b50eadfce793?s=96&d=mm&r=g\",\"caption\":\"ulises\"},\"sameAs\":[\"http:\/\/www.celttv.com.ar\"]}]}<\/script>\n<!-- \/ Yoast SEO plugin. -->","yoast_head_json":{"title":"DOS FIESTAS DE NUESTRO DISTRITO FUERON PRESENTADAS EN CAPITAL FEDERAL - CELTTV","description":"Sitio web de noticias de la localidad de Tornquist, provincia de Buenos Aires, Rep\u00fablica Argentina. Contenido propio originado por periodistas de CELTTV, el canal de TV local de la Cooperativa El\u00e9ctrica de Tornquist. Turismo, Pol\u00edtica, Sociedad, Deporte, Cultura y todo el contenido de inter\u00e9s general que la gente del pueblo y la regi\u00f3n debe conocer.","robots":{"index":"index","follow":"follow","max-snippet":"max-snippet:-1","max-image-preview":"max-image-preview:large","max-video-preview":"max-video-preview:-1"},"canonical":"https:\/\/www.celttv.com.ar\/index.php\/2013\/12\/19\/dos-fiestas-de-nuestro-distrito-fueron-presentadas-en-capital-federal\/","og_locale":"es_ES","og_type":"article","og_title":"DOS FIESTAS DE NUESTRO DISTRITO FUERON PRESENTADAS EN CAPITAL FEDERAL - CELTTV","og_description":"Sitio web de noticias de la localidad de Tornquist, provincia de Buenos Aires, Rep\u00fablica Argentina. Contenido propio originado por periodistas de CELTTV, el canal de TV local de la Cooperativa El\u00e9ctrica de Tornquist. Turismo, Pol\u00edtica, Sociedad, Deporte, Cultura y todo el contenido de inter\u00e9s general que la gente del pueblo y la regi\u00f3n debe conocer.","og_url":"https:\/\/www.celttv.com.ar\/index.php\/2013\/12\/19\/dos-fiestas-de-nuestro-distrito-fueron-presentadas-en-capital-federal\/","og_site_name":"CELTTV","article_publisher":"https:\/\/www.facebook.com\/celtTV\/","article_published_time":"2013-12-19T00:00:19+00:00","author":"ulises","twitter_card":"summary_large_image","twitter_misc":{"Escrito por":"ulises","Tiempo de lectura":"3 minutos"},"schema":{"@context":"https:\/\/schema.org","@graph":[{"@type":"NewsArticle","@id":"https:\/\/www.celttv.com.ar\/index.php\/2013\/12\/19\/dos-fiestas-de-nuestro-distrito-fueron-presentadas-en-capital-federal\/#article","isPartOf":{"@id":"https:\/\/www.celttv.com.ar\/index.php\/2013\/12\/19\/dos-fiestas-de-nuestro-distrito-fueron-presentadas-en-capital-federal\/"},"author":{"name":"ulises","@id":"https:\/\/www.celttv.com.ar\/#\/schema\/person\/6d99c072dba59953809c81446e9d0ace"},"headline":"DOS FIESTAS DE NUESTRO DISTRITO FUERON PRESENTADAS EN CAPITAL FEDERAL","datePublished":"2013-12-19T00:00:19+00:00","dateModified":"2013-12-19T00:00:19+00:00","mainEntityOfPage":{"@id":"https:\/\/www.celttv.com.ar\/index.php\/2013\/12\/19\/dos-fiestas-de-nuestro-distrito-fueron-presentadas-en-capital-federal\/"},"wordCount":676,"publisher":{"@id":"https:\/\/www.celttv.com.ar\/#organization"},"articleSection":["Comunidad","Destacadas","Espect\u00e1culos","Pol\u00edtica"],"inLanguage":"es"},{"@type":"WebPage","@id":"https:\/\/www.celttv.com.ar\/index.php\/2013\/12\/19\/dos-fiestas-de-nuestro-distrito-fueron-presentadas-en-capital-federal\/","url":"https:\/\/www.celttv.com.ar\/index.php\/2013\/12\/19\/dos-fiestas-de-nuestro-distrito-fueron-presentadas-en-capital-federal\/","name":"DOS FIESTAS DE NUESTRO DISTRITO FUERON PRESENTADAS EN CAPITAL FEDERAL - CELTTV","isPartOf":{"@id":"https:\/\/www.celttv.com.ar\/#website"},"datePublished":"2013-12-19T00:00:19+00:00","dateModified":"2013-12-19T00:00:19+00:00","description":"Sitio web de noticias de la localidad de Tornquist, provincia de Buenos Aires, Rep\u00fablica Argentina. Contenido propio originado por periodistas de CELTTV, el canal de TV local de la Cooperativa El\u00e9ctrica de Tornquist. Turismo, Pol\u00edtica, Sociedad, Deporte, Cultura y todo el contenido de inter\u00e9s general que la gente del pueblo y la regi\u00f3n debe conocer.","breadcrumb":{"@id":"https:\/\/www.celttv.com.ar\/index.php\/2013\/12\/19\/dos-fiestas-de-nuestro-distrito-fueron-presentadas-en-capital-federal\/#breadcrumb"},"inLanguage":"es","potentialAction":[{"@type":"ReadAction","target":["https:\/\/www.celttv.com.ar\/index.php\/2013\/12\/19\/dos-fiestas-de-nuestro-distrito-fueron-presentadas-en-capital-federal\/"]}]},{"@type":"BreadcrumbList","@id":"https:\/\/www.celttv.com.ar\/index.php\/2013\/12\/19\/dos-fiestas-de-nuestro-distrito-fueron-presentadas-en-capital-federal\/#breadcrumb","itemListElement":[{"@type":"ListItem","position":1,"name":"Inicio","item":"https:\/\/www.celttv.com.ar\/"},{"@type":"ListItem","position":2,"name":"DOS FIESTAS DE NUESTRO DISTRITO FUERON PRESENTADAS EN CAPITAL FEDERAL"}]},{"@type":"WebSite","@id":"https:\/\/www.celttv.com.ar\/#website","url":"https:\/\/www.celttv.com.ar\/","name":"CELTTV","description":"Cooperativa El\u00e9ctrica de Tornquist","publisher":{"@id":"https:\/\/www.celttv.com.ar\/#organization"},"potentialAction":[{"@type":"SearchAction","target":{"@type":"EntryPoint","urlTemplate":"https:\/\/www.celttv.com.ar\/?s={search_term_string}"},"query-input":"required name=search_term_string"}],"inLanguage":"es"},{"@type":"Organization","@id":"https:\/\/www.celttv.com.ar\/#organization","name":"CELTTV","url":"https:\/\/www.celttv.com.ar\/","sameAs":["https:\/\/www.youtube.com\/channel\/UCz_oIt8Hig64Ub-EmcNPIhg","https:\/\/www.facebook.com\/celtTV\/"],"logo":{"@type":"ImageObject","inLanguage":"es","@id":"https:\/\/www.celttv.com.ar\/#\/schema\/logo\/image\/","url":"http:\/\/www.celttv.com.ar\/wp-content\/uploads\/2022\/08\/logo-1.png","contentUrl":"http:\/\/www.celttv.com.ar\/wp-content\/uploads\/2022\/08\/logo-1.png","width":461,"height":159,"caption":"CELTTV"},"image":{"@id":"https:\/\/www.celttv.com.ar\/#\/schema\/logo\/image\/"}},{"@type":"Person","@id":"https:\/\/www.celttv.com.ar\/#\/schema\/person\/6d99c072dba59953809c81446e9d0ace","name":"ulises","image":{"@type":"ImageObject","inLanguage":"es","@id":"https:\/\/www.celttv.com.ar\/#\/schema\/person\/image\/","url":"https:\/\/secure.gravatar.com\/avatar\/7f2c48bdc33b30088f941fb6082e555f2874c98e20cb159d7b92b50eadfce793?s=96&d=mm&r=g","contentUrl":"https:\/\/secure.gravatar.com\/avatar\/7f2c48bdc33b30088f941fb6082e555f2874c98e20cb159d7b92b50eadfce793?s=96&d=mm&r=g","caption":"ulises"},"sameAs":["http:\/\/www.celttv.com.ar"]}]}},"_links":{"self":[{"href":"https:\/\/www.celttv.com.ar\/index.php\/wp-json\/wp\/v2\/posts\/16538","targetHints":{"allow":["GET"]}}],"collection":[{"href":"https:\/\/www.celttv.com.ar\/index.php\/wp-json\/wp\/v2\/posts"}],"about":[{"href":"https:\/\/www.celttv.com.ar\/index.php\/wp-json\/wp\/v2\/types\/post"}],"author":[{"embeddable":true,"href":"https:\/\/www.celttv.com.ar\/index.php\/wp-json\/wp\/v2\/users\/1"}],"replies":[{"embeddable":true,"href":"https:\/\/www.celttv.com.ar\/index.php\/wp-json\/wp\/v2\/comments?post=16538"}],"version-history":[{"count":0,"href":"https:\/\/www.celttv.com.ar\/index.php\/wp-json\/wp\/v2\/posts\/16538\/revisions"}],"wp:attachment":[{"href":"https:\/\/www.celttv.com.ar\/index.php\/wp-json\/wp\/v2\/media?parent=16538"}],"wp:term":[{"taxonomy":"category","embeddable":true,"href":"https:\/\/www.celttv.com.ar\/index.php\/wp-json\/wp\/v2\/categories?post=16538"},{"taxonomy":"post_tag","embeddable":true,"href":"https:\/\/www.celttv.com.ar\/index.php\/wp-json\/wp\/v2\/tags?post=16538"}],"curies":[{"name":"wp","href":"https:\/\/api.w.org\/{rel}","templated":true}]}}