{"id":16643,"date":"2014-01-02T22:49:06","date_gmt":"2014-01-02T22:49:06","guid":{"rendered":"http:\/\/www.tvcnoticias.com.ar\/?p=16643"},"modified":"2014-01-02T22:49:06","modified_gmt":"2014-01-02T22:49:06","slug":"el-incendio-sigue-afectando-al-sector-serrano","status":"publish","type":"post","link":"https:\/\/www.celttv.com.ar\/index.php\/2014\/01\/02\/el-incendio-sigue-afectando-al-sector-serrano\/","title":{"rendered":"EL INCENDIO SIGUE AFECTANDO AL SECTOR SERRANO."},"content":{"rendered":"<p>M\u00e1s de 25 mil hect\u00e1reas han sido arrasadas por el fuego. Una ardua y fatigosa jornada vivieron los involucrados en el combate del incendio que afecta al sector serrano, tanto quienes debieron enfrentarse cara a cara con el siniestro, como funcionarios y aquellos que colaboran de una u otra manera.<br \/>\nLa planificaci\u00f3n diagramada para la ma\u00f1ana contempla la observaci\u00f3n del estado del incendio con el medio a\u00e9reo dispuesto para ese trabajo, a fin de delinear las tareas de supresi\u00f3n y combate del siniestro, que contin\u00faa activo, aunque controlado en alguno de sus frentes.<br \/>\nDe acuerdo con las estimaciones de las autoridades, en la madrugada de hoy hab\u00edan sido arrasadas m\u00e1s de 25 mil hect\u00e1reas, favorecidos por las condiciones meteorol\u00f3gicas adversas (principalmente, fuertes vientos) que reinaron durante toda la jornada de este lunes.<br \/>\nEl operativo, que trabaj\u00f3 desde la tarde en cercan\u00edas de Villa Ventana, demanda la intervenci\u00f3n de unas 27 dotaciones de bomberos pertenecientes a aproximadamente 50 cuarteles nuestro distrito y la zona, que no solamente provienen de la denominada Regi\u00f3n Centro Sur sino de otras de la provincia de Buenos Aires.<br \/>\nActualmente se cuenta con la colaboraci\u00f3n de bomberos de Tornquist, Sierra de la Ventana, Saldungaray, Villa Ventana, Saavedra, Pig\u00fc\u00e9, Monte Hermoso, Ingeniero White, Coronel Pringles, Guamin\u00ed, Punta Alta, Pehuen Co, Huanguel\u00e9n, Tres Arroyos, Claromec\u00f3, Coronel Dorrego, Vela, Algarrobo, Pedro Luro, San Cayetano, Oriente, Laprida, Coronel Su\u00e1rez, General La Madrid y General Daniel Cerri, entre otros.<br \/>\nA todos ellos se suman efectivos de la Polic\u00eda Comunal, pertenecientes a las diferentes comisar\u00edas del distrito, personal de diferentes \u00e1reas municipales con distintas maquinarias (pesadas y camiones) y la Agencia Nacional de Seguridad Vial.<br \/>\nPor otra parte, se confirm\u00f3 que en la ma\u00f1ana de hoy arribar\u00e1n 40 infantes de marina que colaborar\u00e1n con la extinci\u00f3n del siniestro y regresar\u00e1 el helic\u00f3ptero perteneciente a la Armada Argentina que ya estuvo colaborando.<br \/>\nDurante toda la jornada, funcionarios provinciales y municipales, adem\u00e1s de los responsables del Plan de Manejo del Fuego, recorrieron los diferentes sectores. En el lugar estuvieron, entre otros, el intendente municipal, licenciado Gustavo Trankels; el titular del OPDS, Hugo Bilbao; el Coordinador de la Regi\u00f3n Pampeana del Plan Nacional de Manejo del Fuego (PNMF), Marcelo Mosiejchuk; el director de Operaciones de Defensa Civil de la Provincia de Buenos Aires, Leonardo Zaccagnini (CPE); y Rodrigo Fuhr, de Defensa Civil local.<br \/>\nIncluso, sobre la madrugada de hoy analizaron la situaci\u00f3n junto a los jefes de los cuarteles de bomberos voluntarios de Tornquist y Sierra de la Ventana.<br \/>\n<a href=\"https:\/\/www.youtube.com\/watch?v=mTuIsFakP34\">httpv:\/\/www.youtube.com\/watch?v=mTuIsFakP34<\/a><br \/>\n<a href=\"https:\/\/www.youtube.com\/watch?v=4TKAGOY3Frs\">httpv:\/\/www.youtube.com\/watch?v=4TKAGOY3Frs<\/a><br \/>\n<a href=\"https:\/\/www.youtube.com\/watch?v=YkG7L3y8Llo\">httpv:\/\/www.youtube.com\/watch?v=YkG7L3y8Llo<\/a><br \/>\n<a href=\"https:\/\/www.youtube.com\/watch?v=hGj3FTgGOBU\">httpv:\/\/www.youtube.com\/watch?v=hGj3FTgGOBU<\/a><\/p>\n","protected":false},"excerpt":{"rendered":"<p>M\u00e1s de 25 mil hect\u00e1reas han sido arrasadas por el fuego. Una ardua y fatigosa jornada vivieron los involucrados en el combate del incendio que afecta al sector serrano, tanto quienes debieron enfrentarse cara a cara con el siniestro, como funcionarios y aquellos que colaboran de una u otra manera. La planificaci\u00f3n diagramada para la [&hellip;]<\/p>\n","protected":false},"author":1,"featured_media":0,"comment_status":"closed","ping_status":"open","sticky":false,"template":"","format":"standard","meta":{"footnotes":""},"categories":[52,61,64],"tags":[],"class_list":["post-16643","post","type-post","status-publish","format-standard","hentry","category-destacadas","category-policiales","category-videos-destacados"],"yoast_head":"<!-- This site is optimized with the Yoast SEO plugin v19.7.1 - https:\/\/yoast.com\/wordpress\/plugins\/seo\/ -->\n<title>EL INCENDIO SIGUE AFECTANDO AL SECTOR SERRANO. - CELTTV<\/title>\n<meta name=\"description\" content=\"Sitio web de noticias de la localidad de Tornquist, provincia de Buenos Aires, Rep\u00fablica Argentina. Contenido propio originado por periodistas de CELTTV, el canal de TV local de la Cooperativa El\u00e9ctrica de Tornquist. Turismo, Pol\u00edtica, Sociedad, Deporte, Cultura y todo el contenido de inter\u00e9s general que la gente del pueblo y la regi\u00f3n debe conocer.\" \/>\n<meta name=\"robots\" content=\"index, follow, max-snippet:-1, max-image-preview:large, max-video-preview:-1\" \/>\n<link rel=\"canonical\" href=\"https:\/\/www.celttv.com.ar\/index.php\/2014\/01\/02\/el-incendio-sigue-afectando-al-sector-serrano\/\" \/>\n<meta property=\"og:locale\" content=\"es_ES\" \/>\n<meta property=\"og:type\" content=\"article\" \/>\n<meta property=\"og:title\" content=\"EL INCENDIO SIGUE AFECTANDO AL SECTOR SERRANO. - CELTTV\" \/>\n<meta property=\"og:description\" content=\"Sitio web de noticias de la localidad de Tornquist, provincia de Buenos Aires, Rep\u00fablica Argentina. Contenido propio originado por periodistas de CELTTV, el canal de TV local de la Cooperativa El\u00e9ctrica de Tornquist. Turismo, Pol\u00edtica, Sociedad, Deporte, Cultura y todo el contenido de inter\u00e9s general que la gente del pueblo y la regi\u00f3n debe conocer.\" \/>\n<meta property=\"og:url\" content=\"https:\/\/www.celttv.com.ar\/index.php\/2014\/01\/02\/el-incendio-sigue-afectando-al-sector-serrano\/\" \/>\n<meta property=\"og:site_name\" content=\"CELTTV\" \/>\n<meta property=\"article:publisher\" content=\"https:\/\/www.facebook.com\/celtTV\/\" \/>\n<meta property=\"article:published_time\" content=\"2014-01-02T22:49:06+00:00\" \/>\n<meta name=\"author\" content=\"ulises\" \/>\n<meta name=\"twitter:card\" content=\"summary_large_image\" \/>\n<meta name=\"twitter:label1\" content=\"Escrito por\" \/>\n\t<meta name=\"twitter:data1\" content=\"ulises\" \/>\n\t<meta name=\"twitter:label2\" content=\"Tiempo de lectura\" \/>\n\t<meta name=\"twitter:data2\" content=\"2 minutos\" \/>\n<script type=\"application\/ld+json\" class=\"yoast-schema-graph\">{\"@context\":\"https:\/\/schema.org\",\"@graph\":[{\"@type\":\"NewsArticle\",\"@id\":\"https:\/\/www.celttv.com.ar\/index.php\/2014\/01\/02\/el-incendio-sigue-afectando-al-sector-serrano\/#article\",\"isPartOf\":{\"@id\":\"https:\/\/www.celttv.com.ar\/index.php\/2014\/01\/02\/el-incendio-sigue-afectando-al-sector-serrano\/\"},\"author\":{\"name\":\"ulises\",\"@id\":\"https:\/\/www.celttv.com.ar\/#\/schema\/person\/6d99c072dba59953809c81446e9d0ace\"},\"headline\":\"EL INCENDIO SIGUE AFECTANDO AL SECTOR SERRANO.\",\"datePublished\":\"2014-01-02T22:49:06+00:00\",\"dateModified\":\"2014-01-02T22:49:06+00:00\",\"mainEntityOfPage\":{\"@id\":\"https:\/\/www.celttv.com.ar\/index.php\/2014\/01\/02\/el-incendio-sigue-afectando-al-sector-serrano\/\"},\"wordCount\":476,\"publisher\":{\"@id\":\"https:\/\/www.celttv.com.ar\/#organization\"},\"articleSection\":[\"Destacadas\",\"Policiales\",\"Videos Destacados\"],\"inLanguage\":\"es\"},{\"@type\":\"WebPage\",\"@id\":\"https:\/\/www.celttv.com.ar\/index.php\/2014\/01\/02\/el-incendio-sigue-afectando-al-sector-serrano\/\",\"url\":\"https:\/\/www.celttv.com.ar\/index.php\/2014\/01\/02\/el-incendio-sigue-afectando-al-sector-serrano\/\",\"name\":\"EL INCENDIO SIGUE AFECTANDO AL SECTOR SERRANO. - CELTTV\",\"isPartOf\":{\"@id\":\"https:\/\/www.celttv.com.ar\/#website\"},\"datePublished\":\"2014-01-02T22:49:06+00:00\",\"dateModified\":\"2014-01-02T22:49:06+00:00\",\"description\":\"Sitio web de noticias de la localidad de Tornquist, provincia de Buenos Aires, Rep\u00fablica Argentina. Contenido propio originado por periodistas de CELTTV, el canal de TV local de la Cooperativa El\u00e9ctrica de Tornquist. Turismo, Pol\u00edtica, Sociedad, Deporte, Cultura y todo el contenido de inter\u00e9s general que la gente del pueblo y la regi\u00f3n debe conocer.\",\"breadcrumb\":{\"@id\":\"https:\/\/www.celttv.com.ar\/index.php\/2014\/01\/02\/el-incendio-sigue-afectando-al-sector-serrano\/#breadcrumb\"},\"inLanguage\":\"es\",\"potentialAction\":[{\"@type\":\"ReadAction\",\"target\":[\"https:\/\/www.celttv.com.ar\/index.php\/2014\/01\/02\/el-incendio-sigue-afectando-al-sector-serrano\/\"]}]},{\"@type\":\"BreadcrumbList\",\"@id\":\"https:\/\/www.celttv.com.ar\/index.php\/2014\/01\/02\/el-incendio-sigue-afectando-al-sector-serrano\/#breadcrumb\",\"itemListElement\":[{\"@type\":\"ListItem\",\"position\":1,\"name\":\"Inicio\",\"item\":\"https:\/\/www.celttv.com.ar\/\"},{\"@type\":\"ListItem\",\"position\":2,\"name\":\"EL INCENDIO SIGUE AFECTANDO AL SECTOR SERRANO.\"}]},{\"@type\":\"WebSite\",\"@id\":\"https:\/\/www.celttv.com.ar\/#website\",\"url\":\"https:\/\/www.celttv.com.ar\/\",\"name\":\"CELTTV\",\"description\":\"Cooperativa El\u00e9ctrica de Tornquist\",\"publisher\":{\"@id\":\"https:\/\/www.celttv.com.ar\/#organization\"},\"potentialAction\":[{\"@type\":\"SearchAction\",\"target\":{\"@type\":\"EntryPoint\",\"urlTemplate\":\"https:\/\/www.celttv.com.ar\/?s={search_term_string}\"},\"query-input\":\"required name=search_term_string\"}],\"inLanguage\":\"es\"},{\"@type\":\"Organization\",\"@id\":\"https:\/\/www.celttv.com.ar\/#organization\",\"name\":\"CELTTV\",\"url\":\"https:\/\/www.celttv.com.ar\/\",\"sameAs\":[\"https:\/\/www.youtube.com\/channel\/UCz_oIt8Hig64Ub-EmcNPIhg\",\"https:\/\/www.facebook.com\/celtTV\/\"],\"logo\":{\"@type\":\"ImageObject\",\"inLanguage\":\"es\",\"@id\":\"https:\/\/www.celttv.com.ar\/#\/schema\/logo\/image\/\",\"url\":\"http:\/\/www.celttv.com.ar\/wp-content\/uploads\/2022\/08\/logo-1.png\",\"contentUrl\":\"http:\/\/www.celttv.com.ar\/wp-content\/uploads\/2022\/08\/logo-1.png\",\"width\":461,\"height\":159,\"caption\":\"CELTTV\"},\"image\":{\"@id\":\"https:\/\/www.celttv.com.ar\/#\/schema\/logo\/image\/\"}},{\"@type\":\"Person\",\"@id\":\"https:\/\/www.celttv.com.ar\/#\/schema\/person\/6d99c072dba59953809c81446e9d0ace\",\"name\":\"ulises\",\"image\":{\"@type\":\"ImageObject\",\"inLanguage\":\"es\",\"@id\":\"https:\/\/www.celttv.com.ar\/#\/schema\/person\/image\/\",\"url\":\"https:\/\/secure.gravatar.com\/avatar\/7f2c48bdc33b30088f941fb6082e555f2874c98e20cb159d7b92b50eadfce793?s=96&d=mm&r=g\",\"contentUrl\":\"https:\/\/secure.gravatar.com\/avatar\/7f2c48bdc33b30088f941fb6082e555f2874c98e20cb159d7b92b50eadfce793?s=96&d=mm&r=g\",\"caption\":\"ulises\"},\"sameAs\":[\"http:\/\/www.celttv.com.ar\"]}]}<\/script>\n<!-- \/ Yoast SEO plugin. -->","yoast_head_json":{"title":"EL INCENDIO SIGUE AFECTANDO AL SECTOR SERRANO. - CELTTV","description":"Sitio web de noticias de la localidad de Tornquist, provincia de Buenos Aires, Rep\u00fablica Argentina. Contenido propio originado por periodistas de CELTTV, el canal de TV local de la Cooperativa El\u00e9ctrica de Tornquist. Turismo, Pol\u00edtica, Sociedad, Deporte, Cultura y todo el contenido de inter\u00e9s general que la gente del pueblo y la regi\u00f3n debe conocer.","robots":{"index":"index","follow":"follow","max-snippet":"max-snippet:-1","max-image-preview":"max-image-preview:large","max-video-preview":"max-video-preview:-1"},"canonical":"https:\/\/www.celttv.com.ar\/index.php\/2014\/01\/02\/el-incendio-sigue-afectando-al-sector-serrano\/","og_locale":"es_ES","og_type":"article","og_title":"EL INCENDIO SIGUE AFECTANDO AL SECTOR SERRANO. - CELTTV","og_description":"Sitio web de noticias de la localidad de Tornquist, provincia de Buenos Aires, Rep\u00fablica Argentina. Contenido propio originado por periodistas de CELTTV, el canal de TV local de la Cooperativa El\u00e9ctrica de Tornquist. Turismo, Pol\u00edtica, Sociedad, Deporte, Cultura y todo el contenido de inter\u00e9s general que la gente del pueblo y la regi\u00f3n debe conocer.","og_url":"https:\/\/www.celttv.com.ar\/index.php\/2014\/01\/02\/el-incendio-sigue-afectando-al-sector-serrano\/","og_site_name":"CELTTV","article_publisher":"https:\/\/www.facebook.com\/celtTV\/","article_published_time":"2014-01-02T22:49:06+00:00","author":"ulises","twitter_card":"summary_large_image","twitter_misc":{"Escrito por":"ulises","Tiempo de lectura":"2 minutos"},"schema":{"@context":"https:\/\/schema.org","@graph":[{"@type":"NewsArticle","@id":"https:\/\/www.celttv.com.ar\/index.php\/2014\/01\/02\/el-incendio-sigue-afectando-al-sector-serrano\/#article","isPartOf":{"@id":"https:\/\/www.celttv.com.ar\/index.php\/2014\/01\/02\/el-incendio-sigue-afectando-al-sector-serrano\/"},"author":{"name":"ulises","@id":"https:\/\/www.celttv.com.ar\/#\/schema\/person\/6d99c072dba59953809c81446e9d0ace"},"headline":"EL INCENDIO SIGUE AFECTANDO AL SECTOR SERRANO.","datePublished":"2014-01-02T22:49:06+00:00","dateModified":"2014-01-02T22:49:06+00:00","mainEntityOfPage":{"@id":"https:\/\/www.celttv.com.ar\/index.php\/2014\/01\/02\/el-incendio-sigue-afectando-al-sector-serrano\/"},"wordCount":476,"publisher":{"@id":"https:\/\/www.celttv.com.ar\/#organization"},"articleSection":["Destacadas","Policiales","Videos Destacados"],"inLanguage":"es"},{"@type":"WebPage","@id":"https:\/\/www.celttv.com.ar\/index.php\/2014\/01\/02\/el-incendio-sigue-afectando-al-sector-serrano\/","url":"https:\/\/www.celttv.com.ar\/index.php\/2014\/01\/02\/el-incendio-sigue-afectando-al-sector-serrano\/","name":"EL INCENDIO SIGUE AFECTANDO AL SECTOR SERRANO. - CELTTV","isPartOf":{"@id":"https:\/\/www.celttv.com.ar\/#website"},"datePublished":"2014-01-02T22:49:06+00:00","dateModified":"2014-01-02T22:49:06+00:00","description":"Sitio web de noticias de la localidad de Tornquist, provincia de Buenos Aires, Rep\u00fablica Argentina. Contenido propio originado por periodistas de CELTTV, el canal de TV local de la Cooperativa El\u00e9ctrica de Tornquist. Turismo, Pol\u00edtica, Sociedad, Deporte, Cultura y todo el contenido de inter\u00e9s general que la gente del pueblo y la regi\u00f3n debe conocer.","breadcrumb":{"@id":"https:\/\/www.celttv.com.ar\/index.php\/2014\/01\/02\/el-incendio-sigue-afectando-al-sector-serrano\/#breadcrumb"},"inLanguage":"es","potentialAction":[{"@type":"ReadAction","target":["https:\/\/www.celttv.com.ar\/index.php\/2014\/01\/02\/el-incendio-sigue-afectando-al-sector-serrano\/"]}]},{"@type":"BreadcrumbList","@id":"https:\/\/www.celttv.com.ar\/index.php\/2014\/01\/02\/el-incendio-sigue-afectando-al-sector-serrano\/#breadcrumb","itemListElement":[{"@type":"ListItem","position":1,"name":"Inicio","item":"https:\/\/www.celttv.com.ar\/"},{"@type":"ListItem","position":2,"name":"EL INCENDIO SIGUE AFECTANDO AL SECTOR SERRANO."}]},{"@type":"WebSite","@id":"https:\/\/www.celttv.com.ar\/#website","url":"https:\/\/www.celttv.com.ar\/","name":"CELTTV","description":"Cooperativa El\u00e9ctrica de Tornquist","publisher":{"@id":"https:\/\/www.celttv.com.ar\/#organization"},"potentialAction":[{"@type":"SearchAction","target":{"@type":"EntryPoint","urlTemplate":"https:\/\/www.celttv.com.ar\/?s={search_term_string}"},"query-input":"required name=search_term_string"}],"inLanguage":"es"},{"@type":"Organization","@id":"https:\/\/www.celttv.com.ar\/#organization","name":"CELTTV","url":"https:\/\/www.celttv.com.ar\/","sameAs":["https:\/\/www.youtube.com\/channel\/UCz_oIt8Hig64Ub-EmcNPIhg","https:\/\/www.facebook.com\/celtTV\/"],"logo":{"@type":"ImageObject","inLanguage":"es","@id":"https:\/\/www.celttv.com.ar\/#\/schema\/logo\/image\/","url":"http:\/\/www.celttv.com.ar\/wp-content\/uploads\/2022\/08\/logo-1.png","contentUrl":"http:\/\/www.celttv.com.ar\/wp-content\/uploads\/2022\/08\/logo-1.png","width":461,"height":159,"caption":"CELTTV"},"image":{"@id":"https:\/\/www.celttv.com.ar\/#\/schema\/logo\/image\/"}},{"@type":"Person","@id":"https:\/\/www.celttv.com.ar\/#\/schema\/person\/6d99c072dba59953809c81446e9d0ace","name":"ulises","image":{"@type":"ImageObject","inLanguage":"es","@id":"https:\/\/www.celttv.com.ar\/#\/schema\/person\/image\/","url":"https:\/\/secure.gravatar.com\/avatar\/7f2c48bdc33b30088f941fb6082e555f2874c98e20cb159d7b92b50eadfce793?s=96&d=mm&r=g","contentUrl":"https:\/\/secure.gravatar.com\/avatar\/7f2c48bdc33b30088f941fb6082e555f2874c98e20cb159d7b92b50eadfce793?s=96&d=mm&r=g","caption":"ulises"},"sameAs":["http:\/\/www.celttv.com.ar"]}]}},"_links":{"self":[{"href":"https:\/\/www.celttv.com.ar\/index.php\/wp-json\/wp\/v2\/posts\/16643","targetHints":{"allow":["GET"]}}],"collection":[{"href":"https:\/\/www.celttv.com.ar\/index.php\/wp-json\/wp\/v2\/posts"}],"about":[{"href":"https:\/\/www.celttv.com.ar\/index.php\/wp-json\/wp\/v2\/types\/post"}],"author":[{"embeddable":true,"href":"https:\/\/www.celttv.com.ar\/index.php\/wp-json\/wp\/v2\/users\/1"}],"replies":[{"embeddable":true,"href":"https:\/\/www.celttv.com.ar\/index.php\/wp-json\/wp\/v2\/comments?post=16643"}],"version-history":[{"count":0,"href":"https:\/\/www.celttv.com.ar\/index.php\/wp-json\/wp\/v2\/posts\/16643\/revisions"}],"wp:attachment":[{"href":"https:\/\/www.celttv.com.ar\/index.php\/wp-json\/wp\/v2\/media?parent=16643"}],"wp:term":[{"taxonomy":"category","embeddable":true,"href":"https:\/\/www.celttv.com.ar\/index.php\/wp-json\/wp\/v2\/categories?post=16643"},{"taxonomy":"post_tag","embeddable":true,"href":"https:\/\/www.celttv.com.ar\/index.php\/wp-json\/wp\/v2\/tags?post=16643"}],"curies":[{"name":"wp","href":"https:\/\/api.w.org\/{rel}","templated":true}]}}