{"id":16649,"date":"2014-01-02T22:57:01","date_gmt":"2014-01-02T22:57:01","guid":{"rendered":"http:\/\/www.tvcnoticias.com.ar\/?p=16649"},"modified":"2014-01-02T22:57:01","modified_gmt":"2014-01-02T22:57:01","slug":"se-acentuan-los-trabajos-en-el-sector-serrano","status":"publish","type":"post","link":"https:\/\/www.celttv.com.ar\/index.php\/2014\/01\/02\/se-acentuan-los-trabajos-en-el-sector-serrano\/","title":{"rendered":"SE ACENTUAN LOS TRABAJOS EN EL SECTOR SERRANO."},"content":{"rendered":"<p>Una importante batalla contra el fuego llevaban adelante ayer los bomberos voluntarios, infantes de marina, maquinarias viales, los aviones hidrantes, baquianos, chacareros, polic\u00eda y vecinos, entre otros, para poder extinguir el fuego que ya arras\u00f3 25 mil hect\u00e1reas en el sector serrano.<br \/>\nEl coordinador del Plan Nacional de Manejo del Fuego, Marcelo Moisiejchuk, sostuvo que a la tarea realizada por los actores intervinientes en la extinci\u00f3n del fuego, se sum\u00f3 ayer un nuevo avi\u00f3n hidrante (ya suman tres) y 40 infantes de marina.<br \/>\n\u201cHoy (por ayer), se incorporaron a las tareas 40 infantes de marina que se pusieron a nuestra disposici\u00f3n, los cuales ya fueron asignados al Parque Provincial Ernesto Tornquist para que realicen \u2013junto a los guardaparques y bomberos de este distrito- la guardia de cenizas y est\u00e9n atentos si se reavivan las llamas. En el Parque se quemaron alrededor de cinco mil hect\u00e1reas\u201d, coment\u00f3 Moisiejchuk.<br \/>\n\u201cLa posibilidad de contar con los infantes de marina en el Parque, nos permite liberar varios bomberos afectados a dicha tarea para poder reasignar a los mismos a los sectores m\u00e1s comprometidos por el fuego\u201d, agreg\u00f3.<br \/>\nAsimismo, se\u00f1al\u00f3 que \u201cel avance del fuego en cercan\u00eda de sectores poblados como Villa Ventana, prestadores de servicios ubicados a la vera de la ruta 76 y establecimientos aleda\u00f1os, demanda de todo los esfuerzos para evitar que lleguen las llamas\u201d.<br \/>\nEn tanto, es importante mencionar que las autoridades que llevan adelante la coordinaci\u00f3n de la lucha contra el fuego realizaron un vuelo de reconocimiento sobre las zonas afectadas por las llamas para poder evaluar la situaci\u00f3n y, as\u00ed, establecer pautas de trabajo para las distintas dotaciones que intervienen en el siniestro.<br \/>\n\u201cHay fuego descendente en el cerro Naposta y pensando en Villa Ventana es que estamos trabajando en el lugar, ya que a la noche se espera que el viento rote al sur con intensidad. La idea es asegurar lo que es dicha localidad\u201d, puntualiz\u00f3.<br \/>\nA las motoniveladoras que se encuentran trabajando, se sumar\u00e1 una perteneciente a la Municipalidad de Bah\u00eda Blanca y otra de la Municipalidad de Coronel Su\u00e1rez, que se pusieron a disposici\u00f3n para lo que fuera necesario.<br \/>\nDe acuerdo con lo dispuesto, se reforzar\u00e1n las acciones en el sector cercano a Villa Ventana y El Pinar.<br \/>\nEl intendente municipal, licenciado Gustavo Trankels, destac\u00f3 el enorme trabajo y esfuerzo que vienen realizando los bomberos voluntarios, el personal municipal, los integrantes del Plan Nacional de Manejo del Fuego y todos los que de una u otra manera se encuentran colaborando.<br \/>\nActualmente se cuenta con la colaboraci\u00f3n de bomberos de Tornquist, Sierra de la Ventana, Saldungaray, Villa Ventana, Saavedra, Pig\u00fc\u00e9, Monte Hermoso, Ingeniero White, Coronel Pringles, Guamin\u00ed, Punta Alta, Pehuen Co, Huanguel\u00e9n, Tres Arroyos, Claromec\u00f3, Coronel Dorrego, Vela, Algarrobo, Pedro Luro, San Cayetano, Oriente, Laprida, Coronel Su\u00e1rez, General La Madrid y General Daniel Cerri, entre otros.<br \/>\nPara las 20, se espera una reuni\u00f3n del comit\u00e9 de crisis para evaluar la situaci\u00f3n y tomar medidas de lo que ser\u00e1 el trabajo para la madrugada del primer d\u00eda del 2014.<br \/>\n&nbsp;<br \/>\n<strong>RECOMENDACIONES<\/strong>. \u00a0Dada la presencia de humo en el sector serrano, principalmente en la zona cercana a la localidad de Villa Ventana, es que se recomienda a los vecinos tomar algunas precauciones:<\/p>\n<ul>\n<li>Es recomendable limitar la exposici\u00f3n al humo.<\/li>\n<li>Si no es necesario salir al exterior, permanecer dentro de la vivienda, con el aire interior tan limpio como sea posible.<\/li>\n<li>Mantener puertas y ventanas cerradas, con trapos h\u00famedos en las ranuras.<\/li>\n<li>Se debe evitar el aumento de la contaminaci\u00f3n del aire en ambientes cerrados.<\/li>\n<li>Trate de no prender velas, chimeneas o estufas a gas. No fume.<\/li>\n<li>En caso de sentir molestias o alguna dificultad respiratoria, concurrir a la Unidad Sanitaria, donde se arm\u00f3 un dispositivo especial.<\/li>\n<li>Dada la alta presencia de humo en el sector, se solicita a que aquellas personas que no tengan la necesidad de concurrir, evitar hacerlo.<\/li>\n<\/ul>\n<p>Por otra parte, se le recomienda a la comunidad mantenerse atenta a las indicaciones que se vayan transmitiendo por los medios de comunicaci\u00f3n locales y regionales, tanto el canal de noticias de Tornquist Video Cable y los diferentes portales informativos.<br \/>\n<a href=\"https:\/\/www.youtube.com\/watch?v=zouFG25QCqU\">httpv:\/\/www.youtube.com\/watch?v=zouFG25QCqU<\/a><br \/>\n<a href=\"https:\/\/www.youtube.com\/watch?v=MEanKiZQf6M\">httpv:\/\/www.youtube.com\/watch?v=MEanKiZQf6M<\/a><br \/>\n<a href=\"https:\/\/www.youtube.com\/watch?v=F5JTmrhW_Zg\">httpv:\/\/www.youtube.com\/watch?v=F5JTmrhW_Zg<\/a><br \/>\n<a href=\"https:\/\/www.youtube.com\/watch?v=JJHuQC2pPno\">httpv:\/\/www.youtube.com\/watch?v=JJHuQC2pPno<\/a><\/p>\n","protected":false},"excerpt":{"rendered":"<p>Una importante batalla contra el fuego llevaban adelante ayer los bomberos voluntarios, infantes de marina, maquinarias viales, los aviones hidrantes, baquianos, chacareros, polic\u00eda y vecinos, entre otros, para poder extinguir el fuego que ya arras\u00f3 25 mil hect\u00e1reas en el sector serrano. El coordinador del Plan Nacional de Manejo del Fuego, Marcelo Moisiejchuk, sostuvo que [&hellip;]<\/p>\n","protected":false},"author":1,"featured_media":0,"comment_status":"closed","ping_status":"open","sticky":false,"template":"","format":"standard","meta":{"footnotes":""},"categories":[52,61,64],"tags":[],"class_list":["post-16649","post","type-post","status-publish","format-standard","hentry","category-destacadas","category-policiales","category-videos-destacados"],"yoast_head":"<!-- This site is optimized with the Yoast SEO plugin v19.7.1 - https:\/\/yoast.com\/wordpress\/plugins\/seo\/ -->\n<title>SE ACENTUAN LOS TRABAJOS EN EL SECTOR SERRANO. - CELTTV<\/title>\n<meta name=\"description\" content=\"Sitio web de noticias de la localidad de Tornquist, provincia de Buenos Aires, Rep\u00fablica Argentina. Contenido propio originado por periodistas de CELTTV, el canal de TV local de la Cooperativa El\u00e9ctrica de Tornquist. Turismo, Pol\u00edtica, Sociedad, Deporte, Cultura y todo el contenido de inter\u00e9s general que la gente del pueblo y la regi\u00f3n debe conocer.\" \/>\n<meta name=\"robots\" content=\"index, follow, max-snippet:-1, max-image-preview:large, max-video-preview:-1\" \/>\n<link rel=\"canonical\" href=\"https:\/\/www.celttv.com.ar\/index.php\/2014\/01\/02\/se-acentuan-los-trabajos-en-el-sector-serrano\/\" \/>\n<meta property=\"og:locale\" content=\"es_ES\" \/>\n<meta property=\"og:type\" content=\"article\" \/>\n<meta property=\"og:title\" content=\"SE ACENTUAN LOS TRABAJOS EN EL SECTOR SERRANO. - CELTTV\" \/>\n<meta property=\"og:description\" content=\"Sitio web de noticias de la localidad de Tornquist, provincia de Buenos Aires, Rep\u00fablica Argentina. Contenido propio originado por periodistas de CELTTV, el canal de TV local de la Cooperativa El\u00e9ctrica de Tornquist. Turismo, Pol\u00edtica, Sociedad, Deporte, Cultura y todo el contenido de inter\u00e9s general que la gente del pueblo y la regi\u00f3n debe conocer.\" \/>\n<meta property=\"og:url\" content=\"https:\/\/www.celttv.com.ar\/index.php\/2014\/01\/02\/se-acentuan-los-trabajos-en-el-sector-serrano\/\" \/>\n<meta property=\"og:site_name\" content=\"CELTTV\" \/>\n<meta property=\"article:publisher\" content=\"https:\/\/www.facebook.com\/celtTV\/\" \/>\n<meta property=\"article:published_time\" content=\"2014-01-02T22:57:01+00:00\" \/>\n<meta name=\"author\" content=\"ulises\" \/>\n<meta name=\"twitter:card\" content=\"summary_large_image\" \/>\n<meta name=\"twitter:label1\" content=\"Escrito por\" \/>\n\t<meta name=\"twitter:data1\" content=\"ulises\" \/>\n\t<meta name=\"twitter:label2\" content=\"Tiempo de lectura\" \/>\n\t<meta name=\"twitter:data2\" content=\"4 minutos\" \/>\n<script type=\"application\/ld+json\" class=\"yoast-schema-graph\">{\"@context\":\"https:\/\/schema.org\",\"@graph\":[{\"@type\":\"NewsArticle\",\"@id\":\"https:\/\/www.celttv.com.ar\/index.php\/2014\/01\/02\/se-acentuan-los-trabajos-en-el-sector-serrano\/#article\",\"isPartOf\":{\"@id\":\"https:\/\/www.celttv.com.ar\/index.php\/2014\/01\/02\/se-acentuan-los-trabajos-en-el-sector-serrano\/\"},\"author\":{\"name\":\"ulises\",\"@id\":\"https:\/\/www.celttv.com.ar\/#\/schema\/person\/6d99c072dba59953809c81446e9d0ace\"},\"headline\":\"SE ACENTUAN LOS TRABAJOS EN EL SECTOR SERRANO.\",\"datePublished\":\"2014-01-02T22:57:01+00:00\",\"dateModified\":\"2014-01-02T22:57:01+00:00\",\"mainEntityOfPage\":{\"@id\":\"https:\/\/www.celttv.com.ar\/index.php\/2014\/01\/02\/se-acentuan-los-trabajos-en-el-sector-serrano\/\"},\"wordCount\":743,\"publisher\":{\"@id\":\"https:\/\/www.celttv.com.ar\/#organization\"},\"articleSection\":[\"Destacadas\",\"Policiales\",\"Videos Destacados\"],\"inLanguage\":\"es\"},{\"@type\":\"WebPage\",\"@id\":\"https:\/\/www.celttv.com.ar\/index.php\/2014\/01\/02\/se-acentuan-los-trabajos-en-el-sector-serrano\/\",\"url\":\"https:\/\/www.celttv.com.ar\/index.php\/2014\/01\/02\/se-acentuan-los-trabajos-en-el-sector-serrano\/\",\"name\":\"SE ACENTUAN LOS TRABAJOS EN EL SECTOR SERRANO. - CELTTV\",\"isPartOf\":{\"@id\":\"https:\/\/www.celttv.com.ar\/#website\"},\"datePublished\":\"2014-01-02T22:57:01+00:00\",\"dateModified\":\"2014-01-02T22:57:01+00:00\",\"description\":\"Sitio web de noticias de la localidad de Tornquist, provincia de Buenos Aires, Rep\u00fablica Argentina. Contenido propio originado por periodistas de CELTTV, el canal de TV local de la Cooperativa El\u00e9ctrica de Tornquist. Turismo, Pol\u00edtica, Sociedad, Deporte, Cultura y todo el contenido de inter\u00e9s general que la gente del pueblo y la regi\u00f3n debe conocer.\",\"breadcrumb\":{\"@id\":\"https:\/\/www.celttv.com.ar\/index.php\/2014\/01\/02\/se-acentuan-los-trabajos-en-el-sector-serrano\/#breadcrumb\"},\"inLanguage\":\"es\",\"potentialAction\":[{\"@type\":\"ReadAction\",\"target\":[\"https:\/\/www.celttv.com.ar\/index.php\/2014\/01\/02\/se-acentuan-los-trabajos-en-el-sector-serrano\/\"]}]},{\"@type\":\"BreadcrumbList\",\"@id\":\"https:\/\/www.celttv.com.ar\/index.php\/2014\/01\/02\/se-acentuan-los-trabajos-en-el-sector-serrano\/#breadcrumb\",\"itemListElement\":[{\"@type\":\"ListItem\",\"position\":1,\"name\":\"Inicio\",\"item\":\"https:\/\/www.celttv.com.ar\/\"},{\"@type\":\"ListItem\",\"position\":2,\"name\":\"SE ACENTUAN LOS TRABAJOS EN EL SECTOR SERRANO.\"}]},{\"@type\":\"WebSite\",\"@id\":\"https:\/\/www.celttv.com.ar\/#website\",\"url\":\"https:\/\/www.celttv.com.ar\/\",\"name\":\"CELTTV\",\"description\":\"Cooperativa El\u00e9ctrica de Tornquist\",\"publisher\":{\"@id\":\"https:\/\/www.celttv.com.ar\/#organization\"},\"potentialAction\":[{\"@type\":\"SearchAction\",\"target\":{\"@type\":\"EntryPoint\",\"urlTemplate\":\"https:\/\/www.celttv.com.ar\/?s={search_term_string}\"},\"query-input\":\"required name=search_term_string\"}],\"inLanguage\":\"es\"},{\"@type\":\"Organization\",\"@id\":\"https:\/\/www.celttv.com.ar\/#organization\",\"name\":\"CELTTV\",\"url\":\"https:\/\/www.celttv.com.ar\/\",\"sameAs\":[\"https:\/\/www.youtube.com\/channel\/UCz_oIt8Hig64Ub-EmcNPIhg\",\"https:\/\/www.facebook.com\/celtTV\/\"],\"logo\":{\"@type\":\"ImageObject\",\"inLanguage\":\"es\",\"@id\":\"https:\/\/www.celttv.com.ar\/#\/schema\/logo\/image\/\",\"url\":\"http:\/\/www.celttv.com.ar\/wp-content\/uploads\/2022\/08\/logo-1.png\",\"contentUrl\":\"http:\/\/www.celttv.com.ar\/wp-content\/uploads\/2022\/08\/logo-1.png\",\"width\":461,\"height\":159,\"caption\":\"CELTTV\"},\"image\":{\"@id\":\"https:\/\/www.celttv.com.ar\/#\/schema\/logo\/image\/\"}},{\"@type\":\"Person\",\"@id\":\"https:\/\/www.celttv.com.ar\/#\/schema\/person\/6d99c072dba59953809c81446e9d0ace\",\"name\":\"ulises\",\"image\":{\"@type\":\"ImageObject\",\"inLanguage\":\"es\",\"@id\":\"https:\/\/www.celttv.com.ar\/#\/schema\/person\/image\/\",\"url\":\"https:\/\/secure.gravatar.com\/avatar\/7f2c48bdc33b30088f941fb6082e555f2874c98e20cb159d7b92b50eadfce793?s=96&d=mm&r=g\",\"contentUrl\":\"https:\/\/secure.gravatar.com\/avatar\/7f2c48bdc33b30088f941fb6082e555f2874c98e20cb159d7b92b50eadfce793?s=96&d=mm&r=g\",\"caption\":\"ulises\"},\"sameAs\":[\"http:\/\/www.celttv.com.ar\"]}]}<\/script>\n<!-- \/ Yoast SEO plugin. -->","yoast_head_json":{"title":"SE ACENTUAN LOS TRABAJOS EN EL SECTOR SERRANO. - CELTTV","description":"Sitio web de noticias de la localidad de Tornquist, provincia de Buenos Aires, Rep\u00fablica Argentina. Contenido propio originado por periodistas de CELTTV, el canal de TV local de la Cooperativa El\u00e9ctrica de Tornquist. Turismo, Pol\u00edtica, Sociedad, Deporte, Cultura y todo el contenido de inter\u00e9s general que la gente del pueblo y la regi\u00f3n debe conocer.","robots":{"index":"index","follow":"follow","max-snippet":"max-snippet:-1","max-image-preview":"max-image-preview:large","max-video-preview":"max-video-preview:-1"},"canonical":"https:\/\/www.celttv.com.ar\/index.php\/2014\/01\/02\/se-acentuan-los-trabajos-en-el-sector-serrano\/","og_locale":"es_ES","og_type":"article","og_title":"SE ACENTUAN LOS TRABAJOS EN EL SECTOR SERRANO. - CELTTV","og_description":"Sitio web de noticias de la localidad de Tornquist, provincia de Buenos Aires, Rep\u00fablica Argentina. Contenido propio originado por periodistas de CELTTV, el canal de TV local de la Cooperativa El\u00e9ctrica de Tornquist. Turismo, Pol\u00edtica, Sociedad, Deporte, Cultura y todo el contenido de inter\u00e9s general que la gente del pueblo y la regi\u00f3n debe conocer.","og_url":"https:\/\/www.celttv.com.ar\/index.php\/2014\/01\/02\/se-acentuan-los-trabajos-en-el-sector-serrano\/","og_site_name":"CELTTV","article_publisher":"https:\/\/www.facebook.com\/celtTV\/","article_published_time":"2014-01-02T22:57:01+00:00","author":"ulises","twitter_card":"summary_large_image","twitter_misc":{"Escrito por":"ulises","Tiempo de lectura":"4 minutos"},"schema":{"@context":"https:\/\/schema.org","@graph":[{"@type":"NewsArticle","@id":"https:\/\/www.celttv.com.ar\/index.php\/2014\/01\/02\/se-acentuan-los-trabajos-en-el-sector-serrano\/#article","isPartOf":{"@id":"https:\/\/www.celttv.com.ar\/index.php\/2014\/01\/02\/se-acentuan-los-trabajos-en-el-sector-serrano\/"},"author":{"name":"ulises","@id":"https:\/\/www.celttv.com.ar\/#\/schema\/person\/6d99c072dba59953809c81446e9d0ace"},"headline":"SE ACENTUAN LOS TRABAJOS EN EL SECTOR SERRANO.","datePublished":"2014-01-02T22:57:01+00:00","dateModified":"2014-01-02T22:57:01+00:00","mainEntityOfPage":{"@id":"https:\/\/www.celttv.com.ar\/index.php\/2014\/01\/02\/se-acentuan-los-trabajos-en-el-sector-serrano\/"},"wordCount":743,"publisher":{"@id":"https:\/\/www.celttv.com.ar\/#organization"},"articleSection":["Destacadas","Policiales","Videos Destacados"],"inLanguage":"es"},{"@type":"WebPage","@id":"https:\/\/www.celttv.com.ar\/index.php\/2014\/01\/02\/se-acentuan-los-trabajos-en-el-sector-serrano\/","url":"https:\/\/www.celttv.com.ar\/index.php\/2014\/01\/02\/se-acentuan-los-trabajos-en-el-sector-serrano\/","name":"SE ACENTUAN LOS TRABAJOS EN EL SECTOR SERRANO. - CELTTV","isPartOf":{"@id":"https:\/\/www.celttv.com.ar\/#website"},"datePublished":"2014-01-02T22:57:01+00:00","dateModified":"2014-01-02T22:57:01+00:00","description":"Sitio web de noticias de la localidad de Tornquist, provincia de Buenos Aires, Rep\u00fablica Argentina. Contenido propio originado por periodistas de CELTTV, el canal de TV local de la Cooperativa El\u00e9ctrica de Tornquist. Turismo, Pol\u00edtica, Sociedad, Deporte, Cultura y todo el contenido de inter\u00e9s general que la gente del pueblo y la regi\u00f3n debe conocer.","breadcrumb":{"@id":"https:\/\/www.celttv.com.ar\/index.php\/2014\/01\/02\/se-acentuan-los-trabajos-en-el-sector-serrano\/#breadcrumb"},"inLanguage":"es","potentialAction":[{"@type":"ReadAction","target":["https:\/\/www.celttv.com.ar\/index.php\/2014\/01\/02\/se-acentuan-los-trabajos-en-el-sector-serrano\/"]}]},{"@type":"BreadcrumbList","@id":"https:\/\/www.celttv.com.ar\/index.php\/2014\/01\/02\/se-acentuan-los-trabajos-en-el-sector-serrano\/#breadcrumb","itemListElement":[{"@type":"ListItem","position":1,"name":"Inicio","item":"https:\/\/www.celttv.com.ar\/"},{"@type":"ListItem","position":2,"name":"SE ACENTUAN LOS TRABAJOS EN EL SECTOR SERRANO."}]},{"@type":"WebSite","@id":"https:\/\/www.celttv.com.ar\/#website","url":"https:\/\/www.celttv.com.ar\/","name":"CELTTV","description":"Cooperativa El\u00e9ctrica de Tornquist","publisher":{"@id":"https:\/\/www.celttv.com.ar\/#organization"},"potentialAction":[{"@type":"SearchAction","target":{"@type":"EntryPoint","urlTemplate":"https:\/\/www.celttv.com.ar\/?s={search_term_string}"},"query-input":"required name=search_term_string"}],"inLanguage":"es"},{"@type":"Organization","@id":"https:\/\/www.celttv.com.ar\/#organization","name":"CELTTV","url":"https:\/\/www.celttv.com.ar\/","sameAs":["https:\/\/www.youtube.com\/channel\/UCz_oIt8Hig64Ub-EmcNPIhg","https:\/\/www.facebook.com\/celtTV\/"],"logo":{"@type":"ImageObject","inLanguage":"es","@id":"https:\/\/www.celttv.com.ar\/#\/schema\/logo\/image\/","url":"http:\/\/www.celttv.com.ar\/wp-content\/uploads\/2022\/08\/logo-1.png","contentUrl":"http:\/\/www.celttv.com.ar\/wp-content\/uploads\/2022\/08\/logo-1.png","width":461,"height":159,"caption":"CELTTV"},"image":{"@id":"https:\/\/www.celttv.com.ar\/#\/schema\/logo\/image\/"}},{"@type":"Person","@id":"https:\/\/www.celttv.com.ar\/#\/schema\/person\/6d99c072dba59953809c81446e9d0ace","name":"ulises","image":{"@type":"ImageObject","inLanguage":"es","@id":"https:\/\/www.celttv.com.ar\/#\/schema\/person\/image\/","url":"https:\/\/secure.gravatar.com\/avatar\/7f2c48bdc33b30088f941fb6082e555f2874c98e20cb159d7b92b50eadfce793?s=96&d=mm&r=g","contentUrl":"https:\/\/secure.gravatar.com\/avatar\/7f2c48bdc33b30088f941fb6082e555f2874c98e20cb159d7b92b50eadfce793?s=96&d=mm&r=g","caption":"ulises"},"sameAs":["http:\/\/www.celttv.com.ar"]}]}},"_links":{"self":[{"href":"https:\/\/www.celttv.com.ar\/index.php\/wp-json\/wp\/v2\/posts\/16649","targetHints":{"allow":["GET"]}}],"collection":[{"href":"https:\/\/www.celttv.com.ar\/index.php\/wp-json\/wp\/v2\/posts"}],"about":[{"href":"https:\/\/www.celttv.com.ar\/index.php\/wp-json\/wp\/v2\/types\/post"}],"author":[{"embeddable":true,"href":"https:\/\/www.celttv.com.ar\/index.php\/wp-json\/wp\/v2\/users\/1"}],"replies":[{"embeddable":true,"href":"https:\/\/www.celttv.com.ar\/index.php\/wp-json\/wp\/v2\/comments?post=16649"}],"version-history":[{"count":0,"href":"https:\/\/www.celttv.com.ar\/index.php\/wp-json\/wp\/v2\/posts\/16649\/revisions"}],"wp:attachment":[{"href":"https:\/\/www.celttv.com.ar\/index.php\/wp-json\/wp\/v2\/media?parent=16649"}],"wp:term":[{"taxonomy":"category","embeddable":true,"href":"https:\/\/www.celttv.com.ar\/index.php\/wp-json\/wp\/v2\/categories?post=16649"},{"taxonomy":"post_tag","embeddable":true,"href":"https:\/\/www.celttv.com.ar\/index.php\/wp-json\/wp\/v2\/tags?post=16649"}],"curies":[{"name":"wp","href":"https:\/\/api.w.org\/{rel}","templated":true}]}}