{"id":16653,"date":"2014-01-02T23:01:40","date_gmt":"2014-01-02T23:01:40","guid":{"rendered":"http:\/\/www.tvcnoticias.com.ar\/?p=16653"},"modified":"2014-01-02T23:01:40","modified_gmt":"2014-01-02T23:01:40","slug":"mas-de-30-mil-hectareas-afectadas-por-el-fuego","status":"publish","type":"post","link":"https:\/\/www.celttv.com.ar\/index.php\/2014\/01\/02\/mas-de-30-mil-hectareas-afectadas-por-el-fuego\/","title":{"rendered":"MAS DE 30 MIL HECTAREAS AFECTADAS POR EL FUEGO."},"content":{"rendered":"<p>Algo m\u00e1s de 30 mil hect\u00e1reas ya afect\u00f3 el incendio desatado en el cord\u00f3n serrano, sobre el cual se encuentran trabajando dotaciones de este distrito y deuna amplia regi\u00f3n.<br \/>\nTras el sobrevuelo que realiz\u00f3 este mediod\u00eda de la zona afectada las autoridades del Plan Nacional de Manejo del Fuego (PNMF) y miembros de las secretar\u00eda de Seguridad del municipio de Tornquist, se analiz\u00f3 la situaci\u00f3n actual del incendio y se continu\u00f3 planificando las estrategias de trabajo para combatir al mismo.<br \/>\nEl coordinador del PNMF, Marcelo Moisiejchuk, sostuvo que se pudo controlar el fuego que amenazaba la localidad serrana de Villa Ventana y el establecimiento de Cerros Colorados.<br \/>\n\u201cEl frente que iba en direcci\u00f3n a Villa Ventana esta contenido, anoche a las 4 de la ma\u00f1ana, el viento rot\u00f3 y el fuego tuvo una escapada de unos 300 o 400 metros, donde se pudo controlar con todos los bomberos que estaban apostados en el sector\u201d, manifest\u00f3 Moisiejchuk.<br \/>\n\u201cSe hizo un relevamiento del cerro Naposta, donde se busc\u00f3 la posibilidad de establecer un helipunto (lugar para que descienda el helic\u00f3ptero del Ej\u00e9rcito y pueda trasladar a los bomberos), y desembarcar a 40 personas que van a trabajar por arriba del cerro. La idea es poder parar el fuego del flanco derecho que est\u00e1 de manera descendente y, as\u00ed,\u00a0 evitar que el mismo no siga para Sierra de la Ventana\u201d, agreg\u00f3.<br \/>\nAsimismo, mencion\u00f3 que en la estancia Cerros Colorados est\u00e1n trabajando los bomberos para asegurar todo el per\u00edmetro y realizar la guardia de cenizas sobre el sector que tom\u00f3 combustibilidad en la madrugada de hoy.<br \/>\n\u201cHay un sector muy activo para la zona de Coronel Su\u00e1rez, donde est\u00e1 trabajando un avi\u00f3n hidrante. Tambi\u00e9n, hay otro incendio que comenz\u00f3 ayer en la localidad de Pig\u00fc\u00e9, donde all\u00ed fue designado otro hidrante para apoyar las dotaciones que trabajan en el lugar\u201d, ampli\u00f3.<br \/>\nEn tanto, es importante mencionar el gran despliegue humano que lleva adelante este combate de incendio, el cual comenz\u00f3 el domingo \u00faltimo a las 14.30 en Villa Serrana La Gruta y se dispers\u00f3 en varias direcciones arrasando con m\u00e1s de 30 mil hect\u00e1reas.<br \/>\nLa tarea extraordinaria de bomberos, personal municipal, los aviones hidrantes, helic\u00f3ptero, personal del PNMF,\u00a0 polic\u00eda, baquianos, productores y los vecinos de las distintas localidades del distrito proveyendo de agua y comida a los cuarteles para asistir a los servidores p\u00fablicos, han generado un extenso equipo de trabajo que anhela poder terminar cuanto antes con el siniestro.<br \/>\nCuatro aviones hidrantes, dos helic\u00f3pteros (Armada y Ej\u00e9rcito) y un avi\u00f3n observador, es el respaldo a\u00e9reo que acompa\u00f1a la tarea de los bomberos, los cuales est\u00e1n operando desde muy temprano en el cord\u00f3n serrano.<br \/>\nCon respecto al comportamiento del clima en las pr\u00f3ximas horas, Moisiejchuk, adelant\u00f3 que el viento seguir\u00e1 en direcci\u00f3n del sudoeste a unos 30 km\/h y, por ahora, beneficia la temperatura que descendi\u00f3 a unos 25 grados.<br \/>\n\u201cSe est\u00e1 haciendo un muy buen trabajo de afianzamiento de lo que son las l\u00edneas cortadas de cortafuego con las m\u00e1quinas del municipio y personal de bomberos para el control\u201d, concluy\u00f3.<br \/>\nPor su parte, el secretario de Seguridad comunal, doctor Carlos Carriquiry, sostuvo que si bien la ruta provincial 76 no est\u00e1 cortada, la gente que transite por la misma lo realice con precauci\u00f3n debido a la posibilidad de humo o de animales que puedan llegar a cruzar la ruta, debido a la rotura de alambrados de algunos establecimientos lindantes a la misma.<br \/>\n<a href=\"https:\/\/www.youtube.com\/watch?v=T7ovDj0awlI\">httpv:\/\/www.youtube.com\/watch?v=T7ovDj0awlI<\/a><br \/>\n<a href=\"https:\/\/www.youtube.com\/watch?v=XKsCUn1gZNw\">httpv:\/\/www.youtube.com\/watch?v=XKsCUn1gZNw<\/a><br \/>\n<a href=\"https:\/\/www.youtube.com\/watch?v=20wCfU_5CGI\">httpv:\/\/www.youtube.com\/watch?v=20wCfU_5CGI<\/a><br \/>\n<a href=\"https:\/\/www.youtube.com\/watch?v=BnLZi8MAGMo\">httpv:\/\/www.youtube.com\/watch?v=BnLZi8MAGMo<\/a><br \/>\n&nbsp;<br \/>\n&nbsp;<\/p>\n","protected":false},"excerpt":{"rendered":"<p>Algo m\u00e1s de 30 mil hect\u00e1reas ya afect\u00f3 el incendio desatado en el cord\u00f3n serrano, sobre el cual se encuentran trabajando dotaciones de este distrito y deuna amplia regi\u00f3n. Tras el sobrevuelo que realiz\u00f3 este mediod\u00eda de la zona afectada las autoridades del Plan Nacional de Manejo del Fuego (PNMF) y miembros de las secretar\u00eda [&hellip;]<\/p>\n","protected":false},"author":1,"featured_media":0,"comment_status":"closed","ping_status":"open","sticky":false,"template":"","format":"standard","meta":{"footnotes":""},"categories":[52,61,64],"tags":[],"class_list":["post-16653","post","type-post","status-publish","format-standard","hentry","category-destacadas","category-policiales","category-videos-destacados"],"yoast_head":"<!-- This site is optimized with the Yoast SEO plugin v19.7.1 - https:\/\/yoast.com\/wordpress\/plugins\/seo\/ -->\n<title>MAS DE 30 MIL HECTAREAS AFECTADAS POR EL FUEGO. - CELTTV<\/title>\n<meta name=\"description\" content=\"Sitio web de noticias de la localidad de Tornquist, provincia de Buenos Aires, Rep\u00fablica Argentina. Contenido propio originado por periodistas de CELTTV, el canal de TV local de la Cooperativa El\u00e9ctrica de Tornquist. Turismo, Pol\u00edtica, Sociedad, Deporte, Cultura y todo el contenido de inter\u00e9s general que la gente del pueblo y la regi\u00f3n debe conocer.\" \/>\n<meta name=\"robots\" content=\"index, follow, max-snippet:-1, max-image-preview:large, max-video-preview:-1\" \/>\n<link rel=\"canonical\" href=\"https:\/\/www.celttv.com.ar\/index.php\/2014\/01\/02\/mas-de-30-mil-hectareas-afectadas-por-el-fuego\/\" \/>\n<meta property=\"og:locale\" content=\"es_ES\" \/>\n<meta property=\"og:type\" content=\"article\" \/>\n<meta property=\"og:title\" content=\"MAS DE 30 MIL HECTAREAS AFECTADAS POR EL FUEGO. - CELTTV\" \/>\n<meta property=\"og:description\" content=\"Sitio web de noticias de la localidad de Tornquist, provincia de Buenos Aires, Rep\u00fablica Argentina. Contenido propio originado por periodistas de CELTTV, el canal de TV local de la Cooperativa El\u00e9ctrica de Tornquist. Turismo, Pol\u00edtica, Sociedad, Deporte, Cultura y todo el contenido de inter\u00e9s general que la gente del pueblo y la regi\u00f3n debe conocer.\" \/>\n<meta property=\"og:url\" content=\"https:\/\/www.celttv.com.ar\/index.php\/2014\/01\/02\/mas-de-30-mil-hectareas-afectadas-por-el-fuego\/\" \/>\n<meta property=\"og:site_name\" content=\"CELTTV\" \/>\n<meta property=\"article:publisher\" content=\"https:\/\/www.facebook.com\/celtTV\/\" \/>\n<meta property=\"article:published_time\" content=\"2014-01-02T23:01:40+00:00\" \/>\n<meta name=\"author\" content=\"ulises\" \/>\n<meta name=\"twitter:card\" content=\"summary_large_image\" \/>\n<meta name=\"twitter:label1\" content=\"Escrito por\" \/>\n\t<meta name=\"twitter:data1\" content=\"ulises\" \/>\n\t<meta name=\"twitter:label2\" content=\"Tiempo de lectura\" \/>\n\t<meta name=\"twitter:data2\" content=\"3 minutos\" \/>\n<script type=\"application\/ld+json\" class=\"yoast-schema-graph\">{\"@context\":\"https:\/\/schema.org\",\"@graph\":[{\"@type\":\"NewsArticle\",\"@id\":\"https:\/\/www.celttv.com.ar\/index.php\/2014\/01\/02\/mas-de-30-mil-hectareas-afectadas-por-el-fuego\/#article\",\"isPartOf\":{\"@id\":\"https:\/\/www.celttv.com.ar\/index.php\/2014\/01\/02\/mas-de-30-mil-hectareas-afectadas-por-el-fuego\/\"},\"author\":{\"name\":\"ulises\",\"@id\":\"https:\/\/www.celttv.com.ar\/#\/schema\/person\/6d99c072dba59953809c81446e9d0ace\"},\"headline\":\"MAS DE 30 MIL HECTAREAS AFECTADAS POR EL FUEGO.\",\"datePublished\":\"2014-01-02T23:01:40+00:00\",\"dateModified\":\"2014-01-02T23:01:40+00:00\",\"mainEntityOfPage\":{\"@id\":\"https:\/\/www.celttv.com.ar\/index.php\/2014\/01\/02\/mas-de-30-mil-hectareas-afectadas-por-el-fuego\/\"},\"wordCount\":636,\"publisher\":{\"@id\":\"https:\/\/www.celttv.com.ar\/#organization\"},\"articleSection\":[\"Destacadas\",\"Policiales\",\"Videos Destacados\"],\"inLanguage\":\"es\"},{\"@type\":\"WebPage\",\"@id\":\"https:\/\/www.celttv.com.ar\/index.php\/2014\/01\/02\/mas-de-30-mil-hectareas-afectadas-por-el-fuego\/\",\"url\":\"https:\/\/www.celttv.com.ar\/index.php\/2014\/01\/02\/mas-de-30-mil-hectareas-afectadas-por-el-fuego\/\",\"name\":\"MAS DE 30 MIL HECTAREAS AFECTADAS POR EL FUEGO. - CELTTV\",\"isPartOf\":{\"@id\":\"https:\/\/www.celttv.com.ar\/#website\"},\"datePublished\":\"2014-01-02T23:01:40+00:00\",\"dateModified\":\"2014-01-02T23:01:40+00:00\",\"description\":\"Sitio web de noticias de la localidad de Tornquist, provincia de Buenos Aires, Rep\u00fablica Argentina. Contenido propio originado por periodistas de CELTTV, el canal de TV local de la Cooperativa El\u00e9ctrica de Tornquist. Turismo, Pol\u00edtica, Sociedad, Deporte, Cultura y todo el contenido de inter\u00e9s general que la gente del pueblo y la regi\u00f3n debe conocer.\",\"breadcrumb\":{\"@id\":\"https:\/\/www.celttv.com.ar\/index.php\/2014\/01\/02\/mas-de-30-mil-hectareas-afectadas-por-el-fuego\/#breadcrumb\"},\"inLanguage\":\"es\",\"potentialAction\":[{\"@type\":\"ReadAction\",\"target\":[\"https:\/\/www.celttv.com.ar\/index.php\/2014\/01\/02\/mas-de-30-mil-hectareas-afectadas-por-el-fuego\/\"]}]},{\"@type\":\"BreadcrumbList\",\"@id\":\"https:\/\/www.celttv.com.ar\/index.php\/2014\/01\/02\/mas-de-30-mil-hectareas-afectadas-por-el-fuego\/#breadcrumb\",\"itemListElement\":[{\"@type\":\"ListItem\",\"position\":1,\"name\":\"Inicio\",\"item\":\"https:\/\/www.celttv.com.ar\/\"},{\"@type\":\"ListItem\",\"position\":2,\"name\":\"MAS DE 30 MIL HECTAREAS AFECTADAS POR EL FUEGO.\"}]},{\"@type\":\"WebSite\",\"@id\":\"https:\/\/www.celttv.com.ar\/#website\",\"url\":\"https:\/\/www.celttv.com.ar\/\",\"name\":\"CELTTV\",\"description\":\"Cooperativa El\u00e9ctrica de Tornquist\",\"publisher\":{\"@id\":\"https:\/\/www.celttv.com.ar\/#organization\"},\"potentialAction\":[{\"@type\":\"SearchAction\",\"target\":{\"@type\":\"EntryPoint\",\"urlTemplate\":\"https:\/\/www.celttv.com.ar\/?s={search_term_string}\"},\"query-input\":\"required name=search_term_string\"}],\"inLanguage\":\"es\"},{\"@type\":\"Organization\",\"@id\":\"https:\/\/www.celttv.com.ar\/#organization\",\"name\":\"CELTTV\",\"url\":\"https:\/\/www.celttv.com.ar\/\",\"sameAs\":[\"https:\/\/www.youtube.com\/channel\/UCz_oIt8Hig64Ub-EmcNPIhg\",\"https:\/\/www.facebook.com\/celtTV\/\"],\"logo\":{\"@type\":\"ImageObject\",\"inLanguage\":\"es\",\"@id\":\"https:\/\/www.celttv.com.ar\/#\/schema\/logo\/image\/\",\"url\":\"http:\/\/www.celttv.com.ar\/wp-content\/uploads\/2022\/08\/logo-1.png\",\"contentUrl\":\"http:\/\/www.celttv.com.ar\/wp-content\/uploads\/2022\/08\/logo-1.png\",\"width\":461,\"height\":159,\"caption\":\"CELTTV\"},\"image\":{\"@id\":\"https:\/\/www.celttv.com.ar\/#\/schema\/logo\/image\/\"}},{\"@type\":\"Person\",\"@id\":\"https:\/\/www.celttv.com.ar\/#\/schema\/person\/6d99c072dba59953809c81446e9d0ace\",\"name\":\"ulises\",\"image\":{\"@type\":\"ImageObject\",\"inLanguage\":\"es\",\"@id\":\"https:\/\/www.celttv.com.ar\/#\/schema\/person\/image\/\",\"url\":\"https:\/\/secure.gravatar.com\/avatar\/7f2c48bdc33b30088f941fb6082e555f2874c98e20cb159d7b92b50eadfce793?s=96&d=mm&r=g\",\"contentUrl\":\"https:\/\/secure.gravatar.com\/avatar\/7f2c48bdc33b30088f941fb6082e555f2874c98e20cb159d7b92b50eadfce793?s=96&d=mm&r=g\",\"caption\":\"ulises\"},\"sameAs\":[\"http:\/\/www.celttv.com.ar\"]}]}<\/script>\n<!-- \/ Yoast SEO plugin. -->","yoast_head_json":{"title":"MAS DE 30 MIL HECTAREAS AFECTADAS POR EL FUEGO. - CELTTV","description":"Sitio web de noticias de la localidad de Tornquist, provincia de Buenos Aires, Rep\u00fablica Argentina. Contenido propio originado por periodistas de CELTTV, el canal de TV local de la Cooperativa El\u00e9ctrica de Tornquist. Turismo, Pol\u00edtica, Sociedad, Deporte, Cultura y todo el contenido de inter\u00e9s general que la gente del pueblo y la regi\u00f3n debe conocer.","robots":{"index":"index","follow":"follow","max-snippet":"max-snippet:-1","max-image-preview":"max-image-preview:large","max-video-preview":"max-video-preview:-1"},"canonical":"https:\/\/www.celttv.com.ar\/index.php\/2014\/01\/02\/mas-de-30-mil-hectareas-afectadas-por-el-fuego\/","og_locale":"es_ES","og_type":"article","og_title":"MAS DE 30 MIL HECTAREAS AFECTADAS POR EL FUEGO. - CELTTV","og_description":"Sitio web de noticias de la localidad de Tornquist, provincia de Buenos Aires, Rep\u00fablica Argentina. Contenido propio originado por periodistas de CELTTV, el canal de TV local de la Cooperativa El\u00e9ctrica de Tornquist. Turismo, Pol\u00edtica, Sociedad, Deporte, Cultura y todo el contenido de inter\u00e9s general que la gente del pueblo y la regi\u00f3n debe conocer.","og_url":"https:\/\/www.celttv.com.ar\/index.php\/2014\/01\/02\/mas-de-30-mil-hectareas-afectadas-por-el-fuego\/","og_site_name":"CELTTV","article_publisher":"https:\/\/www.facebook.com\/celtTV\/","article_published_time":"2014-01-02T23:01:40+00:00","author":"ulises","twitter_card":"summary_large_image","twitter_misc":{"Escrito por":"ulises","Tiempo de lectura":"3 minutos"},"schema":{"@context":"https:\/\/schema.org","@graph":[{"@type":"NewsArticle","@id":"https:\/\/www.celttv.com.ar\/index.php\/2014\/01\/02\/mas-de-30-mil-hectareas-afectadas-por-el-fuego\/#article","isPartOf":{"@id":"https:\/\/www.celttv.com.ar\/index.php\/2014\/01\/02\/mas-de-30-mil-hectareas-afectadas-por-el-fuego\/"},"author":{"name":"ulises","@id":"https:\/\/www.celttv.com.ar\/#\/schema\/person\/6d99c072dba59953809c81446e9d0ace"},"headline":"MAS DE 30 MIL HECTAREAS AFECTADAS POR EL FUEGO.","datePublished":"2014-01-02T23:01:40+00:00","dateModified":"2014-01-02T23:01:40+00:00","mainEntityOfPage":{"@id":"https:\/\/www.celttv.com.ar\/index.php\/2014\/01\/02\/mas-de-30-mil-hectareas-afectadas-por-el-fuego\/"},"wordCount":636,"publisher":{"@id":"https:\/\/www.celttv.com.ar\/#organization"},"articleSection":["Destacadas","Policiales","Videos Destacados"],"inLanguage":"es"},{"@type":"WebPage","@id":"https:\/\/www.celttv.com.ar\/index.php\/2014\/01\/02\/mas-de-30-mil-hectareas-afectadas-por-el-fuego\/","url":"https:\/\/www.celttv.com.ar\/index.php\/2014\/01\/02\/mas-de-30-mil-hectareas-afectadas-por-el-fuego\/","name":"MAS DE 30 MIL HECTAREAS AFECTADAS POR EL FUEGO. - CELTTV","isPartOf":{"@id":"https:\/\/www.celttv.com.ar\/#website"},"datePublished":"2014-01-02T23:01:40+00:00","dateModified":"2014-01-02T23:01:40+00:00","description":"Sitio web de noticias de la localidad de Tornquist, provincia de Buenos Aires, Rep\u00fablica Argentina. Contenido propio originado por periodistas de CELTTV, el canal de TV local de la Cooperativa El\u00e9ctrica de Tornquist. Turismo, Pol\u00edtica, Sociedad, Deporte, Cultura y todo el contenido de inter\u00e9s general que la gente del pueblo y la regi\u00f3n debe conocer.","breadcrumb":{"@id":"https:\/\/www.celttv.com.ar\/index.php\/2014\/01\/02\/mas-de-30-mil-hectareas-afectadas-por-el-fuego\/#breadcrumb"},"inLanguage":"es","potentialAction":[{"@type":"ReadAction","target":["https:\/\/www.celttv.com.ar\/index.php\/2014\/01\/02\/mas-de-30-mil-hectareas-afectadas-por-el-fuego\/"]}]},{"@type":"BreadcrumbList","@id":"https:\/\/www.celttv.com.ar\/index.php\/2014\/01\/02\/mas-de-30-mil-hectareas-afectadas-por-el-fuego\/#breadcrumb","itemListElement":[{"@type":"ListItem","position":1,"name":"Inicio","item":"https:\/\/www.celttv.com.ar\/"},{"@type":"ListItem","position":2,"name":"MAS DE 30 MIL HECTAREAS AFECTADAS POR EL FUEGO."}]},{"@type":"WebSite","@id":"https:\/\/www.celttv.com.ar\/#website","url":"https:\/\/www.celttv.com.ar\/","name":"CELTTV","description":"Cooperativa El\u00e9ctrica de Tornquist","publisher":{"@id":"https:\/\/www.celttv.com.ar\/#organization"},"potentialAction":[{"@type":"SearchAction","target":{"@type":"EntryPoint","urlTemplate":"https:\/\/www.celttv.com.ar\/?s={search_term_string}"},"query-input":"required name=search_term_string"}],"inLanguage":"es"},{"@type":"Organization","@id":"https:\/\/www.celttv.com.ar\/#organization","name":"CELTTV","url":"https:\/\/www.celttv.com.ar\/","sameAs":["https:\/\/www.youtube.com\/channel\/UCz_oIt8Hig64Ub-EmcNPIhg","https:\/\/www.facebook.com\/celtTV\/"],"logo":{"@type":"ImageObject","inLanguage":"es","@id":"https:\/\/www.celttv.com.ar\/#\/schema\/logo\/image\/","url":"http:\/\/www.celttv.com.ar\/wp-content\/uploads\/2022\/08\/logo-1.png","contentUrl":"http:\/\/www.celttv.com.ar\/wp-content\/uploads\/2022\/08\/logo-1.png","width":461,"height":159,"caption":"CELTTV"},"image":{"@id":"https:\/\/www.celttv.com.ar\/#\/schema\/logo\/image\/"}},{"@type":"Person","@id":"https:\/\/www.celttv.com.ar\/#\/schema\/person\/6d99c072dba59953809c81446e9d0ace","name":"ulises","image":{"@type":"ImageObject","inLanguage":"es","@id":"https:\/\/www.celttv.com.ar\/#\/schema\/person\/image\/","url":"https:\/\/secure.gravatar.com\/avatar\/7f2c48bdc33b30088f941fb6082e555f2874c98e20cb159d7b92b50eadfce793?s=96&d=mm&r=g","contentUrl":"https:\/\/secure.gravatar.com\/avatar\/7f2c48bdc33b30088f941fb6082e555f2874c98e20cb159d7b92b50eadfce793?s=96&d=mm&r=g","caption":"ulises"},"sameAs":["http:\/\/www.celttv.com.ar"]}]}},"_links":{"self":[{"href":"https:\/\/www.celttv.com.ar\/index.php\/wp-json\/wp\/v2\/posts\/16653","targetHints":{"allow":["GET"]}}],"collection":[{"href":"https:\/\/www.celttv.com.ar\/index.php\/wp-json\/wp\/v2\/posts"}],"about":[{"href":"https:\/\/www.celttv.com.ar\/index.php\/wp-json\/wp\/v2\/types\/post"}],"author":[{"embeddable":true,"href":"https:\/\/www.celttv.com.ar\/index.php\/wp-json\/wp\/v2\/users\/1"}],"replies":[{"embeddable":true,"href":"https:\/\/www.celttv.com.ar\/index.php\/wp-json\/wp\/v2\/comments?post=16653"}],"version-history":[{"count":0,"href":"https:\/\/www.celttv.com.ar\/index.php\/wp-json\/wp\/v2\/posts\/16653\/revisions"}],"wp:attachment":[{"href":"https:\/\/www.celttv.com.ar\/index.php\/wp-json\/wp\/v2\/media?parent=16653"}],"wp:term":[{"taxonomy":"category","embeddable":true,"href":"https:\/\/www.celttv.com.ar\/index.php\/wp-json\/wp\/v2\/categories?post=16653"},{"taxonomy":"post_tag","embeddable":true,"href":"https:\/\/www.celttv.com.ar\/index.php\/wp-json\/wp\/v2\/tags?post=16653"}],"curies":[{"name":"wp","href":"https:\/\/api.w.org\/{rel}","templated":true}]}}