{"id":16661,"date":"2014-01-04T01:41:09","date_gmt":"2014-01-04T01:41:09","guid":{"rendered":"http:\/\/www.tvcnoticias.com.ar\/?p=16661"},"modified":"2014-01-04T01:41:09","modified_gmt":"2014-01-04T01:41:09","slug":"el-gobernador-scioli-recorrio-la-zona-afectada-fotos-y-proximamente-video","status":"publish","type":"post","link":"https:\/\/www.celttv.com.ar\/index.php\/2014\/01\/04\/el-gobernador-scioli-recorrio-la-zona-afectada-fotos-y-proximamente-video\/","title":{"rendered":"EL GOBERNADOR SCIOLI RECORRIO LA ZONA AFECTADA (Fotos y pr\u00f3ximamente video)"},"content":{"rendered":"<p><br \/>\nCon el objetivo de comprobar in situ la situaci\u00f3n desatada en el sector serrano, donde el domingo se gener\u00f3 un incendio que ya lleva afectadas a unas 48 mil hect\u00e1reas, el gobernador de la Provincia de Buenos Aires, Daniel Scioli, sobrevol\u00f3 la zona afectada por el siniestro, en compa\u00f1\u00eda del intendente municipal, licenciado Gustavo Trankels, y el titular del OPDS, Hugo Bilbao.<br \/>\nUna vez completado el vuelo de observaci\u00f3n, el mandatario provincial descendi\u00f3 en el Aeroclub de Tornquist, donde mantuvo un contacto con la prensa y efectu\u00f3 una evaluaci\u00f3n de la situaci\u00f3n.<br \/>\n\u201cQuiero destacar a quienes combaten el fuego cuerpo a cuerpo. Es una actitud heroica la que se est\u00e1 llevando adelante\u201d, resalt\u00f3, en referencia a los bomberos voluntarios de nuestro distrito y la regi\u00f3n, y los baqueanos y due\u00f1os de campos que est\u00e1n colaborando.<br \/>\n\u201cEstamos superando esta situaci\u00f3n gracias a la eficacia y la solidaridad, el trabajo de las fuerzas especializadas locales, nacionales y provinciales, el cuerpo de manejo del fuego de la Secretar\u00eda de Ambiente de la Naci\u00f3n, y la vocaci\u00f3n de los bomberos. Es conmovedora la solidaridad de la gente, que se acerca con su camioneta para intentar controlar la situaci\u00f3n, para que no llegue a las zonas urbanas\u201d, a\u00f1adi\u00f3.<br \/>\nScioli le agradeci\u00f3 a la presidenta de la Naci\u00f3n, Cristina Fern\u00e1ndez, por el apoyo recibido desde el Estado nacional en este siniestro.<br \/>\n\u201cEstoy informado desde el domingo sobre la evoluci\u00f3n de este incendio forestal sin precedentes. Cuando uno se acerca a la zona donde el fuego ha arrasado, es triste observar la p\u00e9rdida de animales y el estado del paisaje. La prioridad es controlar la situaci\u00f3n y revertir este avance del fuego, con las armas que se vienen trabajando desde el a\u00f1o 2008, con la capacitaci\u00f3n y la formaci\u00f3n de recursos humanos y log\u00edsticos, para poder enfrentar este tipo de adversidad. En este momento podemos observar los aviones hidrantes y los camiones de bomberos que fueron adecuados para esta situaci\u00f3n\u201d, confi\u00f3.<br \/>\n\u201cDonde haya que reforestar o recuperar patrimonio, ah\u00ed vamos a estar con asistencia. Saben el compromiso con esta regi\u00f3n de la Provincia que hoy se ve afectada. Estuvimos hablando con el amigo intendente Gustavo Trankels para poder hacer un relevamiento de las p\u00e9rdidas, pero la prioridad es controlar la situaci\u00f3n\u201d, asegur\u00f3.<br \/>\nEn el lugar estuvieron presentes los intendentes de Saavedra, Hugo Corvatta, y de Coronel Su\u00e1rez, Osvaldo Fuentes Lema, adem\u00e1s de los legisladores provinciales Ricardo Moccero y Marisol Merkel. Tambi\u00e9n acompa\u00f1aron el Coordinador de la Regi\u00f3n Pampeana del Plan Nacional de Manejo del Fuego (PNMF), Marcelo Mosiejchuk; el director de Operaciones de Defensa Civil de la Provincia de Buenos Aires, Leonardo Zaccagnini; integrantes del Ejecutivo municipal, concejales, fuerzas policiales y autoridades de los bomberos.<br \/>\n\u201cQue el gobernador Scioli se haya hecho un espacio en la agenda para venir es un gesto que ayuda. Quiero agradecerle por su apoyo, al igual que el brindado por el gobierno nacional por intermedio del Plan Nacional de Manejo del Fuego, que despleg\u00f3 buena parte de sus recursos para combatir el siniestro\u201d, sostuvo Trankels, quien resalt\u00f3 especialmente la valent\u00eda de los bomberos del distrito y la regi\u00f3n, y la colaboraci\u00f3n de baqueanos y due\u00f1os de campos.<br \/>\n<strong>La actual situaci\u00f3n<\/strong><br \/>\nA \u00faltima hora de hoy, los responsables de llevar adelante el operativo de combate del siniestro confirmaron que son 48 mil las hect\u00e1reas afectadas por el fuego, que contin\u00faa activo en la Reserva Natural Privada Sierras Grandes y la Estancia Funke, ambos sitios ubicados en el sector del Cerro Tres Picos.<br \/>\nS\u00ed pudo ser contenido en cercan\u00edas de San Andr\u00e9s de la Sierra y las estancias El Pantanoso, El Lol\u00e9n y Los Cuises, donde se manifestaban los principales focos en la jornada de ayer.<br \/>\n&nbsp;<\/p>\n","protected":false},"excerpt":{"rendered":"<p>Con el objetivo de comprobar in situ la situaci\u00f3n desatada en el sector serrano, donde el domingo se gener\u00f3 un incendio que ya lleva afectadas a unas 48 mil hect\u00e1reas, el gobernador de la Provincia de Buenos Aires, Daniel Scioli, sobrevol\u00f3 la zona afectada por el siniestro, en compa\u00f1\u00eda del intendente municipal, licenciado Gustavo Trankels, [&hellip;]<\/p>\n","protected":false},"author":1,"featured_media":0,"comment_status":"closed","ping_status":"open","sticky":false,"template":"","format":"standard","meta":{"footnotes":""},"categories":[51,52,53],"tags":[],"class_list":["post-16661","post","type-post","status-publish","format-standard","hentry","category-comunidad","category-destacadas","category-politica"],"yoast_head":"<!-- This site is optimized with the Yoast SEO plugin v19.7.1 - https:\/\/yoast.com\/wordpress\/plugins\/seo\/ -->\n<title>EL GOBERNADOR SCIOLI RECORRIO LA ZONA AFECTADA (Fotos y pr\u00f3ximamente video) - CELTTV<\/title>\n<meta name=\"description\" content=\"Sitio web de noticias de la localidad de Tornquist, provincia de Buenos Aires, Rep\u00fablica Argentina. Contenido propio originado por periodistas de CELTTV, el canal de TV local de la Cooperativa El\u00e9ctrica de Tornquist. Turismo, Pol\u00edtica, Sociedad, Deporte, Cultura y todo el contenido de inter\u00e9s general que la gente del pueblo y la regi\u00f3n debe conocer.\" \/>\n<meta name=\"robots\" content=\"index, follow, max-snippet:-1, max-image-preview:large, max-video-preview:-1\" \/>\n<link rel=\"canonical\" href=\"https:\/\/www.celttv.com.ar\/index.php\/2014\/01\/04\/el-gobernador-scioli-recorrio-la-zona-afectada-fotos-y-proximamente-video\/\" \/>\n<meta property=\"og:locale\" content=\"es_ES\" \/>\n<meta property=\"og:type\" content=\"article\" \/>\n<meta property=\"og:title\" content=\"EL GOBERNADOR SCIOLI RECORRIO LA ZONA AFECTADA (Fotos y pr\u00f3ximamente video) - CELTTV\" \/>\n<meta property=\"og:description\" content=\"Sitio web de noticias de la localidad de Tornquist, provincia de Buenos Aires, Rep\u00fablica Argentina. Contenido propio originado por periodistas de CELTTV, el canal de TV local de la Cooperativa El\u00e9ctrica de Tornquist. Turismo, Pol\u00edtica, Sociedad, Deporte, Cultura y todo el contenido de inter\u00e9s general que la gente del pueblo y la regi\u00f3n debe conocer.\" \/>\n<meta property=\"og:url\" content=\"https:\/\/www.celttv.com.ar\/index.php\/2014\/01\/04\/el-gobernador-scioli-recorrio-la-zona-afectada-fotos-y-proximamente-video\/\" \/>\n<meta property=\"og:site_name\" content=\"CELTTV\" \/>\n<meta property=\"article:publisher\" content=\"https:\/\/www.facebook.com\/celtTV\/\" \/>\n<meta property=\"article:published_time\" content=\"2014-01-04T01:41:09+00:00\" \/>\n<meta name=\"author\" content=\"ulises\" \/>\n<meta name=\"twitter:card\" content=\"summary_large_image\" \/>\n<meta name=\"twitter:label1\" content=\"Escrito por\" \/>\n\t<meta name=\"twitter:data1\" content=\"ulises\" \/>\n\t<meta name=\"twitter:label2\" content=\"Tiempo de lectura\" \/>\n\t<meta name=\"twitter:data2\" content=\"3 minutos\" \/>\n<script type=\"application\/ld+json\" class=\"yoast-schema-graph\">{\"@context\":\"https:\/\/schema.org\",\"@graph\":[{\"@type\":\"NewsArticle\",\"@id\":\"https:\/\/www.celttv.com.ar\/index.php\/2014\/01\/04\/el-gobernador-scioli-recorrio-la-zona-afectada-fotos-y-proximamente-video\/#article\",\"isPartOf\":{\"@id\":\"https:\/\/www.celttv.com.ar\/index.php\/2014\/01\/04\/el-gobernador-scioli-recorrio-la-zona-afectada-fotos-y-proximamente-video\/\"},\"author\":{\"name\":\"ulises\",\"@id\":\"https:\/\/www.celttv.com.ar\/#\/schema\/person\/6d99c072dba59953809c81446e9d0ace\"},\"headline\":\"EL GOBERNADOR SCIOLI RECORRIO LA ZONA AFECTADA (Fotos y pr\u00f3ximamente video)\",\"datePublished\":\"2014-01-04T01:41:09+00:00\",\"dateModified\":\"2014-01-04T01:41:09+00:00\",\"mainEntityOfPage\":{\"@id\":\"https:\/\/www.celttv.com.ar\/index.php\/2014\/01\/04\/el-gobernador-scioli-recorrio-la-zona-afectada-fotos-y-proximamente-video\/\"},\"wordCount\":669,\"publisher\":{\"@id\":\"https:\/\/www.celttv.com.ar\/#organization\"},\"articleSection\":[\"Comunidad\",\"Destacadas\",\"Pol\u00edtica\"],\"inLanguage\":\"es\"},{\"@type\":\"WebPage\",\"@id\":\"https:\/\/www.celttv.com.ar\/index.php\/2014\/01\/04\/el-gobernador-scioli-recorrio-la-zona-afectada-fotos-y-proximamente-video\/\",\"url\":\"https:\/\/www.celttv.com.ar\/index.php\/2014\/01\/04\/el-gobernador-scioli-recorrio-la-zona-afectada-fotos-y-proximamente-video\/\",\"name\":\"EL GOBERNADOR SCIOLI RECORRIO LA ZONA AFECTADA (Fotos y pr\u00f3ximamente video) - CELTTV\",\"isPartOf\":{\"@id\":\"https:\/\/www.celttv.com.ar\/#website\"},\"datePublished\":\"2014-01-04T01:41:09+00:00\",\"dateModified\":\"2014-01-04T01:41:09+00:00\",\"description\":\"Sitio web de noticias de la localidad de Tornquist, provincia de Buenos Aires, Rep\u00fablica Argentina. Contenido propio originado por periodistas de CELTTV, el canal de TV local de la Cooperativa El\u00e9ctrica de Tornquist. Turismo, Pol\u00edtica, Sociedad, Deporte, Cultura y todo el contenido de inter\u00e9s general que la gente del pueblo y la regi\u00f3n debe conocer.\",\"breadcrumb\":{\"@id\":\"https:\/\/www.celttv.com.ar\/index.php\/2014\/01\/04\/el-gobernador-scioli-recorrio-la-zona-afectada-fotos-y-proximamente-video\/#breadcrumb\"},\"inLanguage\":\"es\",\"potentialAction\":[{\"@type\":\"ReadAction\",\"target\":[\"https:\/\/www.celttv.com.ar\/index.php\/2014\/01\/04\/el-gobernador-scioli-recorrio-la-zona-afectada-fotos-y-proximamente-video\/\"]}]},{\"@type\":\"BreadcrumbList\",\"@id\":\"https:\/\/www.celttv.com.ar\/index.php\/2014\/01\/04\/el-gobernador-scioli-recorrio-la-zona-afectada-fotos-y-proximamente-video\/#breadcrumb\",\"itemListElement\":[{\"@type\":\"ListItem\",\"position\":1,\"name\":\"Inicio\",\"item\":\"https:\/\/www.celttv.com.ar\/\"},{\"@type\":\"ListItem\",\"position\":2,\"name\":\"EL GOBERNADOR SCIOLI RECORRIO LA ZONA AFECTADA (Fotos y pr\u00f3ximamente video)\"}]},{\"@type\":\"WebSite\",\"@id\":\"https:\/\/www.celttv.com.ar\/#website\",\"url\":\"https:\/\/www.celttv.com.ar\/\",\"name\":\"CELTTV\",\"description\":\"Cooperativa El\u00e9ctrica de Tornquist\",\"publisher\":{\"@id\":\"https:\/\/www.celttv.com.ar\/#organization\"},\"potentialAction\":[{\"@type\":\"SearchAction\",\"target\":{\"@type\":\"EntryPoint\",\"urlTemplate\":\"https:\/\/www.celttv.com.ar\/?s={search_term_string}\"},\"query-input\":\"required name=search_term_string\"}],\"inLanguage\":\"es\"},{\"@type\":\"Organization\",\"@id\":\"https:\/\/www.celttv.com.ar\/#organization\",\"name\":\"CELTTV\",\"url\":\"https:\/\/www.celttv.com.ar\/\",\"sameAs\":[\"https:\/\/www.youtube.com\/channel\/UCz_oIt8Hig64Ub-EmcNPIhg\",\"https:\/\/www.facebook.com\/celtTV\/\"],\"logo\":{\"@type\":\"ImageObject\",\"inLanguage\":\"es\",\"@id\":\"https:\/\/www.celttv.com.ar\/#\/schema\/logo\/image\/\",\"url\":\"http:\/\/www.celttv.com.ar\/wp-content\/uploads\/2022\/08\/logo-1.png\",\"contentUrl\":\"http:\/\/www.celttv.com.ar\/wp-content\/uploads\/2022\/08\/logo-1.png\",\"width\":461,\"height\":159,\"caption\":\"CELTTV\"},\"image\":{\"@id\":\"https:\/\/www.celttv.com.ar\/#\/schema\/logo\/image\/\"}},{\"@type\":\"Person\",\"@id\":\"https:\/\/www.celttv.com.ar\/#\/schema\/person\/6d99c072dba59953809c81446e9d0ace\",\"name\":\"ulises\",\"image\":{\"@type\":\"ImageObject\",\"inLanguage\":\"es\",\"@id\":\"https:\/\/www.celttv.com.ar\/#\/schema\/person\/image\/\",\"url\":\"https:\/\/secure.gravatar.com\/avatar\/7f2c48bdc33b30088f941fb6082e555f2874c98e20cb159d7b92b50eadfce793?s=96&d=mm&r=g\",\"contentUrl\":\"https:\/\/secure.gravatar.com\/avatar\/7f2c48bdc33b30088f941fb6082e555f2874c98e20cb159d7b92b50eadfce793?s=96&d=mm&r=g\",\"caption\":\"ulises\"},\"sameAs\":[\"http:\/\/www.celttv.com.ar\"]}]}<\/script>\n<!-- \/ Yoast SEO plugin. -->","yoast_head_json":{"title":"EL GOBERNADOR SCIOLI RECORRIO LA ZONA AFECTADA (Fotos y pr\u00f3ximamente video) - CELTTV","description":"Sitio web de noticias de la localidad de Tornquist, provincia de Buenos Aires, Rep\u00fablica Argentina. Contenido propio originado por periodistas de CELTTV, el canal de TV local de la Cooperativa El\u00e9ctrica de Tornquist. Turismo, Pol\u00edtica, Sociedad, Deporte, Cultura y todo el contenido de inter\u00e9s general que la gente del pueblo y la regi\u00f3n debe conocer.","robots":{"index":"index","follow":"follow","max-snippet":"max-snippet:-1","max-image-preview":"max-image-preview:large","max-video-preview":"max-video-preview:-1"},"canonical":"https:\/\/www.celttv.com.ar\/index.php\/2014\/01\/04\/el-gobernador-scioli-recorrio-la-zona-afectada-fotos-y-proximamente-video\/","og_locale":"es_ES","og_type":"article","og_title":"EL GOBERNADOR SCIOLI RECORRIO LA ZONA AFECTADA (Fotos y pr\u00f3ximamente video) - CELTTV","og_description":"Sitio web de noticias de la localidad de Tornquist, provincia de Buenos Aires, Rep\u00fablica Argentina. Contenido propio originado por periodistas de CELTTV, el canal de TV local de la Cooperativa El\u00e9ctrica de Tornquist. Turismo, Pol\u00edtica, Sociedad, Deporte, Cultura y todo el contenido de inter\u00e9s general que la gente del pueblo y la regi\u00f3n debe conocer.","og_url":"https:\/\/www.celttv.com.ar\/index.php\/2014\/01\/04\/el-gobernador-scioli-recorrio-la-zona-afectada-fotos-y-proximamente-video\/","og_site_name":"CELTTV","article_publisher":"https:\/\/www.facebook.com\/celtTV\/","article_published_time":"2014-01-04T01:41:09+00:00","author":"ulises","twitter_card":"summary_large_image","twitter_misc":{"Escrito por":"ulises","Tiempo de lectura":"3 minutos"},"schema":{"@context":"https:\/\/schema.org","@graph":[{"@type":"NewsArticle","@id":"https:\/\/www.celttv.com.ar\/index.php\/2014\/01\/04\/el-gobernador-scioli-recorrio-la-zona-afectada-fotos-y-proximamente-video\/#article","isPartOf":{"@id":"https:\/\/www.celttv.com.ar\/index.php\/2014\/01\/04\/el-gobernador-scioli-recorrio-la-zona-afectada-fotos-y-proximamente-video\/"},"author":{"name":"ulises","@id":"https:\/\/www.celttv.com.ar\/#\/schema\/person\/6d99c072dba59953809c81446e9d0ace"},"headline":"EL GOBERNADOR SCIOLI RECORRIO LA ZONA AFECTADA (Fotos y pr\u00f3ximamente video)","datePublished":"2014-01-04T01:41:09+00:00","dateModified":"2014-01-04T01:41:09+00:00","mainEntityOfPage":{"@id":"https:\/\/www.celttv.com.ar\/index.php\/2014\/01\/04\/el-gobernador-scioli-recorrio-la-zona-afectada-fotos-y-proximamente-video\/"},"wordCount":669,"publisher":{"@id":"https:\/\/www.celttv.com.ar\/#organization"},"articleSection":["Comunidad","Destacadas","Pol\u00edtica"],"inLanguage":"es"},{"@type":"WebPage","@id":"https:\/\/www.celttv.com.ar\/index.php\/2014\/01\/04\/el-gobernador-scioli-recorrio-la-zona-afectada-fotos-y-proximamente-video\/","url":"https:\/\/www.celttv.com.ar\/index.php\/2014\/01\/04\/el-gobernador-scioli-recorrio-la-zona-afectada-fotos-y-proximamente-video\/","name":"EL GOBERNADOR SCIOLI RECORRIO LA ZONA AFECTADA (Fotos y pr\u00f3ximamente video) - CELTTV","isPartOf":{"@id":"https:\/\/www.celttv.com.ar\/#website"},"datePublished":"2014-01-04T01:41:09+00:00","dateModified":"2014-01-04T01:41:09+00:00","description":"Sitio web de noticias de la localidad de Tornquist, provincia de Buenos Aires, Rep\u00fablica Argentina. Contenido propio originado por periodistas de CELTTV, el canal de TV local de la Cooperativa El\u00e9ctrica de Tornquist. Turismo, Pol\u00edtica, Sociedad, Deporte, Cultura y todo el contenido de inter\u00e9s general que la gente del pueblo y la regi\u00f3n debe conocer.","breadcrumb":{"@id":"https:\/\/www.celttv.com.ar\/index.php\/2014\/01\/04\/el-gobernador-scioli-recorrio-la-zona-afectada-fotos-y-proximamente-video\/#breadcrumb"},"inLanguage":"es","potentialAction":[{"@type":"ReadAction","target":["https:\/\/www.celttv.com.ar\/index.php\/2014\/01\/04\/el-gobernador-scioli-recorrio-la-zona-afectada-fotos-y-proximamente-video\/"]}]},{"@type":"BreadcrumbList","@id":"https:\/\/www.celttv.com.ar\/index.php\/2014\/01\/04\/el-gobernador-scioli-recorrio-la-zona-afectada-fotos-y-proximamente-video\/#breadcrumb","itemListElement":[{"@type":"ListItem","position":1,"name":"Inicio","item":"https:\/\/www.celttv.com.ar\/"},{"@type":"ListItem","position":2,"name":"EL GOBERNADOR SCIOLI RECORRIO LA ZONA AFECTADA (Fotos y pr\u00f3ximamente video)"}]},{"@type":"WebSite","@id":"https:\/\/www.celttv.com.ar\/#website","url":"https:\/\/www.celttv.com.ar\/","name":"CELTTV","description":"Cooperativa El\u00e9ctrica de Tornquist","publisher":{"@id":"https:\/\/www.celttv.com.ar\/#organization"},"potentialAction":[{"@type":"SearchAction","target":{"@type":"EntryPoint","urlTemplate":"https:\/\/www.celttv.com.ar\/?s={search_term_string}"},"query-input":"required name=search_term_string"}],"inLanguage":"es"},{"@type":"Organization","@id":"https:\/\/www.celttv.com.ar\/#organization","name":"CELTTV","url":"https:\/\/www.celttv.com.ar\/","sameAs":["https:\/\/www.youtube.com\/channel\/UCz_oIt8Hig64Ub-EmcNPIhg","https:\/\/www.facebook.com\/celtTV\/"],"logo":{"@type":"ImageObject","inLanguage":"es","@id":"https:\/\/www.celttv.com.ar\/#\/schema\/logo\/image\/","url":"http:\/\/www.celttv.com.ar\/wp-content\/uploads\/2022\/08\/logo-1.png","contentUrl":"http:\/\/www.celttv.com.ar\/wp-content\/uploads\/2022\/08\/logo-1.png","width":461,"height":159,"caption":"CELTTV"},"image":{"@id":"https:\/\/www.celttv.com.ar\/#\/schema\/logo\/image\/"}},{"@type":"Person","@id":"https:\/\/www.celttv.com.ar\/#\/schema\/person\/6d99c072dba59953809c81446e9d0ace","name":"ulises","image":{"@type":"ImageObject","inLanguage":"es","@id":"https:\/\/www.celttv.com.ar\/#\/schema\/person\/image\/","url":"https:\/\/secure.gravatar.com\/avatar\/7f2c48bdc33b30088f941fb6082e555f2874c98e20cb159d7b92b50eadfce793?s=96&d=mm&r=g","contentUrl":"https:\/\/secure.gravatar.com\/avatar\/7f2c48bdc33b30088f941fb6082e555f2874c98e20cb159d7b92b50eadfce793?s=96&d=mm&r=g","caption":"ulises"},"sameAs":["http:\/\/www.celttv.com.ar"]}]}},"_links":{"self":[{"href":"https:\/\/www.celttv.com.ar\/index.php\/wp-json\/wp\/v2\/posts\/16661","targetHints":{"allow":["GET"]}}],"collection":[{"href":"https:\/\/www.celttv.com.ar\/index.php\/wp-json\/wp\/v2\/posts"}],"about":[{"href":"https:\/\/www.celttv.com.ar\/index.php\/wp-json\/wp\/v2\/types\/post"}],"author":[{"embeddable":true,"href":"https:\/\/www.celttv.com.ar\/index.php\/wp-json\/wp\/v2\/users\/1"}],"replies":[{"embeddable":true,"href":"https:\/\/www.celttv.com.ar\/index.php\/wp-json\/wp\/v2\/comments?post=16661"}],"version-history":[{"count":0,"href":"https:\/\/www.celttv.com.ar\/index.php\/wp-json\/wp\/v2\/posts\/16661\/revisions"}],"wp:attachment":[{"href":"https:\/\/www.celttv.com.ar\/index.php\/wp-json\/wp\/v2\/media?parent=16661"}],"wp:term":[{"taxonomy":"category","embeddable":true,"href":"https:\/\/www.celttv.com.ar\/index.php\/wp-json\/wp\/v2\/categories?post=16661"},{"taxonomy":"post_tag","embeddable":true,"href":"https:\/\/www.celttv.com.ar\/index.php\/wp-json\/wp\/v2\/tags?post=16661"}],"curies":[{"name":"wp","href":"https:\/\/api.w.org\/{rel}","templated":true}]}}