{"id":16673,"date":"2014-01-04T14:34:12","date_gmt":"2014-01-04T14:34:12","guid":{"rendered":"http:\/\/www.tvcnoticias.com.ar\/?p=16673"},"modified":"2014-01-04T14:34:12","modified_gmt":"2014-01-04T14:34:12","slug":"momento-de-angustia-y-desesperacion-en-san-andres-video-y-testimonios","status":"publish","type":"post","link":"https:\/\/www.celttv.com.ar\/index.php\/2014\/01\/04\/momento-de-angustia-y-desesperacion-en-san-andres-video-y-testimonios\/","title":{"rendered":"MOMENTO DE ANGUSTIA Y DESESPERACI\u00d3N EN SAN ANDRES (Video y testimonios)"},"content":{"rendered":"<p><a href=\"http:\/\/www.youtube.com\/watch?v=SkAtm_yhhmo\"><a href=\"http:\/\/www.youtube.com\/watch?v=SkAtm_yhhmo\">httpv:\/\/www.youtube.com\/watch?v=SkAtm_yhhmo<\/a><\/a><br \/>\n<a href=\"http:\/\/www.youtube.com\/watch?v=i4DaQNT71Sg\"><a href=\"http:\/\/www.youtube.com\/watch?v=i4DaQNT71Sg\">httpv:\/\/www.youtube.com\/watch?v=i4DaQNT71Sg<\/a><\/a><br \/>\n<a href=\"http:\/\/www.youtube.com\/watch?v=jjQY6xkG9yw\"><a href=\"http:\/\/www.youtube.com\/watch?v=jjQY6xkG9yw\">httpv:\/\/www.youtube.com\/watch?v=jjQY6xkG9yw<\/a><\/a><br \/>\n<a href=\"http:\/\/www.youtube.com\/watch?v=pSuenwGmN7M\"><a href=\"http:\/\/www.youtube.com\/watch?v=pSuenwGmN7M\">httpv:\/\/www.youtube.com\/watch?v=pSuenwGmN7M<\/a><\/a><br \/>\nLos vecinos de esta hermosa villa tur\u00edstica todav\u00eda no sal\u00edan del asombro por el momento angustiante que les toc\u00f3 vivir en la madrugada del pasado viernes cuando un frente de fuego, ayudado por el intenso viento, avanz\u00f3 sobre el lugar y logr\u00f3 ser contenido con un oportuno contrafuego a pocos metros de la zona poblada.<br \/>\nHubo quienes decidieron hacer frente a las llamas y, junto a un tractor y una motobomba, con el apoyo de un cami\u00f3n cisterna del Municipio, &#8220;encararon&#8221; decididamente y lograron controlarlo, pese al sofocante calor y la intensidad del humo que apenas dejada respirar.<br \/>\nDada la dimensi\u00f3n del frente de fuego y la velocidad con que se desplazaba, algunos vecinos prefirieron autoevacuarse.<br \/>\nLuego llegaron las autobombas para concluir la tarea y continuar extinguiendo otros focos existentes en ese sector de la serran\u00eda.<\/p>\n","protected":false},"excerpt":{"rendered":"<p>httpv:\/\/www.youtube.com\/watch?v=SkAtm_yhhmo httpv:\/\/www.youtube.com\/watch?v=i4DaQNT71Sg httpv:\/\/www.youtube.com\/watch?v=jjQY6xkG9yw httpv:\/\/www.youtube.com\/watch?v=pSuenwGmN7M Los vecinos de esta hermosa villa tur\u00edstica todav\u00eda no sal\u00edan del asombro por el momento angustiante que les toc\u00f3 vivir en la madrugada del pasado viernes cuando un frente de fuego, ayudado por el intenso viento, avanz\u00f3 sobre el lugar y logr\u00f3 ser contenido con un oportuno contrafuego a pocos metros [&hellip;]<\/p>\n","protected":false},"author":1,"featured_media":0,"comment_status":"closed","ping_status":"open","sticky":false,"template":"","format":"standard","meta":{"footnotes":""},"categories":[51,52,53,64],"tags":[],"class_list":["post-16673","post","type-post","status-publish","format-standard","hentry","category-comunidad","category-destacadas","category-politica","category-videos-destacados"],"yoast_head":"<!-- This site is optimized with the Yoast SEO plugin v19.7.1 - https:\/\/yoast.com\/wordpress\/plugins\/seo\/ -->\n<title>MOMENTO DE ANGUSTIA Y DESESPERACI\u00d3N EN SAN ANDRES (Video y testimonios) - CELTTV<\/title>\n<meta name=\"description\" content=\"Sitio web de noticias de la localidad de Tornquist, provincia de Buenos Aires, Rep\u00fablica Argentina. Contenido propio originado por periodistas de CELTTV, el canal de TV local de la Cooperativa El\u00e9ctrica de Tornquist. Turismo, Pol\u00edtica, Sociedad, Deporte, Cultura y todo el contenido de inter\u00e9s general que la gente del pueblo y la regi\u00f3n debe conocer.\" \/>\n<meta name=\"robots\" content=\"index, follow, max-snippet:-1, max-image-preview:large, max-video-preview:-1\" \/>\n<link rel=\"canonical\" href=\"https:\/\/www.celttv.com.ar\/index.php\/2014\/01\/04\/momento-de-angustia-y-desesperacion-en-san-andres-video-y-testimonios\/\" \/>\n<meta property=\"og:locale\" content=\"es_ES\" \/>\n<meta property=\"og:type\" content=\"article\" \/>\n<meta property=\"og:title\" content=\"MOMENTO DE ANGUSTIA Y DESESPERACI\u00d3N EN SAN ANDRES (Video y testimonios) - CELTTV\" \/>\n<meta property=\"og:description\" content=\"Sitio web de noticias de la localidad de Tornquist, provincia de Buenos Aires, Rep\u00fablica Argentina. Contenido propio originado por periodistas de CELTTV, el canal de TV local de la Cooperativa El\u00e9ctrica de Tornquist. Turismo, Pol\u00edtica, Sociedad, Deporte, Cultura y todo el contenido de inter\u00e9s general que la gente del pueblo y la regi\u00f3n debe conocer.\" \/>\n<meta property=\"og:url\" content=\"https:\/\/www.celttv.com.ar\/index.php\/2014\/01\/04\/momento-de-angustia-y-desesperacion-en-san-andres-video-y-testimonios\/\" \/>\n<meta property=\"og:site_name\" content=\"CELTTV\" \/>\n<meta property=\"article:publisher\" content=\"https:\/\/www.facebook.com\/celtTV\/\" \/>\n<meta property=\"article:published_time\" content=\"2014-01-04T14:34:12+00:00\" \/>\n<meta name=\"author\" content=\"ulises\" \/>\n<meta name=\"twitter:card\" content=\"summary_large_image\" \/>\n<meta name=\"twitter:label1\" content=\"Escrito por\" \/>\n\t<meta name=\"twitter:data1\" content=\"ulises\" \/>\n\t<meta name=\"twitter:label2\" content=\"Tiempo de lectura\" \/>\n\t<meta name=\"twitter:data2\" content=\"1 minuto\" \/>\n<script type=\"application\/ld+json\" class=\"yoast-schema-graph\">{\"@context\":\"https:\/\/schema.org\",\"@graph\":[{\"@type\":\"NewsArticle\",\"@id\":\"https:\/\/www.celttv.com.ar\/index.php\/2014\/01\/04\/momento-de-angustia-y-desesperacion-en-san-andres-video-y-testimonios\/#article\",\"isPartOf\":{\"@id\":\"https:\/\/www.celttv.com.ar\/index.php\/2014\/01\/04\/momento-de-angustia-y-desesperacion-en-san-andres-video-y-testimonios\/\"},\"author\":{\"name\":\"ulises\",\"@id\":\"https:\/\/www.celttv.com.ar\/#\/schema\/person\/6d99c072dba59953809c81446e9d0ace\"},\"headline\":\"MOMENTO DE ANGUSTIA Y DESESPERACI\u00d3N EN SAN ANDRES (Video y testimonios)\",\"datePublished\":\"2014-01-04T14:34:12+00:00\",\"dateModified\":\"2014-01-04T14:34:12+00:00\",\"mainEntityOfPage\":{\"@id\":\"https:\/\/www.celttv.com.ar\/index.php\/2014\/01\/04\/momento-de-angustia-y-desesperacion-en-san-andres-video-y-testimonios\/\"},\"wordCount\":188,\"publisher\":{\"@id\":\"https:\/\/www.celttv.com.ar\/#organization\"},\"articleSection\":[\"Comunidad\",\"Destacadas\",\"Pol\u00edtica\",\"Videos Destacados\"],\"inLanguage\":\"es\"},{\"@type\":\"WebPage\",\"@id\":\"https:\/\/www.celttv.com.ar\/index.php\/2014\/01\/04\/momento-de-angustia-y-desesperacion-en-san-andres-video-y-testimonios\/\",\"url\":\"https:\/\/www.celttv.com.ar\/index.php\/2014\/01\/04\/momento-de-angustia-y-desesperacion-en-san-andres-video-y-testimonios\/\",\"name\":\"MOMENTO DE ANGUSTIA Y DESESPERACI\u00d3N EN SAN ANDRES (Video y testimonios) - CELTTV\",\"isPartOf\":{\"@id\":\"https:\/\/www.celttv.com.ar\/#website\"},\"datePublished\":\"2014-01-04T14:34:12+00:00\",\"dateModified\":\"2014-01-04T14:34:12+00:00\",\"description\":\"Sitio web de noticias de la localidad de Tornquist, provincia de Buenos Aires, Rep\u00fablica Argentina. Contenido propio originado por periodistas de CELTTV, el canal de TV local de la Cooperativa El\u00e9ctrica de Tornquist. Turismo, Pol\u00edtica, Sociedad, Deporte, Cultura y todo el contenido de inter\u00e9s general que la gente del pueblo y la regi\u00f3n debe conocer.\",\"breadcrumb\":{\"@id\":\"https:\/\/www.celttv.com.ar\/index.php\/2014\/01\/04\/momento-de-angustia-y-desesperacion-en-san-andres-video-y-testimonios\/#breadcrumb\"},\"inLanguage\":\"es\",\"potentialAction\":[{\"@type\":\"ReadAction\",\"target\":[\"https:\/\/www.celttv.com.ar\/index.php\/2014\/01\/04\/momento-de-angustia-y-desesperacion-en-san-andres-video-y-testimonios\/\"]}]},{\"@type\":\"BreadcrumbList\",\"@id\":\"https:\/\/www.celttv.com.ar\/index.php\/2014\/01\/04\/momento-de-angustia-y-desesperacion-en-san-andres-video-y-testimonios\/#breadcrumb\",\"itemListElement\":[{\"@type\":\"ListItem\",\"position\":1,\"name\":\"Inicio\",\"item\":\"https:\/\/www.celttv.com.ar\/\"},{\"@type\":\"ListItem\",\"position\":2,\"name\":\"MOMENTO DE ANGUSTIA Y DESESPERACI\u00d3N EN SAN ANDRES (Video y testimonios)\"}]},{\"@type\":\"WebSite\",\"@id\":\"https:\/\/www.celttv.com.ar\/#website\",\"url\":\"https:\/\/www.celttv.com.ar\/\",\"name\":\"CELTTV\",\"description\":\"Cooperativa El\u00e9ctrica de Tornquist\",\"publisher\":{\"@id\":\"https:\/\/www.celttv.com.ar\/#organization\"},\"potentialAction\":[{\"@type\":\"SearchAction\",\"target\":{\"@type\":\"EntryPoint\",\"urlTemplate\":\"https:\/\/www.celttv.com.ar\/?s={search_term_string}\"},\"query-input\":\"required name=search_term_string\"}],\"inLanguage\":\"es\"},{\"@type\":\"Organization\",\"@id\":\"https:\/\/www.celttv.com.ar\/#organization\",\"name\":\"CELTTV\",\"url\":\"https:\/\/www.celttv.com.ar\/\",\"sameAs\":[\"https:\/\/www.youtube.com\/channel\/UCz_oIt8Hig64Ub-EmcNPIhg\",\"https:\/\/www.facebook.com\/celtTV\/\"],\"logo\":{\"@type\":\"ImageObject\",\"inLanguage\":\"es\",\"@id\":\"https:\/\/www.celttv.com.ar\/#\/schema\/logo\/image\/\",\"url\":\"http:\/\/www.celttv.com.ar\/wp-content\/uploads\/2022\/08\/logo-1.png\",\"contentUrl\":\"http:\/\/www.celttv.com.ar\/wp-content\/uploads\/2022\/08\/logo-1.png\",\"width\":461,\"height\":159,\"caption\":\"CELTTV\"},\"image\":{\"@id\":\"https:\/\/www.celttv.com.ar\/#\/schema\/logo\/image\/\"}},{\"@type\":\"Person\",\"@id\":\"https:\/\/www.celttv.com.ar\/#\/schema\/person\/6d99c072dba59953809c81446e9d0ace\",\"name\":\"ulises\",\"image\":{\"@type\":\"ImageObject\",\"inLanguage\":\"es\",\"@id\":\"https:\/\/www.celttv.com.ar\/#\/schema\/person\/image\/\",\"url\":\"https:\/\/secure.gravatar.com\/avatar\/7f2c48bdc33b30088f941fb6082e555f2874c98e20cb159d7b92b50eadfce793?s=96&d=mm&r=g\",\"contentUrl\":\"https:\/\/secure.gravatar.com\/avatar\/7f2c48bdc33b30088f941fb6082e555f2874c98e20cb159d7b92b50eadfce793?s=96&d=mm&r=g\",\"caption\":\"ulises\"},\"sameAs\":[\"http:\/\/www.celttv.com.ar\"]}]}<\/script>\n<!-- \/ Yoast SEO plugin. -->","yoast_head_json":{"title":"MOMENTO DE ANGUSTIA Y DESESPERACI\u00d3N EN SAN ANDRES (Video y testimonios) - CELTTV","description":"Sitio web de noticias de la localidad de Tornquist, provincia de Buenos Aires, Rep\u00fablica Argentina. Contenido propio originado por periodistas de CELTTV, el canal de TV local de la Cooperativa El\u00e9ctrica de Tornquist. Turismo, Pol\u00edtica, Sociedad, Deporte, Cultura y todo el contenido de inter\u00e9s general que la gente del pueblo y la regi\u00f3n debe conocer.","robots":{"index":"index","follow":"follow","max-snippet":"max-snippet:-1","max-image-preview":"max-image-preview:large","max-video-preview":"max-video-preview:-1"},"canonical":"https:\/\/www.celttv.com.ar\/index.php\/2014\/01\/04\/momento-de-angustia-y-desesperacion-en-san-andres-video-y-testimonios\/","og_locale":"es_ES","og_type":"article","og_title":"MOMENTO DE ANGUSTIA Y DESESPERACI\u00d3N EN SAN ANDRES (Video y testimonios) - CELTTV","og_description":"Sitio web de noticias de la localidad de Tornquist, provincia de Buenos Aires, Rep\u00fablica Argentina. Contenido propio originado por periodistas de CELTTV, el canal de TV local de la Cooperativa El\u00e9ctrica de Tornquist. Turismo, Pol\u00edtica, Sociedad, Deporte, Cultura y todo el contenido de inter\u00e9s general que la gente del pueblo y la regi\u00f3n debe conocer.","og_url":"https:\/\/www.celttv.com.ar\/index.php\/2014\/01\/04\/momento-de-angustia-y-desesperacion-en-san-andres-video-y-testimonios\/","og_site_name":"CELTTV","article_publisher":"https:\/\/www.facebook.com\/celtTV\/","article_published_time":"2014-01-04T14:34:12+00:00","author":"ulises","twitter_card":"summary_large_image","twitter_misc":{"Escrito por":"ulises","Tiempo de lectura":"1 minuto"},"schema":{"@context":"https:\/\/schema.org","@graph":[{"@type":"NewsArticle","@id":"https:\/\/www.celttv.com.ar\/index.php\/2014\/01\/04\/momento-de-angustia-y-desesperacion-en-san-andres-video-y-testimonios\/#article","isPartOf":{"@id":"https:\/\/www.celttv.com.ar\/index.php\/2014\/01\/04\/momento-de-angustia-y-desesperacion-en-san-andres-video-y-testimonios\/"},"author":{"name":"ulises","@id":"https:\/\/www.celttv.com.ar\/#\/schema\/person\/6d99c072dba59953809c81446e9d0ace"},"headline":"MOMENTO DE ANGUSTIA Y DESESPERACI\u00d3N EN SAN ANDRES (Video y testimonios)","datePublished":"2014-01-04T14:34:12+00:00","dateModified":"2014-01-04T14:34:12+00:00","mainEntityOfPage":{"@id":"https:\/\/www.celttv.com.ar\/index.php\/2014\/01\/04\/momento-de-angustia-y-desesperacion-en-san-andres-video-y-testimonios\/"},"wordCount":188,"publisher":{"@id":"https:\/\/www.celttv.com.ar\/#organization"},"articleSection":["Comunidad","Destacadas","Pol\u00edtica","Videos Destacados"],"inLanguage":"es"},{"@type":"WebPage","@id":"https:\/\/www.celttv.com.ar\/index.php\/2014\/01\/04\/momento-de-angustia-y-desesperacion-en-san-andres-video-y-testimonios\/","url":"https:\/\/www.celttv.com.ar\/index.php\/2014\/01\/04\/momento-de-angustia-y-desesperacion-en-san-andres-video-y-testimonios\/","name":"MOMENTO DE ANGUSTIA Y DESESPERACI\u00d3N EN SAN ANDRES (Video y testimonios) - CELTTV","isPartOf":{"@id":"https:\/\/www.celttv.com.ar\/#website"},"datePublished":"2014-01-04T14:34:12+00:00","dateModified":"2014-01-04T14:34:12+00:00","description":"Sitio web de noticias de la localidad de Tornquist, provincia de Buenos Aires, Rep\u00fablica Argentina. Contenido propio originado por periodistas de CELTTV, el canal de TV local de la Cooperativa El\u00e9ctrica de Tornquist. Turismo, Pol\u00edtica, Sociedad, Deporte, Cultura y todo el contenido de inter\u00e9s general que la gente del pueblo y la regi\u00f3n debe conocer.","breadcrumb":{"@id":"https:\/\/www.celttv.com.ar\/index.php\/2014\/01\/04\/momento-de-angustia-y-desesperacion-en-san-andres-video-y-testimonios\/#breadcrumb"},"inLanguage":"es","potentialAction":[{"@type":"ReadAction","target":["https:\/\/www.celttv.com.ar\/index.php\/2014\/01\/04\/momento-de-angustia-y-desesperacion-en-san-andres-video-y-testimonios\/"]}]},{"@type":"BreadcrumbList","@id":"https:\/\/www.celttv.com.ar\/index.php\/2014\/01\/04\/momento-de-angustia-y-desesperacion-en-san-andres-video-y-testimonios\/#breadcrumb","itemListElement":[{"@type":"ListItem","position":1,"name":"Inicio","item":"https:\/\/www.celttv.com.ar\/"},{"@type":"ListItem","position":2,"name":"MOMENTO DE ANGUSTIA Y DESESPERACI\u00d3N EN SAN ANDRES (Video y testimonios)"}]},{"@type":"WebSite","@id":"https:\/\/www.celttv.com.ar\/#website","url":"https:\/\/www.celttv.com.ar\/","name":"CELTTV","description":"Cooperativa El\u00e9ctrica de Tornquist","publisher":{"@id":"https:\/\/www.celttv.com.ar\/#organization"},"potentialAction":[{"@type":"SearchAction","target":{"@type":"EntryPoint","urlTemplate":"https:\/\/www.celttv.com.ar\/?s={search_term_string}"},"query-input":"required name=search_term_string"}],"inLanguage":"es"},{"@type":"Organization","@id":"https:\/\/www.celttv.com.ar\/#organization","name":"CELTTV","url":"https:\/\/www.celttv.com.ar\/","sameAs":["https:\/\/www.youtube.com\/channel\/UCz_oIt8Hig64Ub-EmcNPIhg","https:\/\/www.facebook.com\/celtTV\/"],"logo":{"@type":"ImageObject","inLanguage":"es","@id":"https:\/\/www.celttv.com.ar\/#\/schema\/logo\/image\/","url":"http:\/\/www.celttv.com.ar\/wp-content\/uploads\/2022\/08\/logo-1.png","contentUrl":"http:\/\/www.celttv.com.ar\/wp-content\/uploads\/2022\/08\/logo-1.png","width":461,"height":159,"caption":"CELTTV"},"image":{"@id":"https:\/\/www.celttv.com.ar\/#\/schema\/logo\/image\/"}},{"@type":"Person","@id":"https:\/\/www.celttv.com.ar\/#\/schema\/person\/6d99c072dba59953809c81446e9d0ace","name":"ulises","image":{"@type":"ImageObject","inLanguage":"es","@id":"https:\/\/www.celttv.com.ar\/#\/schema\/person\/image\/","url":"https:\/\/secure.gravatar.com\/avatar\/7f2c48bdc33b30088f941fb6082e555f2874c98e20cb159d7b92b50eadfce793?s=96&d=mm&r=g","contentUrl":"https:\/\/secure.gravatar.com\/avatar\/7f2c48bdc33b30088f941fb6082e555f2874c98e20cb159d7b92b50eadfce793?s=96&d=mm&r=g","caption":"ulises"},"sameAs":["http:\/\/www.celttv.com.ar"]}]}},"_links":{"self":[{"href":"https:\/\/www.celttv.com.ar\/index.php\/wp-json\/wp\/v2\/posts\/16673","targetHints":{"allow":["GET"]}}],"collection":[{"href":"https:\/\/www.celttv.com.ar\/index.php\/wp-json\/wp\/v2\/posts"}],"about":[{"href":"https:\/\/www.celttv.com.ar\/index.php\/wp-json\/wp\/v2\/types\/post"}],"author":[{"embeddable":true,"href":"https:\/\/www.celttv.com.ar\/index.php\/wp-json\/wp\/v2\/users\/1"}],"replies":[{"embeddable":true,"href":"https:\/\/www.celttv.com.ar\/index.php\/wp-json\/wp\/v2\/comments?post=16673"}],"version-history":[{"count":0,"href":"https:\/\/www.celttv.com.ar\/index.php\/wp-json\/wp\/v2\/posts\/16673\/revisions"}],"wp:attachment":[{"href":"https:\/\/www.celttv.com.ar\/index.php\/wp-json\/wp\/v2\/media?parent=16673"}],"wp:term":[{"taxonomy":"category","embeddable":true,"href":"https:\/\/www.celttv.com.ar\/index.php\/wp-json\/wp\/v2\/categories?post=16673"},{"taxonomy":"post_tag","embeddable":true,"href":"https:\/\/www.celttv.com.ar\/index.php\/wp-json\/wp\/v2\/tags?post=16673"}],"curies":[{"name":"wp","href":"https:\/\/api.w.org\/{rel}","templated":true}]}}