{"id":16679,"date":"2014-01-04T14:49:56","date_gmt":"2014-01-04T14:49:56","guid":{"rendered":"http:\/\/www.tvcnoticias.com.ar\/?p=16679"},"modified":"2014-01-04T14:49:56","modified_gmt":"2014-01-04T14:49:56","slug":"continua-la-lucha-terrestre-contra-el-incendio-en-el-sector-serrano","status":"publish","type":"post","link":"https:\/\/www.celttv.com.ar\/index.php\/2014\/01\/04\/continua-la-lucha-terrestre-contra-el-incendio-en-el-sector-serrano\/","title":{"rendered":"CONTINUA LA LUCHA TERRESTRE CONTRA EL INCENDIO EN EL SECTOR SERRANO"},"content":{"rendered":"<p><a href=\"http:\/\/www.youtube.com\/watch?v=441UMCD9Fg8\"><a href=\"http:\/\/www.youtube.com\/watch?v=441UMCD9Fg8\">httpv:\/\/www.youtube.com\/watch?v=441UMCD9Fg8<\/a><\/a><br \/>\n<a href=\"http:\/\/www.youtube.com\/watch?v=441UMCD9Fg8\"><a href=\"http:\/\/www.youtube.com\/watch?v=441UMCD9Fg8\"><\/a><\/a>Con todos los medios terrestres que se encuentran a disposici\u00f3n, contin\u00faa el operativo para intentar apagar el incendio que afecta a la zona serrana de nuestro distrito, que a primera hora de la tarde de hoy cumplir\u00e1 seis d\u00edas de actividad y ya consumi\u00f3 m\u00e1s de 48 mil hect\u00e1reas.<br \/>\nEn la ma\u00f1ana de hoy, el fuego manten\u00eda dos frentes, uno en el sector de la Reserva Natural Privada Sierras Grandes y otro m\u00e1s intenso en la zona de la Estancia Funke, en direcci\u00f3n a la Estancia Santo Tom\u00e1s de Las Sierras.<br \/>\nA ese sector del distrito de Tornquist se derivaron todos los recursos terrestres, tanto los bomberos voluntarios del partido y la regi\u00f3n que vienen afrontando la situaci\u00f3n desde que se inici\u00f3 el domingo pasado en Villa Serrana La Gruta, como los autobombas forestales pertenecientes al Plan Nacional de Manejo del Fuego y los 40 integrantes de Infanter\u00eda de Marina que vienen colaborando en pos de extinguir el siniestro.<br \/>\nComo consecuencia de la intensidad que presenta el viento en la zona serrana, todav\u00eda no pudieron entrar en acci\u00f3n los aviones del Plan Nacional de Manejo del Fuego, que vienen operando desde las primeras horas.<br \/>\nEl intendente municipal, licenciado Gustavo Trankels, recorri\u00f3 la zona en donde todav\u00eda se advierte actividad \u00edgnea, acompa\u00f1ado por el responsable de Defensa Civil de la comuna, Rodrigo Fuhr; el Coordinador de la Regi\u00f3n Pampeana del Plan Nacional de Manejo del Fuego (PNMF), Marcelo Mosiejchuk; y el director de Operaciones de Defensa Civil de la Provincia de Buenos Aires, Leonardo Zaccagnini.<br \/>\nEl intendente Trankels reiter\u00f3 su agradecimiento a la inmensa cantidad de vecinos que se acercaron a los cuarteles del distrito para colaborar de una u otra manera con los bomberos voluntarios.<br \/>\n&nbsp;<br \/>\nPrensa Municipalidad de Tornquist (<a href=\"mailto:prensa@tornquist.gov.ar\">prensa@tornquist.gov.ar<\/a>)<br \/>\nTwitter: @prensatornquist<br \/>\n<span style=\"text-decoration: underline;\"><a href=\"http:\/\/www.tornquist.gob.ar\/\">www.tornquist.gob.ar<\/a><\/span><br \/>\n&nbsp;<br \/>\n&nbsp;<\/p>\n","protected":false},"excerpt":{"rendered":"<p>httpv:\/\/www.youtube.com\/watch?v=441UMCD9Fg8 Con todos los medios terrestres que se encuentran a disposici\u00f3n, contin\u00faa el operativo para intentar apagar el incendio que afecta a la zona serrana de nuestro distrito, que a primera hora de la tarde de hoy cumplir\u00e1 seis d\u00edas de actividad y ya consumi\u00f3 m\u00e1s de 48 mil hect\u00e1reas. En la ma\u00f1ana de hoy, [&hellip;]<\/p>\n","protected":false},"author":1,"featured_media":0,"comment_status":"closed","ping_status":"open","sticky":false,"template":"","format":"standard","meta":{"footnotes":""},"categories":[51,52,53,64],"tags":[],"class_list":["post-16679","post","type-post","status-publish","format-standard","hentry","category-comunidad","category-destacadas","category-politica","category-videos-destacados"],"yoast_head":"<!-- This site is optimized with the Yoast SEO plugin v19.7.1 - https:\/\/yoast.com\/wordpress\/plugins\/seo\/ -->\n<title>CONTINUA LA LUCHA TERRESTRE CONTRA EL INCENDIO EN EL SECTOR SERRANO - CELTTV<\/title>\n<meta name=\"description\" content=\"Sitio web de noticias de la localidad de Tornquist, provincia de Buenos Aires, Rep\u00fablica Argentina. Contenido propio originado por periodistas de CELTTV, el canal de TV local de la Cooperativa El\u00e9ctrica de Tornquist. Turismo, Pol\u00edtica, Sociedad, Deporte, Cultura y todo el contenido de inter\u00e9s general que la gente del pueblo y la regi\u00f3n debe conocer.\" \/>\n<meta name=\"robots\" content=\"index, follow, max-snippet:-1, max-image-preview:large, max-video-preview:-1\" \/>\n<link rel=\"canonical\" href=\"https:\/\/www.celttv.com.ar\/index.php\/2014\/01\/04\/continua-la-lucha-terrestre-contra-el-incendio-en-el-sector-serrano\/\" \/>\n<meta property=\"og:locale\" content=\"es_ES\" \/>\n<meta property=\"og:type\" content=\"article\" \/>\n<meta property=\"og:title\" content=\"CONTINUA LA LUCHA TERRESTRE CONTRA EL INCENDIO EN EL SECTOR SERRANO - CELTTV\" \/>\n<meta property=\"og:description\" content=\"Sitio web de noticias de la localidad de Tornquist, provincia de Buenos Aires, Rep\u00fablica Argentina. Contenido propio originado por periodistas de CELTTV, el canal de TV local de la Cooperativa El\u00e9ctrica de Tornquist. Turismo, Pol\u00edtica, Sociedad, Deporte, Cultura y todo el contenido de inter\u00e9s general que la gente del pueblo y la regi\u00f3n debe conocer.\" \/>\n<meta property=\"og:url\" content=\"https:\/\/www.celttv.com.ar\/index.php\/2014\/01\/04\/continua-la-lucha-terrestre-contra-el-incendio-en-el-sector-serrano\/\" \/>\n<meta property=\"og:site_name\" content=\"CELTTV\" \/>\n<meta property=\"article:publisher\" content=\"https:\/\/www.facebook.com\/celtTV\/\" \/>\n<meta property=\"article:published_time\" content=\"2014-01-04T14:49:56+00:00\" \/>\n<meta name=\"author\" content=\"ulises\" \/>\n<meta name=\"twitter:card\" content=\"summary_large_image\" \/>\n<meta name=\"twitter:label1\" content=\"Escrito por\" \/>\n\t<meta name=\"twitter:data1\" content=\"ulises\" \/>\n\t<meta name=\"twitter:label2\" content=\"Tiempo de lectura\" \/>\n\t<meta name=\"twitter:data2\" content=\"2 minutos\" \/>\n<script type=\"application\/ld+json\" class=\"yoast-schema-graph\">{\"@context\":\"https:\/\/schema.org\",\"@graph\":[{\"@type\":\"NewsArticle\",\"@id\":\"https:\/\/www.celttv.com.ar\/index.php\/2014\/01\/04\/continua-la-lucha-terrestre-contra-el-incendio-en-el-sector-serrano\/#article\",\"isPartOf\":{\"@id\":\"https:\/\/www.celttv.com.ar\/index.php\/2014\/01\/04\/continua-la-lucha-terrestre-contra-el-incendio-en-el-sector-serrano\/\"},\"author\":{\"name\":\"ulises\",\"@id\":\"https:\/\/www.celttv.com.ar\/#\/schema\/person\/6d99c072dba59953809c81446e9d0ace\"},\"headline\":\"CONTINUA LA LUCHA TERRESTRE CONTRA EL INCENDIO EN EL SECTOR SERRANO\",\"datePublished\":\"2014-01-04T14:49:56+00:00\",\"dateModified\":\"2014-01-04T14:49:56+00:00\",\"mainEntityOfPage\":{\"@id\":\"https:\/\/www.celttv.com.ar\/index.php\/2014\/01\/04\/continua-la-lucha-terrestre-contra-el-incendio-en-el-sector-serrano\/\"},\"wordCount\":337,\"publisher\":{\"@id\":\"https:\/\/www.celttv.com.ar\/#organization\"},\"articleSection\":[\"Comunidad\",\"Destacadas\",\"Pol\u00edtica\",\"Videos Destacados\"],\"inLanguage\":\"es\"},{\"@type\":\"WebPage\",\"@id\":\"https:\/\/www.celttv.com.ar\/index.php\/2014\/01\/04\/continua-la-lucha-terrestre-contra-el-incendio-en-el-sector-serrano\/\",\"url\":\"https:\/\/www.celttv.com.ar\/index.php\/2014\/01\/04\/continua-la-lucha-terrestre-contra-el-incendio-en-el-sector-serrano\/\",\"name\":\"CONTINUA LA LUCHA TERRESTRE CONTRA EL INCENDIO EN EL SECTOR SERRANO - CELTTV\",\"isPartOf\":{\"@id\":\"https:\/\/www.celttv.com.ar\/#website\"},\"datePublished\":\"2014-01-04T14:49:56+00:00\",\"dateModified\":\"2014-01-04T14:49:56+00:00\",\"description\":\"Sitio web de noticias de la localidad de Tornquist, provincia de Buenos Aires, Rep\u00fablica Argentina. Contenido propio originado por periodistas de CELTTV, el canal de TV local de la Cooperativa El\u00e9ctrica de Tornquist. Turismo, Pol\u00edtica, Sociedad, Deporte, Cultura y todo el contenido de inter\u00e9s general que la gente del pueblo y la regi\u00f3n debe conocer.\",\"breadcrumb\":{\"@id\":\"https:\/\/www.celttv.com.ar\/index.php\/2014\/01\/04\/continua-la-lucha-terrestre-contra-el-incendio-en-el-sector-serrano\/#breadcrumb\"},\"inLanguage\":\"es\",\"potentialAction\":[{\"@type\":\"ReadAction\",\"target\":[\"https:\/\/www.celttv.com.ar\/index.php\/2014\/01\/04\/continua-la-lucha-terrestre-contra-el-incendio-en-el-sector-serrano\/\"]}]},{\"@type\":\"BreadcrumbList\",\"@id\":\"https:\/\/www.celttv.com.ar\/index.php\/2014\/01\/04\/continua-la-lucha-terrestre-contra-el-incendio-en-el-sector-serrano\/#breadcrumb\",\"itemListElement\":[{\"@type\":\"ListItem\",\"position\":1,\"name\":\"Inicio\",\"item\":\"https:\/\/www.celttv.com.ar\/\"},{\"@type\":\"ListItem\",\"position\":2,\"name\":\"CONTINUA LA LUCHA TERRESTRE CONTRA EL INCENDIO EN EL SECTOR SERRANO\"}]},{\"@type\":\"WebSite\",\"@id\":\"https:\/\/www.celttv.com.ar\/#website\",\"url\":\"https:\/\/www.celttv.com.ar\/\",\"name\":\"CELTTV\",\"description\":\"Cooperativa El\u00e9ctrica de Tornquist\",\"publisher\":{\"@id\":\"https:\/\/www.celttv.com.ar\/#organization\"},\"potentialAction\":[{\"@type\":\"SearchAction\",\"target\":{\"@type\":\"EntryPoint\",\"urlTemplate\":\"https:\/\/www.celttv.com.ar\/?s={search_term_string}\"},\"query-input\":\"required name=search_term_string\"}],\"inLanguage\":\"es\"},{\"@type\":\"Organization\",\"@id\":\"https:\/\/www.celttv.com.ar\/#organization\",\"name\":\"CELTTV\",\"url\":\"https:\/\/www.celttv.com.ar\/\",\"sameAs\":[\"https:\/\/www.youtube.com\/channel\/UCz_oIt8Hig64Ub-EmcNPIhg\",\"https:\/\/www.facebook.com\/celtTV\/\"],\"logo\":{\"@type\":\"ImageObject\",\"inLanguage\":\"es\",\"@id\":\"https:\/\/www.celttv.com.ar\/#\/schema\/logo\/image\/\",\"url\":\"http:\/\/www.celttv.com.ar\/wp-content\/uploads\/2022\/08\/logo-1.png\",\"contentUrl\":\"http:\/\/www.celttv.com.ar\/wp-content\/uploads\/2022\/08\/logo-1.png\",\"width\":461,\"height\":159,\"caption\":\"CELTTV\"},\"image\":{\"@id\":\"https:\/\/www.celttv.com.ar\/#\/schema\/logo\/image\/\"}},{\"@type\":\"Person\",\"@id\":\"https:\/\/www.celttv.com.ar\/#\/schema\/person\/6d99c072dba59953809c81446e9d0ace\",\"name\":\"ulises\",\"image\":{\"@type\":\"ImageObject\",\"inLanguage\":\"es\",\"@id\":\"https:\/\/www.celttv.com.ar\/#\/schema\/person\/image\/\",\"url\":\"https:\/\/secure.gravatar.com\/avatar\/7f2c48bdc33b30088f941fb6082e555f2874c98e20cb159d7b92b50eadfce793?s=96&d=mm&r=g\",\"contentUrl\":\"https:\/\/secure.gravatar.com\/avatar\/7f2c48bdc33b30088f941fb6082e555f2874c98e20cb159d7b92b50eadfce793?s=96&d=mm&r=g\",\"caption\":\"ulises\"},\"sameAs\":[\"http:\/\/www.celttv.com.ar\"]}]}<\/script>\n<!-- \/ Yoast SEO plugin. -->","yoast_head_json":{"title":"CONTINUA LA LUCHA TERRESTRE CONTRA EL INCENDIO EN EL SECTOR SERRANO - CELTTV","description":"Sitio web de noticias de la localidad de Tornquist, provincia de Buenos Aires, Rep\u00fablica Argentina. Contenido propio originado por periodistas de CELTTV, el canal de TV local de la Cooperativa El\u00e9ctrica de Tornquist. Turismo, Pol\u00edtica, Sociedad, Deporte, Cultura y todo el contenido de inter\u00e9s general que la gente del pueblo y la regi\u00f3n debe conocer.","robots":{"index":"index","follow":"follow","max-snippet":"max-snippet:-1","max-image-preview":"max-image-preview:large","max-video-preview":"max-video-preview:-1"},"canonical":"https:\/\/www.celttv.com.ar\/index.php\/2014\/01\/04\/continua-la-lucha-terrestre-contra-el-incendio-en-el-sector-serrano\/","og_locale":"es_ES","og_type":"article","og_title":"CONTINUA LA LUCHA TERRESTRE CONTRA EL INCENDIO EN EL SECTOR SERRANO - CELTTV","og_description":"Sitio web de noticias de la localidad de Tornquist, provincia de Buenos Aires, Rep\u00fablica Argentina. Contenido propio originado por periodistas de CELTTV, el canal de TV local de la Cooperativa El\u00e9ctrica de Tornquist. Turismo, Pol\u00edtica, Sociedad, Deporte, Cultura y todo el contenido de inter\u00e9s general que la gente del pueblo y la regi\u00f3n debe conocer.","og_url":"https:\/\/www.celttv.com.ar\/index.php\/2014\/01\/04\/continua-la-lucha-terrestre-contra-el-incendio-en-el-sector-serrano\/","og_site_name":"CELTTV","article_publisher":"https:\/\/www.facebook.com\/celtTV\/","article_published_time":"2014-01-04T14:49:56+00:00","author":"ulises","twitter_card":"summary_large_image","twitter_misc":{"Escrito por":"ulises","Tiempo de lectura":"2 minutos"},"schema":{"@context":"https:\/\/schema.org","@graph":[{"@type":"NewsArticle","@id":"https:\/\/www.celttv.com.ar\/index.php\/2014\/01\/04\/continua-la-lucha-terrestre-contra-el-incendio-en-el-sector-serrano\/#article","isPartOf":{"@id":"https:\/\/www.celttv.com.ar\/index.php\/2014\/01\/04\/continua-la-lucha-terrestre-contra-el-incendio-en-el-sector-serrano\/"},"author":{"name":"ulises","@id":"https:\/\/www.celttv.com.ar\/#\/schema\/person\/6d99c072dba59953809c81446e9d0ace"},"headline":"CONTINUA LA LUCHA TERRESTRE CONTRA EL INCENDIO EN EL SECTOR SERRANO","datePublished":"2014-01-04T14:49:56+00:00","dateModified":"2014-01-04T14:49:56+00:00","mainEntityOfPage":{"@id":"https:\/\/www.celttv.com.ar\/index.php\/2014\/01\/04\/continua-la-lucha-terrestre-contra-el-incendio-en-el-sector-serrano\/"},"wordCount":337,"publisher":{"@id":"https:\/\/www.celttv.com.ar\/#organization"},"articleSection":["Comunidad","Destacadas","Pol\u00edtica","Videos Destacados"],"inLanguage":"es"},{"@type":"WebPage","@id":"https:\/\/www.celttv.com.ar\/index.php\/2014\/01\/04\/continua-la-lucha-terrestre-contra-el-incendio-en-el-sector-serrano\/","url":"https:\/\/www.celttv.com.ar\/index.php\/2014\/01\/04\/continua-la-lucha-terrestre-contra-el-incendio-en-el-sector-serrano\/","name":"CONTINUA LA LUCHA TERRESTRE CONTRA EL INCENDIO EN EL SECTOR SERRANO - CELTTV","isPartOf":{"@id":"https:\/\/www.celttv.com.ar\/#website"},"datePublished":"2014-01-04T14:49:56+00:00","dateModified":"2014-01-04T14:49:56+00:00","description":"Sitio web de noticias de la localidad de Tornquist, provincia de Buenos Aires, Rep\u00fablica Argentina. Contenido propio originado por periodistas de CELTTV, el canal de TV local de la Cooperativa El\u00e9ctrica de Tornquist. Turismo, Pol\u00edtica, Sociedad, Deporte, Cultura y todo el contenido de inter\u00e9s general que la gente del pueblo y la regi\u00f3n debe conocer.","breadcrumb":{"@id":"https:\/\/www.celttv.com.ar\/index.php\/2014\/01\/04\/continua-la-lucha-terrestre-contra-el-incendio-en-el-sector-serrano\/#breadcrumb"},"inLanguage":"es","potentialAction":[{"@type":"ReadAction","target":["https:\/\/www.celttv.com.ar\/index.php\/2014\/01\/04\/continua-la-lucha-terrestre-contra-el-incendio-en-el-sector-serrano\/"]}]},{"@type":"BreadcrumbList","@id":"https:\/\/www.celttv.com.ar\/index.php\/2014\/01\/04\/continua-la-lucha-terrestre-contra-el-incendio-en-el-sector-serrano\/#breadcrumb","itemListElement":[{"@type":"ListItem","position":1,"name":"Inicio","item":"https:\/\/www.celttv.com.ar\/"},{"@type":"ListItem","position":2,"name":"CONTINUA LA LUCHA TERRESTRE CONTRA EL INCENDIO EN EL SECTOR SERRANO"}]},{"@type":"WebSite","@id":"https:\/\/www.celttv.com.ar\/#website","url":"https:\/\/www.celttv.com.ar\/","name":"CELTTV","description":"Cooperativa El\u00e9ctrica de Tornquist","publisher":{"@id":"https:\/\/www.celttv.com.ar\/#organization"},"potentialAction":[{"@type":"SearchAction","target":{"@type":"EntryPoint","urlTemplate":"https:\/\/www.celttv.com.ar\/?s={search_term_string}"},"query-input":"required name=search_term_string"}],"inLanguage":"es"},{"@type":"Organization","@id":"https:\/\/www.celttv.com.ar\/#organization","name":"CELTTV","url":"https:\/\/www.celttv.com.ar\/","sameAs":["https:\/\/www.youtube.com\/channel\/UCz_oIt8Hig64Ub-EmcNPIhg","https:\/\/www.facebook.com\/celtTV\/"],"logo":{"@type":"ImageObject","inLanguage":"es","@id":"https:\/\/www.celttv.com.ar\/#\/schema\/logo\/image\/","url":"http:\/\/www.celttv.com.ar\/wp-content\/uploads\/2022\/08\/logo-1.png","contentUrl":"http:\/\/www.celttv.com.ar\/wp-content\/uploads\/2022\/08\/logo-1.png","width":461,"height":159,"caption":"CELTTV"},"image":{"@id":"https:\/\/www.celttv.com.ar\/#\/schema\/logo\/image\/"}},{"@type":"Person","@id":"https:\/\/www.celttv.com.ar\/#\/schema\/person\/6d99c072dba59953809c81446e9d0ace","name":"ulises","image":{"@type":"ImageObject","inLanguage":"es","@id":"https:\/\/www.celttv.com.ar\/#\/schema\/person\/image\/","url":"https:\/\/secure.gravatar.com\/avatar\/7f2c48bdc33b30088f941fb6082e555f2874c98e20cb159d7b92b50eadfce793?s=96&d=mm&r=g","contentUrl":"https:\/\/secure.gravatar.com\/avatar\/7f2c48bdc33b30088f941fb6082e555f2874c98e20cb159d7b92b50eadfce793?s=96&d=mm&r=g","caption":"ulises"},"sameAs":["http:\/\/www.celttv.com.ar"]}]}},"_links":{"self":[{"href":"https:\/\/www.celttv.com.ar\/index.php\/wp-json\/wp\/v2\/posts\/16679","targetHints":{"allow":["GET"]}}],"collection":[{"href":"https:\/\/www.celttv.com.ar\/index.php\/wp-json\/wp\/v2\/posts"}],"about":[{"href":"https:\/\/www.celttv.com.ar\/index.php\/wp-json\/wp\/v2\/types\/post"}],"author":[{"embeddable":true,"href":"https:\/\/www.celttv.com.ar\/index.php\/wp-json\/wp\/v2\/users\/1"}],"replies":[{"embeddable":true,"href":"https:\/\/www.celttv.com.ar\/index.php\/wp-json\/wp\/v2\/comments?post=16679"}],"version-history":[{"count":0,"href":"https:\/\/www.celttv.com.ar\/index.php\/wp-json\/wp\/v2\/posts\/16679\/revisions"}],"wp:attachment":[{"href":"https:\/\/www.celttv.com.ar\/index.php\/wp-json\/wp\/v2\/media?parent=16679"}],"wp:term":[{"taxonomy":"category","embeddable":true,"href":"https:\/\/www.celttv.com.ar\/index.php\/wp-json\/wp\/v2\/categories?post=16679"},{"taxonomy":"post_tag","embeddable":true,"href":"https:\/\/www.celttv.com.ar\/index.php\/wp-json\/wp\/v2\/tags?post=16679"}],"curies":[{"name":"wp","href":"https:\/\/api.w.org\/{rel}","templated":true}]}}