{"id":16682,"date":"2014-01-05T14:05:46","date_gmt":"2014-01-05T14:05:46","guid":{"rendered":"http:\/\/www.tvcnoticias.com.ar\/?p=16682"},"modified":"2014-01-05T14:05:46","modified_gmt":"2014-01-05T14:05:46","slug":"fueron-contenidos-los-focos-que-se-mantenian-en-la-zona-serrana","status":"publish","type":"post","link":"https:\/\/www.celttv.com.ar\/index.php\/2014\/01\/05\/fueron-contenidos-los-focos-que-se-mantenian-en-la-zona-serrana\/","title":{"rendered":"FUERON CONTENIDOS LOS FOCOS QUE SE MANTENIAN EN LA ZONA SERRANA"},"content":{"rendered":"<p><a rel=\"attachment wp-att-16689\" href=\"http:\/\/www.tvcnoticias.com.ar\/?attachment_id=16689\"><img loading=\"lazy\" decoding=\"async\" class=\"aligncenter size-full wp-image-16689\" title=\"DSCN0820 (1280x960) (Small)\" src=\"http:\/\/www.tvcnoticias.com.ar\/wp-content\/uploads\/2014\/01\/DSCN0820-1280x960-Small.jpg\" alt=\"\" width=\"640\" height=\"480\" \/><\/a><br \/>\nDespu\u00e9s de luchar intensamente durante toda la jornada, los encargados del operativo de combate confirmaron en el atardecer de hoy que se encuentra contenido el incendio que viene afectando al sector serrano desde el pasado domingo y que arras\u00f3 con m\u00e1s de 48 mil hect\u00e1reas.<br \/>\nLa buena noticia se conoci\u00f3 durante una reuni\u00f3n del Comit\u00e9 de Emergencia desarrollada en el Aeroclub de la ciudad cabecera del distrito, de la cual participaron el intendente municipal, licenciado Gustavo Trankels; el Coordinador de la Regi\u00f3n Pampeana del Plan Nacional de Manejo del Fuego (PNMF), Marcelo Mosiejchuk; el director de Operaciones de Defensa Civil de la Provincia de Buenos Aires, Leonardo Zaccagnini; Jorge Chitarrini, perteneciente a la Infanter\u00eda de Marina; el secretario de Gobierno y Hacienda, Guillermo L\u00f6ffler; y los jefes del incendio, Mart\u00edn Hagg y Gustavo De Vizia, entre otros.<br \/>\nLos dos frentes que se manten\u00edan activos hasta la ma\u00f1ana de hoy, uno en el sector de la Reserva Natural Privada Sierras Grandes y otro entre las estancias Funke y Santo Tom\u00e1s de las Sierras, fueron contenidos por el accionar de los bomberos voluntarios del distrito y la regi\u00f3n, acompa\u00f1ados por el trabajo de Infantes de Marina, baqueanos, vecinos del lugar y los aviones hidrantes, que pudieron salir en horas de la tarde, una vez que aminor\u00f3 la intensidad del viento.<br \/>\nEn ambos lugares se montaron guardias de ceniza y, a esta altura, no se advierten reigniciones. No obstante, los encargados de montar el operativo informaron que habr\u00e1 personal instalado en la zona para controlar y monitorear la situaci\u00f3n, dado que todav\u00eda no se dio por finalizado el siniestro.<br \/>\nAnte el nuevo panorama del siniestro, el m\u00e1s grande en la historia del distrito de Tornquist, pero que tambi\u00e9n quem\u00f3 miles de hect\u00e1reas en los partidos de Coronel Su\u00e1rez y Saavedra, algunos de los cuarteles de bomberos voluntarios de la regi\u00f3n fueron desafectados de los trabajos, mientras que otras dotaciones de la zona contin\u00faan brindando apoyo.<br \/>\nLa magnitud del incendio motiv\u00f3 la presencia de una gran cantidad de recursos puestos al servicio. Los bomberos dispusieron de sus herramientas habituales, pero fueron reforzados con cuatro autobombas para incendios forestales pertenecientes al Plan Nacional de Manejo del Fuego (pertenecientes a los destacamentos de Sierra de la Ventana, Tornquist, Monte Hermoso y San Cayetano), cinco aviones hidrantes (finalmente no fue necesario utilizar otros dos que hab\u00edan sido solicitados) del mismo programa, dos helic\u00f3pteros (uno perteneciente a la Armada Argentina) y un avi\u00f3n observador.<br \/>\nTambi\u00e9n trabaj\u00f3 personal municipal, acompa\u00f1ado de maquinarias viales y camiones regadores pertenecientes a la comuna, cisternas de privados, efectivos de la Polic\u00eda Comunal e Infantes de Marina.<br \/>\n&nbsp;<\/p>\n","protected":false},"excerpt":{"rendered":"<p>Despu\u00e9s de luchar intensamente durante toda la jornada, los encargados del operativo de combate confirmaron en el atardecer de hoy que se encuentra contenido el incendio que viene afectando al sector serrano desde el pasado domingo y que arras\u00f3 con m\u00e1s de 48 mil hect\u00e1reas. La buena noticia se conoci\u00f3 durante una reuni\u00f3n del Comit\u00e9 [&hellip;]<\/p>\n","protected":false},"author":1,"featured_media":0,"comment_status":"closed","ping_status":"open","sticky":false,"template":"","format":"standard","meta":{"footnotes":""},"categories":[51,52,53],"tags":[],"class_list":["post-16682","post","type-post","status-publish","format-standard","hentry","category-comunidad","category-destacadas","category-politica"],"yoast_head":"<!-- This site is optimized with the Yoast SEO plugin v19.7.1 - https:\/\/yoast.com\/wordpress\/plugins\/seo\/ -->\n<title>FUERON CONTENIDOS LOS FOCOS QUE SE MANTENIAN EN LA ZONA SERRANA - CELTTV<\/title>\n<meta name=\"description\" content=\"Sitio web de noticias de la localidad de Tornquist, provincia de Buenos Aires, Rep\u00fablica Argentina. Contenido propio originado por periodistas de CELTTV, el canal de TV local de la Cooperativa El\u00e9ctrica de Tornquist. Turismo, Pol\u00edtica, Sociedad, Deporte, Cultura y todo el contenido de inter\u00e9s general que la gente del pueblo y la regi\u00f3n debe conocer.\" \/>\n<meta name=\"robots\" content=\"index, follow, max-snippet:-1, max-image-preview:large, max-video-preview:-1\" \/>\n<link rel=\"canonical\" href=\"https:\/\/www.celttv.com.ar\/index.php\/2014\/01\/05\/fueron-contenidos-los-focos-que-se-mantenian-en-la-zona-serrana\/\" \/>\n<meta property=\"og:locale\" content=\"es_ES\" \/>\n<meta property=\"og:type\" content=\"article\" \/>\n<meta property=\"og:title\" content=\"FUERON CONTENIDOS LOS FOCOS QUE SE MANTENIAN EN LA ZONA SERRANA - CELTTV\" \/>\n<meta property=\"og:description\" content=\"Sitio web de noticias de la localidad de Tornquist, provincia de Buenos Aires, Rep\u00fablica Argentina. Contenido propio originado por periodistas de CELTTV, el canal de TV local de la Cooperativa El\u00e9ctrica de Tornquist. Turismo, Pol\u00edtica, Sociedad, Deporte, Cultura y todo el contenido de inter\u00e9s general que la gente del pueblo y la regi\u00f3n debe conocer.\" \/>\n<meta property=\"og:url\" content=\"https:\/\/www.celttv.com.ar\/index.php\/2014\/01\/05\/fueron-contenidos-los-focos-que-se-mantenian-en-la-zona-serrana\/\" \/>\n<meta property=\"og:site_name\" content=\"CELTTV\" \/>\n<meta property=\"article:publisher\" content=\"https:\/\/www.facebook.com\/celtTV\/\" \/>\n<meta property=\"article:published_time\" content=\"2014-01-05T14:05:46+00:00\" \/>\n<meta property=\"og:image\" content=\"http:\/\/www.tvcnoticias.com.ar\/wp-content\/uploads\/2014\/01\/DSCN0820-1280x960-Small.jpg\" \/>\n<meta name=\"author\" content=\"ulises\" \/>\n<meta name=\"twitter:card\" content=\"summary_large_image\" \/>\n<meta name=\"twitter:label1\" content=\"Escrito por\" \/>\n\t<meta name=\"twitter:data1\" content=\"ulises\" \/>\n\t<meta name=\"twitter:label2\" content=\"Tiempo de lectura\" \/>\n\t<meta name=\"twitter:data2\" content=\"2 minutos\" \/>\n<script type=\"application\/ld+json\" class=\"yoast-schema-graph\">{\"@context\":\"https:\/\/schema.org\",\"@graph\":[{\"@type\":\"NewsArticle\",\"@id\":\"https:\/\/www.celttv.com.ar\/index.php\/2014\/01\/05\/fueron-contenidos-los-focos-que-se-mantenian-en-la-zona-serrana\/#article\",\"isPartOf\":{\"@id\":\"https:\/\/www.celttv.com.ar\/index.php\/2014\/01\/05\/fueron-contenidos-los-focos-que-se-mantenian-en-la-zona-serrana\/\"},\"author\":{\"name\":\"ulises\",\"@id\":\"https:\/\/www.celttv.com.ar\/#\/schema\/person\/6d99c072dba59953809c81446e9d0ace\"},\"headline\":\"FUERON CONTENIDOS LOS FOCOS QUE SE MANTENIAN EN LA ZONA SERRANA\",\"datePublished\":\"2014-01-05T14:05:46+00:00\",\"dateModified\":\"2014-01-05T14:05:46+00:00\",\"mainEntityOfPage\":{\"@id\":\"https:\/\/www.celttv.com.ar\/index.php\/2014\/01\/05\/fueron-contenidos-los-focos-que-se-mantenian-en-la-zona-serrana\/\"},\"wordCount\":475,\"publisher\":{\"@id\":\"https:\/\/www.celttv.com.ar\/#organization\"},\"articleSection\":[\"Comunidad\",\"Destacadas\",\"Pol\u00edtica\"],\"inLanguage\":\"es\"},{\"@type\":\"WebPage\",\"@id\":\"https:\/\/www.celttv.com.ar\/index.php\/2014\/01\/05\/fueron-contenidos-los-focos-que-se-mantenian-en-la-zona-serrana\/\",\"url\":\"https:\/\/www.celttv.com.ar\/index.php\/2014\/01\/05\/fueron-contenidos-los-focos-que-se-mantenian-en-la-zona-serrana\/\",\"name\":\"FUERON CONTENIDOS LOS FOCOS QUE SE MANTENIAN EN LA ZONA SERRANA - CELTTV\",\"isPartOf\":{\"@id\":\"https:\/\/www.celttv.com.ar\/#website\"},\"datePublished\":\"2014-01-05T14:05:46+00:00\",\"dateModified\":\"2014-01-05T14:05:46+00:00\",\"description\":\"Sitio web de noticias de la localidad de Tornquist, provincia de Buenos Aires, Rep\u00fablica Argentina. Contenido propio originado por periodistas de CELTTV, el canal de TV local de la Cooperativa El\u00e9ctrica de Tornquist. Turismo, Pol\u00edtica, Sociedad, Deporte, Cultura y todo el contenido de inter\u00e9s general que la gente del pueblo y la regi\u00f3n debe conocer.\",\"breadcrumb\":{\"@id\":\"https:\/\/www.celttv.com.ar\/index.php\/2014\/01\/05\/fueron-contenidos-los-focos-que-se-mantenian-en-la-zona-serrana\/#breadcrumb\"},\"inLanguage\":\"es\",\"potentialAction\":[{\"@type\":\"ReadAction\",\"target\":[\"https:\/\/www.celttv.com.ar\/index.php\/2014\/01\/05\/fueron-contenidos-los-focos-que-se-mantenian-en-la-zona-serrana\/\"]}]},{\"@type\":\"BreadcrumbList\",\"@id\":\"https:\/\/www.celttv.com.ar\/index.php\/2014\/01\/05\/fueron-contenidos-los-focos-que-se-mantenian-en-la-zona-serrana\/#breadcrumb\",\"itemListElement\":[{\"@type\":\"ListItem\",\"position\":1,\"name\":\"Inicio\",\"item\":\"https:\/\/www.celttv.com.ar\/\"},{\"@type\":\"ListItem\",\"position\":2,\"name\":\"FUERON CONTENIDOS LOS FOCOS QUE SE MANTENIAN EN LA ZONA SERRANA\"}]},{\"@type\":\"WebSite\",\"@id\":\"https:\/\/www.celttv.com.ar\/#website\",\"url\":\"https:\/\/www.celttv.com.ar\/\",\"name\":\"CELTTV\",\"description\":\"Cooperativa El\u00e9ctrica de Tornquist\",\"publisher\":{\"@id\":\"https:\/\/www.celttv.com.ar\/#organization\"},\"potentialAction\":[{\"@type\":\"SearchAction\",\"target\":{\"@type\":\"EntryPoint\",\"urlTemplate\":\"https:\/\/www.celttv.com.ar\/?s={search_term_string}\"},\"query-input\":\"required name=search_term_string\"}],\"inLanguage\":\"es\"},{\"@type\":\"Organization\",\"@id\":\"https:\/\/www.celttv.com.ar\/#organization\",\"name\":\"CELTTV\",\"url\":\"https:\/\/www.celttv.com.ar\/\",\"sameAs\":[\"https:\/\/www.youtube.com\/channel\/UCz_oIt8Hig64Ub-EmcNPIhg\",\"https:\/\/www.facebook.com\/celtTV\/\"],\"logo\":{\"@type\":\"ImageObject\",\"inLanguage\":\"es\",\"@id\":\"https:\/\/www.celttv.com.ar\/#\/schema\/logo\/image\/\",\"url\":\"http:\/\/www.celttv.com.ar\/wp-content\/uploads\/2022\/08\/logo-1.png\",\"contentUrl\":\"http:\/\/www.celttv.com.ar\/wp-content\/uploads\/2022\/08\/logo-1.png\",\"width\":461,\"height\":159,\"caption\":\"CELTTV\"},\"image\":{\"@id\":\"https:\/\/www.celttv.com.ar\/#\/schema\/logo\/image\/\"}},{\"@type\":\"Person\",\"@id\":\"https:\/\/www.celttv.com.ar\/#\/schema\/person\/6d99c072dba59953809c81446e9d0ace\",\"name\":\"ulises\",\"image\":{\"@type\":\"ImageObject\",\"inLanguage\":\"es\",\"@id\":\"https:\/\/www.celttv.com.ar\/#\/schema\/person\/image\/\",\"url\":\"https:\/\/secure.gravatar.com\/avatar\/7f2c48bdc33b30088f941fb6082e555f2874c98e20cb159d7b92b50eadfce793?s=96&d=mm&r=g\",\"contentUrl\":\"https:\/\/secure.gravatar.com\/avatar\/7f2c48bdc33b30088f941fb6082e555f2874c98e20cb159d7b92b50eadfce793?s=96&d=mm&r=g\",\"caption\":\"ulises\"},\"sameAs\":[\"http:\/\/www.celttv.com.ar\"]}]}<\/script>\n<!-- \/ Yoast SEO plugin. -->","yoast_head_json":{"title":"FUERON CONTENIDOS LOS FOCOS QUE SE MANTENIAN EN LA ZONA SERRANA - CELTTV","description":"Sitio web de noticias de la localidad de Tornquist, provincia de Buenos Aires, Rep\u00fablica Argentina. Contenido propio originado por periodistas de CELTTV, el canal de TV local de la Cooperativa El\u00e9ctrica de Tornquist. Turismo, Pol\u00edtica, Sociedad, Deporte, Cultura y todo el contenido de inter\u00e9s general que la gente del pueblo y la regi\u00f3n debe conocer.","robots":{"index":"index","follow":"follow","max-snippet":"max-snippet:-1","max-image-preview":"max-image-preview:large","max-video-preview":"max-video-preview:-1"},"canonical":"https:\/\/www.celttv.com.ar\/index.php\/2014\/01\/05\/fueron-contenidos-los-focos-que-se-mantenian-en-la-zona-serrana\/","og_locale":"es_ES","og_type":"article","og_title":"FUERON CONTENIDOS LOS FOCOS QUE SE MANTENIAN EN LA ZONA SERRANA - CELTTV","og_description":"Sitio web de noticias de la localidad de Tornquist, provincia de Buenos Aires, Rep\u00fablica Argentina. Contenido propio originado por periodistas de CELTTV, el canal de TV local de la Cooperativa El\u00e9ctrica de Tornquist. Turismo, Pol\u00edtica, Sociedad, Deporte, Cultura y todo el contenido de inter\u00e9s general que la gente del pueblo y la regi\u00f3n debe conocer.","og_url":"https:\/\/www.celttv.com.ar\/index.php\/2014\/01\/05\/fueron-contenidos-los-focos-que-se-mantenian-en-la-zona-serrana\/","og_site_name":"CELTTV","article_publisher":"https:\/\/www.facebook.com\/celtTV\/","article_published_time":"2014-01-05T14:05:46+00:00","og_image":[{"url":"http:\/\/www.tvcnoticias.com.ar\/wp-content\/uploads\/2014\/01\/DSCN0820-1280x960-Small.jpg"}],"author":"ulises","twitter_card":"summary_large_image","twitter_misc":{"Escrito por":"ulises","Tiempo de lectura":"2 minutos"},"schema":{"@context":"https:\/\/schema.org","@graph":[{"@type":"NewsArticle","@id":"https:\/\/www.celttv.com.ar\/index.php\/2014\/01\/05\/fueron-contenidos-los-focos-que-se-mantenian-en-la-zona-serrana\/#article","isPartOf":{"@id":"https:\/\/www.celttv.com.ar\/index.php\/2014\/01\/05\/fueron-contenidos-los-focos-que-se-mantenian-en-la-zona-serrana\/"},"author":{"name":"ulises","@id":"https:\/\/www.celttv.com.ar\/#\/schema\/person\/6d99c072dba59953809c81446e9d0ace"},"headline":"FUERON CONTENIDOS LOS FOCOS QUE SE MANTENIAN EN LA ZONA SERRANA","datePublished":"2014-01-05T14:05:46+00:00","dateModified":"2014-01-05T14:05:46+00:00","mainEntityOfPage":{"@id":"https:\/\/www.celttv.com.ar\/index.php\/2014\/01\/05\/fueron-contenidos-los-focos-que-se-mantenian-en-la-zona-serrana\/"},"wordCount":475,"publisher":{"@id":"https:\/\/www.celttv.com.ar\/#organization"},"articleSection":["Comunidad","Destacadas","Pol\u00edtica"],"inLanguage":"es"},{"@type":"WebPage","@id":"https:\/\/www.celttv.com.ar\/index.php\/2014\/01\/05\/fueron-contenidos-los-focos-que-se-mantenian-en-la-zona-serrana\/","url":"https:\/\/www.celttv.com.ar\/index.php\/2014\/01\/05\/fueron-contenidos-los-focos-que-se-mantenian-en-la-zona-serrana\/","name":"FUERON CONTENIDOS LOS FOCOS QUE SE MANTENIAN EN LA ZONA SERRANA - CELTTV","isPartOf":{"@id":"https:\/\/www.celttv.com.ar\/#website"},"datePublished":"2014-01-05T14:05:46+00:00","dateModified":"2014-01-05T14:05:46+00:00","description":"Sitio web de noticias de la localidad de Tornquist, provincia de Buenos Aires, Rep\u00fablica Argentina. Contenido propio originado por periodistas de CELTTV, el canal de TV local de la Cooperativa El\u00e9ctrica de Tornquist. Turismo, Pol\u00edtica, Sociedad, Deporte, Cultura y todo el contenido de inter\u00e9s general que la gente del pueblo y la regi\u00f3n debe conocer.","breadcrumb":{"@id":"https:\/\/www.celttv.com.ar\/index.php\/2014\/01\/05\/fueron-contenidos-los-focos-que-se-mantenian-en-la-zona-serrana\/#breadcrumb"},"inLanguage":"es","potentialAction":[{"@type":"ReadAction","target":["https:\/\/www.celttv.com.ar\/index.php\/2014\/01\/05\/fueron-contenidos-los-focos-que-se-mantenian-en-la-zona-serrana\/"]}]},{"@type":"BreadcrumbList","@id":"https:\/\/www.celttv.com.ar\/index.php\/2014\/01\/05\/fueron-contenidos-los-focos-que-se-mantenian-en-la-zona-serrana\/#breadcrumb","itemListElement":[{"@type":"ListItem","position":1,"name":"Inicio","item":"https:\/\/www.celttv.com.ar\/"},{"@type":"ListItem","position":2,"name":"FUERON CONTENIDOS LOS FOCOS QUE SE MANTENIAN EN LA ZONA SERRANA"}]},{"@type":"WebSite","@id":"https:\/\/www.celttv.com.ar\/#website","url":"https:\/\/www.celttv.com.ar\/","name":"CELTTV","description":"Cooperativa El\u00e9ctrica de Tornquist","publisher":{"@id":"https:\/\/www.celttv.com.ar\/#organization"},"potentialAction":[{"@type":"SearchAction","target":{"@type":"EntryPoint","urlTemplate":"https:\/\/www.celttv.com.ar\/?s={search_term_string}"},"query-input":"required name=search_term_string"}],"inLanguage":"es"},{"@type":"Organization","@id":"https:\/\/www.celttv.com.ar\/#organization","name":"CELTTV","url":"https:\/\/www.celttv.com.ar\/","sameAs":["https:\/\/www.youtube.com\/channel\/UCz_oIt8Hig64Ub-EmcNPIhg","https:\/\/www.facebook.com\/celtTV\/"],"logo":{"@type":"ImageObject","inLanguage":"es","@id":"https:\/\/www.celttv.com.ar\/#\/schema\/logo\/image\/","url":"http:\/\/www.celttv.com.ar\/wp-content\/uploads\/2022\/08\/logo-1.png","contentUrl":"http:\/\/www.celttv.com.ar\/wp-content\/uploads\/2022\/08\/logo-1.png","width":461,"height":159,"caption":"CELTTV"},"image":{"@id":"https:\/\/www.celttv.com.ar\/#\/schema\/logo\/image\/"}},{"@type":"Person","@id":"https:\/\/www.celttv.com.ar\/#\/schema\/person\/6d99c072dba59953809c81446e9d0ace","name":"ulises","image":{"@type":"ImageObject","inLanguage":"es","@id":"https:\/\/www.celttv.com.ar\/#\/schema\/person\/image\/","url":"https:\/\/secure.gravatar.com\/avatar\/7f2c48bdc33b30088f941fb6082e555f2874c98e20cb159d7b92b50eadfce793?s=96&d=mm&r=g","contentUrl":"https:\/\/secure.gravatar.com\/avatar\/7f2c48bdc33b30088f941fb6082e555f2874c98e20cb159d7b92b50eadfce793?s=96&d=mm&r=g","caption":"ulises"},"sameAs":["http:\/\/www.celttv.com.ar"]}]}},"_links":{"self":[{"href":"https:\/\/www.celttv.com.ar\/index.php\/wp-json\/wp\/v2\/posts\/16682","targetHints":{"allow":["GET"]}}],"collection":[{"href":"https:\/\/www.celttv.com.ar\/index.php\/wp-json\/wp\/v2\/posts"}],"about":[{"href":"https:\/\/www.celttv.com.ar\/index.php\/wp-json\/wp\/v2\/types\/post"}],"author":[{"embeddable":true,"href":"https:\/\/www.celttv.com.ar\/index.php\/wp-json\/wp\/v2\/users\/1"}],"replies":[{"embeddable":true,"href":"https:\/\/www.celttv.com.ar\/index.php\/wp-json\/wp\/v2\/comments?post=16682"}],"version-history":[{"count":0,"href":"https:\/\/www.celttv.com.ar\/index.php\/wp-json\/wp\/v2\/posts\/16682\/revisions"}],"wp:attachment":[{"href":"https:\/\/www.celttv.com.ar\/index.php\/wp-json\/wp\/v2\/media?parent=16682"}],"wp:term":[{"taxonomy":"category","embeddable":true,"href":"https:\/\/www.celttv.com.ar\/index.php\/wp-json\/wp\/v2\/categories?post=16682"},{"taxonomy":"post_tag","embeddable":true,"href":"https:\/\/www.celttv.com.ar\/index.php\/wp-json\/wp\/v2\/tags?post=16682"}],"curies":[{"name":"wp","href":"https:\/\/api.w.org\/{rel}","templated":true}]}}