{"id":16703,"date":"2014-01-08T18:24:40","date_gmt":"2014-01-08T18:24:40","guid":{"rendered":"http:\/\/www.tvcnoticias.com.ar\/?p=16703"},"modified":"2014-01-08T18:24:40","modified_gmt":"2014-01-08T18:24:40","slug":"comienza-la-reconstruccion-de-la-reserva-natural-parque-ernesto-tornquist","status":"publish","type":"post","link":"https:\/\/www.celttv.com.ar\/index.php\/2014\/01\/08\/comienza-la-reconstruccion-de-la-reserva-natural-parque-ernesto-tornquist\/","title":{"rendered":"COMIENZA LA RECONSTRUCCION DE  LA RESERVA NATURAL PARQUE \u201cERNESTO TORNQUIST\u201d"},"content":{"rendered":"<p><a rel=\"attachment wp-att-16704\" href=\"http:\/\/www.tvcnoticias.com.ar\/?attachment_id=16704\"><img loading=\"lazy\" decoding=\"async\" class=\"aligncenter size-full wp-image-16704\" title=\"02 (Medium)\" src=\"http:\/\/www.tvcnoticias.com.ar\/wp-content\/uploads\/2014\/01\/02-Medium.jpg\" alt=\"\" width=\"800\" height=\"532\" \/><\/a>Luego del incendio ocurrido el pasado 29 de diciembre en la localidad de Tornquist que culmin\u00f3 con\u00a0 48 mil hect\u00e1reas afectadas, comienza la etapa de reconstrucci\u00f3n. Por este motivo, el Director Ejecutivo del Organismo Provincial para el Desarrollo Sostenible (OPDS), <strong>Hugo Bilbao<\/strong>, se reuni\u00f3 hoy con los guardaparques de\u00a0 la Reserva Natural Parque \u201cErnesto Tornquist\u201d.<br \/>\n&nbsp;<br \/>\n\u201cTal como se comprometiera el Gobernador <strong>Daniel Scioli<\/strong> en su visita a los lugares siniestrados, comienza ahora la etapa de reconstrucci\u00f3n que incluye tambi\u00e9n el trabajo desde otros organismos como el Ministerio de Asuntos Agrarios, ARBA, Banco Provincia. En este sentido, nosotros redoblaremos el esfuerzo para volver a disfrutar de la Reserva. Es un compromiso de la administraci\u00f3n que los guardaparques tomaron con benepl\u00e1cito \u201c, expres\u00f3 Bilbao.<br \/>\n&nbsp;<br \/>\nEntre las acciones inmediatas a implementar, en la reuni\u00f3n pautaron comenzar con el dise\u00f1o y colocaci\u00f3n de nueva carteler\u00eda, reparaci\u00f3n del tendido el\u00e9ctrico,\u00a0 tranqueras, reposici\u00f3n de maquinaria\u00a0 y alambrado sobre rutas.<br \/>\n&nbsp;<br \/>\nBi\u00f3logos del OPDS comenzar\u00e1n adem\u00e1s a realizar un relevamiento que permita determinar con exactitud la afectaci\u00f3n de los valores de la biodiversidad,\u00a0 producto del siniestro.<br \/>\n&nbsp;<br \/>\nAsimismo, se confirm\u00f3 la reapertura, la pr\u00f3xima semana,\u00a0 de los senderos\u00a0 que hist\u00f3ricamente le\u00a0 ofrecen al turista los atractivos del sistema serrano, Cerro Ventana, Cerro Bah\u00eda Blanca, entre otros.<br \/>\n&nbsp;<br \/>\nEn el encuentro, Bilbao reiter\u00f3 que \u201cdesde la Provincia felicitamos a los guardaparques, bomberos, infantes de Marina por la lucha cuerpo a cuerpo, durante 96 horas, contra el fuego,\u00a0 permitiendo salvar las edificaciones existentes en el sector\u201d, expres\u00f3 Bilbao en el encuentro.<br \/>\n&nbsp;<br \/>\nLa reserva Natural Parque Provincial\u00a0 \u201cErnesto Tornquist\u201d perteneciente\u00a0 al OPDS, est\u00e1 ubicada en las Sierras Australes del Sistema de Ventania y al sudoeste del partido de Tornquist.\u00a0 Reciben la visita de aproximadamente 70 mil personas anualmente.\u00a0 Realiza programas educativos y tareas de investigaci\u00f3n de especialistas de la Universidad\u00a0 de La Plata, UNICEN, del Sur y de Buenos Aires.<br \/>\n&nbsp;<br \/>\n&nbsp;<br \/>\n&nbsp;<br \/>\nSe trata de un \u00e1rea de conservaci\u00f3n de alta diversidad, concentraci\u00f3n de endemismos (especies \u00fanicas en la zona)\u00a0 y\u00a0 de protecci\u00f3n de cuencas con sitios arqueol\u00f3gicos y geol\u00f3gicos singulares.<br \/>\n&nbsp;<br \/>\nEl Parque es el h\u00e1bitat de especies end\u00e9micas como el llant\u00e9n plateado, senecios y la iguana de cobre, entre otros. Tambi\u00e9n\u00a0 guanacos, pumas, zorros y una gran variedad de aves e insectos.<br \/>\n&nbsp;<br \/>\n&nbsp;<\/p>\n","protected":false},"excerpt":{"rendered":"<p>Luego del incendio ocurrido el pasado 29 de diciembre en la localidad de Tornquist que culmin\u00f3 con\u00a0 48 mil hect\u00e1reas afectadas, comienza la etapa de reconstrucci\u00f3n. Por este motivo, el Director Ejecutivo del Organismo Provincial para el Desarrollo Sostenible (OPDS), Hugo Bilbao, se reuni\u00f3 hoy con los guardaparques de\u00a0 la Reserva Natural Parque \u201cErnesto Tornquist\u201d. [&hellip;]<\/p>\n","protected":false},"author":1,"featured_media":0,"comment_status":"closed","ping_status":"open","sticky":false,"template":"","format":"standard","meta":{"footnotes":""},"categories":[51,52,53],"tags":[],"class_list":["post-16703","post","type-post","status-publish","format-standard","hentry","category-comunidad","category-destacadas","category-politica"],"yoast_head":"<!-- This site is optimized with the Yoast SEO plugin v19.7.1 - https:\/\/yoast.com\/wordpress\/plugins\/seo\/ -->\n<title>COMIENZA LA RECONSTRUCCION DE LA RESERVA NATURAL PARQUE \u201cERNESTO TORNQUIST\u201d - CELTTV<\/title>\n<meta name=\"description\" content=\"Sitio web de noticias de la localidad de Tornquist, provincia de Buenos Aires, Rep\u00fablica Argentina. Contenido propio originado por periodistas de CELTTV, el canal de TV local de la Cooperativa El\u00e9ctrica de Tornquist. Turismo, Pol\u00edtica, Sociedad, Deporte, Cultura y todo el contenido de inter\u00e9s general que la gente del pueblo y la regi\u00f3n debe conocer.\" \/>\n<meta name=\"robots\" content=\"index, follow, max-snippet:-1, max-image-preview:large, max-video-preview:-1\" \/>\n<link rel=\"canonical\" href=\"https:\/\/www.celttv.com.ar\/index.php\/2014\/01\/08\/comienza-la-reconstruccion-de-la-reserva-natural-parque-ernesto-tornquist\/\" \/>\n<meta property=\"og:locale\" content=\"es_ES\" \/>\n<meta property=\"og:type\" content=\"article\" \/>\n<meta property=\"og:title\" content=\"COMIENZA LA RECONSTRUCCION DE LA RESERVA NATURAL PARQUE \u201cERNESTO TORNQUIST\u201d - CELTTV\" \/>\n<meta property=\"og:description\" content=\"Sitio web de noticias de la localidad de Tornquist, provincia de Buenos Aires, Rep\u00fablica Argentina. Contenido propio originado por periodistas de CELTTV, el canal de TV local de la Cooperativa El\u00e9ctrica de Tornquist. Turismo, Pol\u00edtica, Sociedad, Deporte, Cultura y todo el contenido de inter\u00e9s general que la gente del pueblo y la regi\u00f3n debe conocer.\" \/>\n<meta property=\"og:url\" content=\"https:\/\/www.celttv.com.ar\/index.php\/2014\/01\/08\/comienza-la-reconstruccion-de-la-reserva-natural-parque-ernesto-tornquist\/\" \/>\n<meta property=\"og:site_name\" content=\"CELTTV\" \/>\n<meta property=\"article:publisher\" content=\"https:\/\/www.facebook.com\/celtTV\/\" \/>\n<meta property=\"article:published_time\" content=\"2014-01-08T18:24:40+00:00\" \/>\n<meta property=\"og:image\" content=\"http:\/\/www.tvcnoticias.com.ar\/wp-content\/uploads\/2014\/01\/02-Medium.jpg\" \/>\n<meta name=\"author\" content=\"ulises\" \/>\n<meta name=\"twitter:card\" content=\"summary_large_image\" \/>\n<meta name=\"twitter:label1\" content=\"Escrito por\" \/>\n\t<meta name=\"twitter:data1\" content=\"ulises\" \/>\n\t<meta name=\"twitter:label2\" content=\"Tiempo de lectura\" \/>\n\t<meta name=\"twitter:data2\" content=\"2 minutos\" \/>\n<script type=\"application\/ld+json\" class=\"yoast-schema-graph\">{\"@context\":\"https:\/\/schema.org\",\"@graph\":[{\"@type\":\"NewsArticle\",\"@id\":\"https:\/\/www.celttv.com.ar\/index.php\/2014\/01\/08\/comienza-la-reconstruccion-de-la-reserva-natural-parque-ernesto-tornquist\/#article\",\"isPartOf\":{\"@id\":\"https:\/\/www.celttv.com.ar\/index.php\/2014\/01\/08\/comienza-la-reconstruccion-de-la-reserva-natural-parque-ernesto-tornquist\/\"},\"author\":{\"name\":\"ulises\",\"@id\":\"https:\/\/www.celttv.com.ar\/#\/schema\/person\/6d99c072dba59953809c81446e9d0ace\"},\"headline\":\"COMIENZA LA RECONSTRUCCION DE LA RESERVA NATURAL PARQUE \u201cERNESTO TORNQUIST\u201d\",\"datePublished\":\"2014-01-08T18:24:40+00:00\",\"dateModified\":\"2014-01-08T18:24:40+00:00\",\"mainEntityOfPage\":{\"@id\":\"https:\/\/www.celttv.com.ar\/index.php\/2014\/01\/08\/comienza-la-reconstruccion-de-la-reserva-natural-parque-ernesto-tornquist\/\"},\"wordCount\":415,\"publisher\":{\"@id\":\"https:\/\/www.celttv.com.ar\/#organization\"},\"articleSection\":[\"Comunidad\",\"Destacadas\",\"Pol\u00edtica\"],\"inLanguage\":\"es\"},{\"@type\":\"WebPage\",\"@id\":\"https:\/\/www.celttv.com.ar\/index.php\/2014\/01\/08\/comienza-la-reconstruccion-de-la-reserva-natural-parque-ernesto-tornquist\/\",\"url\":\"https:\/\/www.celttv.com.ar\/index.php\/2014\/01\/08\/comienza-la-reconstruccion-de-la-reserva-natural-parque-ernesto-tornquist\/\",\"name\":\"COMIENZA LA RECONSTRUCCION DE LA RESERVA NATURAL PARQUE \u201cERNESTO TORNQUIST\u201d - CELTTV\",\"isPartOf\":{\"@id\":\"https:\/\/www.celttv.com.ar\/#website\"},\"datePublished\":\"2014-01-08T18:24:40+00:00\",\"dateModified\":\"2014-01-08T18:24:40+00:00\",\"description\":\"Sitio web de noticias de la localidad de Tornquist, provincia de Buenos Aires, Rep\u00fablica Argentina. Contenido propio originado por periodistas de CELTTV, el canal de TV local de la Cooperativa El\u00e9ctrica de Tornquist. Turismo, Pol\u00edtica, Sociedad, Deporte, Cultura y todo el contenido de inter\u00e9s general que la gente del pueblo y la regi\u00f3n debe conocer.\",\"breadcrumb\":{\"@id\":\"https:\/\/www.celttv.com.ar\/index.php\/2014\/01\/08\/comienza-la-reconstruccion-de-la-reserva-natural-parque-ernesto-tornquist\/#breadcrumb\"},\"inLanguage\":\"es\",\"potentialAction\":[{\"@type\":\"ReadAction\",\"target\":[\"https:\/\/www.celttv.com.ar\/index.php\/2014\/01\/08\/comienza-la-reconstruccion-de-la-reserva-natural-parque-ernesto-tornquist\/\"]}]},{\"@type\":\"BreadcrumbList\",\"@id\":\"https:\/\/www.celttv.com.ar\/index.php\/2014\/01\/08\/comienza-la-reconstruccion-de-la-reserva-natural-parque-ernesto-tornquist\/#breadcrumb\",\"itemListElement\":[{\"@type\":\"ListItem\",\"position\":1,\"name\":\"Inicio\",\"item\":\"https:\/\/www.celttv.com.ar\/\"},{\"@type\":\"ListItem\",\"position\":2,\"name\":\"COMIENZA LA RECONSTRUCCION DE LA RESERVA NATURAL PARQUE \u201cERNESTO TORNQUIST\u201d\"}]},{\"@type\":\"WebSite\",\"@id\":\"https:\/\/www.celttv.com.ar\/#website\",\"url\":\"https:\/\/www.celttv.com.ar\/\",\"name\":\"CELTTV\",\"description\":\"Cooperativa El\u00e9ctrica de Tornquist\",\"publisher\":{\"@id\":\"https:\/\/www.celttv.com.ar\/#organization\"},\"potentialAction\":[{\"@type\":\"SearchAction\",\"target\":{\"@type\":\"EntryPoint\",\"urlTemplate\":\"https:\/\/www.celttv.com.ar\/?s={search_term_string}\"},\"query-input\":\"required name=search_term_string\"}],\"inLanguage\":\"es\"},{\"@type\":\"Organization\",\"@id\":\"https:\/\/www.celttv.com.ar\/#organization\",\"name\":\"CELTTV\",\"url\":\"https:\/\/www.celttv.com.ar\/\",\"sameAs\":[\"https:\/\/www.youtube.com\/channel\/UCz_oIt8Hig64Ub-EmcNPIhg\",\"https:\/\/www.facebook.com\/celtTV\/\"],\"logo\":{\"@type\":\"ImageObject\",\"inLanguage\":\"es\",\"@id\":\"https:\/\/www.celttv.com.ar\/#\/schema\/logo\/image\/\",\"url\":\"http:\/\/www.celttv.com.ar\/wp-content\/uploads\/2022\/08\/logo-1.png\",\"contentUrl\":\"http:\/\/www.celttv.com.ar\/wp-content\/uploads\/2022\/08\/logo-1.png\",\"width\":461,\"height\":159,\"caption\":\"CELTTV\"},\"image\":{\"@id\":\"https:\/\/www.celttv.com.ar\/#\/schema\/logo\/image\/\"}},{\"@type\":\"Person\",\"@id\":\"https:\/\/www.celttv.com.ar\/#\/schema\/person\/6d99c072dba59953809c81446e9d0ace\",\"name\":\"ulises\",\"image\":{\"@type\":\"ImageObject\",\"inLanguage\":\"es\",\"@id\":\"https:\/\/www.celttv.com.ar\/#\/schema\/person\/image\/\",\"url\":\"https:\/\/secure.gravatar.com\/avatar\/7f2c48bdc33b30088f941fb6082e555f2874c98e20cb159d7b92b50eadfce793?s=96&d=mm&r=g\",\"contentUrl\":\"https:\/\/secure.gravatar.com\/avatar\/7f2c48bdc33b30088f941fb6082e555f2874c98e20cb159d7b92b50eadfce793?s=96&d=mm&r=g\",\"caption\":\"ulises\"},\"sameAs\":[\"http:\/\/www.celttv.com.ar\"]}]}<\/script>\n<!-- \/ Yoast SEO plugin. -->","yoast_head_json":{"title":"COMIENZA LA RECONSTRUCCION DE LA RESERVA NATURAL PARQUE \u201cERNESTO TORNQUIST\u201d - CELTTV","description":"Sitio web de noticias de la localidad de Tornquist, provincia de Buenos Aires, Rep\u00fablica Argentina. Contenido propio originado por periodistas de CELTTV, el canal de TV local de la Cooperativa El\u00e9ctrica de Tornquist. Turismo, Pol\u00edtica, Sociedad, Deporte, Cultura y todo el contenido de inter\u00e9s general que la gente del pueblo y la regi\u00f3n debe conocer.","robots":{"index":"index","follow":"follow","max-snippet":"max-snippet:-1","max-image-preview":"max-image-preview:large","max-video-preview":"max-video-preview:-1"},"canonical":"https:\/\/www.celttv.com.ar\/index.php\/2014\/01\/08\/comienza-la-reconstruccion-de-la-reserva-natural-parque-ernesto-tornquist\/","og_locale":"es_ES","og_type":"article","og_title":"COMIENZA LA RECONSTRUCCION DE LA RESERVA NATURAL PARQUE \u201cERNESTO TORNQUIST\u201d - CELTTV","og_description":"Sitio web de noticias de la localidad de Tornquist, provincia de Buenos Aires, Rep\u00fablica Argentina. Contenido propio originado por periodistas de CELTTV, el canal de TV local de la Cooperativa El\u00e9ctrica de Tornquist. Turismo, Pol\u00edtica, Sociedad, Deporte, Cultura y todo el contenido de inter\u00e9s general que la gente del pueblo y la regi\u00f3n debe conocer.","og_url":"https:\/\/www.celttv.com.ar\/index.php\/2014\/01\/08\/comienza-la-reconstruccion-de-la-reserva-natural-parque-ernesto-tornquist\/","og_site_name":"CELTTV","article_publisher":"https:\/\/www.facebook.com\/celtTV\/","article_published_time":"2014-01-08T18:24:40+00:00","og_image":[{"url":"http:\/\/www.tvcnoticias.com.ar\/wp-content\/uploads\/2014\/01\/02-Medium.jpg"}],"author":"ulises","twitter_card":"summary_large_image","twitter_misc":{"Escrito por":"ulises","Tiempo de lectura":"2 minutos"},"schema":{"@context":"https:\/\/schema.org","@graph":[{"@type":"NewsArticle","@id":"https:\/\/www.celttv.com.ar\/index.php\/2014\/01\/08\/comienza-la-reconstruccion-de-la-reserva-natural-parque-ernesto-tornquist\/#article","isPartOf":{"@id":"https:\/\/www.celttv.com.ar\/index.php\/2014\/01\/08\/comienza-la-reconstruccion-de-la-reserva-natural-parque-ernesto-tornquist\/"},"author":{"name":"ulises","@id":"https:\/\/www.celttv.com.ar\/#\/schema\/person\/6d99c072dba59953809c81446e9d0ace"},"headline":"COMIENZA LA RECONSTRUCCION DE LA RESERVA NATURAL PARQUE \u201cERNESTO TORNQUIST\u201d","datePublished":"2014-01-08T18:24:40+00:00","dateModified":"2014-01-08T18:24:40+00:00","mainEntityOfPage":{"@id":"https:\/\/www.celttv.com.ar\/index.php\/2014\/01\/08\/comienza-la-reconstruccion-de-la-reserva-natural-parque-ernesto-tornquist\/"},"wordCount":415,"publisher":{"@id":"https:\/\/www.celttv.com.ar\/#organization"},"articleSection":["Comunidad","Destacadas","Pol\u00edtica"],"inLanguage":"es"},{"@type":"WebPage","@id":"https:\/\/www.celttv.com.ar\/index.php\/2014\/01\/08\/comienza-la-reconstruccion-de-la-reserva-natural-parque-ernesto-tornquist\/","url":"https:\/\/www.celttv.com.ar\/index.php\/2014\/01\/08\/comienza-la-reconstruccion-de-la-reserva-natural-parque-ernesto-tornquist\/","name":"COMIENZA LA RECONSTRUCCION DE LA RESERVA NATURAL PARQUE \u201cERNESTO TORNQUIST\u201d - CELTTV","isPartOf":{"@id":"https:\/\/www.celttv.com.ar\/#website"},"datePublished":"2014-01-08T18:24:40+00:00","dateModified":"2014-01-08T18:24:40+00:00","description":"Sitio web de noticias de la localidad de Tornquist, provincia de Buenos Aires, Rep\u00fablica Argentina. Contenido propio originado por periodistas de CELTTV, el canal de TV local de la Cooperativa El\u00e9ctrica de Tornquist. Turismo, Pol\u00edtica, Sociedad, Deporte, Cultura y todo el contenido de inter\u00e9s general que la gente del pueblo y la regi\u00f3n debe conocer.","breadcrumb":{"@id":"https:\/\/www.celttv.com.ar\/index.php\/2014\/01\/08\/comienza-la-reconstruccion-de-la-reserva-natural-parque-ernesto-tornquist\/#breadcrumb"},"inLanguage":"es","potentialAction":[{"@type":"ReadAction","target":["https:\/\/www.celttv.com.ar\/index.php\/2014\/01\/08\/comienza-la-reconstruccion-de-la-reserva-natural-parque-ernesto-tornquist\/"]}]},{"@type":"BreadcrumbList","@id":"https:\/\/www.celttv.com.ar\/index.php\/2014\/01\/08\/comienza-la-reconstruccion-de-la-reserva-natural-parque-ernesto-tornquist\/#breadcrumb","itemListElement":[{"@type":"ListItem","position":1,"name":"Inicio","item":"https:\/\/www.celttv.com.ar\/"},{"@type":"ListItem","position":2,"name":"COMIENZA LA RECONSTRUCCION DE LA RESERVA NATURAL PARQUE \u201cERNESTO TORNQUIST\u201d"}]},{"@type":"WebSite","@id":"https:\/\/www.celttv.com.ar\/#website","url":"https:\/\/www.celttv.com.ar\/","name":"CELTTV","description":"Cooperativa El\u00e9ctrica de Tornquist","publisher":{"@id":"https:\/\/www.celttv.com.ar\/#organization"},"potentialAction":[{"@type":"SearchAction","target":{"@type":"EntryPoint","urlTemplate":"https:\/\/www.celttv.com.ar\/?s={search_term_string}"},"query-input":"required name=search_term_string"}],"inLanguage":"es"},{"@type":"Organization","@id":"https:\/\/www.celttv.com.ar\/#organization","name":"CELTTV","url":"https:\/\/www.celttv.com.ar\/","sameAs":["https:\/\/www.youtube.com\/channel\/UCz_oIt8Hig64Ub-EmcNPIhg","https:\/\/www.facebook.com\/celtTV\/"],"logo":{"@type":"ImageObject","inLanguage":"es","@id":"https:\/\/www.celttv.com.ar\/#\/schema\/logo\/image\/","url":"http:\/\/www.celttv.com.ar\/wp-content\/uploads\/2022\/08\/logo-1.png","contentUrl":"http:\/\/www.celttv.com.ar\/wp-content\/uploads\/2022\/08\/logo-1.png","width":461,"height":159,"caption":"CELTTV"},"image":{"@id":"https:\/\/www.celttv.com.ar\/#\/schema\/logo\/image\/"}},{"@type":"Person","@id":"https:\/\/www.celttv.com.ar\/#\/schema\/person\/6d99c072dba59953809c81446e9d0ace","name":"ulises","image":{"@type":"ImageObject","inLanguage":"es","@id":"https:\/\/www.celttv.com.ar\/#\/schema\/person\/image\/","url":"https:\/\/secure.gravatar.com\/avatar\/7f2c48bdc33b30088f941fb6082e555f2874c98e20cb159d7b92b50eadfce793?s=96&d=mm&r=g","contentUrl":"https:\/\/secure.gravatar.com\/avatar\/7f2c48bdc33b30088f941fb6082e555f2874c98e20cb159d7b92b50eadfce793?s=96&d=mm&r=g","caption":"ulises"},"sameAs":["http:\/\/www.celttv.com.ar"]}]}},"_links":{"self":[{"href":"https:\/\/www.celttv.com.ar\/index.php\/wp-json\/wp\/v2\/posts\/16703","targetHints":{"allow":["GET"]}}],"collection":[{"href":"https:\/\/www.celttv.com.ar\/index.php\/wp-json\/wp\/v2\/posts"}],"about":[{"href":"https:\/\/www.celttv.com.ar\/index.php\/wp-json\/wp\/v2\/types\/post"}],"author":[{"embeddable":true,"href":"https:\/\/www.celttv.com.ar\/index.php\/wp-json\/wp\/v2\/users\/1"}],"replies":[{"embeddable":true,"href":"https:\/\/www.celttv.com.ar\/index.php\/wp-json\/wp\/v2\/comments?post=16703"}],"version-history":[{"count":0,"href":"https:\/\/www.celttv.com.ar\/index.php\/wp-json\/wp\/v2\/posts\/16703\/revisions"}],"wp:attachment":[{"href":"https:\/\/www.celttv.com.ar\/index.php\/wp-json\/wp\/v2\/media?parent=16703"}],"wp:term":[{"taxonomy":"category","embeddable":true,"href":"https:\/\/www.celttv.com.ar\/index.php\/wp-json\/wp\/v2\/categories?post=16703"},{"taxonomy":"post_tag","embeddable":true,"href":"https:\/\/www.celttv.com.ar\/index.php\/wp-json\/wp\/v2\/tags?post=16703"}],"curies":[{"name":"wp","href":"https:\/\/api.w.org\/{rel}","templated":true}]}}