{"id":16708,"date":"2014-01-08T21:00:54","date_gmt":"2014-01-08T21:00:54","guid":{"rendered":"http:\/\/www.tvcnoticias.com.ar\/?p=16708"},"modified":"2014-01-08T21:00:54","modified_gmt":"2014-01-08T21:00:54","slug":"carbap-se-reunio-con-scioli-y-rodriguez-en-comision-de-emergencia","status":"publish","type":"post","link":"https:\/\/www.celttv.com.ar\/index.php\/2014\/01\/08\/carbap-se-reunio-con-scioli-y-rodriguez-en-comision-de-emergencia\/","title":{"rendered":"CARBAP SE REUNIO CON SCIOLI Y RODRIGUEZ EN COMISION DE EMERGENCIA"},"content":{"rendered":"<h1><span style=\"font-family: Calibri; font-size: small;\"><a rel=\"attachment wp-att-16709\" href=\"http:\/\/www.tvcnoticias.com.ar\/?attachment_id=16709\"><img loading=\"lazy\" decoding=\"async\" class=\"aligncenter size-full wp-image-16709\" title=\"1445 - INCENDIO FUEGO Y CONTARSTE (Small)\" src=\"http:\/\/www.tvcnoticias.com.ar\/wp-content\/uploads\/2014\/01\/1445-INCENDIO-FUEGO-Y-CONTARSTE-Small.jpg\" alt=\"\" width=\"640\" height=\"425\" \/><\/a>Representantes de la Confederaci\u00f3n de Asociaciones Rurales de Buenos Aires y la Pampa (CARBAP) encabezados por el Delegado de CARBAP ante la CEDABA (Comisi\u00f3n de Emergencia y Desastre Agropecuario de la Provincia de Buenos Aires) Ferm\u00edn Echeverria, se reunieron con el Gobernador Daniel Scioli, el Ministro de Asuntos Agrarios Alejandro Rodr\u00edguez, el Ministro de la Producci\u00f3n Cristian Breiteinstein,<\/span><span style=\"font-family: Calibri;\"> el presidente del Banco Provincia, Gustavo Marangoni y los titulares de ARBA, Iv\u00e1n Budassi y OPDS, Hugo Bilbao.<\/span><\/h1>\n<div><span style=\"font-family: Calibri; font-size: small;\">El gobernador Daniel Scioli dispuso acelerar las respuestas del gobierno provincial para los damnificados por los incendios que se produjeron en los \u00faltimos d\u00edas, por medio de un paquete de acciones de ARBA, reparaci\u00f3n de alambrados y reforestaci\u00f3n en los distritos de Tornquist, Coronel Su\u00e1rez, Tres Arroyos y Saavedra, entre otros.<\/span><\/div>\n<div><span style=\"font-family: Calibri; font-size: small;\">A partir de la firma de un decreto, Scioli habilito a ARBA para que act\u00fae de oficio en la exenci\u00f3n impositiva espec\u00edficamente de las partidas afectados por los incendios que, globalmente, implicaron 49.830 hect\u00e1reas entre Tornquist y Coronel Su\u00e1rez, 1.300 en Tres Arroyos y 1.800 en Saavedra, como as\u00ed tambi\u00e9n facilitar l\u00edneas crediticias para reposici\u00f3n de alambrados , mangas , tranqueras y otras herramientas afectadas por los incendios.<\/span><\/div>\n<div><span style=\"font-family: Calibri; font-size: small;\"> <\/span><\/div>\n<div><span style=\"font-family: Calibri; font-size: small;\">En la reuni\u00f3n participaron por CARBAP adem\u00e1s de Ferm\u00edn Echeverria, el presidente de la Sociedad Rural de Pigue, la representante en el Consejo de Administraci\u00f3n de la Ley del Sudoeste Vicky Appathie y el Director Ejecutivo Alfredo Rodes.<\/span><\/div>\n<div><span style=\"color: navy; font-family: Calibri; font-size: small;\"> <\/span><\/div>\n<p>&nbsp;<\/p>\n","protected":false},"excerpt":{"rendered":"<p>Representantes de la Confederaci\u00f3n de Asociaciones Rurales de Buenos Aires y la Pampa (CARBAP) encabezados por el Delegado de CARBAP ante la CEDABA (Comisi\u00f3n de Emergencia y Desastre Agropecuario de la Provincia de Buenos Aires) Ferm\u00edn Echeverria, se reunieron con el Gobernador Daniel Scioli, el Ministro de Asuntos Agrarios Alejandro Rodr\u00edguez, el Ministro de la [&hellip;]<\/p>\n","protected":false},"author":1,"featured_media":0,"comment_status":"closed","ping_status":"open","sticky":false,"template":"","format":"standard","meta":{"footnotes":""},"categories":[51,52,53],"tags":[],"class_list":["post-16708","post","type-post","status-publish","format-standard","hentry","category-comunidad","category-destacadas","category-politica"],"yoast_head":"<!-- This site is optimized with the Yoast SEO plugin v19.7.1 - https:\/\/yoast.com\/wordpress\/plugins\/seo\/ -->\n<title>CARBAP SE REUNIO CON SCIOLI Y RODRIGUEZ EN COMISION DE EMERGENCIA - CELTTV<\/title>\n<meta name=\"description\" content=\"Sitio web de noticias de la localidad de Tornquist, provincia de Buenos Aires, Rep\u00fablica Argentina. Contenido propio originado por periodistas de CELTTV, el canal de TV local de la Cooperativa El\u00e9ctrica de Tornquist. Turismo, Pol\u00edtica, Sociedad, Deporte, Cultura y todo el contenido de inter\u00e9s general que la gente del pueblo y la regi\u00f3n debe conocer.\" \/>\n<meta name=\"robots\" content=\"index, follow, max-snippet:-1, max-image-preview:large, max-video-preview:-1\" \/>\n<link rel=\"canonical\" href=\"https:\/\/www.celttv.com.ar\/index.php\/2014\/01\/08\/carbap-se-reunio-con-scioli-y-rodriguez-en-comision-de-emergencia\/\" \/>\n<meta property=\"og:locale\" content=\"es_ES\" \/>\n<meta property=\"og:type\" content=\"article\" \/>\n<meta property=\"og:title\" content=\"CARBAP SE REUNIO CON SCIOLI Y RODRIGUEZ EN COMISION DE EMERGENCIA - CELTTV\" \/>\n<meta property=\"og:description\" content=\"Sitio web de noticias de la localidad de Tornquist, provincia de Buenos Aires, Rep\u00fablica Argentina. Contenido propio originado por periodistas de CELTTV, el canal de TV local de la Cooperativa El\u00e9ctrica de Tornquist. Turismo, Pol\u00edtica, Sociedad, Deporte, Cultura y todo el contenido de inter\u00e9s general que la gente del pueblo y la regi\u00f3n debe conocer.\" \/>\n<meta property=\"og:url\" content=\"https:\/\/www.celttv.com.ar\/index.php\/2014\/01\/08\/carbap-se-reunio-con-scioli-y-rodriguez-en-comision-de-emergencia\/\" \/>\n<meta property=\"og:site_name\" content=\"CELTTV\" \/>\n<meta property=\"article:publisher\" content=\"https:\/\/www.facebook.com\/celtTV\/\" \/>\n<meta property=\"article:published_time\" content=\"2014-01-08T21:00:54+00:00\" \/>\n<meta property=\"og:image\" content=\"http:\/\/www.tvcnoticias.com.ar\/wp-content\/uploads\/2014\/01\/1445-INCENDIO-FUEGO-Y-CONTARSTE-Small.jpg\" \/>\n<meta name=\"author\" content=\"ulises\" \/>\n<meta name=\"twitter:card\" content=\"summary_large_image\" \/>\n<meta name=\"twitter:label1\" content=\"Escrito por\" \/>\n\t<meta name=\"twitter:data1\" content=\"ulises\" \/>\n\t<meta name=\"twitter:label2\" content=\"Tiempo de lectura\" \/>\n\t<meta name=\"twitter:data2\" content=\"1 minuto\" \/>\n<script type=\"application\/ld+json\" class=\"yoast-schema-graph\">{\"@context\":\"https:\/\/schema.org\",\"@graph\":[{\"@type\":\"NewsArticle\",\"@id\":\"https:\/\/www.celttv.com.ar\/index.php\/2014\/01\/08\/carbap-se-reunio-con-scioli-y-rodriguez-en-comision-de-emergencia\/#article\",\"isPartOf\":{\"@id\":\"https:\/\/www.celttv.com.ar\/index.php\/2014\/01\/08\/carbap-se-reunio-con-scioli-y-rodriguez-en-comision-de-emergencia\/\"},\"author\":{\"name\":\"ulises\",\"@id\":\"https:\/\/www.celttv.com.ar\/#\/schema\/person\/6d99c072dba59953809c81446e9d0ace\"},\"headline\":\"CARBAP SE REUNIO CON SCIOLI Y RODRIGUEZ EN COMISION DE EMERGENCIA\",\"datePublished\":\"2014-01-08T21:00:54+00:00\",\"dateModified\":\"2014-01-08T21:00:54+00:00\",\"mainEntityOfPage\":{\"@id\":\"https:\/\/www.celttv.com.ar\/index.php\/2014\/01\/08\/carbap-se-reunio-con-scioli-y-rodriguez-en-comision-de-emergencia\/\"},\"wordCount\":262,\"publisher\":{\"@id\":\"https:\/\/www.celttv.com.ar\/#organization\"},\"articleSection\":[\"Comunidad\",\"Destacadas\",\"Pol\u00edtica\"],\"inLanguage\":\"es\"},{\"@type\":\"WebPage\",\"@id\":\"https:\/\/www.celttv.com.ar\/index.php\/2014\/01\/08\/carbap-se-reunio-con-scioli-y-rodriguez-en-comision-de-emergencia\/\",\"url\":\"https:\/\/www.celttv.com.ar\/index.php\/2014\/01\/08\/carbap-se-reunio-con-scioli-y-rodriguez-en-comision-de-emergencia\/\",\"name\":\"CARBAP SE REUNIO CON SCIOLI Y RODRIGUEZ EN COMISION DE EMERGENCIA - CELTTV\",\"isPartOf\":{\"@id\":\"https:\/\/www.celttv.com.ar\/#website\"},\"datePublished\":\"2014-01-08T21:00:54+00:00\",\"dateModified\":\"2014-01-08T21:00:54+00:00\",\"description\":\"Sitio web de noticias de la localidad de Tornquist, provincia de Buenos Aires, Rep\u00fablica Argentina. Contenido propio originado por periodistas de CELTTV, el canal de TV local de la Cooperativa El\u00e9ctrica de Tornquist. Turismo, Pol\u00edtica, Sociedad, Deporte, Cultura y todo el contenido de inter\u00e9s general que la gente del pueblo y la regi\u00f3n debe conocer.\",\"breadcrumb\":{\"@id\":\"https:\/\/www.celttv.com.ar\/index.php\/2014\/01\/08\/carbap-se-reunio-con-scioli-y-rodriguez-en-comision-de-emergencia\/#breadcrumb\"},\"inLanguage\":\"es\",\"potentialAction\":[{\"@type\":\"ReadAction\",\"target\":[\"https:\/\/www.celttv.com.ar\/index.php\/2014\/01\/08\/carbap-se-reunio-con-scioli-y-rodriguez-en-comision-de-emergencia\/\"]}]},{\"@type\":\"BreadcrumbList\",\"@id\":\"https:\/\/www.celttv.com.ar\/index.php\/2014\/01\/08\/carbap-se-reunio-con-scioli-y-rodriguez-en-comision-de-emergencia\/#breadcrumb\",\"itemListElement\":[{\"@type\":\"ListItem\",\"position\":1,\"name\":\"Inicio\",\"item\":\"https:\/\/www.celttv.com.ar\/\"},{\"@type\":\"ListItem\",\"position\":2,\"name\":\"CARBAP SE REUNIO CON SCIOLI Y RODRIGUEZ EN COMISION DE EMERGENCIA\"}]},{\"@type\":\"WebSite\",\"@id\":\"https:\/\/www.celttv.com.ar\/#website\",\"url\":\"https:\/\/www.celttv.com.ar\/\",\"name\":\"CELTTV\",\"description\":\"Cooperativa El\u00e9ctrica de Tornquist\",\"publisher\":{\"@id\":\"https:\/\/www.celttv.com.ar\/#organization\"},\"potentialAction\":[{\"@type\":\"SearchAction\",\"target\":{\"@type\":\"EntryPoint\",\"urlTemplate\":\"https:\/\/www.celttv.com.ar\/?s={search_term_string}\"},\"query-input\":\"required name=search_term_string\"}],\"inLanguage\":\"es\"},{\"@type\":\"Organization\",\"@id\":\"https:\/\/www.celttv.com.ar\/#organization\",\"name\":\"CELTTV\",\"url\":\"https:\/\/www.celttv.com.ar\/\",\"sameAs\":[\"https:\/\/www.youtube.com\/channel\/UCz_oIt8Hig64Ub-EmcNPIhg\",\"https:\/\/www.facebook.com\/celtTV\/\"],\"logo\":{\"@type\":\"ImageObject\",\"inLanguage\":\"es\",\"@id\":\"https:\/\/www.celttv.com.ar\/#\/schema\/logo\/image\/\",\"url\":\"http:\/\/www.celttv.com.ar\/wp-content\/uploads\/2022\/08\/logo-1.png\",\"contentUrl\":\"http:\/\/www.celttv.com.ar\/wp-content\/uploads\/2022\/08\/logo-1.png\",\"width\":461,\"height\":159,\"caption\":\"CELTTV\"},\"image\":{\"@id\":\"https:\/\/www.celttv.com.ar\/#\/schema\/logo\/image\/\"}},{\"@type\":\"Person\",\"@id\":\"https:\/\/www.celttv.com.ar\/#\/schema\/person\/6d99c072dba59953809c81446e9d0ace\",\"name\":\"ulises\",\"image\":{\"@type\":\"ImageObject\",\"inLanguage\":\"es\",\"@id\":\"https:\/\/www.celttv.com.ar\/#\/schema\/person\/image\/\",\"url\":\"https:\/\/secure.gravatar.com\/avatar\/7f2c48bdc33b30088f941fb6082e555f2874c98e20cb159d7b92b50eadfce793?s=96&d=mm&r=g\",\"contentUrl\":\"https:\/\/secure.gravatar.com\/avatar\/7f2c48bdc33b30088f941fb6082e555f2874c98e20cb159d7b92b50eadfce793?s=96&d=mm&r=g\",\"caption\":\"ulises\"},\"sameAs\":[\"http:\/\/www.celttv.com.ar\"]}]}<\/script>\n<!-- \/ Yoast SEO plugin. -->","yoast_head_json":{"title":"CARBAP SE REUNIO CON SCIOLI Y RODRIGUEZ EN COMISION DE EMERGENCIA - CELTTV","description":"Sitio web de noticias de la localidad de Tornquist, provincia de Buenos Aires, Rep\u00fablica Argentina. Contenido propio originado por periodistas de CELTTV, el canal de TV local de la Cooperativa El\u00e9ctrica de Tornquist. Turismo, Pol\u00edtica, Sociedad, Deporte, Cultura y todo el contenido de inter\u00e9s general que la gente del pueblo y la regi\u00f3n debe conocer.","robots":{"index":"index","follow":"follow","max-snippet":"max-snippet:-1","max-image-preview":"max-image-preview:large","max-video-preview":"max-video-preview:-1"},"canonical":"https:\/\/www.celttv.com.ar\/index.php\/2014\/01\/08\/carbap-se-reunio-con-scioli-y-rodriguez-en-comision-de-emergencia\/","og_locale":"es_ES","og_type":"article","og_title":"CARBAP SE REUNIO CON SCIOLI Y RODRIGUEZ EN COMISION DE EMERGENCIA - CELTTV","og_description":"Sitio web de noticias de la localidad de Tornquist, provincia de Buenos Aires, Rep\u00fablica Argentina. Contenido propio originado por periodistas de CELTTV, el canal de TV local de la Cooperativa El\u00e9ctrica de Tornquist. Turismo, Pol\u00edtica, Sociedad, Deporte, Cultura y todo el contenido de inter\u00e9s general que la gente del pueblo y la regi\u00f3n debe conocer.","og_url":"https:\/\/www.celttv.com.ar\/index.php\/2014\/01\/08\/carbap-se-reunio-con-scioli-y-rodriguez-en-comision-de-emergencia\/","og_site_name":"CELTTV","article_publisher":"https:\/\/www.facebook.com\/celtTV\/","article_published_time":"2014-01-08T21:00:54+00:00","og_image":[{"url":"http:\/\/www.tvcnoticias.com.ar\/wp-content\/uploads\/2014\/01\/1445-INCENDIO-FUEGO-Y-CONTARSTE-Small.jpg"}],"author":"ulises","twitter_card":"summary_large_image","twitter_misc":{"Escrito por":"ulises","Tiempo de lectura":"1 minuto"},"schema":{"@context":"https:\/\/schema.org","@graph":[{"@type":"NewsArticle","@id":"https:\/\/www.celttv.com.ar\/index.php\/2014\/01\/08\/carbap-se-reunio-con-scioli-y-rodriguez-en-comision-de-emergencia\/#article","isPartOf":{"@id":"https:\/\/www.celttv.com.ar\/index.php\/2014\/01\/08\/carbap-se-reunio-con-scioli-y-rodriguez-en-comision-de-emergencia\/"},"author":{"name":"ulises","@id":"https:\/\/www.celttv.com.ar\/#\/schema\/person\/6d99c072dba59953809c81446e9d0ace"},"headline":"CARBAP SE REUNIO CON SCIOLI Y RODRIGUEZ EN COMISION DE EMERGENCIA","datePublished":"2014-01-08T21:00:54+00:00","dateModified":"2014-01-08T21:00:54+00:00","mainEntityOfPage":{"@id":"https:\/\/www.celttv.com.ar\/index.php\/2014\/01\/08\/carbap-se-reunio-con-scioli-y-rodriguez-en-comision-de-emergencia\/"},"wordCount":262,"publisher":{"@id":"https:\/\/www.celttv.com.ar\/#organization"},"articleSection":["Comunidad","Destacadas","Pol\u00edtica"],"inLanguage":"es"},{"@type":"WebPage","@id":"https:\/\/www.celttv.com.ar\/index.php\/2014\/01\/08\/carbap-se-reunio-con-scioli-y-rodriguez-en-comision-de-emergencia\/","url":"https:\/\/www.celttv.com.ar\/index.php\/2014\/01\/08\/carbap-se-reunio-con-scioli-y-rodriguez-en-comision-de-emergencia\/","name":"CARBAP SE REUNIO CON SCIOLI Y RODRIGUEZ EN COMISION DE EMERGENCIA - CELTTV","isPartOf":{"@id":"https:\/\/www.celttv.com.ar\/#website"},"datePublished":"2014-01-08T21:00:54+00:00","dateModified":"2014-01-08T21:00:54+00:00","description":"Sitio web de noticias de la localidad de Tornquist, provincia de Buenos Aires, Rep\u00fablica Argentina. Contenido propio originado por periodistas de CELTTV, el canal de TV local de la Cooperativa El\u00e9ctrica de Tornquist. Turismo, Pol\u00edtica, Sociedad, Deporte, Cultura y todo el contenido de inter\u00e9s general que la gente del pueblo y la regi\u00f3n debe conocer.","breadcrumb":{"@id":"https:\/\/www.celttv.com.ar\/index.php\/2014\/01\/08\/carbap-se-reunio-con-scioli-y-rodriguez-en-comision-de-emergencia\/#breadcrumb"},"inLanguage":"es","potentialAction":[{"@type":"ReadAction","target":["https:\/\/www.celttv.com.ar\/index.php\/2014\/01\/08\/carbap-se-reunio-con-scioli-y-rodriguez-en-comision-de-emergencia\/"]}]},{"@type":"BreadcrumbList","@id":"https:\/\/www.celttv.com.ar\/index.php\/2014\/01\/08\/carbap-se-reunio-con-scioli-y-rodriguez-en-comision-de-emergencia\/#breadcrumb","itemListElement":[{"@type":"ListItem","position":1,"name":"Inicio","item":"https:\/\/www.celttv.com.ar\/"},{"@type":"ListItem","position":2,"name":"CARBAP SE REUNIO CON SCIOLI Y RODRIGUEZ EN COMISION DE EMERGENCIA"}]},{"@type":"WebSite","@id":"https:\/\/www.celttv.com.ar\/#website","url":"https:\/\/www.celttv.com.ar\/","name":"CELTTV","description":"Cooperativa El\u00e9ctrica de Tornquist","publisher":{"@id":"https:\/\/www.celttv.com.ar\/#organization"},"potentialAction":[{"@type":"SearchAction","target":{"@type":"EntryPoint","urlTemplate":"https:\/\/www.celttv.com.ar\/?s={search_term_string}"},"query-input":"required name=search_term_string"}],"inLanguage":"es"},{"@type":"Organization","@id":"https:\/\/www.celttv.com.ar\/#organization","name":"CELTTV","url":"https:\/\/www.celttv.com.ar\/","sameAs":["https:\/\/www.youtube.com\/channel\/UCz_oIt8Hig64Ub-EmcNPIhg","https:\/\/www.facebook.com\/celtTV\/"],"logo":{"@type":"ImageObject","inLanguage":"es","@id":"https:\/\/www.celttv.com.ar\/#\/schema\/logo\/image\/","url":"http:\/\/www.celttv.com.ar\/wp-content\/uploads\/2022\/08\/logo-1.png","contentUrl":"http:\/\/www.celttv.com.ar\/wp-content\/uploads\/2022\/08\/logo-1.png","width":461,"height":159,"caption":"CELTTV"},"image":{"@id":"https:\/\/www.celttv.com.ar\/#\/schema\/logo\/image\/"}},{"@type":"Person","@id":"https:\/\/www.celttv.com.ar\/#\/schema\/person\/6d99c072dba59953809c81446e9d0ace","name":"ulises","image":{"@type":"ImageObject","inLanguage":"es","@id":"https:\/\/www.celttv.com.ar\/#\/schema\/person\/image\/","url":"https:\/\/secure.gravatar.com\/avatar\/7f2c48bdc33b30088f941fb6082e555f2874c98e20cb159d7b92b50eadfce793?s=96&d=mm&r=g","contentUrl":"https:\/\/secure.gravatar.com\/avatar\/7f2c48bdc33b30088f941fb6082e555f2874c98e20cb159d7b92b50eadfce793?s=96&d=mm&r=g","caption":"ulises"},"sameAs":["http:\/\/www.celttv.com.ar"]}]}},"_links":{"self":[{"href":"https:\/\/www.celttv.com.ar\/index.php\/wp-json\/wp\/v2\/posts\/16708","targetHints":{"allow":["GET"]}}],"collection":[{"href":"https:\/\/www.celttv.com.ar\/index.php\/wp-json\/wp\/v2\/posts"}],"about":[{"href":"https:\/\/www.celttv.com.ar\/index.php\/wp-json\/wp\/v2\/types\/post"}],"author":[{"embeddable":true,"href":"https:\/\/www.celttv.com.ar\/index.php\/wp-json\/wp\/v2\/users\/1"}],"replies":[{"embeddable":true,"href":"https:\/\/www.celttv.com.ar\/index.php\/wp-json\/wp\/v2\/comments?post=16708"}],"version-history":[{"count":0,"href":"https:\/\/www.celttv.com.ar\/index.php\/wp-json\/wp\/v2\/posts\/16708\/revisions"}],"wp:attachment":[{"href":"https:\/\/www.celttv.com.ar\/index.php\/wp-json\/wp\/v2\/media?parent=16708"}],"wp:term":[{"taxonomy":"category","embeddable":true,"href":"https:\/\/www.celttv.com.ar\/index.php\/wp-json\/wp\/v2\/categories?post=16708"},{"taxonomy":"post_tag","embeddable":true,"href":"https:\/\/www.celttv.com.ar\/index.php\/wp-json\/wp\/v2\/tags?post=16708"}],"curies":[{"name":"wp","href":"https:\/\/api.w.org\/{rel}","templated":true}]}}