{"id":16726,"date":"2014-01-09T00:03:59","date_gmt":"2014-01-09T00:03:59","guid":{"rendered":"http:\/\/www.tvcnoticias.com.ar\/?p=16726"},"modified":"2014-01-09T00:03:59","modified_gmt":"2014-01-09T00:03:59","slug":"inauguracion-reconocimientos-y-sorpresas-en-el-aniversario-de-tres-picos","status":"publish","type":"post","link":"https:\/\/www.celttv.com.ar\/index.php\/2014\/01\/09\/inauguracion-reconocimientos-y-sorpresas-en-el-aniversario-de-tres-picos\/","title":{"rendered":"INAUGURACION, RECONOCIMIENTOS Y SORPRESAS EN EL ANIVERSARIO DE TRES PICOS"},"content":{"rendered":"<p><br \/>\nLa puesta en funcionamiento del nuevo edificio de la Biblioteca Popular \u201cJos\u00e9 Mar\u00eda Casti\u00f1eira de Dios\u201d, la entrega de dos computadoras de \u00faltima generaci\u00f3n para utilizar en el lugar, el reconocimiento a hist\u00f3ricos pobladores y la presentaci\u00f3n de muy buenos espect\u00e1culos art\u00edsticos conformaron un c\u00f3ctel ideal para la celebraci\u00f3n del 107\u00b0 aniversario de Tres Picos.<br \/>\nLa celebraci\u00f3n cont\u00f3 con la presencia del intendente municipal, licenciado Gustavo Trankels; la delegada Graciela Berth; integrantes del Departamento Ejecutivo; consejeros escolares; el cura p\u00e1rroco Norberto L\u00f3pez; autoridades educativas; la coordinadora nacional de Educaci\u00f3n Ambiental de la Secretar\u00eda de Ambiente y Desarrollo Sustentable de la Naci\u00f3n, Paula Ruggieri; el asesor de la mencionada Secretar\u00eda, Paulo Su\u00e1rez; y chicos provenientes de Mor\u00f3n, Berisso y Florencio Varela, ganadores del concurso Eco Radio.<br \/>\nEl festejo del cumplea\u00f1os de la localidad result\u00f3 el momento ideal para concretar un anhelo de toda la comunidad: la inauguraci\u00f3n del nuevo edificio de la biblioteca, que se instal\u00f3 en un sector de la estaci\u00f3n del ferrocarril, que fue refuncionalizada y refaccionada.<br \/>\nEl tradicional corte de cintas estuvo a cargo del jefe comunal, la secretaria de Obras y Servicios P\u00fablicos, arquitecta Anabella Madue\u00f1a; la delegada Berth; y el presidente del Consejo de Apoyo Local de Tres Picos, N\u00e9stor De Prado.<br \/>\nAl ingresar al interior del inmueble, los presentes se llevaron una grata sorpresa, debido a que Trankels entreg\u00f3 como regalo dos computadoras all in one de \u00faltima generaci\u00f3n, para que sean utilizadas por los vecinos que se acerquen a la biblioteca.<br \/>\n\u201cNada m\u00e1s lindo que festejar un aniversario en familia, reencontr\u00e1ndose con quienes la vida los llev\u00f3 a otros lugares del mundo y poder inaugurar obras como la Biblioteca, que signific\u00f3 un gran esfuerzo de la gente de la Biblioteca, la comisi\u00f3n del Consejo de Apoyo Local y Graciela (Berth). Como gobierno municipal, tener gente con ese nivel de compromiso nos invita permanentemente a ir por m\u00e1s\u201c, se\u00f1al\u00f3 el intendente Trankels.<br \/>\n\u201cQu\u00e9 lindo que en poco tiempo tengamos completada la obra de los termotanques solares y que eso sea un motivo m\u00e1s para que Tres Picos sea puesto de ejemplo, porque los chicos que nos est\u00e1n visitando del Conurbano bonaerense vinieron para observar c\u00f3mo funcionan y trasladarlos a sus lugares de origen. Quiero agradecerle a la comunidad, que nos lleva a hacer estas cosas\u201d, destac\u00f3.<br \/>\nPara completar la tarde de festejos, el jefe comunal le entreg\u00f3 un cheque al Club Sportman, cuyo importe contribuir\u00e1 al cambio del techo de la sede social, y anunci\u00f3 que se avanzar\u00e1 en el proyecto de ampliaci\u00f3n de la Unidad Sanitaria de la localidad.<br \/>\n\u201cGracias a las instituciones. Veo a la gente del club, que tiene un objetivo muy lindo y ambicioso, que cumplir\u00e1n dentro de poco y es el cambio del techo. Los felicito por el cari\u00f1o que le ponen. Tambi\u00e9n tenemos un objetivo grande con la gente de la sala de primeros auxilios y el ministro de Salud bonaerense, Alejandro Collia, nos autoriz\u00f3 a avanzar en el proyecto que venimos conversando desde hace un tiempo atr\u00e1s. Todos y cada uno de los que est\u00e1n ac\u00e1 son importantes para este querido pueblo, porque un pueblo es lo que es su gente\u201d, recalc\u00f3.<br \/>\nLa delegada Graciela Berth tambi\u00e9n destac\u00f3 las acciones que se vienen cristalizando en Tres Picos.<br \/>\n\u201cEs una alegr\u00eda muy grande que comencemos este 2014 con dos obras tan importantes. La Biblioteca Popular encontr\u00f3 su espacio f\u00edsico nada m\u00e1s ni nada menos que en la cuna del nacimiento de nuestro pueblo: la estaci\u00f3n de trenes. Adem\u00e1s, estamos terminando con una obra inimaginada por esta comunidad, como son los termotanques solares, que se instalaron de manera totalmente gratuita\u201d, explic\u00f3.<br \/>\n\u201cQuiero agradecerle especialmente al intendente municipal, por la gran gesti\u00f3n realizada y por estar siempre trabajando junto a nosotros, pendiente de cada una de las necesidades de nuestros vecinos e instituciones\u201d, resalt\u00f3.<br \/>\nLa funcionaria tambi\u00e9n agradeci\u00f3 al SPAR, Juan Mar\u00eda Vi\u00f1ales y todo su equipo de trabajo en ese organismo; a la secretaria de Obras y servicios P\u00fablicos, arquitecta Anabella Madue\u00f1a, y los integrantes de la dependencia; la Secretar\u00eda de Producci\u00f3n y Medio Ambiente; todos los que trabajaron en las obras, la Comisi\u00f3n Vial, el Consejo de Apoyo Local y el delegado de La Gruta, Fabi\u00e1n Medrano.<br \/>\nEn el transcurso de la jornada, se reconoci\u00f3 a las vecinas Irma Morante y Sara Mere \u00a0y se le entreg\u00f3 un presente al doctor V\u00edctor Duarte, en el d\u00eda de su cumplea\u00f1os.<br \/>\nAdem\u00e1s, se escuch\u00f3 una invocaci\u00f3n religiosa por parte del p\u00e1rroco Norberto L\u00f3pez, Jonathan Rond\u00e1n enton\u00f3 las estrofas del Himno Nacional Argentino y luego despleg\u00f3 parte de su repertorio, bail\u00f3 la Escuela Folkl\u00f3rica Municipal, actu\u00f3 el grupo folkl\u00f3rico Pe\u00f1i-Hue, el Grupo de Teatro Municipal represent\u00f3 el Pesebre Viviente y hubo un baile popular con el Grupo Nevada, integrado por el trespiquense Rub\u00e9n Luconi, quien reside en El Calafate.<br \/>\n&nbsp;<\/p>\n","protected":false},"excerpt":{"rendered":"<p>La puesta en funcionamiento del nuevo edificio de la Biblioteca Popular \u201cJos\u00e9 Mar\u00eda Casti\u00f1eira de Dios\u201d, la entrega de dos computadoras de \u00faltima generaci\u00f3n para utilizar en el lugar, el reconocimiento a hist\u00f3ricos pobladores y la presentaci\u00f3n de muy buenos espect\u00e1culos art\u00edsticos conformaron un c\u00f3ctel ideal para la celebraci\u00f3n del 107\u00b0 aniversario de Tres Picos. [&hellip;]<\/p>\n","protected":false},"author":1,"featured_media":0,"comment_status":"closed","ping_status":"open","sticky":false,"template":"","format":"standard","meta":{"footnotes":""},"categories":[51,52,53],"tags":[],"class_list":["post-16726","post","type-post","status-publish","format-standard","hentry","category-comunidad","category-destacadas","category-politica"],"yoast_head":"<!-- This site is optimized with the Yoast SEO plugin v19.7.1 - https:\/\/yoast.com\/wordpress\/plugins\/seo\/ -->\n<title>INAUGURACION, RECONOCIMIENTOS Y SORPRESAS EN EL ANIVERSARIO DE TRES PICOS - CELTTV<\/title>\n<meta name=\"description\" content=\"Sitio web de noticias de la localidad de Tornquist, provincia de Buenos Aires, Rep\u00fablica Argentina. Contenido propio originado por periodistas de CELTTV, el canal de TV local de la Cooperativa El\u00e9ctrica de Tornquist. Turismo, Pol\u00edtica, Sociedad, Deporte, Cultura y todo el contenido de inter\u00e9s general que la gente del pueblo y la regi\u00f3n debe conocer.\" \/>\n<meta name=\"robots\" content=\"index, follow, max-snippet:-1, max-image-preview:large, max-video-preview:-1\" \/>\n<link rel=\"canonical\" href=\"https:\/\/www.celttv.com.ar\/index.php\/2014\/01\/09\/inauguracion-reconocimientos-y-sorpresas-en-el-aniversario-de-tres-picos\/\" \/>\n<meta property=\"og:locale\" content=\"es_ES\" \/>\n<meta property=\"og:type\" content=\"article\" \/>\n<meta property=\"og:title\" content=\"INAUGURACION, RECONOCIMIENTOS Y SORPRESAS EN EL ANIVERSARIO DE TRES PICOS - CELTTV\" \/>\n<meta property=\"og:description\" content=\"Sitio web de noticias de la localidad de Tornquist, provincia de Buenos Aires, Rep\u00fablica Argentina. Contenido propio originado por periodistas de CELTTV, el canal de TV local de la Cooperativa El\u00e9ctrica de Tornquist. Turismo, Pol\u00edtica, Sociedad, Deporte, Cultura y todo el contenido de inter\u00e9s general que la gente del pueblo y la regi\u00f3n debe conocer.\" \/>\n<meta property=\"og:url\" content=\"https:\/\/www.celttv.com.ar\/index.php\/2014\/01\/09\/inauguracion-reconocimientos-y-sorpresas-en-el-aniversario-de-tres-picos\/\" \/>\n<meta property=\"og:site_name\" content=\"CELTTV\" \/>\n<meta property=\"article:publisher\" content=\"https:\/\/www.facebook.com\/celtTV\/\" \/>\n<meta property=\"article:published_time\" content=\"2014-01-09T00:03:59+00:00\" \/>\n<meta name=\"author\" content=\"ulises\" \/>\n<meta name=\"twitter:card\" content=\"summary_large_image\" \/>\n<meta name=\"twitter:label1\" content=\"Escrito por\" \/>\n\t<meta name=\"twitter:data1\" content=\"ulises\" \/>\n\t<meta name=\"twitter:label2\" content=\"Tiempo de lectura\" \/>\n\t<meta name=\"twitter:data2\" content=\"4 minutos\" \/>\n<script type=\"application\/ld+json\" class=\"yoast-schema-graph\">{\"@context\":\"https:\/\/schema.org\",\"@graph\":[{\"@type\":\"NewsArticle\",\"@id\":\"https:\/\/www.celttv.com.ar\/index.php\/2014\/01\/09\/inauguracion-reconocimientos-y-sorpresas-en-el-aniversario-de-tres-picos\/#article\",\"isPartOf\":{\"@id\":\"https:\/\/www.celttv.com.ar\/index.php\/2014\/01\/09\/inauguracion-reconocimientos-y-sorpresas-en-el-aniversario-de-tres-picos\/\"},\"author\":{\"name\":\"ulises\",\"@id\":\"https:\/\/www.celttv.com.ar\/#\/schema\/person\/6d99c072dba59953809c81446e9d0ace\"},\"headline\":\"INAUGURACION, RECONOCIMIENTOS Y SORPRESAS EN EL ANIVERSARIO DE TRES PICOS\",\"datePublished\":\"2014-01-09T00:03:59+00:00\",\"dateModified\":\"2014-01-09T00:03:59+00:00\",\"mainEntityOfPage\":{\"@id\":\"https:\/\/www.celttv.com.ar\/index.php\/2014\/01\/09\/inauguracion-reconocimientos-y-sorpresas-en-el-aniversario-de-tres-picos\/\"},\"wordCount\":877,\"publisher\":{\"@id\":\"https:\/\/www.celttv.com.ar\/#organization\"},\"articleSection\":[\"Comunidad\",\"Destacadas\",\"Pol\u00edtica\"],\"inLanguage\":\"es\"},{\"@type\":\"WebPage\",\"@id\":\"https:\/\/www.celttv.com.ar\/index.php\/2014\/01\/09\/inauguracion-reconocimientos-y-sorpresas-en-el-aniversario-de-tres-picos\/\",\"url\":\"https:\/\/www.celttv.com.ar\/index.php\/2014\/01\/09\/inauguracion-reconocimientos-y-sorpresas-en-el-aniversario-de-tres-picos\/\",\"name\":\"INAUGURACION, RECONOCIMIENTOS Y SORPRESAS EN EL ANIVERSARIO DE TRES PICOS - CELTTV\",\"isPartOf\":{\"@id\":\"https:\/\/www.celttv.com.ar\/#website\"},\"datePublished\":\"2014-01-09T00:03:59+00:00\",\"dateModified\":\"2014-01-09T00:03:59+00:00\",\"description\":\"Sitio web de noticias de la localidad de Tornquist, provincia de Buenos Aires, Rep\u00fablica Argentina. Contenido propio originado por periodistas de CELTTV, el canal de TV local de la Cooperativa El\u00e9ctrica de Tornquist. Turismo, Pol\u00edtica, Sociedad, Deporte, Cultura y todo el contenido de inter\u00e9s general que la gente del pueblo y la regi\u00f3n debe conocer.\",\"breadcrumb\":{\"@id\":\"https:\/\/www.celttv.com.ar\/index.php\/2014\/01\/09\/inauguracion-reconocimientos-y-sorpresas-en-el-aniversario-de-tres-picos\/#breadcrumb\"},\"inLanguage\":\"es\",\"potentialAction\":[{\"@type\":\"ReadAction\",\"target\":[\"https:\/\/www.celttv.com.ar\/index.php\/2014\/01\/09\/inauguracion-reconocimientos-y-sorpresas-en-el-aniversario-de-tres-picos\/\"]}]},{\"@type\":\"BreadcrumbList\",\"@id\":\"https:\/\/www.celttv.com.ar\/index.php\/2014\/01\/09\/inauguracion-reconocimientos-y-sorpresas-en-el-aniversario-de-tres-picos\/#breadcrumb\",\"itemListElement\":[{\"@type\":\"ListItem\",\"position\":1,\"name\":\"Inicio\",\"item\":\"https:\/\/www.celttv.com.ar\/\"},{\"@type\":\"ListItem\",\"position\":2,\"name\":\"INAUGURACION, RECONOCIMIENTOS Y SORPRESAS EN EL ANIVERSARIO DE TRES PICOS\"}]},{\"@type\":\"WebSite\",\"@id\":\"https:\/\/www.celttv.com.ar\/#website\",\"url\":\"https:\/\/www.celttv.com.ar\/\",\"name\":\"CELTTV\",\"description\":\"Cooperativa El\u00e9ctrica de Tornquist\",\"publisher\":{\"@id\":\"https:\/\/www.celttv.com.ar\/#organization\"},\"potentialAction\":[{\"@type\":\"SearchAction\",\"target\":{\"@type\":\"EntryPoint\",\"urlTemplate\":\"https:\/\/www.celttv.com.ar\/?s={search_term_string}\"},\"query-input\":\"required name=search_term_string\"}],\"inLanguage\":\"es\"},{\"@type\":\"Organization\",\"@id\":\"https:\/\/www.celttv.com.ar\/#organization\",\"name\":\"CELTTV\",\"url\":\"https:\/\/www.celttv.com.ar\/\",\"sameAs\":[\"https:\/\/www.youtube.com\/channel\/UCz_oIt8Hig64Ub-EmcNPIhg\",\"https:\/\/www.facebook.com\/celtTV\/\"],\"logo\":{\"@type\":\"ImageObject\",\"inLanguage\":\"es\",\"@id\":\"https:\/\/www.celttv.com.ar\/#\/schema\/logo\/image\/\",\"url\":\"http:\/\/www.celttv.com.ar\/wp-content\/uploads\/2022\/08\/logo-1.png\",\"contentUrl\":\"http:\/\/www.celttv.com.ar\/wp-content\/uploads\/2022\/08\/logo-1.png\",\"width\":461,\"height\":159,\"caption\":\"CELTTV\"},\"image\":{\"@id\":\"https:\/\/www.celttv.com.ar\/#\/schema\/logo\/image\/\"}},{\"@type\":\"Person\",\"@id\":\"https:\/\/www.celttv.com.ar\/#\/schema\/person\/6d99c072dba59953809c81446e9d0ace\",\"name\":\"ulises\",\"image\":{\"@type\":\"ImageObject\",\"inLanguage\":\"es\",\"@id\":\"https:\/\/www.celttv.com.ar\/#\/schema\/person\/image\/\",\"url\":\"https:\/\/secure.gravatar.com\/avatar\/7f2c48bdc33b30088f941fb6082e555f2874c98e20cb159d7b92b50eadfce793?s=96&d=mm&r=g\",\"contentUrl\":\"https:\/\/secure.gravatar.com\/avatar\/7f2c48bdc33b30088f941fb6082e555f2874c98e20cb159d7b92b50eadfce793?s=96&d=mm&r=g\",\"caption\":\"ulises\"},\"sameAs\":[\"http:\/\/www.celttv.com.ar\"]}]}<\/script>\n<!-- \/ Yoast SEO plugin. -->","yoast_head_json":{"title":"INAUGURACION, RECONOCIMIENTOS Y SORPRESAS EN EL ANIVERSARIO DE TRES PICOS - CELTTV","description":"Sitio web de noticias de la localidad de Tornquist, provincia de Buenos Aires, Rep\u00fablica Argentina. Contenido propio originado por periodistas de CELTTV, el canal de TV local de la Cooperativa El\u00e9ctrica de Tornquist. Turismo, Pol\u00edtica, Sociedad, Deporte, Cultura y todo el contenido de inter\u00e9s general que la gente del pueblo y la regi\u00f3n debe conocer.","robots":{"index":"index","follow":"follow","max-snippet":"max-snippet:-1","max-image-preview":"max-image-preview:large","max-video-preview":"max-video-preview:-1"},"canonical":"https:\/\/www.celttv.com.ar\/index.php\/2014\/01\/09\/inauguracion-reconocimientos-y-sorpresas-en-el-aniversario-de-tres-picos\/","og_locale":"es_ES","og_type":"article","og_title":"INAUGURACION, RECONOCIMIENTOS Y SORPRESAS EN EL ANIVERSARIO DE TRES PICOS - CELTTV","og_description":"Sitio web de noticias de la localidad de Tornquist, provincia de Buenos Aires, Rep\u00fablica Argentina. Contenido propio originado por periodistas de CELTTV, el canal de TV local de la Cooperativa El\u00e9ctrica de Tornquist. Turismo, Pol\u00edtica, Sociedad, Deporte, Cultura y todo el contenido de inter\u00e9s general que la gente del pueblo y la regi\u00f3n debe conocer.","og_url":"https:\/\/www.celttv.com.ar\/index.php\/2014\/01\/09\/inauguracion-reconocimientos-y-sorpresas-en-el-aniversario-de-tres-picos\/","og_site_name":"CELTTV","article_publisher":"https:\/\/www.facebook.com\/celtTV\/","article_published_time":"2014-01-09T00:03:59+00:00","author":"ulises","twitter_card":"summary_large_image","twitter_misc":{"Escrito por":"ulises","Tiempo de lectura":"4 minutos"},"schema":{"@context":"https:\/\/schema.org","@graph":[{"@type":"NewsArticle","@id":"https:\/\/www.celttv.com.ar\/index.php\/2014\/01\/09\/inauguracion-reconocimientos-y-sorpresas-en-el-aniversario-de-tres-picos\/#article","isPartOf":{"@id":"https:\/\/www.celttv.com.ar\/index.php\/2014\/01\/09\/inauguracion-reconocimientos-y-sorpresas-en-el-aniversario-de-tres-picos\/"},"author":{"name":"ulises","@id":"https:\/\/www.celttv.com.ar\/#\/schema\/person\/6d99c072dba59953809c81446e9d0ace"},"headline":"INAUGURACION, RECONOCIMIENTOS Y SORPRESAS EN EL ANIVERSARIO DE TRES PICOS","datePublished":"2014-01-09T00:03:59+00:00","dateModified":"2014-01-09T00:03:59+00:00","mainEntityOfPage":{"@id":"https:\/\/www.celttv.com.ar\/index.php\/2014\/01\/09\/inauguracion-reconocimientos-y-sorpresas-en-el-aniversario-de-tres-picos\/"},"wordCount":877,"publisher":{"@id":"https:\/\/www.celttv.com.ar\/#organization"},"articleSection":["Comunidad","Destacadas","Pol\u00edtica"],"inLanguage":"es"},{"@type":"WebPage","@id":"https:\/\/www.celttv.com.ar\/index.php\/2014\/01\/09\/inauguracion-reconocimientos-y-sorpresas-en-el-aniversario-de-tres-picos\/","url":"https:\/\/www.celttv.com.ar\/index.php\/2014\/01\/09\/inauguracion-reconocimientos-y-sorpresas-en-el-aniversario-de-tres-picos\/","name":"INAUGURACION, RECONOCIMIENTOS Y SORPRESAS EN EL ANIVERSARIO DE TRES PICOS - CELTTV","isPartOf":{"@id":"https:\/\/www.celttv.com.ar\/#website"},"datePublished":"2014-01-09T00:03:59+00:00","dateModified":"2014-01-09T00:03:59+00:00","description":"Sitio web de noticias de la localidad de Tornquist, provincia de Buenos Aires, Rep\u00fablica Argentina. Contenido propio originado por periodistas de CELTTV, el canal de TV local de la Cooperativa El\u00e9ctrica de Tornquist. Turismo, Pol\u00edtica, Sociedad, Deporte, Cultura y todo el contenido de inter\u00e9s general que la gente del pueblo y la regi\u00f3n debe conocer.","breadcrumb":{"@id":"https:\/\/www.celttv.com.ar\/index.php\/2014\/01\/09\/inauguracion-reconocimientos-y-sorpresas-en-el-aniversario-de-tres-picos\/#breadcrumb"},"inLanguage":"es","potentialAction":[{"@type":"ReadAction","target":["https:\/\/www.celttv.com.ar\/index.php\/2014\/01\/09\/inauguracion-reconocimientos-y-sorpresas-en-el-aniversario-de-tres-picos\/"]}]},{"@type":"BreadcrumbList","@id":"https:\/\/www.celttv.com.ar\/index.php\/2014\/01\/09\/inauguracion-reconocimientos-y-sorpresas-en-el-aniversario-de-tres-picos\/#breadcrumb","itemListElement":[{"@type":"ListItem","position":1,"name":"Inicio","item":"https:\/\/www.celttv.com.ar\/"},{"@type":"ListItem","position":2,"name":"INAUGURACION, RECONOCIMIENTOS Y SORPRESAS EN EL ANIVERSARIO DE TRES PICOS"}]},{"@type":"WebSite","@id":"https:\/\/www.celttv.com.ar\/#website","url":"https:\/\/www.celttv.com.ar\/","name":"CELTTV","description":"Cooperativa El\u00e9ctrica de Tornquist","publisher":{"@id":"https:\/\/www.celttv.com.ar\/#organization"},"potentialAction":[{"@type":"SearchAction","target":{"@type":"EntryPoint","urlTemplate":"https:\/\/www.celttv.com.ar\/?s={search_term_string}"},"query-input":"required name=search_term_string"}],"inLanguage":"es"},{"@type":"Organization","@id":"https:\/\/www.celttv.com.ar\/#organization","name":"CELTTV","url":"https:\/\/www.celttv.com.ar\/","sameAs":["https:\/\/www.youtube.com\/channel\/UCz_oIt8Hig64Ub-EmcNPIhg","https:\/\/www.facebook.com\/celtTV\/"],"logo":{"@type":"ImageObject","inLanguage":"es","@id":"https:\/\/www.celttv.com.ar\/#\/schema\/logo\/image\/","url":"http:\/\/www.celttv.com.ar\/wp-content\/uploads\/2022\/08\/logo-1.png","contentUrl":"http:\/\/www.celttv.com.ar\/wp-content\/uploads\/2022\/08\/logo-1.png","width":461,"height":159,"caption":"CELTTV"},"image":{"@id":"https:\/\/www.celttv.com.ar\/#\/schema\/logo\/image\/"}},{"@type":"Person","@id":"https:\/\/www.celttv.com.ar\/#\/schema\/person\/6d99c072dba59953809c81446e9d0ace","name":"ulises","image":{"@type":"ImageObject","inLanguage":"es","@id":"https:\/\/www.celttv.com.ar\/#\/schema\/person\/image\/","url":"https:\/\/secure.gravatar.com\/avatar\/7f2c48bdc33b30088f941fb6082e555f2874c98e20cb159d7b92b50eadfce793?s=96&d=mm&r=g","contentUrl":"https:\/\/secure.gravatar.com\/avatar\/7f2c48bdc33b30088f941fb6082e555f2874c98e20cb159d7b92b50eadfce793?s=96&d=mm&r=g","caption":"ulises"},"sameAs":["http:\/\/www.celttv.com.ar"]}]}},"_links":{"self":[{"href":"https:\/\/www.celttv.com.ar\/index.php\/wp-json\/wp\/v2\/posts\/16726","targetHints":{"allow":["GET"]}}],"collection":[{"href":"https:\/\/www.celttv.com.ar\/index.php\/wp-json\/wp\/v2\/posts"}],"about":[{"href":"https:\/\/www.celttv.com.ar\/index.php\/wp-json\/wp\/v2\/types\/post"}],"author":[{"embeddable":true,"href":"https:\/\/www.celttv.com.ar\/index.php\/wp-json\/wp\/v2\/users\/1"}],"replies":[{"embeddable":true,"href":"https:\/\/www.celttv.com.ar\/index.php\/wp-json\/wp\/v2\/comments?post=16726"}],"version-history":[{"count":0,"href":"https:\/\/www.celttv.com.ar\/index.php\/wp-json\/wp\/v2\/posts\/16726\/revisions"}],"wp:attachment":[{"href":"https:\/\/www.celttv.com.ar\/index.php\/wp-json\/wp\/v2\/media?parent=16726"}],"wp:term":[{"taxonomy":"category","embeddable":true,"href":"https:\/\/www.celttv.com.ar\/index.php\/wp-json\/wp\/v2\/categories?post=16726"},{"taxonomy":"post_tag","embeddable":true,"href":"https:\/\/www.celttv.com.ar\/index.php\/wp-json\/wp\/v2\/tags?post=16726"}],"curies":[{"name":"wp","href":"https:\/\/api.w.org\/{rel}","templated":true}]}}