{"id":16745,"date":"2014-01-09T13:32:45","date_gmt":"2014-01-09T13:32:45","guid":{"rendered":"http:\/\/www.tvcnoticias.com.ar\/?p=16745"},"modified":"2014-01-09T13:32:45","modified_gmt":"2014-01-09T13:32:45","slug":"existen-dudas-respecto-a-la-participacion-de-algunos-equipos-en-la-temporada-2014","status":"publish","type":"post","link":"https:\/\/www.celttv.com.ar\/index.php\/2014\/01\/09\/existen-dudas-respecto-a-la-participacion-de-algunos-equipos-en-la-temporada-2014\/","title":{"rendered":"EXISTEN DUDAS RESPECTO A LA PARTICIPACION DE ALGUNOS EQUIPOS EN LA TEMPORADA 2014"},"content":{"rendered":"<p>Convocatoria para el lunes 27<br \/>\nEn otro orden, la mesa ejecutiva cit\u00f3 a los presidentes de los clubes y\/o delegados para la reuni\u00f3n que se llevar\u00e1 a cabo el lunes 27 del corriente a las 20:30 en la sede de la Liga, a los fines de comenzar a diagramar los campeonatos de Primera, Reserva y divisiones inferiores de 2014.<br \/>\nA prop\u00f3sito de la pr\u00f3xima temporada, la comisi\u00f3n directiva del Club Social y Deportivo General San Mart\u00edn de Saavedra cita a socios, simpatizantes y allegados a la reuni\u00f3n que se realizar\u00e1 en su sede social de calle Lavalle, esta noche a las 21:30.<br \/>\nComo \u00fanico punto se deber\u00e1 decidir si la instituci\u00f3n participa o no en el torneo de f\u00fatbol oficial organizado para el a\u00f1o 2014 por la LRF de Coronel Su\u00e1rez.<br \/>\nTambi\u00e9n se sabr\u00e1 en la ocasi\u00f3n qu\u00e9 hay de cierto de que Pe\u00f1arol de Guamin\u00ed tiene intenciones de irse a la Liga de Tres Lomas y qu\u00e9 ocurre con Argentino Junior de Darregueira al verse impedido por el momento de utilizar su propia cancha para hacer de local.<br \/>\nPor otra parte, por resoluci\u00f3n del Consejo Federal de la AFA hubo una modificaci\u00f3n en el valor de las transferencias interligas. Se estableci\u00f3 que el valor que comenz\u00f3 a regir el 1\u00b0 de enero \u00faltimo es de $ 300 por cada una.<br \/>\nEs dable se\u00f1alar tambi\u00e9n que hubo un convenio de rescisi\u00f3n de contrato a prueba entre los jugadores Emanuel y Jerem\u00edas Huth con el club Villa Mitre de Bah\u00eda Blanca, raz\u00f3n por la cual ambos volvieron a Boca Juniors que es su club de origen y en los \u00faltimos d\u00edas quedaron habilitados.<br \/>\n&nbsp;<\/p>\n","protected":false},"excerpt":{"rendered":"<p>Convocatoria para el lunes 27 En otro orden, la mesa ejecutiva cit\u00f3 a los presidentes de los clubes y\/o delegados para la reuni\u00f3n que se llevar\u00e1 a cabo el lunes 27 del corriente a las 20:30 en la sede de la Liga, a los fines de comenzar a diagramar los campeonatos de Primera, Reserva y [&hellip;]<\/p>\n","protected":false},"author":1,"featured_media":0,"comment_status":"closed","ping_status":"open","sticky":false,"template":"","format":"standard","meta":{"footnotes":""},"categories":[60,52],"tags":[],"class_list":["post-16745","post","type-post","status-publish","format-standard","hentry","category-deporte","category-destacadas"],"yoast_head":"<!-- This site is optimized with the Yoast SEO plugin v19.7.1 - https:\/\/yoast.com\/wordpress\/plugins\/seo\/ -->\n<title>EXISTEN DUDAS RESPECTO A LA PARTICIPACION DE ALGUNOS EQUIPOS EN LA TEMPORADA 2014 - CELTTV<\/title>\n<meta name=\"description\" content=\"Sitio web de noticias de la localidad de Tornquist, provincia de Buenos Aires, Rep\u00fablica Argentina. Contenido propio originado por periodistas de CELTTV, el canal de TV local de la Cooperativa El\u00e9ctrica de Tornquist. Turismo, Pol\u00edtica, Sociedad, Deporte, Cultura y todo el contenido de inter\u00e9s general que la gente del pueblo y la regi\u00f3n debe conocer.\" \/>\n<meta name=\"robots\" content=\"index, follow, max-snippet:-1, max-image-preview:large, max-video-preview:-1\" \/>\n<link rel=\"canonical\" href=\"https:\/\/www.celttv.com.ar\/index.php\/2014\/01\/09\/existen-dudas-respecto-a-la-participacion-de-algunos-equipos-en-la-temporada-2014\/\" \/>\n<meta property=\"og:locale\" content=\"es_ES\" \/>\n<meta property=\"og:type\" content=\"article\" \/>\n<meta property=\"og:title\" content=\"EXISTEN DUDAS RESPECTO A LA PARTICIPACION DE ALGUNOS EQUIPOS EN LA TEMPORADA 2014 - CELTTV\" \/>\n<meta property=\"og:description\" content=\"Sitio web de noticias de la localidad de Tornquist, provincia de Buenos Aires, Rep\u00fablica Argentina. Contenido propio originado por periodistas de CELTTV, el canal de TV local de la Cooperativa El\u00e9ctrica de Tornquist. Turismo, Pol\u00edtica, Sociedad, Deporte, Cultura y todo el contenido de inter\u00e9s general que la gente del pueblo y la regi\u00f3n debe conocer.\" \/>\n<meta property=\"og:url\" content=\"https:\/\/www.celttv.com.ar\/index.php\/2014\/01\/09\/existen-dudas-respecto-a-la-participacion-de-algunos-equipos-en-la-temporada-2014\/\" \/>\n<meta property=\"og:site_name\" content=\"CELTTV\" \/>\n<meta property=\"article:publisher\" content=\"https:\/\/www.facebook.com\/celtTV\/\" \/>\n<meta property=\"article:published_time\" content=\"2014-01-09T13:32:45+00:00\" \/>\n<meta name=\"author\" content=\"ulises\" \/>\n<meta name=\"twitter:card\" content=\"summary_large_image\" \/>\n<meta name=\"twitter:label1\" content=\"Escrito por\" \/>\n\t<meta name=\"twitter:data1\" content=\"ulises\" \/>\n\t<meta name=\"twitter:label2\" content=\"Tiempo de lectura\" \/>\n\t<meta name=\"twitter:data2\" content=\"1 minuto\" \/>\n<script type=\"application\/ld+json\" class=\"yoast-schema-graph\">{\"@context\":\"https:\/\/schema.org\",\"@graph\":[{\"@type\":\"NewsArticle\",\"@id\":\"https:\/\/www.celttv.com.ar\/index.php\/2014\/01\/09\/existen-dudas-respecto-a-la-participacion-de-algunos-equipos-en-la-temporada-2014\/#article\",\"isPartOf\":{\"@id\":\"https:\/\/www.celttv.com.ar\/index.php\/2014\/01\/09\/existen-dudas-respecto-a-la-participacion-de-algunos-equipos-en-la-temporada-2014\/\"},\"author\":{\"name\":\"ulises\",\"@id\":\"https:\/\/www.celttv.com.ar\/#\/schema\/person\/6d99c072dba59953809c81446e9d0ace\"},\"headline\":\"EXISTEN DUDAS RESPECTO A LA PARTICIPACION DE ALGUNOS EQUIPOS EN LA TEMPORADA 2014\",\"datePublished\":\"2014-01-09T13:32:45+00:00\",\"dateModified\":\"2014-01-09T13:32:45+00:00\",\"mainEntityOfPage\":{\"@id\":\"https:\/\/www.celttv.com.ar\/index.php\/2014\/01\/09\/existen-dudas-respecto-a-la-participacion-de-algunos-equipos-en-la-temporada-2014\/\"},\"wordCount\":299,\"publisher\":{\"@id\":\"https:\/\/www.celttv.com.ar\/#organization\"},\"articleSection\":[\"Deporte\",\"Destacadas\"],\"inLanguage\":\"es\"},{\"@type\":\"WebPage\",\"@id\":\"https:\/\/www.celttv.com.ar\/index.php\/2014\/01\/09\/existen-dudas-respecto-a-la-participacion-de-algunos-equipos-en-la-temporada-2014\/\",\"url\":\"https:\/\/www.celttv.com.ar\/index.php\/2014\/01\/09\/existen-dudas-respecto-a-la-participacion-de-algunos-equipos-en-la-temporada-2014\/\",\"name\":\"EXISTEN DUDAS RESPECTO A LA PARTICIPACION DE ALGUNOS EQUIPOS EN LA TEMPORADA 2014 - CELTTV\",\"isPartOf\":{\"@id\":\"https:\/\/www.celttv.com.ar\/#website\"},\"datePublished\":\"2014-01-09T13:32:45+00:00\",\"dateModified\":\"2014-01-09T13:32:45+00:00\",\"description\":\"Sitio web de noticias de la localidad de Tornquist, provincia de Buenos Aires, Rep\u00fablica Argentina. Contenido propio originado por periodistas de CELTTV, el canal de TV local de la Cooperativa El\u00e9ctrica de Tornquist. Turismo, Pol\u00edtica, Sociedad, Deporte, Cultura y todo el contenido de inter\u00e9s general que la gente del pueblo y la regi\u00f3n debe conocer.\",\"breadcrumb\":{\"@id\":\"https:\/\/www.celttv.com.ar\/index.php\/2014\/01\/09\/existen-dudas-respecto-a-la-participacion-de-algunos-equipos-en-la-temporada-2014\/#breadcrumb\"},\"inLanguage\":\"es\",\"potentialAction\":[{\"@type\":\"ReadAction\",\"target\":[\"https:\/\/www.celttv.com.ar\/index.php\/2014\/01\/09\/existen-dudas-respecto-a-la-participacion-de-algunos-equipos-en-la-temporada-2014\/\"]}]},{\"@type\":\"BreadcrumbList\",\"@id\":\"https:\/\/www.celttv.com.ar\/index.php\/2014\/01\/09\/existen-dudas-respecto-a-la-participacion-de-algunos-equipos-en-la-temporada-2014\/#breadcrumb\",\"itemListElement\":[{\"@type\":\"ListItem\",\"position\":1,\"name\":\"Inicio\",\"item\":\"https:\/\/www.celttv.com.ar\/\"},{\"@type\":\"ListItem\",\"position\":2,\"name\":\"EXISTEN DUDAS RESPECTO A LA PARTICIPACION DE ALGUNOS EQUIPOS EN LA TEMPORADA 2014\"}]},{\"@type\":\"WebSite\",\"@id\":\"https:\/\/www.celttv.com.ar\/#website\",\"url\":\"https:\/\/www.celttv.com.ar\/\",\"name\":\"CELTTV\",\"description\":\"Cooperativa El\u00e9ctrica de Tornquist\",\"publisher\":{\"@id\":\"https:\/\/www.celttv.com.ar\/#organization\"},\"potentialAction\":[{\"@type\":\"SearchAction\",\"target\":{\"@type\":\"EntryPoint\",\"urlTemplate\":\"https:\/\/www.celttv.com.ar\/?s={search_term_string}\"},\"query-input\":\"required name=search_term_string\"}],\"inLanguage\":\"es\"},{\"@type\":\"Organization\",\"@id\":\"https:\/\/www.celttv.com.ar\/#organization\",\"name\":\"CELTTV\",\"url\":\"https:\/\/www.celttv.com.ar\/\",\"sameAs\":[\"https:\/\/www.youtube.com\/channel\/UCz_oIt8Hig64Ub-EmcNPIhg\",\"https:\/\/www.facebook.com\/celtTV\/\"],\"logo\":{\"@type\":\"ImageObject\",\"inLanguage\":\"es\",\"@id\":\"https:\/\/www.celttv.com.ar\/#\/schema\/logo\/image\/\",\"url\":\"http:\/\/www.celttv.com.ar\/wp-content\/uploads\/2022\/08\/logo-1.png\",\"contentUrl\":\"http:\/\/www.celttv.com.ar\/wp-content\/uploads\/2022\/08\/logo-1.png\",\"width\":461,\"height\":159,\"caption\":\"CELTTV\"},\"image\":{\"@id\":\"https:\/\/www.celttv.com.ar\/#\/schema\/logo\/image\/\"}},{\"@type\":\"Person\",\"@id\":\"https:\/\/www.celttv.com.ar\/#\/schema\/person\/6d99c072dba59953809c81446e9d0ace\",\"name\":\"ulises\",\"image\":{\"@type\":\"ImageObject\",\"inLanguage\":\"es\",\"@id\":\"https:\/\/www.celttv.com.ar\/#\/schema\/person\/image\/\",\"url\":\"https:\/\/secure.gravatar.com\/avatar\/7f2c48bdc33b30088f941fb6082e555f2874c98e20cb159d7b92b50eadfce793?s=96&d=mm&r=g\",\"contentUrl\":\"https:\/\/secure.gravatar.com\/avatar\/7f2c48bdc33b30088f941fb6082e555f2874c98e20cb159d7b92b50eadfce793?s=96&d=mm&r=g\",\"caption\":\"ulises\"},\"sameAs\":[\"http:\/\/www.celttv.com.ar\"]}]}<\/script>\n<!-- \/ Yoast SEO plugin. -->","yoast_head_json":{"title":"EXISTEN DUDAS RESPECTO A LA PARTICIPACION DE ALGUNOS EQUIPOS EN LA TEMPORADA 2014 - CELTTV","description":"Sitio web de noticias de la localidad de Tornquist, provincia de Buenos Aires, Rep\u00fablica Argentina. Contenido propio originado por periodistas de CELTTV, el canal de TV local de la Cooperativa El\u00e9ctrica de Tornquist. Turismo, Pol\u00edtica, Sociedad, Deporte, Cultura y todo el contenido de inter\u00e9s general que la gente del pueblo y la regi\u00f3n debe conocer.","robots":{"index":"index","follow":"follow","max-snippet":"max-snippet:-1","max-image-preview":"max-image-preview:large","max-video-preview":"max-video-preview:-1"},"canonical":"https:\/\/www.celttv.com.ar\/index.php\/2014\/01\/09\/existen-dudas-respecto-a-la-participacion-de-algunos-equipos-en-la-temporada-2014\/","og_locale":"es_ES","og_type":"article","og_title":"EXISTEN DUDAS RESPECTO A LA PARTICIPACION DE ALGUNOS EQUIPOS EN LA TEMPORADA 2014 - CELTTV","og_description":"Sitio web de noticias de la localidad de Tornquist, provincia de Buenos Aires, Rep\u00fablica Argentina. Contenido propio originado por periodistas de CELTTV, el canal de TV local de la Cooperativa El\u00e9ctrica de Tornquist. Turismo, Pol\u00edtica, Sociedad, Deporte, Cultura y todo el contenido de inter\u00e9s general que la gente del pueblo y la regi\u00f3n debe conocer.","og_url":"https:\/\/www.celttv.com.ar\/index.php\/2014\/01\/09\/existen-dudas-respecto-a-la-participacion-de-algunos-equipos-en-la-temporada-2014\/","og_site_name":"CELTTV","article_publisher":"https:\/\/www.facebook.com\/celtTV\/","article_published_time":"2014-01-09T13:32:45+00:00","author":"ulises","twitter_card":"summary_large_image","twitter_misc":{"Escrito por":"ulises","Tiempo de lectura":"1 minuto"},"schema":{"@context":"https:\/\/schema.org","@graph":[{"@type":"NewsArticle","@id":"https:\/\/www.celttv.com.ar\/index.php\/2014\/01\/09\/existen-dudas-respecto-a-la-participacion-de-algunos-equipos-en-la-temporada-2014\/#article","isPartOf":{"@id":"https:\/\/www.celttv.com.ar\/index.php\/2014\/01\/09\/existen-dudas-respecto-a-la-participacion-de-algunos-equipos-en-la-temporada-2014\/"},"author":{"name":"ulises","@id":"https:\/\/www.celttv.com.ar\/#\/schema\/person\/6d99c072dba59953809c81446e9d0ace"},"headline":"EXISTEN DUDAS RESPECTO A LA PARTICIPACION DE ALGUNOS EQUIPOS EN LA TEMPORADA 2014","datePublished":"2014-01-09T13:32:45+00:00","dateModified":"2014-01-09T13:32:45+00:00","mainEntityOfPage":{"@id":"https:\/\/www.celttv.com.ar\/index.php\/2014\/01\/09\/existen-dudas-respecto-a-la-participacion-de-algunos-equipos-en-la-temporada-2014\/"},"wordCount":299,"publisher":{"@id":"https:\/\/www.celttv.com.ar\/#organization"},"articleSection":["Deporte","Destacadas"],"inLanguage":"es"},{"@type":"WebPage","@id":"https:\/\/www.celttv.com.ar\/index.php\/2014\/01\/09\/existen-dudas-respecto-a-la-participacion-de-algunos-equipos-en-la-temporada-2014\/","url":"https:\/\/www.celttv.com.ar\/index.php\/2014\/01\/09\/existen-dudas-respecto-a-la-participacion-de-algunos-equipos-en-la-temporada-2014\/","name":"EXISTEN DUDAS RESPECTO A LA PARTICIPACION DE ALGUNOS EQUIPOS EN LA TEMPORADA 2014 - CELTTV","isPartOf":{"@id":"https:\/\/www.celttv.com.ar\/#website"},"datePublished":"2014-01-09T13:32:45+00:00","dateModified":"2014-01-09T13:32:45+00:00","description":"Sitio web de noticias de la localidad de Tornquist, provincia de Buenos Aires, Rep\u00fablica Argentina. Contenido propio originado por periodistas de CELTTV, el canal de TV local de la Cooperativa El\u00e9ctrica de Tornquist. Turismo, Pol\u00edtica, Sociedad, Deporte, Cultura y todo el contenido de inter\u00e9s general que la gente del pueblo y la regi\u00f3n debe conocer.","breadcrumb":{"@id":"https:\/\/www.celttv.com.ar\/index.php\/2014\/01\/09\/existen-dudas-respecto-a-la-participacion-de-algunos-equipos-en-la-temporada-2014\/#breadcrumb"},"inLanguage":"es","potentialAction":[{"@type":"ReadAction","target":["https:\/\/www.celttv.com.ar\/index.php\/2014\/01\/09\/existen-dudas-respecto-a-la-participacion-de-algunos-equipos-en-la-temporada-2014\/"]}]},{"@type":"BreadcrumbList","@id":"https:\/\/www.celttv.com.ar\/index.php\/2014\/01\/09\/existen-dudas-respecto-a-la-participacion-de-algunos-equipos-en-la-temporada-2014\/#breadcrumb","itemListElement":[{"@type":"ListItem","position":1,"name":"Inicio","item":"https:\/\/www.celttv.com.ar\/"},{"@type":"ListItem","position":2,"name":"EXISTEN DUDAS RESPECTO A LA PARTICIPACION DE ALGUNOS EQUIPOS EN LA TEMPORADA 2014"}]},{"@type":"WebSite","@id":"https:\/\/www.celttv.com.ar\/#website","url":"https:\/\/www.celttv.com.ar\/","name":"CELTTV","description":"Cooperativa El\u00e9ctrica de Tornquist","publisher":{"@id":"https:\/\/www.celttv.com.ar\/#organization"},"potentialAction":[{"@type":"SearchAction","target":{"@type":"EntryPoint","urlTemplate":"https:\/\/www.celttv.com.ar\/?s={search_term_string}"},"query-input":"required name=search_term_string"}],"inLanguage":"es"},{"@type":"Organization","@id":"https:\/\/www.celttv.com.ar\/#organization","name":"CELTTV","url":"https:\/\/www.celttv.com.ar\/","sameAs":["https:\/\/www.youtube.com\/channel\/UCz_oIt8Hig64Ub-EmcNPIhg","https:\/\/www.facebook.com\/celtTV\/"],"logo":{"@type":"ImageObject","inLanguage":"es","@id":"https:\/\/www.celttv.com.ar\/#\/schema\/logo\/image\/","url":"http:\/\/www.celttv.com.ar\/wp-content\/uploads\/2022\/08\/logo-1.png","contentUrl":"http:\/\/www.celttv.com.ar\/wp-content\/uploads\/2022\/08\/logo-1.png","width":461,"height":159,"caption":"CELTTV"},"image":{"@id":"https:\/\/www.celttv.com.ar\/#\/schema\/logo\/image\/"}},{"@type":"Person","@id":"https:\/\/www.celttv.com.ar\/#\/schema\/person\/6d99c072dba59953809c81446e9d0ace","name":"ulises","image":{"@type":"ImageObject","inLanguage":"es","@id":"https:\/\/www.celttv.com.ar\/#\/schema\/person\/image\/","url":"https:\/\/secure.gravatar.com\/avatar\/7f2c48bdc33b30088f941fb6082e555f2874c98e20cb159d7b92b50eadfce793?s=96&d=mm&r=g","contentUrl":"https:\/\/secure.gravatar.com\/avatar\/7f2c48bdc33b30088f941fb6082e555f2874c98e20cb159d7b92b50eadfce793?s=96&d=mm&r=g","caption":"ulises"},"sameAs":["http:\/\/www.celttv.com.ar"]}]}},"_links":{"self":[{"href":"https:\/\/www.celttv.com.ar\/index.php\/wp-json\/wp\/v2\/posts\/16745","targetHints":{"allow":["GET"]}}],"collection":[{"href":"https:\/\/www.celttv.com.ar\/index.php\/wp-json\/wp\/v2\/posts"}],"about":[{"href":"https:\/\/www.celttv.com.ar\/index.php\/wp-json\/wp\/v2\/types\/post"}],"author":[{"embeddable":true,"href":"https:\/\/www.celttv.com.ar\/index.php\/wp-json\/wp\/v2\/users\/1"}],"replies":[{"embeddable":true,"href":"https:\/\/www.celttv.com.ar\/index.php\/wp-json\/wp\/v2\/comments?post=16745"}],"version-history":[{"count":0,"href":"https:\/\/www.celttv.com.ar\/index.php\/wp-json\/wp\/v2\/posts\/16745\/revisions"}],"wp:attachment":[{"href":"https:\/\/www.celttv.com.ar\/index.php\/wp-json\/wp\/v2\/media?parent=16745"}],"wp:term":[{"taxonomy":"category","embeddable":true,"href":"https:\/\/www.celttv.com.ar\/index.php\/wp-json\/wp\/v2\/categories?post=16745"},{"taxonomy":"post_tag","embeddable":true,"href":"https:\/\/www.celttv.com.ar\/index.php\/wp-json\/wp\/v2\/tags?post=16745"}],"curies":[{"name":"wp","href":"https:\/\/api.w.org\/{rel}","templated":true}]}}