{"id":16751,"date":"2014-01-09T16:34:03","date_gmt":"2014-01-09T16:34:03","guid":{"rendered":"http:\/\/www.tvcnoticias.com.ar\/?p=16751"},"modified":"2014-01-09T16:34:03","modified_gmt":"2014-01-09T16:34:03","slug":"tornquist-ejemplo-en-el-cuidado-del-medio-ambiente","status":"publish","type":"post","link":"https:\/\/www.celttv.com.ar\/index.php\/2014\/01\/09\/tornquist-ejemplo-en-el-cuidado-del-medio-ambiente\/","title":{"rendered":"TORNQUIST, EJEMPLO EN EL CUIDADO DEL MEDIO AMBIENTE"},"content":{"rendered":"<p><br \/>\nUn grupo de chicos oriundos del Conurbano Bonaerense, que trabajan en diferentes programas que apuntan al cuidado del medio ambiente, se reuni\u00f3 en la ma\u00f1ana de hoy con el intendente municipal, licenciado Gustavo Trankels, con el objetivo de conocer las acciones que se est\u00e1n desarrollando en el distrito con respecto a esta tem\u00e1tica.<br \/>\nLos chicos, oriundos de Florencio Varela, Berisso y Mor\u00f3n, llegaron a Tornquist por intermedio de la Secretar\u00eda de Ambiente y Desarrollo Sustentable de la Naci\u00f3n y acompa\u00f1ados por la coordinadora nacional de Educaci\u00f3n Ambiental, Paula Ruggieri, y el asesor de la mencionada dependencia, Paulo Su\u00e1rez.<br \/>\nEl objetivo del viaje fue recorrer el distrito y comprobar los distintos programas que viene desarrollando la actual gesti\u00f3n municipal en materia medioambiental, dado que la Secretar\u00eda de Ambiente lo tom\u00f3 como ejemplo.<br \/>\nEl intendente Trankels mantuvo un extenso di\u00e1logo con el grupo de j\u00f3venes, durante el cual coment\u00f3 el trabajo realizado en pos del cuidado del medio ambiente y respondi\u00f3 consultas.<br \/>\n\u201cLa visita de los chicos nos pone felices. Tuvimos una linda charla. Por sobre todas las cosas, y a pesar de las diferentes edades, se nota el compromiso con el cuidado del medio ambiente, que trasciende a los distintos grupos etarios y est\u00e1 bueno que cada uno de los chicos, desde su lugar, est\u00e9 haciendo algo\u201d, confi\u00f3.<br \/>\n\u201cComo tornquistense me siento agradecido y orgulloso de que lo que estamos haciendo pueda servir para intercambiar experiencias con otros lugares\u00a0 en donde se viene trabajando en la cuesti\u00f3n medioambiental\u201d, afirm\u00f3.<br \/>\nEl jefe comunal agradeci\u00f3 a la Secretar\u00eda de Ambiente de la Naci\u00f3n por la cristalizaci\u00f3n de esta iniciativa.<br \/>\n\u201cEs un gesto muy importante el acompa\u00f1amiento de ellos hacia todo lo que estamos haciendo a nivel municipal\u201d, afirm\u00f3 y destac\u00f3 el apoyo y la colaboraci\u00f3n de Paulo Su\u00e1rez, Paula Ruggieri y Omar Judis, quien recientemente asumi\u00f3 en el \u00e1rea medioambiental nacional.<br \/>\n\u201cEs bueno poder trabajar coordinadamente la Naci\u00f3n, la Provincia, el Municipio y las instituciones intermedias de la comunidad. Esta cuesti\u00f3n trasciende las barreras geogr\u00e1ficas y pol\u00edticas. Si cuidamos el medio ambiente estamos cuidando a las generaciones futuras\u201d, explic\u00f3.<br \/>\n&nbsp;<br \/>\n&nbsp;<\/p>\n","protected":false},"excerpt":{"rendered":"<p>Un grupo de chicos oriundos del Conurbano Bonaerense, que trabajan en diferentes programas que apuntan al cuidado del medio ambiente, se reuni\u00f3 en la ma\u00f1ana de hoy con el intendente municipal, licenciado Gustavo Trankels, con el objetivo de conocer las acciones que se est\u00e1n desarrollando en el distrito con respecto a esta tem\u00e1tica. Los chicos, [&hellip;]<\/p>\n","protected":false},"author":1,"featured_media":0,"comment_status":"closed","ping_status":"open","sticky":false,"template":"","format":"standard","meta":{"footnotes":""},"categories":[51,52,53],"tags":[],"class_list":["post-16751","post","type-post","status-publish","format-standard","hentry","category-comunidad","category-destacadas","category-politica"],"yoast_head":"<!-- This site is optimized with the Yoast SEO plugin v19.7.1 - https:\/\/yoast.com\/wordpress\/plugins\/seo\/ -->\n<title>TORNQUIST, EJEMPLO EN EL CUIDADO DEL MEDIO AMBIENTE - CELTTV<\/title>\n<meta name=\"description\" content=\"Sitio web de noticias de la localidad de Tornquist, provincia de Buenos Aires, Rep\u00fablica Argentina. Contenido propio originado por periodistas de CELTTV, el canal de TV local de la Cooperativa El\u00e9ctrica de Tornquist. Turismo, Pol\u00edtica, Sociedad, Deporte, Cultura y todo el contenido de inter\u00e9s general que la gente del pueblo y la regi\u00f3n debe conocer.\" \/>\n<meta name=\"robots\" content=\"index, follow, max-snippet:-1, max-image-preview:large, max-video-preview:-1\" \/>\n<link rel=\"canonical\" href=\"https:\/\/www.celttv.com.ar\/index.php\/2014\/01\/09\/tornquist-ejemplo-en-el-cuidado-del-medio-ambiente\/\" \/>\n<meta property=\"og:locale\" content=\"es_ES\" \/>\n<meta property=\"og:type\" content=\"article\" \/>\n<meta property=\"og:title\" content=\"TORNQUIST, EJEMPLO EN EL CUIDADO DEL MEDIO AMBIENTE - CELTTV\" \/>\n<meta property=\"og:description\" content=\"Sitio web de noticias de la localidad de Tornquist, provincia de Buenos Aires, Rep\u00fablica Argentina. Contenido propio originado por periodistas de CELTTV, el canal de TV local de la Cooperativa El\u00e9ctrica de Tornquist. Turismo, Pol\u00edtica, Sociedad, Deporte, Cultura y todo el contenido de inter\u00e9s general que la gente del pueblo y la regi\u00f3n debe conocer.\" \/>\n<meta property=\"og:url\" content=\"https:\/\/www.celttv.com.ar\/index.php\/2014\/01\/09\/tornquist-ejemplo-en-el-cuidado-del-medio-ambiente\/\" \/>\n<meta property=\"og:site_name\" content=\"CELTTV\" \/>\n<meta property=\"article:publisher\" content=\"https:\/\/www.facebook.com\/celtTV\/\" \/>\n<meta property=\"article:published_time\" content=\"2014-01-09T16:34:03+00:00\" \/>\n<meta name=\"author\" content=\"ulises\" \/>\n<meta name=\"twitter:card\" content=\"summary_large_image\" \/>\n<meta name=\"twitter:label1\" content=\"Escrito por\" \/>\n\t<meta name=\"twitter:data1\" content=\"ulises\" \/>\n\t<meta name=\"twitter:label2\" content=\"Tiempo de lectura\" \/>\n\t<meta name=\"twitter:data2\" content=\"2 minutos\" \/>\n<script type=\"application\/ld+json\" class=\"yoast-schema-graph\">{\"@context\":\"https:\/\/schema.org\",\"@graph\":[{\"@type\":\"NewsArticle\",\"@id\":\"https:\/\/www.celttv.com.ar\/index.php\/2014\/01\/09\/tornquist-ejemplo-en-el-cuidado-del-medio-ambiente\/#article\",\"isPartOf\":{\"@id\":\"https:\/\/www.celttv.com.ar\/index.php\/2014\/01\/09\/tornquist-ejemplo-en-el-cuidado-del-medio-ambiente\/\"},\"author\":{\"name\":\"ulises\",\"@id\":\"https:\/\/www.celttv.com.ar\/#\/schema\/person\/6d99c072dba59953809c81446e9d0ace\"},\"headline\":\"TORNQUIST, EJEMPLO EN EL CUIDADO DEL MEDIO AMBIENTE\",\"datePublished\":\"2014-01-09T16:34:03+00:00\",\"dateModified\":\"2014-01-09T16:34:03+00:00\",\"mainEntityOfPage\":{\"@id\":\"https:\/\/www.celttv.com.ar\/index.php\/2014\/01\/09\/tornquist-ejemplo-en-el-cuidado-del-medio-ambiente\/\"},\"wordCount\":384,\"publisher\":{\"@id\":\"https:\/\/www.celttv.com.ar\/#organization\"},\"articleSection\":[\"Comunidad\",\"Destacadas\",\"Pol\u00edtica\"],\"inLanguage\":\"es\"},{\"@type\":\"WebPage\",\"@id\":\"https:\/\/www.celttv.com.ar\/index.php\/2014\/01\/09\/tornquist-ejemplo-en-el-cuidado-del-medio-ambiente\/\",\"url\":\"https:\/\/www.celttv.com.ar\/index.php\/2014\/01\/09\/tornquist-ejemplo-en-el-cuidado-del-medio-ambiente\/\",\"name\":\"TORNQUIST, EJEMPLO EN EL CUIDADO DEL MEDIO AMBIENTE - CELTTV\",\"isPartOf\":{\"@id\":\"https:\/\/www.celttv.com.ar\/#website\"},\"datePublished\":\"2014-01-09T16:34:03+00:00\",\"dateModified\":\"2014-01-09T16:34:03+00:00\",\"description\":\"Sitio web de noticias de la localidad de Tornquist, provincia de Buenos Aires, Rep\u00fablica Argentina. Contenido propio originado por periodistas de CELTTV, el canal de TV local de la Cooperativa El\u00e9ctrica de Tornquist. Turismo, Pol\u00edtica, Sociedad, Deporte, Cultura y todo el contenido de inter\u00e9s general que la gente del pueblo y la regi\u00f3n debe conocer.\",\"breadcrumb\":{\"@id\":\"https:\/\/www.celttv.com.ar\/index.php\/2014\/01\/09\/tornquist-ejemplo-en-el-cuidado-del-medio-ambiente\/#breadcrumb\"},\"inLanguage\":\"es\",\"potentialAction\":[{\"@type\":\"ReadAction\",\"target\":[\"https:\/\/www.celttv.com.ar\/index.php\/2014\/01\/09\/tornquist-ejemplo-en-el-cuidado-del-medio-ambiente\/\"]}]},{\"@type\":\"BreadcrumbList\",\"@id\":\"https:\/\/www.celttv.com.ar\/index.php\/2014\/01\/09\/tornquist-ejemplo-en-el-cuidado-del-medio-ambiente\/#breadcrumb\",\"itemListElement\":[{\"@type\":\"ListItem\",\"position\":1,\"name\":\"Inicio\",\"item\":\"https:\/\/www.celttv.com.ar\/\"},{\"@type\":\"ListItem\",\"position\":2,\"name\":\"TORNQUIST, EJEMPLO EN EL CUIDADO DEL MEDIO AMBIENTE\"}]},{\"@type\":\"WebSite\",\"@id\":\"https:\/\/www.celttv.com.ar\/#website\",\"url\":\"https:\/\/www.celttv.com.ar\/\",\"name\":\"CELTTV\",\"description\":\"Cooperativa El\u00e9ctrica de Tornquist\",\"publisher\":{\"@id\":\"https:\/\/www.celttv.com.ar\/#organization\"},\"potentialAction\":[{\"@type\":\"SearchAction\",\"target\":{\"@type\":\"EntryPoint\",\"urlTemplate\":\"https:\/\/www.celttv.com.ar\/?s={search_term_string}\"},\"query-input\":\"required name=search_term_string\"}],\"inLanguage\":\"es\"},{\"@type\":\"Organization\",\"@id\":\"https:\/\/www.celttv.com.ar\/#organization\",\"name\":\"CELTTV\",\"url\":\"https:\/\/www.celttv.com.ar\/\",\"sameAs\":[\"https:\/\/www.youtube.com\/channel\/UCz_oIt8Hig64Ub-EmcNPIhg\",\"https:\/\/www.facebook.com\/celtTV\/\"],\"logo\":{\"@type\":\"ImageObject\",\"inLanguage\":\"es\",\"@id\":\"https:\/\/www.celttv.com.ar\/#\/schema\/logo\/image\/\",\"url\":\"http:\/\/www.celttv.com.ar\/wp-content\/uploads\/2022\/08\/logo-1.png\",\"contentUrl\":\"http:\/\/www.celttv.com.ar\/wp-content\/uploads\/2022\/08\/logo-1.png\",\"width\":461,\"height\":159,\"caption\":\"CELTTV\"},\"image\":{\"@id\":\"https:\/\/www.celttv.com.ar\/#\/schema\/logo\/image\/\"}},{\"@type\":\"Person\",\"@id\":\"https:\/\/www.celttv.com.ar\/#\/schema\/person\/6d99c072dba59953809c81446e9d0ace\",\"name\":\"ulises\",\"image\":{\"@type\":\"ImageObject\",\"inLanguage\":\"es\",\"@id\":\"https:\/\/www.celttv.com.ar\/#\/schema\/person\/image\/\",\"url\":\"https:\/\/secure.gravatar.com\/avatar\/7f2c48bdc33b30088f941fb6082e555f2874c98e20cb159d7b92b50eadfce793?s=96&d=mm&r=g\",\"contentUrl\":\"https:\/\/secure.gravatar.com\/avatar\/7f2c48bdc33b30088f941fb6082e555f2874c98e20cb159d7b92b50eadfce793?s=96&d=mm&r=g\",\"caption\":\"ulises\"},\"sameAs\":[\"http:\/\/www.celttv.com.ar\"]}]}<\/script>\n<!-- \/ Yoast SEO plugin. -->","yoast_head_json":{"title":"TORNQUIST, EJEMPLO EN EL CUIDADO DEL MEDIO AMBIENTE - CELTTV","description":"Sitio web de noticias de la localidad de Tornquist, provincia de Buenos Aires, Rep\u00fablica Argentina. Contenido propio originado por periodistas de CELTTV, el canal de TV local de la Cooperativa El\u00e9ctrica de Tornquist. Turismo, Pol\u00edtica, Sociedad, Deporte, Cultura y todo el contenido de inter\u00e9s general que la gente del pueblo y la regi\u00f3n debe conocer.","robots":{"index":"index","follow":"follow","max-snippet":"max-snippet:-1","max-image-preview":"max-image-preview:large","max-video-preview":"max-video-preview:-1"},"canonical":"https:\/\/www.celttv.com.ar\/index.php\/2014\/01\/09\/tornquist-ejemplo-en-el-cuidado-del-medio-ambiente\/","og_locale":"es_ES","og_type":"article","og_title":"TORNQUIST, EJEMPLO EN EL CUIDADO DEL MEDIO AMBIENTE - CELTTV","og_description":"Sitio web de noticias de la localidad de Tornquist, provincia de Buenos Aires, Rep\u00fablica Argentina. Contenido propio originado por periodistas de CELTTV, el canal de TV local de la Cooperativa El\u00e9ctrica de Tornquist. Turismo, Pol\u00edtica, Sociedad, Deporte, Cultura y todo el contenido de inter\u00e9s general que la gente del pueblo y la regi\u00f3n debe conocer.","og_url":"https:\/\/www.celttv.com.ar\/index.php\/2014\/01\/09\/tornquist-ejemplo-en-el-cuidado-del-medio-ambiente\/","og_site_name":"CELTTV","article_publisher":"https:\/\/www.facebook.com\/celtTV\/","article_published_time":"2014-01-09T16:34:03+00:00","author":"ulises","twitter_card":"summary_large_image","twitter_misc":{"Escrito por":"ulises","Tiempo de lectura":"2 minutos"},"schema":{"@context":"https:\/\/schema.org","@graph":[{"@type":"NewsArticle","@id":"https:\/\/www.celttv.com.ar\/index.php\/2014\/01\/09\/tornquist-ejemplo-en-el-cuidado-del-medio-ambiente\/#article","isPartOf":{"@id":"https:\/\/www.celttv.com.ar\/index.php\/2014\/01\/09\/tornquist-ejemplo-en-el-cuidado-del-medio-ambiente\/"},"author":{"name":"ulises","@id":"https:\/\/www.celttv.com.ar\/#\/schema\/person\/6d99c072dba59953809c81446e9d0ace"},"headline":"TORNQUIST, EJEMPLO EN EL CUIDADO DEL MEDIO AMBIENTE","datePublished":"2014-01-09T16:34:03+00:00","dateModified":"2014-01-09T16:34:03+00:00","mainEntityOfPage":{"@id":"https:\/\/www.celttv.com.ar\/index.php\/2014\/01\/09\/tornquist-ejemplo-en-el-cuidado-del-medio-ambiente\/"},"wordCount":384,"publisher":{"@id":"https:\/\/www.celttv.com.ar\/#organization"},"articleSection":["Comunidad","Destacadas","Pol\u00edtica"],"inLanguage":"es"},{"@type":"WebPage","@id":"https:\/\/www.celttv.com.ar\/index.php\/2014\/01\/09\/tornquist-ejemplo-en-el-cuidado-del-medio-ambiente\/","url":"https:\/\/www.celttv.com.ar\/index.php\/2014\/01\/09\/tornquist-ejemplo-en-el-cuidado-del-medio-ambiente\/","name":"TORNQUIST, EJEMPLO EN EL CUIDADO DEL MEDIO AMBIENTE - CELTTV","isPartOf":{"@id":"https:\/\/www.celttv.com.ar\/#website"},"datePublished":"2014-01-09T16:34:03+00:00","dateModified":"2014-01-09T16:34:03+00:00","description":"Sitio web de noticias de la localidad de Tornquist, provincia de Buenos Aires, Rep\u00fablica Argentina. Contenido propio originado por periodistas de CELTTV, el canal de TV local de la Cooperativa El\u00e9ctrica de Tornquist. Turismo, Pol\u00edtica, Sociedad, Deporte, Cultura y todo el contenido de inter\u00e9s general que la gente del pueblo y la regi\u00f3n debe conocer.","breadcrumb":{"@id":"https:\/\/www.celttv.com.ar\/index.php\/2014\/01\/09\/tornquist-ejemplo-en-el-cuidado-del-medio-ambiente\/#breadcrumb"},"inLanguage":"es","potentialAction":[{"@type":"ReadAction","target":["https:\/\/www.celttv.com.ar\/index.php\/2014\/01\/09\/tornquist-ejemplo-en-el-cuidado-del-medio-ambiente\/"]}]},{"@type":"BreadcrumbList","@id":"https:\/\/www.celttv.com.ar\/index.php\/2014\/01\/09\/tornquist-ejemplo-en-el-cuidado-del-medio-ambiente\/#breadcrumb","itemListElement":[{"@type":"ListItem","position":1,"name":"Inicio","item":"https:\/\/www.celttv.com.ar\/"},{"@type":"ListItem","position":2,"name":"TORNQUIST, EJEMPLO EN EL CUIDADO DEL MEDIO AMBIENTE"}]},{"@type":"WebSite","@id":"https:\/\/www.celttv.com.ar\/#website","url":"https:\/\/www.celttv.com.ar\/","name":"CELTTV","description":"Cooperativa El\u00e9ctrica de Tornquist","publisher":{"@id":"https:\/\/www.celttv.com.ar\/#organization"},"potentialAction":[{"@type":"SearchAction","target":{"@type":"EntryPoint","urlTemplate":"https:\/\/www.celttv.com.ar\/?s={search_term_string}"},"query-input":"required name=search_term_string"}],"inLanguage":"es"},{"@type":"Organization","@id":"https:\/\/www.celttv.com.ar\/#organization","name":"CELTTV","url":"https:\/\/www.celttv.com.ar\/","sameAs":["https:\/\/www.youtube.com\/channel\/UCz_oIt8Hig64Ub-EmcNPIhg","https:\/\/www.facebook.com\/celtTV\/"],"logo":{"@type":"ImageObject","inLanguage":"es","@id":"https:\/\/www.celttv.com.ar\/#\/schema\/logo\/image\/","url":"http:\/\/www.celttv.com.ar\/wp-content\/uploads\/2022\/08\/logo-1.png","contentUrl":"http:\/\/www.celttv.com.ar\/wp-content\/uploads\/2022\/08\/logo-1.png","width":461,"height":159,"caption":"CELTTV"},"image":{"@id":"https:\/\/www.celttv.com.ar\/#\/schema\/logo\/image\/"}},{"@type":"Person","@id":"https:\/\/www.celttv.com.ar\/#\/schema\/person\/6d99c072dba59953809c81446e9d0ace","name":"ulises","image":{"@type":"ImageObject","inLanguage":"es","@id":"https:\/\/www.celttv.com.ar\/#\/schema\/person\/image\/","url":"https:\/\/secure.gravatar.com\/avatar\/7f2c48bdc33b30088f941fb6082e555f2874c98e20cb159d7b92b50eadfce793?s=96&d=mm&r=g","contentUrl":"https:\/\/secure.gravatar.com\/avatar\/7f2c48bdc33b30088f941fb6082e555f2874c98e20cb159d7b92b50eadfce793?s=96&d=mm&r=g","caption":"ulises"},"sameAs":["http:\/\/www.celttv.com.ar"]}]}},"_links":{"self":[{"href":"https:\/\/www.celttv.com.ar\/index.php\/wp-json\/wp\/v2\/posts\/16751","targetHints":{"allow":["GET"]}}],"collection":[{"href":"https:\/\/www.celttv.com.ar\/index.php\/wp-json\/wp\/v2\/posts"}],"about":[{"href":"https:\/\/www.celttv.com.ar\/index.php\/wp-json\/wp\/v2\/types\/post"}],"author":[{"embeddable":true,"href":"https:\/\/www.celttv.com.ar\/index.php\/wp-json\/wp\/v2\/users\/1"}],"replies":[{"embeddable":true,"href":"https:\/\/www.celttv.com.ar\/index.php\/wp-json\/wp\/v2\/comments?post=16751"}],"version-history":[{"count":0,"href":"https:\/\/www.celttv.com.ar\/index.php\/wp-json\/wp\/v2\/posts\/16751\/revisions"}],"wp:attachment":[{"href":"https:\/\/www.celttv.com.ar\/index.php\/wp-json\/wp\/v2\/media?parent=16751"}],"wp:term":[{"taxonomy":"category","embeddable":true,"href":"https:\/\/www.celttv.com.ar\/index.php\/wp-json\/wp\/v2\/categories?post=16751"},{"taxonomy":"post_tag","embeddable":true,"href":"https:\/\/www.celttv.com.ar\/index.php\/wp-json\/wp\/v2\/tags?post=16751"}],"curies":[{"name":"wp","href":"https:\/\/api.w.org\/{rel}","templated":true}]}}