{"id":16787,"date":"2014-01-10T22:39:26","date_gmt":"2014-01-10T22:39:26","guid":{"rendered":"http:\/\/www.tvcnoticias.com.ar\/?p=16787"},"modified":"2014-01-10T22:39:26","modified_gmt":"2014-01-10T22:39:26","slug":"el-bahiano-en-la-fiesta-de-reyes-de-sierra-de-la-ventana","status":"publish","type":"post","link":"https:\/\/www.celttv.com.ar\/index.php\/2014\/01\/10\/el-bahiano-en-la-fiesta-de-reyes-de-sierra-de-la-ventana\/","title":{"rendered":"EL BAHIANO EN LA FIESTA DE REYES DE SIERRA DE LA VENTANA"},"content":{"rendered":"<p><a href=\"http:\/\/www.youtube.com\/watch?v=28dxJOE3coA\"><a href=\"http:\/\/www.youtube.com\/watch?v=28dxJOE3coA\">httpv:\/\/www.youtube.com\/watch?v=28dxJOE3coA<\/a><\/a><br \/>\nDespu\u00e9s de las vicisitudes afrontadas durante varios d\u00edas por el incendio que afect\u00f3 al cord\u00f3n serrano, la 50\u00b0 edici\u00f3n de la Fiesta Provincial de los Reyes Magos lleg\u00f3 con un poco de alegr\u00eda para todos los habitantes del distrito.<br \/>\nCon la presentaci\u00f3n de El Bahiano como espect\u00e1culo central, entre la noche del s\u00e1bado y la madrugada del domingo se vivi\u00f3 una jornada por dem\u00e1s especial en la principal avenida de Sierra de la Ventana, que se mostr\u00f3 colmada por un impresionante marco de p\u00fablico que se dio cita para continuar con los festejos de las Bodas de Oro de la cl\u00e1sica celebraci\u00f3n, que cuenta con el auspicio de la Municipalidad de Tornquist.<br \/>\nEl ex vocalista de Los Pericos hizo bailar a varias generaciones de vecinos y turistas con su reggae, con la interpretaci\u00f3n de varios temas cl\u00e1sicos de su autor\u00eda, un repaso por sus \u00faltimas producciones y algunas canciones de reconocidos m\u00fasicos internacionales (como Bob Marley), en un show que se extendi\u00f3 por m\u00e1s de una hora y media, sobre el impactante escenario que cambi\u00f3 la fisonom\u00eda de la localidad.<br \/>\nEl Bahiano result\u00f3 el corolario de una noche espl\u00e9ndida, en la cual tambi\u00e9n se cont\u00f3 con las actuaciones de Cumbia Cool y el grupo bahiense Kaiser Carabela, que cautivaron r\u00e1pidamente a todos los presentes.<br \/>\n\u201cParalelamente al incendio, que por suerte se encuentra contenido, ten\u00edamos la organizaci\u00f3n de esta fiesta, que es cara a los sentimientos no solamente de los ventanenses y tornquistenses, sino tambi\u00e9n de toda la regi\u00f3n. La fiesta se constituy\u00f3 en un cl\u00e1sico. Es un merecido festejo para una comunidad que se esforz\u00f3 mucho en estos d\u00edas, con excelentes n\u00fameros musicales y la bajada de los reyes\u201d, confi\u00f3 el intendente municipal, licenciado Gustavo Trankels, quien asisti\u00f3 a la jornada.<br \/>\n\u201cQuiero destacar a la comisi\u00f3n organizadora que viene trabajando hace meses, con vecinos e instituciones que se comprometieron en la organizaci\u00f3n. Para el Municipio fue fundamental ese grado de organizaci\u00f3n. Tambi\u00e9n es importante el apoyo de la Provincia y la Naci\u00f3n con los distintos sponsors para llevar a cabo la celebraci\u00f3n y el alma de la fiesta, que son los bomberos voluntarios, que actuaron de manera heroica\u201d, resalt\u00f3.<br \/>\nAdem\u00e1s, el jefe comunal cont\u00f3 una an\u00e9cdota sucedida durante la semana, mientras se combat\u00eda el incendio, que sirvi\u00f3 como aliciente para continuar con la organizaci\u00f3n de la fiesta.<br \/>\n\u201cEl mi\u00e9rcoles, cuando descendimos con el helic\u00f3ptero del Ej\u00e9rcito en la Estaci\u00f3n Lol\u00e9n, sali\u00f3 de la l\u00ednea de fuego el jefe de los Bomberos Voluntarios de Sierra, Gustavo De Vizia, y en ese contexto, con la cara tiznada y el cansancio de varios d\u00edas de trabajo, me apart\u00f3 y me dijo: \u2018La Fiesta de Reyes la tenemos que hacer igual\u2019. Ese fue un gesto de compromiso con la comunidad y de trabajo, que nos sirvi\u00f3 de aliciente para seguir adelante con los festejos. Estamos felices porque hay mucha gente y lo est\u00e1 disfrutando\u201d, relat\u00f3.<br \/>\n&nbsp;<\/p>\n","protected":false},"excerpt":{"rendered":"<p>httpv:\/\/www.youtube.com\/watch?v=28dxJOE3coA Despu\u00e9s de las vicisitudes afrontadas durante varios d\u00edas por el incendio que afect\u00f3 al cord\u00f3n serrano, la 50\u00b0 edici\u00f3n de la Fiesta Provincial de los Reyes Magos lleg\u00f3 con un poco de alegr\u00eda para todos los habitantes del distrito. Con la presentaci\u00f3n de El Bahiano como espect\u00e1culo central, entre la noche del s\u00e1bado y [&hellip;]<\/p>\n","protected":false},"author":1,"featured_media":0,"comment_status":"closed","ping_status":"open","sticky":false,"template":"","format":"standard","meta":{"footnotes":""},"categories":[51,52,64],"tags":[],"class_list":["post-16787","post","type-post","status-publish","format-standard","hentry","category-comunidad","category-destacadas","category-videos-destacados"],"yoast_head":"<!-- This site is optimized with the Yoast SEO plugin v19.7.1 - https:\/\/yoast.com\/wordpress\/plugins\/seo\/ -->\n<title>EL BAHIANO EN LA FIESTA DE REYES DE SIERRA DE LA VENTANA - CELTTV<\/title>\n<meta name=\"description\" content=\"Sitio web de noticias de la localidad de Tornquist, provincia de Buenos Aires, Rep\u00fablica Argentina. Contenido propio originado por periodistas de CELTTV, el canal de TV local de la Cooperativa El\u00e9ctrica de Tornquist. Turismo, Pol\u00edtica, Sociedad, Deporte, Cultura y todo el contenido de inter\u00e9s general que la gente del pueblo y la regi\u00f3n debe conocer.\" \/>\n<meta name=\"robots\" content=\"index, follow, max-snippet:-1, max-image-preview:large, max-video-preview:-1\" \/>\n<link rel=\"canonical\" href=\"https:\/\/www.celttv.com.ar\/index.php\/2014\/01\/10\/el-bahiano-en-la-fiesta-de-reyes-de-sierra-de-la-ventana\/\" \/>\n<meta property=\"og:locale\" content=\"es_ES\" \/>\n<meta property=\"og:type\" content=\"article\" \/>\n<meta property=\"og:title\" content=\"EL BAHIANO EN LA FIESTA DE REYES DE SIERRA DE LA VENTANA - CELTTV\" \/>\n<meta property=\"og:description\" content=\"Sitio web de noticias de la localidad de Tornquist, provincia de Buenos Aires, Rep\u00fablica Argentina. Contenido propio originado por periodistas de CELTTV, el canal de TV local de la Cooperativa El\u00e9ctrica de Tornquist. Turismo, Pol\u00edtica, Sociedad, Deporte, Cultura y todo el contenido de inter\u00e9s general que la gente del pueblo y la regi\u00f3n debe conocer.\" \/>\n<meta property=\"og:url\" content=\"https:\/\/www.celttv.com.ar\/index.php\/2014\/01\/10\/el-bahiano-en-la-fiesta-de-reyes-de-sierra-de-la-ventana\/\" \/>\n<meta property=\"og:site_name\" content=\"CELTTV\" \/>\n<meta property=\"article:publisher\" content=\"https:\/\/www.facebook.com\/celtTV\/\" \/>\n<meta property=\"article:published_time\" content=\"2014-01-10T22:39:26+00:00\" \/>\n<meta name=\"author\" content=\"ulises\" \/>\n<meta name=\"twitter:card\" content=\"summary_large_image\" \/>\n<meta name=\"twitter:label1\" content=\"Escrito por\" \/>\n\t<meta name=\"twitter:data1\" content=\"ulises\" \/>\n\t<meta name=\"twitter:label2\" content=\"Tiempo de lectura\" \/>\n\t<meta name=\"twitter:data2\" content=\"3 minutos\" \/>\n<script type=\"application\/ld+json\" class=\"yoast-schema-graph\">{\"@context\":\"https:\/\/schema.org\",\"@graph\":[{\"@type\":\"NewsArticle\",\"@id\":\"https:\/\/www.celttv.com.ar\/index.php\/2014\/01\/10\/el-bahiano-en-la-fiesta-de-reyes-de-sierra-de-la-ventana\/#article\",\"isPartOf\":{\"@id\":\"https:\/\/www.celttv.com.ar\/index.php\/2014\/01\/10\/el-bahiano-en-la-fiesta-de-reyes-de-sierra-de-la-ventana\/\"},\"author\":{\"name\":\"ulises\",\"@id\":\"https:\/\/www.celttv.com.ar\/#\/schema\/person\/6d99c072dba59953809c81446e9d0ace\"},\"headline\":\"EL BAHIANO EN LA FIESTA DE REYES DE SIERRA DE LA VENTANA\",\"datePublished\":\"2014-01-10T22:39:26+00:00\",\"dateModified\":\"2014-01-10T22:39:26+00:00\",\"mainEntityOfPage\":{\"@id\":\"https:\/\/www.celttv.com.ar\/index.php\/2014\/01\/10\/el-bahiano-en-la-fiesta-de-reyes-de-sierra-de-la-ventana\/\"},\"wordCount\":546,\"publisher\":{\"@id\":\"https:\/\/www.celttv.com.ar\/#organization\"},\"articleSection\":[\"Comunidad\",\"Destacadas\",\"Videos Destacados\"],\"inLanguage\":\"es\"},{\"@type\":\"WebPage\",\"@id\":\"https:\/\/www.celttv.com.ar\/index.php\/2014\/01\/10\/el-bahiano-en-la-fiesta-de-reyes-de-sierra-de-la-ventana\/\",\"url\":\"https:\/\/www.celttv.com.ar\/index.php\/2014\/01\/10\/el-bahiano-en-la-fiesta-de-reyes-de-sierra-de-la-ventana\/\",\"name\":\"EL BAHIANO EN LA FIESTA DE REYES DE SIERRA DE LA VENTANA - CELTTV\",\"isPartOf\":{\"@id\":\"https:\/\/www.celttv.com.ar\/#website\"},\"datePublished\":\"2014-01-10T22:39:26+00:00\",\"dateModified\":\"2014-01-10T22:39:26+00:00\",\"description\":\"Sitio web de noticias de la localidad de Tornquist, provincia de Buenos Aires, Rep\u00fablica Argentina. Contenido propio originado por periodistas de CELTTV, el canal de TV local de la Cooperativa El\u00e9ctrica de Tornquist. Turismo, Pol\u00edtica, Sociedad, Deporte, Cultura y todo el contenido de inter\u00e9s general que la gente del pueblo y la regi\u00f3n debe conocer.\",\"breadcrumb\":{\"@id\":\"https:\/\/www.celttv.com.ar\/index.php\/2014\/01\/10\/el-bahiano-en-la-fiesta-de-reyes-de-sierra-de-la-ventana\/#breadcrumb\"},\"inLanguage\":\"es\",\"potentialAction\":[{\"@type\":\"ReadAction\",\"target\":[\"https:\/\/www.celttv.com.ar\/index.php\/2014\/01\/10\/el-bahiano-en-la-fiesta-de-reyes-de-sierra-de-la-ventana\/\"]}]},{\"@type\":\"BreadcrumbList\",\"@id\":\"https:\/\/www.celttv.com.ar\/index.php\/2014\/01\/10\/el-bahiano-en-la-fiesta-de-reyes-de-sierra-de-la-ventana\/#breadcrumb\",\"itemListElement\":[{\"@type\":\"ListItem\",\"position\":1,\"name\":\"Inicio\",\"item\":\"https:\/\/www.celttv.com.ar\/\"},{\"@type\":\"ListItem\",\"position\":2,\"name\":\"EL BAHIANO EN LA FIESTA DE REYES DE SIERRA DE LA VENTANA\"}]},{\"@type\":\"WebSite\",\"@id\":\"https:\/\/www.celttv.com.ar\/#website\",\"url\":\"https:\/\/www.celttv.com.ar\/\",\"name\":\"CELTTV\",\"description\":\"Cooperativa El\u00e9ctrica de Tornquist\",\"publisher\":{\"@id\":\"https:\/\/www.celttv.com.ar\/#organization\"},\"potentialAction\":[{\"@type\":\"SearchAction\",\"target\":{\"@type\":\"EntryPoint\",\"urlTemplate\":\"https:\/\/www.celttv.com.ar\/?s={search_term_string}\"},\"query-input\":\"required name=search_term_string\"}],\"inLanguage\":\"es\"},{\"@type\":\"Organization\",\"@id\":\"https:\/\/www.celttv.com.ar\/#organization\",\"name\":\"CELTTV\",\"url\":\"https:\/\/www.celttv.com.ar\/\",\"sameAs\":[\"https:\/\/www.youtube.com\/channel\/UCz_oIt8Hig64Ub-EmcNPIhg\",\"https:\/\/www.facebook.com\/celtTV\/\"],\"logo\":{\"@type\":\"ImageObject\",\"inLanguage\":\"es\",\"@id\":\"https:\/\/www.celttv.com.ar\/#\/schema\/logo\/image\/\",\"url\":\"http:\/\/www.celttv.com.ar\/wp-content\/uploads\/2022\/08\/logo-1.png\",\"contentUrl\":\"http:\/\/www.celttv.com.ar\/wp-content\/uploads\/2022\/08\/logo-1.png\",\"width\":461,\"height\":159,\"caption\":\"CELTTV\"},\"image\":{\"@id\":\"https:\/\/www.celttv.com.ar\/#\/schema\/logo\/image\/\"}},{\"@type\":\"Person\",\"@id\":\"https:\/\/www.celttv.com.ar\/#\/schema\/person\/6d99c072dba59953809c81446e9d0ace\",\"name\":\"ulises\",\"image\":{\"@type\":\"ImageObject\",\"inLanguage\":\"es\",\"@id\":\"https:\/\/www.celttv.com.ar\/#\/schema\/person\/image\/\",\"url\":\"https:\/\/secure.gravatar.com\/avatar\/7f2c48bdc33b30088f941fb6082e555f2874c98e20cb159d7b92b50eadfce793?s=96&d=mm&r=g\",\"contentUrl\":\"https:\/\/secure.gravatar.com\/avatar\/7f2c48bdc33b30088f941fb6082e555f2874c98e20cb159d7b92b50eadfce793?s=96&d=mm&r=g\",\"caption\":\"ulises\"},\"sameAs\":[\"http:\/\/www.celttv.com.ar\"]}]}<\/script>\n<!-- \/ Yoast SEO plugin. -->","yoast_head_json":{"title":"EL BAHIANO EN LA FIESTA DE REYES DE SIERRA DE LA VENTANA - CELTTV","description":"Sitio web de noticias de la localidad de Tornquist, provincia de Buenos Aires, Rep\u00fablica Argentina. Contenido propio originado por periodistas de CELTTV, el canal de TV local de la Cooperativa El\u00e9ctrica de Tornquist. Turismo, Pol\u00edtica, Sociedad, Deporte, Cultura y todo el contenido de inter\u00e9s general que la gente del pueblo y la regi\u00f3n debe conocer.","robots":{"index":"index","follow":"follow","max-snippet":"max-snippet:-1","max-image-preview":"max-image-preview:large","max-video-preview":"max-video-preview:-1"},"canonical":"https:\/\/www.celttv.com.ar\/index.php\/2014\/01\/10\/el-bahiano-en-la-fiesta-de-reyes-de-sierra-de-la-ventana\/","og_locale":"es_ES","og_type":"article","og_title":"EL BAHIANO EN LA FIESTA DE REYES DE SIERRA DE LA VENTANA - CELTTV","og_description":"Sitio web de noticias de la localidad de Tornquist, provincia de Buenos Aires, Rep\u00fablica Argentina. Contenido propio originado por periodistas de CELTTV, el canal de TV local de la Cooperativa El\u00e9ctrica de Tornquist. Turismo, Pol\u00edtica, Sociedad, Deporte, Cultura y todo el contenido de inter\u00e9s general que la gente del pueblo y la regi\u00f3n debe conocer.","og_url":"https:\/\/www.celttv.com.ar\/index.php\/2014\/01\/10\/el-bahiano-en-la-fiesta-de-reyes-de-sierra-de-la-ventana\/","og_site_name":"CELTTV","article_publisher":"https:\/\/www.facebook.com\/celtTV\/","article_published_time":"2014-01-10T22:39:26+00:00","author":"ulises","twitter_card":"summary_large_image","twitter_misc":{"Escrito por":"ulises","Tiempo de lectura":"3 minutos"},"schema":{"@context":"https:\/\/schema.org","@graph":[{"@type":"NewsArticle","@id":"https:\/\/www.celttv.com.ar\/index.php\/2014\/01\/10\/el-bahiano-en-la-fiesta-de-reyes-de-sierra-de-la-ventana\/#article","isPartOf":{"@id":"https:\/\/www.celttv.com.ar\/index.php\/2014\/01\/10\/el-bahiano-en-la-fiesta-de-reyes-de-sierra-de-la-ventana\/"},"author":{"name":"ulises","@id":"https:\/\/www.celttv.com.ar\/#\/schema\/person\/6d99c072dba59953809c81446e9d0ace"},"headline":"EL BAHIANO EN LA FIESTA DE REYES DE SIERRA DE LA VENTANA","datePublished":"2014-01-10T22:39:26+00:00","dateModified":"2014-01-10T22:39:26+00:00","mainEntityOfPage":{"@id":"https:\/\/www.celttv.com.ar\/index.php\/2014\/01\/10\/el-bahiano-en-la-fiesta-de-reyes-de-sierra-de-la-ventana\/"},"wordCount":546,"publisher":{"@id":"https:\/\/www.celttv.com.ar\/#organization"},"articleSection":["Comunidad","Destacadas","Videos Destacados"],"inLanguage":"es"},{"@type":"WebPage","@id":"https:\/\/www.celttv.com.ar\/index.php\/2014\/01\/10\/el-bahiano-en-la-fiesta-de-reyes-de-sierra-de-la-ventana\/","url":"https:\/\/www.celttv.com.ar\/index.php\/2014\/01\/10\/el-bahiano-en-la-fiesta-de-reyes-de-sierra-de-la-ventana\/","name":"EL BAHIANO EN LA FIESTA DE REYES DE SIERRA DE LA VENTANA - CELTTV","isPartOf":{"@id":"https:\/\/www.celttv.com.ar\/#website"},"datePublished":"2014-01-10T22:39:26+00:00","dateModified":"2014-01-10T22:39:26+00:00","description":"Sitio web de noticias de la localidad de Tornquist, provincia de Buenos Aires, Rep\u00fablica Argentina. Contenido propio originado por periodistas de CELTTV, el canal de TV local de la Cooperativa El\u00e9ctrica de Tornquist. Turismo, Pol\u00edtica, Sociedad, Deporte, Cultura y todo el contenido de inter\u00e9s general que la gente del pueblo y la regi\u00f3n debe conocer.","breadcrumb":{"@id":"https:\/\/www.celttv.com.ar\/index.php\/2014\/01\/10\/el-bahiano-en-la-fiesta-de-reyes-de-sierra-de-la-ventana\/#breadcrumb"},"inLanguage":"es","potentialAction":[{"@type":"ReadAction","target":["https:\/\/www.celttv.com.ar\/index.php\/2014\/01\/10\/el-bahiano-en-la-fiesta-de-reyes-de-sierra-de-la-ventana\/"]}]},{"@type":"BreadcrumbList","@id":"https:\/\/www.celttv.com.ar\/index.php\/2014\/01\/10\/el-bahiano-en-la-fiesta-de-reyes-de-sierra-de-la-ventana\/#breadcrumb","itemListElement":[{"@type":"ListItem","position":1,"name":"Inicio","item":"https:\/\/www.celttv.com.ar\/"},{"@type":"ListItem","position":2,"name":"EL BAHIANO EN LA FIESTA DE REYES DE SIERRA DE LA VENTANA"}]},{"@type":"WebSite","@id":"https:\/\/www.celttv.com.ar\/#website","url":"https:\/\/www.celttv.com.ar\/","name":"CELTTV","description":"Cooperativa El\u00e9ctrica de Tornquist","publisher":{"@id":"https:\/\/www.celttv.com.ar\/#organization"},"potentialAction":[{"@type":"SearchAction","target":{"@type":"EntryPoint","urlTemplate":"https:\/\/www.celttv.com.ar\/?s={search_term_string}"},"query-input":"required name=search_term_string"}],"inLanguage":"es"},{"@type":"Organization","@id":"https:\/\/www.celttv.com.ar\/#organization","name":"CELTTV","url":"https:\/\/www.celttv.com.ar\/","sameAs":["https:\/\/www.youtube.com\/channel\/UCz_oIt8Hig64Ub-EmcNPIhg","https:\/\/www.facebook.com\/celtTV\/"],"logo":{"@type":"ImageObject","inLanguage":"es","@id":"https:\/\/www.celttv.com.ar\/#\/schema\/logo\/image\/","url":"http:\/\/www.celttv.com.ar\/wp-content\/uploads\/2022\/08\/logo-1.png","contentUrl":"http:\/\/www.celttv.com.ar\/wp-content\/uploads\/2022\/08\/logo-1.png","width":461,"height":159,"caption":"CELTTV"},"image":{"@id":"https:\/\/www.celttv.com.ar\/#\/schema\/logo\/image\/"}},{"@type":"Person","@id":"https:\/\/www.celttv.com.ar\/#\/schema\/person\/6d99c072dba59953809c81446e9d0ace","name":"ulises","image":{"@type":"ImageObject","inLanguage":"es","@id":"https:\/\/www.celttv.com.ar\/#\/schema\/person\/image\/","url":"https:\/\/secure.gravatar.com\/avatar\/7f2c48bdc33b30088f941fb6082e555f2874c98e20cb159d7b92b50eadfce793?s=96&d=mm&r=g","contentUrl":"https:\/\/secure.gravatar.com\/avatar\/7f2c48bdc33b30088f941fb6082e555f2874c98e20cb159d7b92b50eadfce793?s=96&d=mm&r=g","caption":"ulises"},"sameAs":["http:\/\/www.celttv.com.ar"]}]}},"_links":{"self":[{"href":"https:\/\/www.celttv.com.ar\/index.php\/wp-json\/wp\/v2\/posts\/16787","targetHints":{"allow":["GET"]}}],"collection":[{"href":"https:\/\/www.celttv.com.ar\/index.php\/wp-json\/wp\/v2\/posts"}],"about":[{"href":"https:\/\/www.celttv.com.ar\/index.php\/wp-json\/wp\/v2\/types\/post"}],"author":[{"embeddable":true,"href":"https:\/\/www.celttv.com.ar\/index.php\/wp-json\/wp\/v2\/users\/1"}],"replies":[{"embeddable":true,"href":"https:\/\/www.celttv.com.ar\/index.php\/wp-json\/wp\/v2\/comments?post=16787"}],"version-history":[{"count":0,"href":"https:\/\/www.celttv.com.ar\/index.php\/wp-json\/wp\/v2\/posts\/16787\/revisions"}],"wp:attachment":[{"href":"https:\/\/www.celttv.com.ar\/index.php\/wp-json\/wp\/v2\/media?parent=16787"}],"wp:term":[{"taxonomy":"category","embeddable":true,"href":"https:\/\/www.celttv.com.ar\/index.php\/wp-json\/wp\/v2\/categories?post=16787"},{"taxonomy":"post_tag","embeddable":true,"href":"https:\/\/www.celttv.com.ar\/index.php\/wp-json\/wp\/v2\/tags?post=16787"}],"curies":[{"name":"wp","href":"https:\/\/api.w.org\/{rel}","templated":true}]}}