{"id":16852,"date":"2014-01-14T14:43:41","date_gmt":"2014-01-14T14:43:41","guid":{"rendered":"http:\/\/www.tvcnoticias.com.ar\/?p=16852"},"modified":"2014-01-14T14:43:41","modified_gmt":"2014-01-14T14:43:41","slug":"el-jefe-comunal-recibio-a-vecinos-de-la-gruta-y-san-andres-notas","status":"publish","type":"post","link":"https:\/\/www.celttv.com.ar\/index.php\/2014\/01\/14\/el-jefe-comunal-recibio-a-vecinos-de-la-gruta-y-san-andres-notas\/","title":{"rendered":"EL JEFE COMUNAL RECIBI\u00d3 A VECINOS DE LA GRUTA Y SAN ANDR\u00c9S. (Notas)"},"content":{"rendered":"<p>httpv:\/\/www.youtube.com\/watch?v=53k9Qersn_A<br \/>\nhttpv:\/\/www.youtube.com\/watch?v=QA5kEebsFv0<br \/>\n<a href=\"http:\/\/youtu.be\/RlCQn7lOPQQ\" target=\"_blank\" rel=\"noopener\">httpv:\/\/www.youtube.com\/watch?v=mKWqU1tIomw<\/a><br \/>\n<a href=\"http:\/\/youtu.be\/RlCQn7lOPQQ\" target=\"_blank\" rel=\"noopener\">httpv:\/\/www.youtube.com\/watch?v=RlCQn7lOPQQ<\/a><br \/>\nhttpv:\/\/www.youtube.com\/watch?v=cvbdZm5y9Kk<br \/>\n<a href=\"http:\/\/youtu.be\/puF-2Kb6-xI\" target=\"_blank\" rel=\"noopener\">httpv:\/\/www.youtube.com\/watch?v=puF-2Kb6-xI<\/a><br \/>\nVecinos de Villa Serrana La Gruta y de San Andr\u00e9s de las Sierra, entregaron ayer un petitorio al intendente Gustavo Trankels y al CD, en el cual manifiestan preocupaci\u00f3n por temas relacionados con la seguridad, el agua y un plan de evacuaci\u00f3n en caso de un siniestro, entre otros temas.<br \/>\nAlrededor de 30 vecinos se concentraron en las escalinatas del palacio municipal para luego ingresar al edificio y entregar el petitorio al jefe comunal y tambi\u00e9n a las autoridades del CD.<br \/>\nDurante la tarde de ayer, Trankels se reuni\u00f3 con una veintena de vecinos de La Gruta y San Andr\u00e9s para abordar los temas relacionados al petitorio que le fue entregado.<br \/>\n\u201cEl encuentro fue positivo porque varios vecinos se pudieron interiorizar sobre el avance de varios temas que reclamaban, mientras que en otros casos tomamos algunas de las propuestas que sugirieron para que sean evaluadas y analizar la factibilidad de las mismas\u201d, asever\u00f3 Trankels.<br \/>\n\u201cEl disparador de la charla pas\u00f3 por la prevenci\u00f3n de incendios, una de las cuestiones en la cual vamos a trabajar de manera coordinada con gente de bomberos voluntarios y poder diagramar un plan de contingencia para la localidad\u201d, aleg\u00f3.<br \/>\nTrankels, mencion\u00f3 que \u201ctenemos previsto comprar equipamiento que van a contribuir a la situaci\u00f3n y dotar a nuestro personal municipal. A su vez, desde la asesor\u00eda letrada se va a elaborar un proyecto de ordenanza para que se puedan desmalezar a terrenos privados que no acaten las ordenanzas vigentes\u201d.<br \/>\nCon respecto al proyecto de la red de agua que firm\u00f3 el municipio con el SPAR, el jefe comunal adelant\u00f3 que pr\u00f3ximamente se har\u00e1 una presentaci\u00f3n oficial del proyecto ejecutivo para que la gente conozca desde lo t\u00e9cnico y financiero el tema.<br \/>\n\u201cSeguimos trabajando en la ejecuci\u00f3n de la Sala de Primeros Auxilios, de acuerdo a los materiales que se comprometieron a acercar los vecinos, ya que la mano de obra la pone el municipio. Tambi\u00e9n, estamos evaluando realizar una perforaci\u00f3n en ese predio pero queremos consultar al SPAR para que la inversi\u00f3n y el trabajo sea el correcto\u201d, desliz\u00f3.<br \/>\nEn relaci\u00f3n al pedido de un destacamento dentro de la villa, Trankels record\u00f3 que existe un proyecto presentado en el ministerio de Seguridad bonaerense para que habilite la construcci\u00f3n de una sede policial en el lugar.<br \/>\n<strong> Testimonios<\/strong><br \/>\nGabriela Garay, habitante de La Gruta, se mostr\u00f3 visiblemente preocupada por la crisis h\u00eddrica que atraviesan y los robos acontecidos en las \u00faltimas semanas.<br \/>\n\u201cDespu\u00e9s de los hechos ocurridos en el gran incendio que empez\u00f3 en nuestra localidad y afect\u00f3 50 mil hect\u00e1reas, hizo que nos sentamos desprotegidos, aunque sabemos que se hizo todo lo posible para extinguirlo. A dos vecinos se les quem\u00f3 la casa y perdieron todo\u201d, coment\u00f3 preocupada Garay.<br \/>\n\u201cNo tenemos red de agua potable en San Andr\u00e9s y tampoco en La Gruta. En el 2011, la municipalidad firm\u00f3 un convenio con el SPAR para elaborar el proyecto y llevar adelante la obra, pero hasta ahora no se hizo nada. Es incre\u00edble, pero estamos en la provincia de Buenos Aires y no tenemos agua\u201d, agreg\u00f3.<br \/>\nAsimismo, sostuvo que \u201clos pozos se secan, hay gente que vendi\u00f3 su propiedad porque no hay agua, las casas tienen perforaciones y, en algunas de ellas, no est\u00e1n en condiciones para poder ser consumidas\u201d.<br \/>\n\u201cNo tenemos agua para tomar y mucho menos para poder responder a una emergencia como la del incendio del otro d\u00eda, donde respond\u00edamos con lo poco que hab\u00eda hasta que llegaron los bomberos. A su vez, no tenemos se\u00f1al de telefon\u00eda y ten\u00edamos que correr de un lado a otro para alertar a los vecinos de lo que pasaba\u201d, puntualiz\u00f3.<br \/>\n\u201cLa desprotecci\u00f3n tambi\u00e9n la sentimos luego de que se registraron robos que fueron denunciados y no tenemos un destacamento o un efectivo policial que este en la villa y nos cuide. Estamos a disposici\u00f3n de las autoridades para trabajar y colaborar en lo que se pueda\u201d, afirm\u00f3.<br \/>\nPor su parte, Jorge Sposato, comerciante de La Gruta, mencion\u00f3 que en La Gruta viven 22 familias (sin contar San Andr\u00e9s), y todos trabajaron a destajo en el incendio junto a los bomberos sacando agua de sus aljibes hasta quedar sin agua.<br \/>\n\u201cLos pozos tardan 12 horas en recuperarse para que tengamos algo de agua. Ante la emergencia que tuvimos, nos quedamos sin agua y tampoco contamos con los elementos necesarios para defender nuestras propiedades hasta que lleguen los bomberos. Al menos, ante \u00e9stas contingencias, necesitamos contar con una perforaci\u00f3n\u00a0 que garantice el agua y estamos dispuestos a capacitarnos para poder actuar mientras arriban los bomberos\u201d, subray\u00f3 Sposato.<br \/>\n\u201cHace cuatro meses que no llueve, hay manzanas en las que no hay agua y por eso el municipio \u00a0est\u00e1 proveyendo de agua sus tanques. Tambi\u00e9n, nos comprometimos \u00a0con los vecinos a tener los pastos cortos y a tener en los terrenos tanques de 200 litros de agua para poder actuar ante un posible siniestro\u201d, expres\u00f3.<br \/>\nA su vez, solicitan al CD que si bien hay una ordenanza que intima a quienes no cortan el pasto, que analicen la misma para ver si la comuna puede hacer el trabajo de manera preventiva por si los propietarios no est\u00e1n viviendo en el lugar.<br \/>\nV\u00edctor Leal, otro de los vecinos, asegur\u00f3 que se asisten entre los vecinos con agua para poder llevar adelante el d\u00eda a d\u00eda.<br \/>\nLas concejales Noel\u00ed Mertl (FR) y Mar\u00eda Esther Parmigiani (CC), fueron quienes recibieron el petitorio y se reunieron con los vecinos en el recinto.<br \/>\n\u201cLa falta de agua y el reclamo por mayor seguridad, hace que ambas comunidades se sientan vulnerables. Exigen lo m\u00ednimo que es agua y un polic\u00eda que los proteja. Lo que vemos es que las localidades crecen pero el municipio no puede garantizar los servicios acorde a la demanda existente\u201d, enfatiz\u00f3 Mertl.<br \/>\nPor \u00faltimo, se conoci\u00f3 que el mi\u00e9rcoles 15, a partir de las 20, los ediles se reunir\u00e1n con los vecinos de ambas localidades para dialogar sobre las diferentes problem\u00e1ticas planteadas.<br \/>\n&nbsp;<br \/>\n&nbsp;<\/p>\n","protected":false},"excerpt":{"rendered":"<p>httpv:\/\/www.youtube.com\/watch?v=53k9Qersn_A httpv:\/\/www.youtube.com\/watch?v=QA5kEebsFv0 httpv:\/\/www.youtube.com\/watch?v=mKWqU1tIomw httpv:\/\/www.youtube.com\/watch?v=RlCQn7lOPQQ httpv:\/\/www.youtube.com\/watch?v=cvbdZm5y9Kk httpv:\/\/www.youtube.com\/watch?v=puF-2Kb6-xI Vecinos de Villa Serrana La Gruta y de San Andr\u00e9s de las Sierra, entregaron ayer un petitorio al intendente Gustavo Trankels y al CD, en el cual manifiestan preocupaci\u00f3n por temas relacionados con la seguridad, el agua y un plan de evacuaci\u00f3n en caso de un siniestro, entre otros [&hellip;]<\/p>\n","protected":false},"author":1,"featured_media":0,"comment_status":"closed","ping_status":"open","sticky":false,"template":"","format":"standard","meta":{"footnotes":""},"categories":[51,52,64],"tags":[],"class_list":["post-16852","post","type-post","status-publish","format-standard","hentry","category-comunidad","category-destacadas","category-videos-destacados"],"yoast_head":"<!-- This site is optimized with the Yoast SEO plugin v19.7.1 - https:\/\/yoast.com\/wordpress\/plugins\/seo\/ -->\n<title>EL JEFE COMUNAL RECIBI\u00d3 A VECINOS DE LA GRUTA Y SAN ANDR\u00c9S. (Notas) - CELTTV<\/title>\n<meta name=\"description\" content=\"Sitio web de noticias de la localidad de Tornquist, provincia de Buenos Aires, Rep\u00fablica Argentina. Contenido propio originado por periodistas de CELTTV, el canal de TV local de la Cooperativa El\u00e9ctrica de Tornquist. Turismo, Pol\u00edtica, Sociedad, Deporte, Cultura y todo el contenido de inter\u00e9s general que la gente del pueblo y la regi\u00f3n debe conocer.\" \/>\n<meta name=\"robots\" content=\"index, follow, max-snippet:-1, max-image-preview:large, max-video-preview:-1\" \/>\n<link rel=\"canonical\" href=\"https:\/\/www.celttv.com.ar\/index.php\/2014\/01\/14\/el-jefe-comunal-recibio-a-vecinos-de-la-gruta-y-san-andres-notas\/\" \/>\n<meta property=\"og:locale\" content=\"es_ES\" \/>\n<meta property=\"og:type\" content=\"article\" \/>\n<meta property=\"og:title\" content=\"EL JEFE COMUNAL RECIBI\u00d3 A VECINOS DE LA GRUTA Y SAN ANDR\u00c9S. (Notas) - CELTTV\" \/>\n<meta property=\"og:description\" content=\"Sitio web de noticias de la localidad de Tornquist, provincia de Buenos Aires, Rep\u00fablica Argentina. Contenido propio originado por periodistas de CELTTV, el canal de TV local de la Cooperativa El\u00e9ctrica de Tornquist. Turismo, Pol\u00edtica, Sociedad, Deporte, Cultura y todo el contenido de inter\u00e9s general que la gente del pueblo y la regi\u00f3n debe conocer.\" \/>\n<meta property=\"og:url\" content=\"https:\/\/www.celttv.com.ar\/index.php\/2014\/01\/14\/el-jefe-comunal-recibio-a-vecinos-de-la-gruta-y-san-andres-notas\/\" \/>\n<meta property=\"og:site_name\" content=\"CELTTV\" \/>\n<meta property=\"article:publisher\" content=\"https:\/\/www.facebook.com\/celtTV\/\" \/>\n<meta property=\"article:published_time\" content=\"2014-01-14T14:43:41+00:00\" \/>\n<meta name=\"author\" content=\"ulises\" \/>\n<meta name=\"twitter:card\" content=\"summary_large_image\" \/>\n<meta name=\"twitter:label1\" content=\"Escrito por\" \/>\n\t<meta name=\"twitter:data1\" content=\"ulises\" \/>\n\t<meta name=\"twitter:label2\" content=\"Tiempo de lectura\" \/>\n\t<meta name=\"twitter:data2\" content=\"5 minutos\" \/>\n<script type=\"application\/ld+json\" class=\"yoast-schema-graph\">{\"@context\":\"https:\/\/schema.org\",\"@graph\":[{\"@type\":\"NewsArticle\",\"@id\":\"https:\/\/www.celttv.com.ar\/index.php\/2014\/01\/14\/el-jefe-comunal-recibio-a-vecinos-de-la-gruta-y-san-andres-notas\/#article\",\"isPartOf\":{\"@id\":\"https:\/\/www.celttv.com.ar\/index.php\/2014\/01\/14\/el-jefe-comunal-recibio-a-vecinos-de-la-gruta-y-san-andres-notas\/\"},\"author\":{\"name\":\"ulises\",\"@id\":\"https:\/\/www.celttv.com.ar\/#\/schema\/person\/6d99c072dba59953809c81446e9d0ace\"},\"headline\":\"EL JEFE COMUNAL RECIBI\u00d3 A VECINOS DE LA GRUTA Y SAN ANDR\u00c9S. (Notas)\",\"datePublished\":\"2014-01-14T14:43:41+00:00\",\"dateModified\":\"2014-01-14T14:43:41+00:00\",\"mainEntityOfPage\":{\"@id\":\"https:\/\/www.celttv.com.ar\/index.php\/2014\/01\/14\/el-jefe-comunal-recibio-a-vecinos-de-la-gruta-y-san-andres-notas\/\"},\"wordCount\":1092,\"publisher\":{\"@id\":\"https:\/\/www.celttv.com.ar\/#organization\"},\"articleSection\":[\"Comunidad\",\"Destacadas\",\"Videos Destacados\"],\"inLanguage\":\"es\"},{\"@type\":\"WebPage\",\"@id\":\"https:\/\/www.celttv.com.ar\/index.php\/2014\/01\/14\/el-jefe-comunal-recibio-a-vecinos-de-la-gruta-y-san-andres-notas\/\",\"url\":\"https:\/\/www.celttv.com.ar\/index.php\/2014\/01\/14\/el-jefe-comunal-recibio-a-vecinos-de-la-gruta-y-san-andres-notas\/\",\"name\":\"EL JEFE COMUNAL RECIBI\u00d3 A VECINOS DE LA GRUTA Y SAN ANDR\u00c9S. (Notas) - CELTTV\",\"isPartOf\":{\"@id\":\"https:\/\/www.celttv.com.ar\/#website\"},\"datePublished\":\"2014-01-14T14:43:41+00:00\",\"dateModified\":\"2014-01-14T14:43:41+00:00\",\"description\":\"Sitio web de noticias de la localidad de Tornquist, provincia de Buenos Aires, Rep\u00fablica Argentina. Contenido propio originado por periodistas de CELTTV, el canal de TV local de la Cooperativa El\u00e9ctrica de Tornquist. Turismo, Pol\u00edtica, Sociedad, Deporte, Cultura y todo el contenido de inter\u00e9s general que la gente del pueblo y la regi\u00f3n debe conocer.\",\"breadcrumb\":{\"@id\":\"https:\/\/www.celttv.com.ar\/index.php\/2014\/01\/14\/el-jefe-comunal-recibio-a-vecinos-de-la-gruta-y-san-andres-notas\/#breadcrumb\"},\"inLanguage\":\"es\",\"potentialAction\":[{\"@type\":\"ReadAction\",\"target\":[\"https:\/\/www.celttv.com.ar\/index.php\/2014\/01\/14\/el-jefe-comunal-recibio-a-vecinos-de-la-gruta-y-san-andres-notas\/\"]}]},{\"@type\":\"BreadcrumbList\",\"@id\":\"https:\/\/www.celttv.com.ar\/index.php\/2014\/01\/14\/el-jefe-comunal-recibio-a-vecinos-de-la-gruta-y-san-andres-notas\/#breadcrumb\",\"itemListElement\":[{\"@type\":\"ListItem\",\"position\":1,\"name\":\"Inicio\",\"item\":\"https:\/\/www.celttv.com.ar\/\"},{\"@type\":\"ListItem\",\"position\":2,\"name\":\"EL JEFE COMUNAL RECIBI\u00d3 A VECINOS DE LA GRUTA Y SAN ANDR\u00c9S. (Notas)\"}]},{\"@type\":\"WebSite\",\"@id\":\"https:\/\/www.celttv.com.ar\/#website\",\"url\":\"https:\/\/www.celttv.com.ar\/\",\"name\":\"CELTTV\",\"description\":\"Cooperativa El\u00e9ctrica de Tornquist\",\"publisher\":{\"@id\":\"https:\/\/www.celttv.com.ar\/#organization\"},\"potentialAction\":[{\"@type\":\"SearchAction\",\"target\":{\"@type\":\"EntryPoint\",\"urlTemplate\":\"https:\/\/www.celttv.com.ar\/?s={search_term_string}\"},\"query-input\":\"required name=search_term_string\"}],\"inLanguage\":\"es\"},{\"@type\":\"Organization\",\"@id\":\"https:\/\/www.celttv.com.ar\/#organization\",\"name\":\"CELTTV\",\"url\":\"https:\/\/www.celttv.com.ar\/\",\"sameAs\":[\"https:\/\/www.youtube.com\/channel\/UCz_oIt8Hig64Ub-EmcNPIhg\",\"https:\/\/www.facebook.com\/celtTV\/\"],\"logo\":{\"@type\":\"ImageObject\",\"inLanguage\":\"es\",\"@id\":\"https:\/\/www.celttv.com.ar\/#\/schema\/logo\/image\/\",\"url\":\"http:\/\/www.celttv.com.ar\/wp-content\/uploads\/2022\/08\/logo-1.png\",\"contentUrl\":\"http:\/\/www.celttv.com.ar\/wp-content\/uploads\/2022\/08\/logo-1.png\",\"width\":461,\"height\":159,\"caption\":\"CELTTV\"},\"image\":{\"@id\":\"https:\/\/www.celttv.com.ar\/#\/schema\/logo\/image\/\"}},{\"@type\":\"Person\",\"@id\":\"https:\/\/www.celttv.com.ar\/#\/schema\/person\/6d99c072dba59953809c81446e9d0ace\",\"name\":\"ulises\",\"image\":{\"@type\":\"ImageObject\",\"inLanguage\":\"es\",\"@id\":\"https:\/\/www.celttv.com.ar\/#\/schema\/person\/image\/\",\"url\":\"https:\/\/secure.gravatar.com\/avatar\/7f2c48bdc33b30088f941fb6082e555f2874c98e20cb159d7b92b50eadfce793?s=96&d=mm&r=g\",\"contentUrl\":\"https:\/\/secure.gravatar.com\/avatar\/7f2c48bdc33b30088f941fb6082e555f2874c98e20cb159d7b92b50eadfce793?s=96&d=mm&r=g\",\"caption\":\"ulises\"},\"sameAs\":[\"http:\/\/www.celttv.com.ar\"]}]}<\/script>\n<!-- \/ Yoast SEO plugin. -->","yoast_head_json":{"title":"EL JEFE COMUNAL RECIBI\u00d3 A VECINOS DE LA GRUTA Y SAN ANDR\u00c9S. (Notas) - CELTTV","description":"Sitio web de noticias de la localidad de Tornquist, provincia de Buenos Aires, Rep\u00fablica Argentina. Contenido propio originado por periodistas de CELTTV, el canal de TV local de la Cooperativa El\u00e9ctrica de Tornquist. Turismo, Pol\u00edtica, Sociedad, Deporte, Cultura y todo el contenido de inter\u00e9s general que la gente del pueblo y la regi\u00f3n debe conocer.","robots":{"index":"index","follow":"follow","max-snippet":"max-snippet:-1","max-image-preview":"max-image-preview:large","max-video-preview":"max-video-preview:-1"},"canonical":"https:\/\/www.celttv.com.ar\/index.php\/2014\/01\/14\/el-jefe-comunal-recibio-a-vecinos-de-la-gruta-y-san-andres-notas\/","og_locale":"es_ES","og_type":"article","og_title":"EL JEFE COMUNAL RECIBI\u00d3 A VECINOS DE LA GRUTA Y SAN ANDR\u00c9S. (Notas) - CELTTV","og_description":"Sitio web de noticias de la localidad de Tornquist, provincia de Buenos Aires, Rep\u00fablica Argentina. Contenido propio originado por periodistas de CELTTV, el canal de TV local de la Cooperativa El\u00e9ctrica de Tornquist. Turismo, Pol\u00edtica, Sociedad, Deporte, Cultura y todo el contenido de inter\u00e9s general que la gente del pueblo y la regi\u00f3n debe conocer.","og_url":"https:\/\/www.celttv.com.ar\/index.php\/2014\/01\/14\/el-jefe-comunal-recibio-a-vecinos-de-la-gruta-y-san-andres-notas\/","og_site_name":"CELTTV","article_publisher":"https:\/\/www.facebook.com\/celtTV\/","article_published_time":"2014-01-14T14:43:41+00:00","author":"ulises","twitter_card":"summary_large_image","twitter_misc":{"Escrito por":"ulises","Tiempo de lectura":"5 minutos"},"schema":{"@context":"https:\/\/schema.org","@graph":[{"@type":"NewsArticle","@id":"https:\/\/www.celttv.com.ar\/index.php\/2014\/01\/14\/el-jefe-comunal-recibio-a-vecinos-de-la-gruta-y-san-andres-notas\/#article","isPartOf":{"@id":"https:\/\/www.celttv.com.ar\/index.php\/2014\/01\/14\/el-jefe-comunal-recibio-a-vecinos-de-la-gruta-y-san-andres-notas\/"},"author":{"name":"ulises","@id":"https:\/\/www.celttv.com.ar\/#\/schema\/person\/6d99c072dba59953809c81446e9d0ace"},"headline":"EL JEFE COMUNAL RECIBI\u00d3 A VECINOS DE LA GRUTA Y SAN ANDR\u00c9S. (Notas)","datePublished":"2014-01-14T14:43:41+00:00","dateModified":"2014-01-14T14:43:41+00:00","mainEntityOfPage":{"@id":"https:\/\/www.celttv.com.ar\/index.php\/2014\/01\/14\/el-jefe-comunal-recibio-a-vecinos-de-la-gruta-y-san-andres-notas\/"},"wordCount":1092,"publisher":{"@id":"https:\/\/www.celttv.com.ar\/#organization"},"articleSection":["Comunidad","Destacadas","Videos Destacados"],"inLanguage":"es"},{"@type":"WebPage","@id":"https:\/\/www.celttv.com.ar\/index.php\/2014\/01\/14\/el-jefe-comunal-recibio-a-vecinos-de-la-gruta-y-san-andres-notas\/","url":"https:\/\/www.celttv.com.ar\/index.php\/2014\/01\/14\/el-jefe-comunal-recibio-a-vecinos-de-la-gruta-y-san-andres-notas\/","name":"EL JEFE COMUNAL RECIBI\u00d3 A VECINOS DE LA GRUTA Y SAN ANDR\u00c9S. (Notas) - CELTTV","isPartOf":{"@id":"https:\/\/www.celttv.com.ar\/#website"},"datePublished":"2014-01-14T14:43:41+00:00","dateModified":"2014-01-14T14:43:41+00:00","description":"Sitio web de noticias de la localidad de Tornquist, provincia de Buenos Aires, Rep\u00fablica Argentina. Contenido propio originado por periodistas de CELTTV, el canal de TV local de la Cooperativa El\u00e9ctrica de Tornquist. Turismo, Pol\u00edtica, Sociedad, Deporte, Cultura y todo el contenido de inter\u00e9s general que la gente del pueblo y la regi\u00f3n debe conocer.","breadcrumb":{"@id":"https:\/\/www.celttv.com.ar\/index.php\/2014\/01\/14\/el-jefe-comunal-recibio-a-vecinos-de-la-gruta-y-san-andres-notas\/#breadcrumb"},"inLanguage":"es","potentialAction":[{"@type":"ReadAction","target":["https:\/\/www.celttv.com.ar\/index.php\/2014\/01\/14\/el-jefe-comunal-recibio-a-vecinos-de-la-gruta-y-san-andres-notas\/"]}]},{"@type":"BreadcrumbList","@id":"https:\/\/www.celttv.com.ar\/index.php\/2014\/01\/14\/el-jefe-comunal-recibio-a-vecinos-de-la-gruta-y-san-andres-notas\/#breadcrumb","itemListElement":[{"@type":"ListItem","position":1,"name":"Inicio","item":"https:\/\/www.celttv.com.ar\/"},{"@type":"ListItem","position":2,"name":"EL JEFE COMUNAL RECIBI\u00d3 A VECINOS DE LA GRUTA Y SAN ANDR\u00c9S. (Notas)"}]},{"@type":"WebSite","@id":"https:\/\/www.celttv.com.ar\/#website","url":"https:\/\/www.celttv.com.ar\/","name":"CELTTV","description":"Cooperativa El\u00e9ctrica de Tornquist","publisher":{"@id":"https:\/\/www.celttv.com.ar\/#organization"},"potentialAction":[{"@type":"SearchAction","target":{"@type":"EntryPoint","urlTemplate":"https:\/\/www.celttv.com.ar\/?s={search_term_string}"},"query-input":"required name=search_term_string"}],"inLanguage":"es"},{"@type":"Organization","@id":"https:\/\/www.celttv.com.ar\/#organization","name":"CELTTV","url":"https:\/\/www.celttv.com.ar\/","sameAs":["https:\/\/www.youtube.com\/channel\/UCz_oIt8Hig64Ub-EmcNPIhg","https:\/\/www.facebook.com\/celtTV\/"],"logo":{"@type":"ImageObject","inLanguage":"es","@id":"https:\/\/www.celttv.com.ar\/#\/schema\/logo\/image\/","url":"http:\/\/www.celttv.com.ar\/wp-content\/uploads\/2022\/08\/logo-1.png","contentUrl":"http:\/\/www.celttv.com.ar\/wp-content\/uploads\/2022\/08\/logo-1.png","width":461,"height":159,"caption":"CELTTV"},"image":{"@id":"https:\/\/www.celttv.com.ar\/#\/schema\/logo\/image\/"}},{"@type":"Person","@id":"https:\/\/www.celttv.com.ar\/#\/schema\/person\/6d99c072dba59953809c81446e9d0ace","name":"ulises","image":{"@type":"ImageObject","inLanguage":"es","@id":"https:\/\/www.celttv.com.ar\/#\/schema\/person\/image\/","url":"https:\/\/secure.gravatar.com\/avatar\/7f2c48bdc33b30088f941fb6082e555f2874c98e20cb159d7b92b50eadfce793?s=96&d=mm&r=g","contentUrl":"https:\/\/secure.gravatar.com\/avatar\/7f2c48bdc33b30088f941fb6082e555f2874c98e20cb159d7b92b50eadfce793?s=96&d=mm&r=g","caption":"ulises"},"sameAs":["http:\/\/www.celttv.com.ar"]}]}},"_links":{"self":[{"href":"https:\/\/www.celttv.com.ar\/index.php\/wp-json\/wp\/v2\/posts\/16852","targetHints":{"allow":["GET"]}}],"collection":[{"href":"https:\/\/www.celttv.com.ar\/index.php\/wp-json\/wp\/v2\/posts"}],"about":[{"href":"https:\/\/www.celttv.com.ar\/index.php\/wp-json\/wp\/v2\/types\/post"}],"author":[{"embeddable":true,"href":"https:\/\/www.celttv.com.ar\/index.php\/wp-json\/wp\/v2\/users\/1"}],"replies":[{"embeddable":true,"href":"https:\/\/www.celttv.com.ar\/index.php\/wp-json\/wp\/v2\/comments?post=16852"}],"version-history":[{"count":0,"href":"https:\/\/www.celttv.com.ar\/index.php\/wp-json\/wp\/v2\/posts\/16852\/revisions"}],"wp:attachment":[{"href":"https:\/\/www.celttv.com.ar\/index.php\/wp-json\/wp\/v2\/media?parent=16852"}],"wp:term":[{"taxonomy":"category","embeddable":true,"href":"https:\/\/www.celttv.com.ar\/index.php\/wp-json\/wp\/v2\/categories?post=16852"},{"taxonomy":"post_tag","embeddable":true,"href":"https:\/\/www.celttv.com.ar\/index.php\/wp-json\/wp\/v2\/tags?post=16852"}],"curies":[{"name":"wp","href":"https:\/\/api.w.org\/{rel}","templated":true}]}}