{"id":16976,"date":"2014-01-21T20:31:14","date_gmt":"2014-01-21T20:31:14","guid":{"rendered":"http:\/\/www.tvcnoticias.com.ar\/?p=16976"},"modified":"2014-01-21T20:31:14","modified_gmt":"2014-01-21T20:31:14","slug":"en-el-robo-de-los-vascos-los-autores-han-sido-profesionales-comento-a-este-medio-el-comisario-jorge-maffioli","status":"publish","type":"post","link":"https:\/\/www.celttv.com.ar\/index.php\/2014\/01\/21\/en-el-robo-de-los-vascos-los-autores-han-sido-profesionales-comento-a-este-medio-el-comisario-jorge-maffioli\/","title":{"rendered":"&#8220;EN EL ROBO DE &#8220;LOS VASCOS&#8221; LOS AUTORES HAN SIDO PROFESIONALES&#8221; (Coment\u00f3 a este medio el comisario Jorge Maffioli)"},"content":{"rendered":"<p><a href=\"http:\/\/www.youtube.com\/watch?v=WYWj7W4-FFM\">httpv:\/\/www.youtube.com\/watch?v=WYWj7W4-FFM<\/a><br \/>\nEl titular de la comisaria local Comisario Jorge Maffioli dej\u00f3 su impresi\u00f3n respecto al hecho registrado en la firma cerealera Los Vascos Cereales donde, autores ignorados, ingresaron por una puerta lateral y violentaron la caja fuerte llev\u00e1ndose una suma aun no determinada de dinero.<br \/>\nEl propio jefe policial destac\u00f3 que por las caracter\u00edsticas del hecho y la precisi\u00f3n de la apertura de la caja fuerte, todo indica que fue cometido por gente con mucho conocimiento en el tema.<\/p>\n","protected":false},"excerpt":{"rendered":"<p>httpv:\/\/www.youtube.com\/watch?v=WYWj7W4-FFM El titular de la comisaria local Comisario Jorge Maffioli dej\u00f3 su impresi\u00f3n respecto al hecho registrado en la firma cerealera Los Vascos Cereales donde, autores ignorados, ingresaron por una puerta lateral y violentaron la caja fuerte llev\u00e1ndose una suma aun no determinada de dinero. El propio jefe policial destac\u00f3 que por las caracter\u00edsticas del [&hellip;]<\/p>\n","protected":false},"author":1,"featured_media":0,"comment_status":"closed","ping_status":"open","sticky":false,"template":"","format":"standard","meta":{"footnotes":""},"categories":[52,61,64],"tags":[],"class_list":["post-16976","post","type-post","status-publish","format-standard","hentry","category-destacadas","category-policiales","category-videos-destacados"],"yoast_head":"<!-- This site is optimized with the Yoast SEO plugin v19.7.1 - https:\/\/yoast.com\/wordpress\/plugins\/seo\/ -->\n<title>&quot;EN EL ROBO DE &quot;LOS VASCOS&quot; LOS AUTORES HAN SIDO PROFESIONALES&quot; (Coment\u00f3 a este medio el comisario Jorge Maffioli) - CELTTV<\/title>\n<meta name=\"description\" content=\"Sitio web de noticias de la localidad de Tornquist, provincia de Buenos Aires, Rep\u00fablica Argentina. Contenido propio originado por periodistas de CELTTV, el canal de TV local de la Cooperativa El\u00e9ctrica de Tornquist. Turismo, Pol\u00edtica, Sociedad, Deporte, Cultura y todo el contenido de inter\u00e9s general que la gente del pueblo y la regi\u00f3n debe conocer.\" \/>\n<meta name=\"robots\" content=\"index, follow, max-snippet:-1, max-image-preview:large, max-video-preview:-1\" \/>\n<link rel=\"canonical\" href=\"https:\/\/www.celttv.com.ar\/index.php\/2014\/01\/21\/en-el-robo-de-los-vascos-los-autores-han-sido-profesionales-comento-a-este-medio-el-comisario-jorge-maffioli\/\" \/>\n<meta property=\"og:locale\" content=\"es_ES\" \/>\n<meta property=\"og:type\" content=\"article\" \/>\n<meta property=\"og:title\" content=\"&quot;EN EL ROBO DE &quot;LOS VASCOS&quot; LOS AUTORES HAN SIDO PROFESIONALES&quot; (Coment\u00f3 a este medio el comisario Jorge Maffioli) - CELTTV\" \/>\n<meta property=\"og:description\" content=\"Sitio web de noticias de la localidad de Tornquist, provincia de Buenos Aires, Rep\u00fablica Argentina. Contenido propio originado por periodistas de CELTTV, el canal de TV local de la Cooperativa El\u00e9ctrica de Tornquist. Turismo, Pol\u00edtica, Sociedad, Deporte, Cultura y todo el contenido de inter\u00e9s general que la gente del pueblo y la regi\u00f3n debe conocer.\" \/>\n<meta property=\"og:url\" content=\"https:\/\/www.celttv.com.ar\/index.php\/2014\/01\/21\/en-el-robo-de-los-vascos-los-autores-han-sido-profesionales-comento-a-este-medio-el-comisario-jorge-maffioli\/\" \/>\n<meta property=\"og:site_name\" content=\"CELTTV\" \/>\n<meta property=\"article:publisher\" content=\"https:\/\/www.facebook.com\/celtTV\/\" \/>\n<meta property=\"article:published_time\" content=\"2014-01-21T20:31:14+00:00\" \/>\n<meta name=\"author\" content=\"ulises\" \/>\n<meta name=\"twitter:card\" content=\"summary_large_image\" \/>\n<meta name=\"twitter:label1\" content=\"Escrito por\" \/>\n\t<meta name=\"twitter:data1\" content=\"ulises\" \/>\n<script type=\"application\/ld+json\" class=\"yoast-schema-graph\">{\"@context\":\"https:\/\/schema.org\",\"@graph\":[{\"@type\":\"NewsArticle\",\"@id\":\"https:\/\/www.celttv.com.ar\/index.php\/2014\/01\/21\/en-el-robo-de-los-vascos-los-autores-han-sido-profesionales-comento-a-este-medio-el-comisario-jorge-maffioli\/#article\",\"isPartOf\":{\"@id\":\"https:\/\/www.celttv.com.ar\/index.php\/2014\/01\/21\/en-el-robo-de-los-vascos-los-autores-han-sido-profesionales-comento-a-este-medio-el-comisario-jorge-maffioli\/\"},\"author\":{\"name\":\"ulises\",\"@id\":\"https:\/\/www.celttv.com.ar\/#\/schema\/person\/6d99c072dba59953809c81446e9d0ace\"},\"headline\":\"&#8220;EN EL ROBO DE &#8220;LOS VASCOS&#8221; LOS AUTORES HAN SIDO PROFESIONALES&#8221; (Coment\u00f3 a este medio el comisario Jorge Maffioli)\",\"datePublished\":\"2014-01-21T20:31:14+00:00\",\"dateModified\":\"2014-01-21T20:31:14+00:00\",\"mainEntityOfPage\":{\"@id\":\"https:\/\/www.celttv.com.ar\/index.php\/2014\/01\/21\/en-el-robo-de-los-vascos-los-autores-han-sido-profesionales-comento-a-este-medio-el-comisario-jorge-maffioli\/\"},\"wordCount\":110,\"publisher\":{\"@id\":\"https:\/\/www.celttv.com.ar\/#organization\"},\"articleSection\":[\"Destacadas\",\"Policiales\",\"Videos Destacados\"],\"inLanguage\":\"es\"},{\"@type\":\"WebPage\",\"@id\":\"https:\/\/www.celttv.com.ar\/index.php\/2014\/01\/21\/en-el-robo-de-los-vascos-los-autores-han-sido-profesionales-comento-a-este-medio-el-comisario-jorge-maffioli\/\",\"url\":\"https:\/\/www.celttv.com.ar\/index.php\/2014\/01\/21\/en-el-robo-de-los-vascos-los-autores-han-sido-profesionales-comento-a-este-medio-el-comisario-jorge-maffioli\/\",\"name\":\"\\\"EN EL ROBO DE \\\"LOS VASCOS\\\" LOS AUTORES HAN SIDO PROFESIONALES\\\" (Coment\u00f3 a este medio el comisario Jorge Maffioli) - CELTTV\",\"isPartOf\":{\"@id\":\"https:\/\/www.celttv.com.ar\/#website\"},\"datePublished\":\"2014-01-21T20:31:14+00:00\",\"dateModified\":\"2014-01-21T20:31:14+00:00\",\"description\":\"Sitio web de noticias de la localidad de Tornquist, provincia de Buenos Aires, Rep\u00fablica Argentina. Contenido propio originado por periodistas de CELTTV, el canal de TV local de la Cooperativa El\u00e9ctrica de Tornquist. Turismo, Pol\u00edtica, Sociedad, Deporte, Cultura y todo el contenido de inter\u00e9s general que la gente del pueblo y la regi\u00f3n debe conocer.\",\"breadcrumb\":{\"@id\":\"https:\/\/www.celttv.com.ar\/index.php\/2014\/01\/21\/en-el-robo-de-los-vascos-los-autores-han-sido-profesionales-comento-a-este-medio-el-comisario-jorge-maffioli\/#breadcrumb\"},\"inLanguage\":\"es\",\"potentialAction\":[{\"@type\":\"ReadAction\",\"target\":[\"https:\/\/www.celttv.com.ar\/index.php\/2014\/01\/21\/en-el-robo-de-los-vascos-los-autores-han-sido-profesionales-comento-a-este-medio-el-comisario-jorge-maffioli\/\"]}]},{\"@type\":\"BreadcrumbList\",\"@id\":\"https:\/\/www.celttv.com.ar\/index.php\/2014\/01\/21\/en-el-robo-de-los-vascos-los-autores-han-sido-profesionales-comento-a-este-medio-el-comisario-jorge-maffioli\/#breadcrumb\",\"itemListElement\":[{\"@type\":\"ListItem\",\"position\":1,\"name\":\"Inicio\",\"item\":\"https:\/\/www.celttv.com.ar\/\"},{\"@type\":\"ListItem\",\"position\":2,\"name\":\"&#8220;EN EL ROBO DE &#8220;LOS VASCOS&#8221; LOS AUTORES HAN SIDO PROFESIONALES&#8221; (Coment\u00f3 a este medio el comisario Jorge Maffioli)\"}]},{\"@type\":\"WebSite\",\"@id\":\"https:\/\/www.celttv.com.ar\/#website\",\"url\":\"https:\/\/www.celttv.com.ar\/\",\"name\":\"CELTTV\",\"description\":\"Cooperativa El\u00e9ctrica de Tornquist\",\"publisher\":{\"@id\":\"https:\/\/www.celttv.com.ar\/#organization\"},\"potentialAction\":[{\"@type\":\"SearchAction\",\"target\":{\"@type\":\"EntryPoint\",\"urlTemplate\":\"https:\/\/www.celttv.com.ar\/?s={search_term_string}\"},\"query-input\":\"required name=search_term_string\"}],\"inLanguage\":\"es\"},{\"@type\":\"Organization\",\"@id\":\"https:\/\/www.celttv.com.ar\/#organization\",\"name\":\"CELTTV\",\"url\":\"https:\/\/www.celttv.com.ar\/\",\"sameAs\":[\"https:\/\/www.youtube.com\/channel\/UCz_oIt8Hig64Ub-EmcNPIhg\",\"https:\/\/www.facebook.com\/celtTV\/\"],\"logo\":{\"@type\":\"ImageObject\",\"inLanguage\":\"es\",\"@id\":\"https:\/\/www.celttv.com.ar\/#\/schema\/logo\/image\/\",\"url\":\"http:\/\/www.celttv.com.ar\/wp-content\/uploads\/2022\/08\/logo-1.png\",\"contentUrl\":\"http:\/\/www.celttv.com.ar\/wp-content\/uploads\/2022\/08\/logo-1.png\",\"width\":461,\"height\":159,\"caption\":\"CELTTV\"},\"image\":{\"@id\":\"https:\/\/www.celttv.com.ar\/#\/schema\/logo\/image\/\"}},{\"@type\":\"Person\",\"@id\":\"https:\/\/www.celttv.com.ar\/#\/schema\/person\/6d99c072dba59953809c81446e9d0ace\",\"name\":\"ulises\",\"image\":{\"@type\":\"ImageObject\",\"inLanguage\":\"es\",\"@id\":\"https:\/\/www.celttv.com.ar\/#\/schema\/person\/image\/\",\"url\":\"https:\/\/secure.gravatar.com\/avatar\/7f2c48bdc33b30088f941fb6082e555f2874c98e20cb159d7b92b50eadfce793?s=96&d=mm&r=g\",\"contentUrl\":\"https:\/\/secure.gravatar.com\/avatar\/7f2c48bdc33b30088f941fb6082e555f2874c98e20cb159d7b92b50eadfce793?s=96&d=mm&r=g\",\"caption\":\"ulises\"},\"sameAs\":[\"http:\/\/www.celttv.com.ar\"]}]}<\/script>\n<!-- \/ Yoast SEO plugin. -->","yoast_head_json":{"title":"\"EN EL ROBO DE \"LOS VASCOS\" LOS AUTORES HAN SIDO PROFESIONALES\" (Coment\u00f3 a este medio el comisario Jorge Maffioli) - CELTTV","description":"Sitio web de noticias de la localidad de Tornquist, provincia de Buenos Aires, Rep\u00fablica Argentina. Contenido propio originado por periodistas de CELTTV, el canal de TV local de la Cooperativa El\u00e9ctrica de Tornquist. Turismo, Pol\u00edtica, Sociedad, Deporte, Cultura y todo el contenido de inter\u00e9s general que la gente del pueblo y la regi\u00f3n debe conocer.","robots":{"index":"index","follow":"follow","max-snippet":"max-snippet:-1","max-image-preview":"max-image-preview:large","max-video-preview":"max-video-preview:-1"},"canonical":"https:\/\/www.celttv.com.ar\/index.php\/2014\/01\/21\/en-el-robo-de-los-vascos-los-autores-han-sido-profesionales-comento-a-este-medio-el-comisario-jorge-maffioli\/","og_locale":"es_ES","og_type":"article","og_title":"\"EN EL ROBO DE \"LOS VASCOS\" LOS AUTORES HAN SIDO PROFESIONALES\" (Coment\u00f3 a este medio el comisario Jorge Maffioli) - CELTTV","og_description":"Sitio web de noticias de la localidad de Tornquist, provincia de Buenos Aires, Rep\u00fablica Argentina. Contenido propio originado por periodistas de CELTTV, el canal de TV local de la Cooperativa El\u00e9ctrica de Tornquist. Turismo, Pol\u00edtica, Sociedad, Deporte, Cultura y todo el contenido de inter\u00e9s general que la gente del pueblo y la regi\u00f3n debe conocer.","og_url":"https:\/\/www.celttv.com.ar\/index.php\/2014\/01\/21\/en-el-robo-de-los-vascos-los-autores-han-sido-profesionales-comento-a-este-medio-el-comisario-jorge-maffioli\/","og_site_name":"CELTTV","article_publisher":"https:\/\/www.facebook.com\/celtTV\/","article_published_time":"2014-01-21T20:31:14+00:00","author":"ulises","twitter_card":"summary_large_image","twitter_misc":{"Escrito por":"ulises"},"schema":{"@context":"https:\/\/schema.org","@graph":[{"@type":"NewsArticle","@id":"https:\/\/www.celttv.com.ar\/index.php\/2014\/01\/21\/en-el-robo-de-los-vascos-los-autores-han-sido-profesionales-comento-a-este-medio-el-comisario-jorge-maffioli\/#article","isPartOf":{"@id":"https:\/\/www.celttv.com.ar\/index.php\/2014\/01\/21\/en-el-robo-de-los-vascos-los-autores-han-sido-profesionales-comento-a-este-medio-el-comisario-jorge-maffioli\/"},"author":{"name":"ulises","@id":"https:\/\/www.celttv.com.ar\/#\/schema\/person\/6d99c072dba59953809c81446e9d0ace"},"headline":"&#8220;EN EL ROBO DE &#8220;LOS VASCOS&#8221; LOS AUTORES HAN SIDO PROFESIONALES&#8221; (Coment\u00f3 a este medio el comisario Jorge Maffioli)","datePublished":"2014-01-21T20:31:14+00:00","dateModified":"2014-01-21T20:31:14+00:00","mainEntityOfPage":{"@id":"https:\/\/www.celttv.com.ar\/index.php\/2014\/01\/21\/en-el-robo-de-los-vascos-los-autores-han-sido-profesionales-comento-a-este-medio-el-comisario-jorge-maffioli\/"},"wordCount":110,"publisher":{"@id":"https:\/\/www.celttv.com.ar\/#organization"},"articleSection":["Destacadas","Policiales","Videos Destacados"],"inLanguage":"es"},{"@type":"WebPage","@id":"https:\/\/www.celttv.com.ar\/index.php\/2014\/01\/21\/en-el-robo-de-los-vascos-los-autores-han-sido-profesionales-comento-a-este-medio-el-comisario-jorge-maffioli\/","url":"https:\/\/www.celttv.com.ar\/index.php\/2014\/01\/21\/en-el-robo-de-los-vascos-los-autores-han-sido-profesionales-comento-a-este-medio-el-comisario-jorge-maffioli\/","name":"\"EN EL ROBO DE \"LOS VASCOS\" LOS AUTORES HAN SIDO PROFESIONALES\" (Coment\u00f3 a este medio el comisario Jorge Maffioli) - CELTTV","isPartOf":{"@id":"https:\/\/www.celttv.com.ar\/#website"},"datePublished":"2014-01-21T20:31:14+00:00","dateModified":"2014-01-21T20:31:14+00:00","description":"Sitio web de noticias de la localidad de Tornquist, provincia de Buenos Aires, Rep\u00fablica Argentina. Contenido propio originado por periodistas de CELTTV, el canal de TV local de la Cooperativa El\u00e9ctrica de Tornquist. Turismo, Pol\u00edtica, Sociedad, Deporte, Cultura y todo el contenido de inter\u00e9s general que la gente del pueblo y la regi\u00f3n debe conocer.","breadcrumb":{"@id":"https:\/\/www.celttv.com.ar\/index.php\/2014\/01\/21\/en-el-robo-de-los-vascos-los-autores-han-sido-profesionales-comento-a-este-medio-el-comisario-jorge-maffioli\/#breadcrumb"},"inLanguage":"es","potentialAction":[{"@type":"ReadAction","target":["https:\/\/www.celttv.com.ar\/index.php\/2014\/01\/21\/en-el-robo-de-los-vascos-los-autores-han-sido-profesionales-comento-a-este-medio-el-comisario-jorge-maffioli\/"]}]},{"@type":"BreadcrumbList","@id":"https:\/\/www.celttv.com.ar\/index.php\/2014\/01\/21\/en-el-robo-de-los-vascos-los-autores-han-sido-profesionales-comento-a-este-medio-el-comisario-jorge-maffioli\/#breadcrumb","itemListElement":[{"@type":"ListItem","position":1,"name":"Inicio","item":"https:\/\/www.celttv.com.ar\/"},{"@type":"ListItem","position":2,"name":"&#8220;EN EL ROBO DE &#8220;LOS VASCOS&#8221; LOS AUTORES HAN SIDO PROFESIONALES&#8221; (Coment\u00f3 a este medio el comisario Jorge Maffioli)"}]},{"@type":"WebSite","@id":"https:\/\/www.celttv.com.ar\/#website","url":"https:\/\/www.celttv.com.ar\/","name":"CELTTV","description":"Cooperativa El\u00e9ctrica de Tornquist","publisher":{"@id":"https:\/\/www.celttv.com.ar\/#organization"},"potentialAction":[{"@type":"SearchAction","target":{"@type":"EntryPoint","urlTemplate":"https:\/\/www.celttv.com.ar\/?s={search_term_string}"},"query-input":"required name=search_term_string"}],"inLanguage":"es"},{"@type":"Organization","@id":"https:\/\/www.celttv.com.ar\/#organization","name":"CELTTV","url":"https:\/\/www.celttv.com.ar\/","sameAs":["https:\/\/www.youtube.com\/channel\/UCz_oIt8Hig64Ub-EmcNPIhg","https:\/\/www.facebook.com\/celtTV\/"],"logo":{"@type":"ImageObject","inLanguage":"es","@id":"https:\/\/www.celttv.com.ar\/#\/schema\/logo\/image\/","url":"http:\/\/www.celttv.com.ar\/wp-content\/uploads\/2022\/08\/logo-1.png","contentUrl":"http:\/\/www.celttv.com.ar\/wp-content\/uploads\/2022\/08\/logo-1.png","width":461,"height":159,"caption":"CELTTV"},"image":{"@id":"https:\/\/www.celttv.com.ar\/#\/schema\/logo\/image\/"}},{"@type":"Person","@id":"https:\/\/www.celttv.com.ar\/#\/schema\/person\/6d99c072dba59953809c81446e9d0ace","name":"ulises","image":{"@type":"ImageObject","inLanguage":"es","@id":"https:\/\/www.celttv.com.ar\/#\/schema\/person\/image\/","url":"https:\/\/secure.gravatar.com\/avatar\/7f2c48bdc33b30088f941fb6082e555f2874c98e20cb159d7b92b50eadfce793?s=96&d=mm&r=g","contentUrl":"https:\/\/secure.gravatar.com\/avatar\/7f2c48bdc33b30088f941fb6082e555f2874c98e20cb159d7b92b50eadfce793?s=96&d=mm&r=g","caption":"ulises"},"sameAs":["http:\/\/www.celttv.com.ar"]}]}},"_links":{"self":[{"href":"https:\/\/www.celttv.com.ar\/index.php\/wp-json\/wp\/v2\/posts\/16976","targetHints":{"allow":["GET"]}}],"collection":[{"href":"https:\/\/www.celttv.com.ar\/index.php\/wp-json\/wp\/v2\/posts"}],"about":[{"href":"https:\/\/www.celttv.com.ar\/index.php\/wp-json\/wp\/v2\/types\/post"}],"author":[{"embeddable":true,"href":"https:\/\/www.celttv.com.ar\/index.php\/wp-json\/wp\/v2\/users\/1"}],"replies":[{"embeddable":true,"href":"https:\/\/www.celttv.com.ar\/index.php\/wp-json\/wp\/v2\/comments?post=16976"}],"version-history":[{"count":0,"href":"https:\/\/www.celttv.com.ar\/index.php\/wp-json\/wp\/v2\/posts\/16976\/revisions"}],"wp:attachment":[{"href":"https:\/\/www.celttv.com.ar\/index.php\/wp-json\/wp\/v2\/media?parent=16976"}],"wp:term":[{"taxonomy":"category","embeddable":true,"href":"https:\/\/www.celttv.com.ar\/index.php\/wp-json\/wp\/v2\/categories?post=16976"},{"taxonomy":"post_tag","embeddable":true,"href":"https:\/\/www.celttv.com.ar\/index.php\/wp-json\/wp\/v2\/tags?post=16976"}],"curies":[{"name":"wp","href":"https:\/\/api.w.org\/{rel}","templated":true}]}}