{"id":17033,"date":"2014-01-22T20:03:53","date_gmt":"2014-01-22T20:03:53","guid":{"rendered":"http:\/\/www.tvcnoticias.com.ar\/?p=17033"},"modified":"2014-01-22T20:03:53","modified_gmt":"2014-01-22T20:03:53","slug":"se-noto-el-animo-de-contribuir-en-mejorar-la-villa-dijo-anabela-maduena-luego-de-reunirse-con-vecinos-de-villa-ventana","status":"publish","type":"post","link":"https:\/\/www.celttv.com.ar\/index.php\/2014\/01\/22\/se-noto-el-animo-de-contribuir-en-mejorar-la-villa-dijo-anabela-maduena-luego-de-reunirse-con-vecinos-de-villa-ventana\/","title":{"rendered":"&#8220;SE NOTO EL ANIMO DE CONTRIBUIR EN MEJORAR LA VILLA&#8221; Dijo Anabela Madue\u00f1a luego de reunirse con vecinos de Villa Ventana"},"content":{"rendered":"<p><a href=\"http:\/\/www.youtube.com\/watch?v=KuiqkzggLe8\">httpv:\/\/www.youtube.com\/watch?v=KuiqkzggLe8<\/a><br \/>\nVecinos de Villa Ventana llegaron el pasado lunes hasta el Municipio a presentar sus inquietudes, no exentos de cr\u00edticas hacia el actual delegado municipal, donde fueron recibidos por la Secretaria de Obras P\u00fablicas del Municipio Anabela Madue\u00f1a, quien nos dej\u00f3 su impresi\u00f3n luego de la larga charla mantenida.<br \/>\n&nbsp;<\/p>\n","protected":false},"excerpt":{"rendered":"<p>httpv:\/\/www.youtube.com\/watch?v=KuiqkzggLe8 Vecinos de Villa Ventana llegaron el pasado lunes hasta el Municipio a presentar sus inquietudes, no exentos de cr\u00edticas hacia el actual delegado municipal, donde fueron recibidos por la Secretaria de Obras P\u00fablicas del Municipio Anabela Madue\u00f1a, quien nos dej\u00f3 su impresi\u00f3n luego de la larga charla mantenida. &nbsp;<\/p>\n","protected":false},"author":1,"featured_media":0,"comment_status":"closed","ping_status":"open","sticky":false,"template":"","format":"standard","meta":{"footnotes":""},"categories":[51,52,53,64],"tags":[],"class_list":["post-17033","post","type-post","status-publish","format-standard","hentry","category-comunidad","category-destacadas","category-politica","category-videos-destacados"],"yoast_head":"<!-- This site is optimized with the Yoast SEO plugin v19.7.1 - https:\/\/yoast.com\/wordpress\/plugins\/seo\/ -->\n<title>&quot;SE NOTO EL ANIMO DE CONTRIBUIR EN MEJORAR LA VILLA&quot; Dijo Anabela Madue\u00f1a luego de reunirse con vecinos de Villa Ventana - CELTTV<\/title>\n<meta name=\"description\" content=\"Sitio web de noticias de la localidad de Tornquist, provincia de Buenos Aires, Rep\u00fablica Argentina. Contenido propio originado por periodistas de CELTTV, el canal de TV local de la Cooperativa El\u00e9ctrica de Tornquist. Turismo, Pol\u00edtica, Sociedad, Deporte, Cultura y todo el contenido de inter\u00e9s general que la gente del pueblo y la regi\u00f3n debe conocer.\" \/>\n<meta name=\"robots\" content=\"index, follow, max-snippet:-1, max-image-preview:large, max-video-preview:-1\" \/>\n<link rel=\"canonical\" href=\"https:\/\/www.celttv.com.ar\/index.php\/2014\/01\/22\/se-noto-el-animo-de-contribuir-en-mejorar-la-villa-dijo-anabela-maduena-luego-de-reunirse-con-vecinos-de-villa-ventana\/\" \/>\n<meta property=\"og:locale\" content=\"es_ES\" \/>\n<meta property=\"og:type\" content=\"article\" \/>\n<meta property=\"og:title\" content=\"&quot;SE NOTO EL ANIMO DE CONTRIBUIR EN MEJORAR LA VILLA&quot; Dijo Anabela Madue\u00f1a luego de reunirse con vecinos de Villa Ventana - CELTTV\" \/>\n<meta property=\"og:description\" content=\"Sitio web de noticias de la localidad de Tornquist, provincia de Buenos Aires, Rep\u00fablica Argentina. Contenido propio originado por periodistas de CELTTV, el canal de TV local de la Cooperativa El\u00e9ctrica de Tornquist. Turismo, Pol\u00edtica, Sociedad, Deporte, Cultura y todo el contenido de inter\u00e9s general que la gente del pueblo y la regi\u00f3n debe conocer.\" \/>\n<meta property=\"og:url\" content=\"https:\/\/www.celttv.com.ar\/index.php\/2014\/01\/22\/se-noto-el-animo-de-contribuir-en-mejorar-la-villa-dijo-anabela-maduena-luego-de-reunirse-con-vecinos-de-villa-ventana\/\" \/>\n<meta property=\"og:site_name\" content=\"CELTTV\" \/>\n<meta property=\"article:publisher\" content=\"https:\/\/www.facebook.com\/celtTV\/\" \/>\n<meta property=\"article:published_time\" content=\"2014-01-22T20:03:53+00:00\" \/>\n<meta name=\"author\" content=\"ulises\" \/>\n<meta name=\"twitter:card\" content=\"summary_large_image\" \/>\n<meta name=\"twitter:label1\" content=\"Escrito por\" \/>\n\t<meta name=\"twitter:data1\" content=\"ulises\" \/>\n<script type=\"application\/ld+json\" class=\"yoast-schema-graph\">{\"@context\":\"https:\/\/schema.org\",\"@graph\":[{\"@type\":\"NewsArticle\",\"@id\":\"https:\/\/www.celttv.com.ar\/index.php\/2014\/01\/22\/se-noto-el-animo-de-contribuir-en-mejorar-la-villa-dijo-anabela-maduena-luego-de-reunirse-con-vecinos-de-villa-ventana\/#article\",\"isPartOf\":{\"@id\":\"https:\/\/www.celttv.com.ar\/index.php\/2014\/01\/22\/se-noto-el-animo-de-contribuir-en-mejorar-la-villa-dijo-anabela-maduena-luego-de-reunirse-con-vecinos-de-villa-ventana\/\"},\"author\":{\"name\":\"ulises\",\"@id\":\"https:\/\/www.celttv.com.ar\/#\/schema\/person\/6d99c072dba59953809c81446e9d0ace\"},\"headline\":\"&#8220;SE NOTO EL ANIMO DE CONTRIBUIR EN MEJORAR LA VILLA&#8221; Dijo Anabela Madue\u00f1a luego de reunirse con vecinos de Villa Ventana\",\"datePublished\":\"2014-01-22T20:03:53+00:00\",\"dateModified\":\"2014-01-22T20:03:53+00:00\",\"mainEntityOfPage\":{\"@id\":\"https:\/\/www.celttv.com.ar\/index.php\/2014\/01\/22\/se-noto-el-animo-de-contribuir-en-mejorar-la-villa-dijo-anabela-maduena-luego-de-reunirse-con-vecinos-de-villa-ventana\/\"},\"wordCount\":82,\"publisher\":{\"@id\":\"https:\/\/www.celttv.com.ar\/#organization\"},\"articleSection\":[\"Comunidad\",\"Destacadas\",\"Pol\u00edtica\",\"Videos Destacados\"],\"inLanguage\":\"es\"},{\"@type\":\"WebPage\",\"@id\":\"https:\/\/www.celttv.com.ar\/index.php\/2014\/01\/22\/se-noto-el-animo-de-contribuir-en-mejorar-la-villa-dijo-anabela-maduena-luego-de-reunirse-con-vecinos-de-villa-ventana\/\",\"url\":\"https:\/\/www.celttv.com.ar\/index.php\/2014\/01\/22\/se-noto-el-animo-de-contribuir-en-mejorar-la-villa-dijo-anabela-maduena-luego-de-reunirse-con-vecinos-de-villa-ventana\/\",\"name\":\"\\\"SE NOTO EL ANIMO DE CONTRIBUIR EN MEJORAR LA VILLA\\\" Dijo Anabela Madue\u00f1a luego de reunirse con vecinos de Villa Ventana - CELTTV\",\"isPartOf\":{\"@id\":\"https:\/\/www.celttv.com.ar\/#website\"},\"datePublished\":\"2014-01-22T20:03:53+00:00\",\"dateModified\":\"2014-01-22T20:03:53+00:00\",\"description\":\"Sitio web de noticias de la localidad de Tornquist, provincia de Buenos Aires, Rep\u00fablica Argentina. Contenido propio originado por periodistas de CELTTV, el canal de TV local de la Cooperativa El\u00e9ctrica de Tornquist. Turismo, Pol\u00edtica, Sociedad, Deporte, Cultura y todo el contenido de inter\u00e9s general que la gente del pueblo y la regi\u00f3n debe conocer.\",\"breadcrumb\":{\"@id\":\"https:\/\/www.celttv.com.ar\/index.php\/2014\/01\/22\/se-noto-el-animo-de-contribuir-en-mejorar-la-villa-dijo-anabela-maduena-luego-de-reunirse-con-vecinos-de-villa-ventana\/#breadcrumb\"},\"inLanguage\":\"es\",\"potentialAction\":[{\"@type\":\"ReadAction\",\"target\":[\"https:\/\/www.celttv.com.ar\/index.php\/2014\/01\/22\/se-noto-el-animo-de-contribuir-en-mejorar-la-villa-dijo-anabela-maduena-luego-de-reunirse-con-vecinos-de-villa-ventana\/\"]}]},{\"@type\":\"BreadcrumbList\",\"@id\":\"https:\/\/www.celttv.com.ar\/index.php\/2014\/01\/22\/se-noto-el-animo-de-contribuir-en-mejorar-la-villa-dijo-anabela-maduena-luego-de-reunirse-con-vecinos-de-villa-ventana\/#breadcrumb\",\"itemListElement\":[{\"@type\":\"ListItem\",\"position\":1,\"name\":\"Inicio\",\"item\":\"https:\/\/www.celttv.com.ar\/\"},{\"@type\":\"ListItem\",\"position\":2,\"name\":\"&#8220;SE NOTO EL ANIMO DE CONTRIBUIR EN MEJORAR LA VILLA&#8221; Dijo Anabela Madue\u00f1a luego de reunirse con vecinos de Villa Ventana\"}]},{\"@type\":\"WebSite\",\"@id\":\"https:\/\/www.celttv.com.ar\/#website\",\"url\":\"https:\/\/www.celttv.com.ar\/\",\"name\":\"CELTTV\",\"description\":\"Cooperativa El\u00e9ctrica de Tornquist\",\"publisher\":{\"@id\":\"https:\/\/www.celttv.com.ar\/#organization\"},\"potentialAction\":[{\"@type\":\"SearchAction\",\"target\":{\"@type\":\"EntryPoint\",\"urlTemplate\":\"https:\/\/www.celttv.com.ar\/?s={search_term_string}\"},\"query-input\":\"required name=search_term_string\"}],\"inLanguage\":\"es\"},{\"@type\":\"Organization\",\"@id\":\"https:\/\/www.celttv.com.ar\/#organization\",\"name\":\"CELTTV\",\"url\":\"https:\/\/www.celttv.com.ar\/\",\"sameAs\":[\"https:\/\/www.youtube.com\/channel\/UCz_oIt8Hig64Ub-EmcNPIhg\",\"https:\/\/www.facebook.com\/celtTV\/\"],\"logo\":{\"@type\":\"ImageObject\",\"inLanguage\":\"es\",\"@id\":\"https:\/\/www.celttv.com.ar\/#\/schema\/logo\/image\/\",\"url\":\"http:\/\/www.celttv.com.ar\/wp-content\/uploads\/2022\/08\/logo-1.png\",\"contentUrl\":\"http:\/\/www.celttv.com.ar\/wp-content\/uploads\/2022\/08\/logo-1.png\",\"width\":461,\"height\":159,\"caption\":\"CELTTV\"},\"image\":{\"@id\":\"https:\/\/www.celttv.com.ar\/#\/schema\/logo\/image\/\"}},{\"@type\":\"Person\",\"@id\":\"https:\/\/www.celttv.com.ar\/#\/schema\/person\/6d99c072dba59953809c81446e9d0ace\",\"name\":\"ulises\",\"image\":{\"@type\":\"ImageObject\",\"inLanguage\":\"es\",\"@id\":\"https:\/\/www.celttv.com.ar\/#\/schema\/person\/image\/\",\"url\":\"https:\/\/secure.gravatar.com\/avatar\/7f2c48bdc33b30088f941fb6082e555f2874c98e20cb159d7b92b50eadfce793?s=96&d=mm&r=g\",\"contentUrl\":\"https:\/\/secure.gravatar.com\/avatar\/7f2c48bdc33b30088f941fb6082e555f2874c98e20cb159d7b92b50eadfce793?s=96&d=mm&r=g\",\"caption\":\"ulises\"},\"sameAs\":[\"http:\/\/www.celttv.com.ar\"]}]}<\/script>\n<!-- \/ Yoast SEO plugin. -->","yoast_head_json":{"title":"\"SE NOTO EL ANIMO DE CONTRIBUIR EN MEJORAR LA VILLA\" Dijo Anabela Madue\u00f1a luego de reunirse con vecinos de Villa Ventana - CELTTV","description":"Sitio web de noticias de la localidad de Tornquist, provincia de Buenos Aires, Rep\u00fablica Argentina. Contenido propio originado por periodistas de CELTTV, el canal de TV local de la Cooperativa El\u00e9ctrica de Tornquist. Turismo, Pol\u00edtica, Sociedad, Deporte, Cultura y todo el contenido de inter\u00e9s general que la gente del pueblo y la regi\u00f3n debe conocer.","robots":{"index":"index","follow":"follow","max-snippet":"max-snippet:-1","max-image-preview":"max-image-preview:large","max-video-preview":"max-video-preview:-1"},"canonical":"https:\/\/www.celttv.com.ar\/index.php\/2014\/01\/22\/se-noto-el-animo-de-contribuir-en-mejorar-la-villa-dijo-anabela-maduena-luego-de-reunirse-con-vecinos-de-villa-ventana\/","og_locale":"es_ES","og_type":"article","og_title":"\"SE NOTO EL ANIMO DE CONTRIBUIR EN MEJORAR LA VILLA\" Dijo Anabela Madue\u00f1a luego de reunirse con vecinos de Villa Ventana - CELTTV","og_description":"Sitio web de noticias de la localidad de Tornquist, provincia de Buenos Aires, Rep\u00fablica Argentina. Contenido propio originado por periodistas de CELTTV, el canal de TV local de la Cooperativa El\u00e9ctrica de Tornquist. Turismo, Pol\u00edtica, Sociedad, Deporte, Cultura y todo el contenido de inter\u00e9s general que la gente del pueblo y la regi\u00f3n debe conocer.","og_url":"https:\/\/www.celttv.com.ar\/index.php\/2014\/01\/22\/se-noto-el-animo-de-contribuir-en-mejorar-la-villa-dijo-anabela-maduena-luego-de-reunirse-con-vecinos-de-villa-ventana\/","og_site_name":"CELTTV","article_publisher":"https:\/\/www.facebook.com\/celtTV\/","article_published_time":"2014-01-22T20:03:53+00:00","author":"ulises","twitter_card":"summary_large_image","twitter_misc":{"Escrito por":"ulises"},"schema":{"@context":"https:\/\/schema.org","@graph":[{"@type":"NewsArticle","@id":"https:\/\/www.celttv.com.ar\/index.php\/2014\/01\/22\/se-noto-el-animo-de-contribuir-en-mejorar-la-villa-dijo-anabela-maduena-luego-de-reunirse-con-vecinos-de-villa-ventana\/#article","isPartOf":{"@id":"https:\/\/www.celttv.com.ar\/index.php\/2014\/01\/22\/se-noto-el-animo-de-contribuir-en-mejorar-la-villa-dijo-anabela-maduena-luego-de-reunirse-con-vecinos-de-villa-ventana\/"},"author":{"name":"ulises","@id":"https:\/\/www.celttv.com.ar\/#\/schema\/person\/6d99c072dba59953809c81446e9d0ace"},"headline":"&#8220;SE NOTO EL ANIMO DE CONTRIBUIR EN MEJORAR LA VILLA&#8221; Dijo Anabela Madue\u00f1a luego de reunirse con vecinos de Villa Ventana","datePublished":"2014-01-22T20:03:53+00:00","dateModified":"2014-01-22T20:03:53+00:00","mainEntityOfPage":{"@id":"https:\/\/www.celttv.com.ar\/index.php\/2014\/01\/22\/se-noto-el-animo-de-contribuir-en-mejorar-la-villa-dijo-anabela-maduena-luego-de-reunirse-con-vecinos-de-villa-ventana\/"},"wordCount":82,"publisher":{"@id":"https:\/\/www.celttv.com.ar\/#organization"},"articleSection":["Comunidad","Destacadas","Pol\u00edtica","Videos Destacados"],"inLanguage":"es"},{"@type":"WebPage","@id":"https:\/\/www.celttv.com.ar\/index.php\/2014\/01\/22\/se-noto-el-animo-de-contribuir-en-mejorar-la-villa-dijo-anabela-maduena-luego-de-reunirse-con-vecinos-de-villa-ventana\/","url":"https:\/\/www.celttv.com.ar\/index.php\/2014\/01\/22\/se-noto-el-animo-de-contribuir-en-mejorar-la-villa-dijo-anabela-maduena-luego-de-reunirse-con-vecinos-de-villa-ventana\/","name":"\"SE NOTO EL ANIMO DE CONTRIBUIR EN MEJORAR LA VILLA\" Dijo Anabela Madue\u00f1a luego de reunirse con vecinos de Villa Ventana - CELTTV","isPartOf":{"@id":"https:\/\/www.celttv.com.ar\/#website"},"datePublished":"2014-01-22T20:03:53+00:00","dateModified":"2014-01-22T20:03:53+00:00","description":"Sitio web de noticias de la localidad de Tornquist, provincia de Buenos Aires, Rep\u00fablica Argentina. Contenido propio originado por periodistas de CELTTV, el canal de TV local de la Cooperativa El\u00e9ctrica de Tornquist. Turismo, Pol\u00edtica, Sociedad, Deporte, Cultura y todo el contenido de inter\u00e9s general que la gente del pueblo y la regi\u00f3n debe conocer.","breadcrumb":{"@id":"https:\/\/www.celttv.com.ar\/index.php\/2014\/01\/22\/se-noto-el-animo-de-contribuir-en-mejorar-la-villa-dijo-anabela-maduena-luego-de-reunirse-con-vecinos-de-villa-ventana\/#breadcrumb"},"inLanguage":"es","potentialAction":[{"@type":"ReadAction","target":["https:\/\/www.celttv.com.ar\/index.php\/2014\/01\/22\/se-noto-el-animo-de-contribuir-en-mejorar-la-villa-dijo-anabela-maduena-luego-de-reunirse-con-vecinos-de-villa-ventana\/"]}]},{"@type":"BreadcrumbList","@id":"https:\/\/www.celttv.com.ar\/index.php\/2014\/01\/22\/se-noto-el-animo-de-contribuir-en-mejorar-la-villa-dijo-anabela-maduena-luego-de-reunirse-con-vecinos-de-villa-ventana\/#breadcrumb","itemListElement":[{"@type":"ListItem","position":1,"name":"Inicio","item":"https:\/\/www.celttv.com.ar\/"},{"@type":"ListItem","position":2,"name":"&#8220;SE NOTO EL ANIMO DE CONTRIBUIR EN MEJORAR LA VILLA&#8221; Dijo Anabela Madue\u00f1a luego de reunirse con vecinos de Villa Ventana"}]},{"@type":"WebSite","@id":"https:\/\/www.celttv.com.ar\/#website","url":"https:\/\/www.celttv.com.ar\/","name":"CELTTV","description":"Cooperativa El\u00e9ctrica de Tornquist","publisher":{"@id":"https:\/\/www.celttv.com.ar\/#organization"},"potentialAction":[{"@type":"SearchAction","target":{"@type":"EntryPoint","urlTemplate":"https:\/\/www.celttv.com.ar\/?s={search_term_string}"},"query-input":"required name=search_term_string"}],"inLanguage":"es"},{"@type":"Organization","@id":"https:\/\/www.celttv.com.ar\/#organization","name":"CELTTV","url":"https:\/\/www.celttv.com.ar\/","sameAs":["https:\/\/www.youtube.com\/channel\/UCz_oIt8Hig64Ub-EmcNPIhg","https:\/\/www.facebook.com\/celtTV\/"],"logo":{"@type":"ImageObject","inLanguage":"es","@id":"https:\/\/www.celttv.com.ar\/#\/schema\/logo\/image\/","url":"http:\/\/www.celttv.com.ar\/wp-content\/uploads\/2022\/08\/logo-1.png","contentUrl":"http:\/\/www.celttv.com.ar\/wp-content\/uploads\/2022\/08\/logo-1.png","width":461,"height":159,"caption":"CELTTV"},"image":{"@id":"https:\/\/www.celttv.com.ar\/#\/schema\/logo\/image\/"}},{"@type":"Person","@id":"https:\/\/www.celttv.com.ar\/#\/schema\/person\/6d99c072dba59953809c81446e9d0ace","name":"ulises","image":{"@type":"ImageObject","inLanguage":"es","@id":"https:\/\/www.celttv.com.ar\/#\/schema\/person\/image\/","url":"https:\/\/secure.gravatar.com\/avatar\/7f2c48bdc33b30088f941fb6082e555f2874c98e20cb159d7b92b50eadfce793?s=96&d=mm&r=g","contentUrl":"https:\/\/secure.gravatar.com\/avatar\/7f2c48bdc33b30088f941fb6082e555f2874c98e20cb159d7b92b50eadfce793?s=96&d=mm&r=g","caption":"ulises"},"sameAs":["http:\/\/www.celttv.com.ar"]}]}},"_links":{"self":[{"href":"https:\/\/www.celttv.com.ar\/index.php\/wp-json\/wp\/v2\/posts\/17033","targetHints":{"allow":["GET"]}}],"collection":[{"href":"https:\/\/www.celttv.com.ar\/index.php\/wp-json\/wp\/v2\/posts"}],"about":[{"href":"https:\/\/www.celttv.com.ar\/index.php\/wp-json\/wp\/v2\/types\/post"}],"author":[{"embeddable":true,"href":"https:\/\/www.celttv.com.ar\/index.php\/wp-json\/wp\/v2\/users\/1"}],"replies":[{"embeddable":true,"href":"https:\/\/www.celttv.com.ar\/index.php\/wp-json\/wp\/v2\/comments?post=17033"}],"version-history":[{"count":0,"href":"https:\/\/www.celttv.com.ar\/index.php\/wp-json\/wp\/v2\/posts\/17033\/revisions"}],"wp:attachment":[{"href":"https:\/\/www.celttv.com.ar\/index.php\/wp-json\/wp\/v2\/media?parent=17033"}],"wp:term":[{"taxonomy":"category","embeddable":true,"href":"https:\/\/www.celttv.com.ar\/index.php\/wp-json\/wp\/v2\/categories?post=17033"},{"taxonomy":"post_tag","embeddable":true,"href":"https:\/\/www.celttv.com.ar\/index.php\/wp-json\/wp\/v2\/tags?post=17033"}],"curies":[{"name":"wp","href":"https:\/\/api.w.org\/{rel}","templated":true}]}}