{"id":17045,"date":"2014-01-23T20:22:15","date_gmt":"2014-01-23T20:22:15","guid":{"rendered":"http:\/\/www.tvcnoticias.com.ar\/?p=17045"},"modified":"2014-01-23T20:22:15","modified_gmt":"2014-01-23T20:22:15","slug":"el-centro-de-dia-recibio-el-dinero-para-equipar-el-hogar-de-noche-notas-en-audio","status":"publish","type":"post","link":"https:\/\/www.celttv.com.ar\/index.php\/2014\/01\/23\/el-centro-de-dia-recibio-el-dinero-para-equipar-el-hogar-de-noche-notas-en-audio\/","title":{"rendered":"EL CENTRO DE DIA RECIBIO EL DINERO PARA EQUIPAR EL HOGAR DE NOCHE (Notas en audio)"},"content":{"rendered":"<p><img loading=\"lazy\" decoding=\"async\" class=\"aligncenter size-medium wp-image-17047\" title=\"1446 - CENTRO DE DIA (Medium)\" src=\"http:\/\/www.tvcnoticias.com.ar\/wp-content\/uploads\/2014\/01\/1446-CENTRO-DE-DIA-Medium-450x313.jpg\" alt=\"\" width=\"450\" height=\"313\" \/>El 2014 comenz\u00f3 de la mejor manera para el Centro de D\u00eda de Tornquist. En las \u00faltimas horas, el Ministerio de Desarrollo Social de la Naci\u00f3n deposit\u00f3 400.456 pesos para la adquisici\u00f3n del equipamiento necesario para el futuro Hogar de Noche, que se encuentra en su \u00faltima etapa de construcci\u00f3n.<br \/>\nLa muy buena noticia se conoci\u00f3 durante una reuni\u00f3n en la cual el intendente municipal, licenciado Gustavo Trankels, recibi\u00f3 al presidente de la mencionada entidad, Arecio Minuj\u00edn, y la secretaria, Elsa Kaltenbach.<br \/>\n\u201cEstoy compartiendo la felicidad con la gente del Centro de D\u00eda. Se trata de un proyecto en el cual ven\u00edamos trabajando hace tiempo y por el cual el Ministerio de Desarrollo Social de la Naci\u00f3n se hab\u00eda comprometido a aportar los fondos correspondientes\u201d, enfatiz\u00f3 Trankels, quien realiz\u00f3 las gestiones pertinentes.<br \/>\n\u201cDespu\u00e9s de una intensa tarea de la gente de la comisi\u00f3n del Centro, tocamos la puerta de la ministra Alicia Kirchner, quien se comprometi\u00f3 con nosotros con la firma de un convenio y, en un breve lapso, ya tenemos el dinero depositado en la cuenta para poder comprar todo lo que nos hab\u00edamos propuesto en el proyecto\u201d, explic\u00f3.<br \/>\nEl jefe comunal agradeci\u00f3 el compromiso y la respuesta brindada por la ministra Kirchner y su equipo de trabajo, al tiempo que destac\u00f3 el trabajo que realizan todos quienes integran la instituci\u00f3n.<br \/>\n\u201cTodo tiene un fin muy noble, pero para lograrlo hacen falta recursos y administrarlos. En eso, la comunidad de Tornquist ha sido muy generosa y la garra que le puso la gente que pas\u00f3 por la comisi\u00f3n result\u00f3 important\u00edsima. Para nosotros es un orgullo poder acompa\u00f1arlos y poner un granito de arena en ese camino. Son las cosas lindas que tiene la gesti\u00f3n\u201d, se\u00f1al\u00f3.<br \/>\nMinuj\u00edn confi\u00f3 que se encuentran muy cerca de culminar la importante obra, que ampliar\u00e1 los servicios del Centro de D\u00eda.<br \/>\n\u201cEntre la rifa que tenemos en marcha, m\u00e1s los 400 mil pesos otorgados por el Ministerio de Desarrollo Social de la Naci\u00f3n, tenemos todo el dinero necesario para terminar la construcci\u00f3n. Calculamos que no tardaremos m\u00e1s de 60 d\u00edas\u201d, consider\u00f3.<br \/>\n\u201cHay mucha gente que colabor\u00f3 desinteresadamente\u201d, dijo y agradeci\u00f3 a los funcionarios nacionales, el intendente Trankels y muy especialmente a la comunidad.<br \/>\n\u201cYa estamos pidiendo los presupuestos para adquirir el equipamiento. La intenci\u00f3n es comprar en Tornquist la mayor cantidad posible\u201d, explic\u00f3.<br \/>\nEn el mismo sentido se manifest\u00f3 Kaltenbach, visiblemente emocionada por la partida de dinero que permitir\u00e1 equipar el mencionado hogar.<br \/>\n\u201cCon la ayuda de los medios, la comunidad, los padres, el personal, la comisi\u00f3n directiva y el intendente, las cosas fueron saliendo. Hay un esfuerzo muy grande, pero somos totalmente felices de hacerlo. Nos sentimos orgullosos del rol que estamos cumpliendo a nivel distrito\u201d, manifest\u00f3.<br \/>\nEl Centro de D\u00eda comenz\u00f3 el a\u00f1o de la mejor manera. La noticia dej\u00f3 un claro mensaje: trabajando juntos se pueden conseguir los objetivos planteados.<br \/>\n[audio:http:\/\/www.tvcnoticias.com.ar\/wp-content\/uploads\/2014\/01\/DEPOSITARON-EL-DINERO-PARA-EQUIPAR-EL-HOGAR-DE-NOCHE.mp3|titles=DEPOSITARON EL DINERO PARA EQUIPAR EL HOGAR DE NOCHE]<br \/>\n&nbsp;<\/p>\n","protected":false},"excerpt":{"rendered":"<p>El 2014 comenz\u00f3 de la mejor manera para el Centro de D\u00eda de Tornquist. En las \u00faltimas horas, el Ministerio de Desarrollo Social de la Naci\u00f3n deposit\u00f3 400.456 pesos para la adquisici\u00f3n del equipamiento necesario para el futuro Hogar de Noche, que se encuentra en su \u00faltima etapa de construcci\u00f3n. La muy buena noticia se [&hellip;]<\/p>\n","protected":false},"author":1,"featured_media":0,"comment_status":"closed","ping_status":"open","sticky":false,"template":"","format":"standard","meta":{"footnotes":""},"categories":[51,52,53],"tags":[],"class_list":["post-17045","post","type-post","status-publish","format-standard","hentry","category-comunidad","category-destacadas","category-politica"],"yoast_head":"<!-- This site is optimized with the Yoast SEO plugin v19.7.1 - https:\/\/yoast.com\/wordpress\/plugins\/seo\/ -->\n<title>EL CENTRO DE DIA RECIBIO EL DINERO PARA EQUIPAR EL HOGAR DE NOCHE (Notas en audio) - CELTTV<\/title>\n<meta name=\"description\" content=\"Sitio web de noticias de la localidad de Tornquist, provincia de Buenos Aires, Rep\u00fablica Argentina. Contenido propio originado por periodistas de CELTTV, el canal de TV local de la Cooperativa El\u00e9ctrica de Tornquist. Turismo, Pol\u00edtica, Sociedad, Deporte, Cultura y todo el contenido de inter\u00e9s general que la gente del pueblo y la regi\u00f3n debe conocer.\" \/>\n<meta name=\"robots\" content=\"index, follow, max-snippet:-1, max-image-preview:large, max-video-preview:-1\" \/>\n<link rel=\"canonical\" href=\"https:\/\/www.celttv.com.ar\/index.php\/2014\/01\/23\/el-centro-de-dia-recibio-el-dinero-para-equipar-el-hogar-de-noche-notas-en-audio\/\" \/>\n<meta property=\"og:locale\" content=\"es_ES\" \/>\n<meta property=\"og:type\" content=\"article\" \/>\n<meta property=\"og:title\" content=\"EL CENTRO DE DIA RECIBIO EL DINERO PARA EQUIPAR EL HOGAR DE NOCHE (Notas en audio) - CELTTV\" \/>\n<meta property=\"og:description\" content=\"Sitio web de noticias de la localidad de Tornquist, provincia de Buenos Aires, Rep\u00fablica Argentina. Contenido propio originado por periodistas de CELTTV, el canal de TV local de la Cooperativa El\u00e9ctrica de Tornquist. Turismo, Pol\u00edtica, Sociedad, Deporte, Cultura y todo el contenido de inter\u00e9s general que la gente del pueblo y la regi\u00f3n debe conocer.\" \/>\n<meta property=\"og:url\" content=\"https:\/\/www.celttv.com.ar\/index.php\/2014\/01\/23\/el-centro-de-dia-recibio-el-dinero-para-equipar-el-hogar-de-noche-notas-en-audio\/\" \/>\n<meta property=\"og:site_name\" content=\"CELTTV\" \/>\n<meta property=\"article:publisher\" content=\"https:\/\/www.facebook.com\/celtTV\/\" \/>\n<meta property=\"article:published_time\" content=\"2014-01-23T20:22:15+00:00\" \/>\n<meta property=\"og:image\" content=\"http:\/\/www.tvcnoticias.com.ar\/wp-content\/uploads\/2014\/01\/1446-CENTRO-DE-DIA-Medium-450x313.jpg\" \/>\n<meta name=\"author\" content=\"ulises\" \/>\n<meta name=\"twitter:card\" content=\"summary_large_image\" \/>\n<meta name=\"twitter:label1\" content=\"Escrito por\" \/>\n\t<meta name=\"twitter:data1\" content=\"ulises\" \/>\n\t<meta name=\"twitter:label2\" content=\"Tiempo de lectura\" \/>\n\t<meta name=\"twitter:data2\" content=\"3 minutos\" \/>\n<script type=\"application\/ld+json\" class=\"yoast-schema-graph\">{\"@context\":\"https:\/\/schema.org\",\"@graph\":[{\"@type\":\"NewsArticle\",\"@id\":\"https:\/\/www.celttv.com.ar\/index.php\/2014\/01\/23\/el-centro-de-dia-recibio-el-dinero-para-equipar-el-hogar-de-noche-notas-en-audio\/#article\",\"isPartOf\":{\"@id\":\"https:\/\/www.celttv.com.ar\/index.php\/2014\/01\/23\/el-centro-de-dia-recibio-el-dinero-para-equipar-el-hogar-de-noche-notas-en-audio\/\"},\"author\":{\"name\":\"ulises\",\"@id\":\"https:\/\/www.celttv.com.ar\/#\/schema\/person\/6d99c072dba59953809c81446e9d0ace\"},\"headline\":\"EL CENTRO DE DIA RECIBIO EL DINERO PARA EQUIPAR EL HOGAR DE NOCHE (Notas en audio)\",\"datePublished\":\"2014-01-23T20:22:15+00:00\",\"dateModified\":\"2014-01-23T20:22:15+00:00\",\"mainEntityOfPage\":{\"@id\":\"https:\/\/www.celttv.com.ar\/index.php\/2014\/01\/23\/el-centro-de-dia-recibio-el-dinero-para-equipar-el-hogar-de-noche-notas-en-audio\/\"},\"wordCount\":541,\"publisher\":{\"@id\":\"https:\/\/www.celttv.com.ar\/#organization\"},\"articleSection\":[\"Comunidad\",\"Destacadas\",\"Pol\u00edtica\"],\"inLanguage\":\"es\"},{\"@type\":\"WebPage\",\"@id\":\"https:\/\/www.celttv.com.ar\/index.php\/2014\/01\/23\/el-centro-de-dia-recibio-el-dinero-para-equipar-el-hogar-de-noche-notas-en-audio\/\",\"url\":\"https:\/\/www.celttv.com.ar\/index.php\/2014\/01\/23\/el-centro-de-dia-recibio-el-dinero-para-equipar-el-hogar-de-noche-notas-en-audio\/\",\"name\":\"EL CENTRO DE DIA RECIBIO EL DINERO PARA EQUIPAR EL HOGAR DE NOCHE (Notas en audio) - CELTTV\",\"isPartOf\":{\"@id\":\"https:\/\/www.celttv.com.ar\/#website\"},\"datePublished\":\"2014-01-23T20:22:15+00:00\",\"dateModified\":\"2014-01-23T20:22:15+00:00\",\"description\":\"Sitio web de noticias de la localidad de Tornquist, provincia de Buenos Aires, Rep\u00fablica Argentina. Contenido propio originado por periodistas de CELTTV, el canal de TV local de la Cooperativa El\u00e9ctrica de Tornquist. Turismo, Pol\u00edtica, Sociedad, Deporte, Cultura y todo el contenido de inter\u00e9s general que la gente del pueblo y la regi\u00f3n debe conocer.\",\"breadcrumb\":{\"@id\":\"https:\/\/www.celttv.com.ar\/index.php\/2014\/01\/23\/el-centro-de-dia-recibio-el-dinero-para-equipar-el-hogar-de-noche-notas-en-audio\/#breadcrumb\"},\"inLanguage\":\"es\",\"potentialAction\":[{\"@type\":\"ReadAction\",\"target\":[\"https:\/\/www.celttv.com.ar\/index.php\/2014\/01\/23\/el-centro-de-dia-recibio-el-dinero-para-equipar-el-hogar-de-noche-notas-en-audio\/\"]}]},{\"@type\":\"BreadcrumbList\",\"@id\":\"https:\/\/www.celttv.com.ar\/index.php\/2014\/01\/23\/el-centro-de-dia-recibio-el-dinero-para-equipar-el-hogar-de-noche-notas-en-audio\/#breadcrumb\",\"itemListElement\":[{\"@type\":\"ListItem\",\"position\":1,\"name\":\"Inicio\",\"item\":\"https:\/\/www.celttv.com.ar\/\"},{\"@type\":\"ListItem\",\"position\":2,\"name\":\"EL CENTRO DE DIA RECIBIO EL DINERO PARA EQUIPAR EL HOGAR DE NOCHE (Notas en audio)\"}]},{\"@type\":\"WebSite\",\"@id\":\"https:\/\/www.celttv.com.ar\/#website\",\"url\":\"https:\/\/www.celttv.com.ar\/\",\"name\":\"CELTTV\",\"description\":\"Cooperativa El\u00e9ctrica de Tornquist\",\"publisher\":{\"@id\":\"https:\/\/www.celttv.com.ar\/#organization\"},\"potentialAction\":[{\"@type\":\"SearchAction\",\"target\":{\"@type\":\"EntryPoint\",\"urlTemplate\":\"https:\/\/www.celttv.com.ar\/?s={search_term_string}\"},\"query-input\":\"required name=search_term_string\"}],\"inLanguage\":\"es\"},{\"@type\":\"Organization\",\"@id\":\"https:\/\/www.celttv.com.ar\/#organization\",\"name\":\"CELTTV\",\"url\":\"https:\/\/www.celttv.com.ar\/\",\"sameAs\":[\"https:\/\/www.youtube.com\/channel\/UCz_oIt8Hig64Ub-EmcNPIhg\",\"https:\/\/www.facebook.com\/celtTV\/\"],\"logo\":{\"@type\":\"ImageObject\",\"inLanguage\":\"es\",\"@id\":\"https:\/\/www.celttv.com.ar\/#\/schema\/logo\/image\/\",\"url\":\"http:\/\/www.celttv.com.ar\/wp-content\/uploads\/2022\/08\/logo-1.png\",\"contentUrl\":\"http:\/\/www.celttv.com.ar\/wp-content\/uploads\/2022\/08\/logo-1.png\",\"width\":461,\"height\":159,\"caption\":\"CELTTV\"},\"image\":{\"@id\":\"https:\/\/www.celttv.com.ar\/#\/schema\/logo\/image\/\"}},{\"@type\":\"Person\",\"@id\":\"https:\/\/www.celttv.com.ar\/#\/schema\/person\/6d99c072dba59953809c81446e9d0ace\",\"name\":\"ulises\",\"image\":{\"@type\":\"ImageObject\",\"inLanguage\":\"es\",\"@id\":\"https:\/\/www.celttv.com.ar\/#\/schema\/person\/image\/\",\"url\":\"https:\/\/secure.gravatar.com\/avatar\/7f2c48bdc33b30088f941fb6082e555f2874c98e20cb159d7b92b50eadfce793?s=96&d=mm&r=g\",\"contentUrl\":\"https:\/\/secure.gravatar.com\/avatar\/7f2c48bdc33b30088f941fb6082e555f2874c98e20cb159d7b92b50eadfce793?s=96&d=mm&r=g\",\"caption\":\"ulises\"},\"sameAs\":[\"http:\/\/www.celttv.com.ar\"]}]}<\/script>\n<!-- \/ Yoast SEO plugin. -->","yoast_head_json":{"title":"EL CENTRO DE DIA RECIBIO EL DINERO PARA EQUIPAR EL HOGAR DE NOCHE (Notas en audio) - CELTTV","description":"Sitio web de noticias de la localidad de Tornquist, provincia de Buenos Aires, Rep\u00fablica Argentina. Contenido propio originado por periodistas de CELTTV, el canal de TV local de la Cooperativa El\u00e9ctrica de Tornquist. Turismo, Pol\u00edtica, Sociedad, Deporte, Cultura y todo el contenido de inter\u00e9s general que la gente del pueblo y la regi\u00f3n debe conocer.","robots":{"index":"index","follow":"follow","max-snippet":"max-snippet:-1","max-image-preview":"max-image-preview:large","max-video-preview":"max-video-preview:-1"},"canonical":"https:\/\/www.celttv.com.ar\/index.php\/2014\/01\/23\/el-centro-de-dia-recibio-el-dinero-para-equipar-el-hogar-de-noche-notas-en-audio\/","og_locale":"es_ES","og_type":"article","og_title":"EL CENTRO DE DIA RECIBIO EL DINERO PARA EQUIPAR EL HOGAR DE NOCHE (Notas en audio) - CELTTV","og_description":"Sitio web de noticias de la localidad de Tornquist, provincia de Buenos Aires, Rep\u00fablica Argentina. Contenido propio originado por periodistas de CELTTV, el canal de TV local de la Cooperativa El\u00e9ctrica de Tornquist. Turismo, Pol\u00edtica, Sociedad, Deporte, Cultura y todo el contenido de inter\u00e9s general que la gente del pueblo y la regi\u00f3n debe conocer.","og_url":"https:\/\/www.celttv.com.ar\/index.php\/2014\/01\/23\/el-centro-de-dia-recibio-el-dinero-para-equipar-el-hogar-de-noche-notas-en-audio\/","og_site_name":"CELTTV","article_publisher":"https:\/\/www.facebook.com\/celtTV\/","article_published_time":"2014-01-23T20:22:15+00:00","og_image":[{"url":"http:\/\/www.tvcnoticias.com.ar\/wp-content\/uploads\/2014\/01\/1446-CENTRO-DE-DIA-Medium-450x313.jpg"}],"author":"ulises","twitter_card":"summary_large_image","twitter_misc":{"Escrito por":"ulises","Tiempo de lectura":"3 minutos"},"schema":{"@context":"https:\/\/schema.org","@graph":[{"@type":"NewsArticle","@id":"https:\/\/www.celttv.com.ar\/index.php\/2014\/01\/23\/el-centro-de-dia-recibio-el-dinero-para-equipar-el-hogar-de-noche-notas-en-audio\/#article","isPartOf":{"@id":"https:\/\/www.celttv.com.ar\/index.php\/2014\/01\/23\/el-centro-de-dia-recibio-el-dinero-para-equipar-el-hogar-de-noche-notas-en-audio\/"},"author":{"name":"ulises","@id":"https:\/\/www.celttv.com.ar\/#\/schema\/person\/6d99c072dba59953809c81446e9d0ace"},"headline":"EL CENTRO DE DIA RECIBIO EL DINERO PARA EQUIPAR EL HOGAR DE NOCHE (Notas en audio)","datePublished":"2014-01-23T20:22:15+00:00","dateModified":"2014-01-23T20:22:15+00:00","mainEntityOfPage":{"@id":"https:\/\/www.celttv.com.ar\/index.php\/2014\/01\/23\/el-centro-de-dia-recibio-el-dinero-para-equipar-el-hogar-de-noche-notas-en-audio\/"},"wordCount":541,"publisher":{"@id":"https:\/\/www.celttv.com.ar\/#organization"},"articleSection":["Comunidad","Destacadas","Pol\u00edtica"],"inLanguage":"es"},{"@type":"WebPage","@id":"https:\/\/www.celttv.com.ar\/index.php\/2014\/01\/23\/el-centro-de-dia-recibio-el-dinero-para-equipar-el-hogar-de-noche-notas-en-audio\/","url":"https:\/\/www.celttv.com.ar\/index.php\/2014\/01\/23\/el-centro-de-dia-recibio-el-dinero-para-equipar-el-hogar-de-noche-notas-en-audio\/","name":"EL CENTRO DE DIA RECIBIO EL DINERO PARA EQUIPAR EL HOGAR DE NOCHE (Notas en audio) - CELTTV","isPartOf":{"@id":"https:\/\/www.celttv.com.ar\/#website"},"datePublished":"2014-01-23T20:22:15+00:00","dateModified":"2014-01-23T20:22:15+00:00","description":"Sitio web de noticias de la localidad de Tornquist, provincia de Buenos Aires, Rep\u00fablica Argentina. Contenido propio originado por periodistas de CELTTV, el canal de TV local de la Cooperativa El\u00e9ctrica de Tornquist. Turismo, Pol\u00edtica, Sociedad, Deporte, Cultura y todo el contenido de inter\u00e9s general que la gente del pueblo y la regi\u00f3n debe conocer.","breadcrumb":{"@id":"https:\/\/www.celttv.com.ar\/index.php\/2014\/01\/23\/el-centro-de-dia-recibio-el-dinero-para-equipar-el-hogar-de-noche-notas-en-audio\/#breadcrumb"},"inLanguage":"es","potentialAction":[{"@type":"ReadAction","target":["https:\/\/www.celttv.com.ar\/index.php\/2014\/01\/23\/el-centro-de-dia-recibio-el-dinero-para-equipar-el-hogar-de-noche-notas-en-audio\/"]}]},{"@type":"BreadcrumbList","@id":"https:\/\/www.celttv.com.ar\/index.php\/2014\/01\/23\/el-centro-de-dia-recibio-el-dinero-para-equipar-el-hogar-de-noche-notas-en-audio\/#breadcrumb","itemListElement":[{"@type":"ListItem","position":1,"name":"Inicio","item":"https:\/\/www.celttv.com.ar\/"},{"@type":"ListItem","position":2,"name":"EL CENTRO DE DIA RECIBIO EL DINERO PARA EQUIPAR EL HOGAR DE NOCHE (Notas en audio)"}]},{"@type":"WebSite","@id":"https:\/\/www.celttv.com.ar\/#website","url":"https:\/\/www.celttv.com.ar\/","name":"CELTTV","description":"Cooperativa El\u00e9ctrica de Tornquist","publisher":{"@id":"https:\/\/www.celttv.com.ar\/#organization"},"potentialAction":[{"@type":"SearchAction","target":{"@type":"EntryPoint","urlTemplate":"https:\/\/www.celttv.com.ar\/?s={search_term_string}"},"query-input":"required name=search_term_string"}],"inLanguage":"es"},{"@type":"Organization","@id":"https:\/\/www.celttv.com.ar\/#organization","name":"CELTTV","url":"https:\/\/www.celttv.com.ar\/","sameAs":["https:\/\/www.youtube.com\/channel\/UCz_oIt8Hig64Ub-EmcNPIhg","https:\/\/www.facebook.com\/celtTV\/"],"logo":{"@type":"ImageObject","inLanguage":"es","@id":"https:\/\/www.celttv.com.ar\/#\/schema\/logo\/image\/","url":"http:\/\/www.celttv.com.ar\/wp-content\/uploads\/2022\/08\/logo-1.png","contentUrl":"http:\/\/www.celttv.com.ar\/wp-content\/uploads\/2022\/08\/logo-1.png","width":461,"height":159,"caption":"CELTTV"},"image":{"@id":"https:\/\/www.celttv.com.ar\/#\/schema\/logo\/image\/"}},{"@type":"Person","@id":"https:\/\/www.celttv.com.ar\/#\/schema\/person\/6d99c072dba59953809c81446e9d0ace","name":"ulises","image":{"@type":"ImageObject","inLanguage":"es","@id":"https:\/\/www.celttv.com.ar\/#\/schema\/person\/image\/","url":"https:\/\/secure.gravatar.com\/avatar\/7f2c48bdc33b30088f941fb6082e555f2874c98e20cb159d7b92b50eadfce793?s=96&d=mm&r=g","contentUrl":"https:\/\/secure.gravatar.com\/avatar\/7f2c48bdc33b30088f941fb6082e555f2874c98e20cb159d7b92b50eadfce793?s=96&d=mm&r=g","caption":"ulises"},"sameAs":["http:\/\/www.celttv.com.ar"]}]}},"_links":{"self":[{"href":"https:\/\/www.celttv.com.ar\/index.php\/wp-json\/wp\/v2\/posts\/17045","targetHints":{"allow":["GET"]}}],"collection":[{"href":"https:\/\/www.celttv.com.ar\/index.php\/wp-json\/wp\/v2\/posts"}],"about":[{"href":"https:\/\/www.celttv.com.ar\/index.php\/wp-json\/wp\/v2\/types\/post"}],"author":[{"embeddable":true,"href":"https:\/\/www.celttv.com.ar\/index.php\/wp-json\/wp\/v2\/users\/1"}],"replies":[{"embeddable":true,"href":"https:\/\/www.celttv.com.ar\/index.php\/wp-json\/wp\/v2\/comments?post=17045"}],"version-history":[{"count":0,"href":"https:\/\/www.celttv.com.ar\/index.php\/wp-json\/wp\/v2\/posts\/17045\/revisions"}],"wp:attachment":[{"href":"https:\/\/www.celttv.com.ar\/index.php\/wp-json\/wp\/v2\/media?parent=17045"}],"wp:term":[{"taxonomy":"category","embeddable":true,"href":"https:\/\/www.celttv.com.ar\/index.php\/wp-json\/wp\/v2\/categories?post=17045"},{"taxonomy":"post_tag","embeddable":true,"href":"https:\/\/www.celttv.com.ar\/index.php\/wp-json\/wp\/v2\/tags?post=17045"}],"curies":[{"name":"wp","href":"https:\/\/api.w.org\/{rel}","templated":true}]}}