{"id":17106,"date":"2014-01-27T20:35:45","date_gmt":"2014-01-27T20:35:45","guid":{"rendered":"http:\/\/www.tvcnoticias.com.ar\/?p=17106"},"modified":"2014-01-27T20:35:45","modified_gmt":"2014-01-27T20:35:45","slug":"la-campana-maltrato-cero-llego-a-nuestra-region","status":"publish","type":"post","link":"https:\/\/www.celttv.com.ar\/index.php\/2014\/01\/27\/la-campana-maltrato-cero-llego-a-nuestra-region\/","title":{"rendered":"LA CAMPA\u00d1A &#8220;MALTRATO CERO&#8221; LLEGO A NUESTRA REGION"},"content":{"rendered":"<p><br \/>\nLa campa\u00f1a \u201cReconoc\u00e9 las Se\u00f1ales \u2013 Maltrato Cero\u201d para la Sexta Secci\u00f3n Electoral, se puso en marcha en el balneario Cochic\u00f3, del distrito de Guamin\u00ed, con la presencia de la ministra de Gobierno de la provincia de Buenos Aires, Cristina \u00c1lvarez Rodr\u00edguez, y la intendenta interina de nuestro distrito, Mar\u00eda Ofelia Skolak.<br \/>\nLa jornada se desarroll\u00f3 en el anfiteatro \u201cPalito Ortega\u201d y tambi\u00e9n cont\u00f3 con la participaci\u00f3n de funcionarios del mencionado organismo provincial y los intendentes municipales de Guamin\u00ed (N\u00e9stor Alvarez) y Tres Lomas (Roberto Alvarez).<br \/>\nEsta pol\u00edtica de Estado es orientada desde el gobierno de Daniel Scioli, con la activa participaci\u00f3n del Consejo Provincial de las Mujeres, del Ministerio de Gobierno y el resto de las \u00e1reas que componen el ejecutivo bonaerense.<br \/>\nDespu\u00e9s de una ceremonia casi formal, se distribuyeron afiches en comercios de la villa tur\u00edstica y entre los m\u00e1s de 20 mil visitantes del lugar.<br \/>\n\u201cConvoco a todos a recorrer los lugares que hagan falta para decir basta de violencia, maltrato cero, s\u00ed a la paz. La paz que no es la ausencia de conflicto como dice el padrino de esta campa\u00f1a, Adolfo P\u00e9rez Esquivel, sino que es que haya conflictos y podamos superarlos dialogando, utilizando la palabra, porque la palabra salva y el amor no da\u00f1a\u201d, se\u00f1al\u00f3 \u00c1lvarez Rodr\u00edguez.<br \/>\n\u201cDebemos acercarnos a cada casa para que nunca m\u00e1s tengamos violencia. Vamos a erradicarla entre todos. Hoy, especialmente, para los m\u00e1s j\u00f3venes y para los que est\u00e1n viviendo esos noviazgos maravillosos, lo normal es el amor, el respeto y la confianza que podamos entregar. Aspiramos a una sociedad m\u00e1s equitativa para hombres y mujeres, donde podamos ser iguales en plenitud\u201d, ampli\u00f3.<br \/>\nAlvarez Rodr\u00edguez marc\u00f3 uno de los principales objetivos del programa.<br \/>\n\u201cEl gobernador Daniel Scioli nos pidi\u00f3 que extendamos esta campa\u00f1a a los 135 municipios de la provincia de Buenos Aires y en eso trabajaremos durante todo este a\u00f1o\u201d, explic\u00f3.<br \/>\nPor su parte, Skolak valor\u00f3 y destac\u00f3 la iniciativa sobre la cual viene trabajando el gobierno bonaerense y agradeci\u00f3 a la ministra Alvarez Rodr\u00edguez y al intendente de Guamin\u00ed, N\u00e9stor Alvarez.<br \/>\n&nbsp;<\/p>\n","protected":false},"excerpt":{"rendered":"<p>La campa\u00f1a \u201cReconoc\u00e9 las Se\u00f1ales \u2013 Maltrato Cero\u201d para la Sexta Secci\u00f3n Electoral, se puso en marcha en el balneario Cochic\u00f3, del distrito de Guamin\u00ed, con la presencia de la ministra de Gobierno de la provincia de Buenos Aires, Cristina \u00c1lvarez Rodr\u00edguez, y la intendenta interina de nuestro distrito, Mar\u00eda Ofelia Skolak. La jornada se [&hellip;]<\/p>\n","protected":false},"author":1,"featured_media":0,"comment_status":"closed","ping_status":"open","sticky":false,"template":"","format":"standard","meta":{"footnotes":""},"categories":[51,52,53],"tags":[],"class_list":["post-17106","post","type-post","status-publish","format-standard","hentry","category-comunidad","category-destacadas","category-politica"],"yoast_head":"<!-- This site is optimized with the Yoast SEO plugin v19.7.1 - https:\/\/yoast.com\/wordpress\/plugins\/seo\/ -->\n<title>LA CAMPA\u00d1A &quot;MALTRATO CERO&quot; LLEGO A NUESTRA REGION - CELTTV<\/title>\n<meta name=\"description\" content=\"Sitio web de noticias de la localidad de Tornquist, provincia de Buenos Aires, Rep\u00fablica Argentina. Contenido propio originado por periodistas de CELTTV, el canal de TV local de la Cooperativa El\u00e9ctrica de Tornquist. Turismo, Pol\u00edtica, Sociedad, Deporte, Cultura y todo el contenido de inter\u00e9s general que la gente del pueblo y la regi\u00f3n debe conocer.\" \/>\n<meta name=\"robots\" content=\"index, follow, max-snippet:-1, max-image-preview:large, max-video-preview:-1\" \/>\n<link rel=\"canonical\" href=\"https:\/\/www.celttv.com.ar\/index.php\/2014\/01\/27\/la-campana-maltrato-cero-llego-a-nuestra-region\/\" \/>\n<meta property=\"og:locale\" content=\"es_ES\" \/>\n<meta property=\"og:type\" content=\"article\" \/>\n<meta property=\"og:title\" content=\"LA CAMPA\u00d1A &quot;MALTRATO CERO&quot; LLEGO A NUESTRA REGION - CELTTV\" \/>\n<meta property=\"og:description\" content=\"Sitio web de noticias de la localidad de Tornquist, provincia de Buenos Aires, Rep\u00fablica Argentina. Contenido propio originado por periodistas de CELTTV, el canal de TV local de la Cooperativa El\u00e9ctrica de Tornquist. Turismo, Pol\u00edtica, Sociedad, Deporte, Cultura y todo el contenido de inter\u00e9s general que la gente del pueblo y la regi\u00f3n debe conocer.\" \/>\n<meta property=\"og:url\" content=\"https:\/\/www.celttv.com.ar\/index.php\/2014\/01\/27\/la-campana-maltrato-cero-llego-a-nuestra-region\/\" \/>\n<meta property=\"og:site_name\" content=\"CELTTV\" \/>\n<meta property=\"article:publisher\" content=\"https:\/\/www.facebook.com\/celtTV\/\" \/>\n<meta property=\"article:published_time\" content=\"2014-01-27T20:35:45+00:00\" \/>\n<meta name=\"author\" content=\"ulises\" \/>\n<meta name=\"twitter:card\" content=\"summary_large_image\" \/>\n<meta name=\"twitter:label1\" content=\"Escrito por\" \/>\n\t<meta name=\"twitter:data1\" content=\"ulises\" \/>\n\t<meta name=\"twitter:label2\" content=\"Tiempo de lectura\" \/>\n\t<meta name=\"twitter:data2\" content=\"2 minutos\" \/>\n<script type=\"application\/ld+json\" class=\"yoast-schema-graph\">{\"@context\":\"https:\/\/schema.org\",\"@graph\":[{\"@type\":\"NewsArticle\",\"@id\":\"https:\/\/www.celttv.com.ar\/index.php\/2014\/01\/27\/la-campana-maltrato-cero-llego-a-nuestra-region\/#article\",\"isPartOf\":{\"@id\":\"https:\/\/www.celttv.com.ar\/index.php\/2014\/01\/27\/la-campana-maltrato-cero-llego-a-nuestra-region\/\"},\"author\":{\"name\":\"ulises\",\"@id\":\"https:\/\/www.celttv.com.ar\/#\/schema\/person\/6d99c072dba59953809c81446e9d0ace\"},\"headline\":\"LA CAMPA\u00d1A &#8220;MALTRATO CERO&#8221; LLEGO A NUESTRA REGION\",\"datePublished\":\"2014-01-27T20:35:45+00:00\",\"dateModified\":\"2014-01-27T20:35:45+00:00\",\"mainEntityOfPage\":{\"@id\":\"https:\/\/www.celttv.com.ar\/index.php\/2014\/01\/27\/la-campana-maltrato-cero-llego-a-nuestra-region\/\"},\"wordCount\":383,\"publisher\":{\"@id\":\"https:\/\/www.celttv.com.ar\/#organization\"},\"articleSection\":[\"Comunidad\",\"Destacadas\",\"Pol\u00edtica\"],\"inLanguage\":\"es\"},{\"@type\":\"WebPage\",\"@id\":\"https:\/\/www.celttv.com.ar\/index.php\/2014\/01\/27\/la-campana-maltrato-cero-llego-a-nuestra-region\/\",\"url\":\"https:\/\/www.celttv.com.ar\/index.php\/2014\/01\/27\/la-campana-maltrato-cero-llego-a-nuestra-region\/\",\"name\":\"LA CAMPA\u00d1A \\\"MALTRATO CERO\\\" LLEGO A NUESTRA REGION - CELTTV\",\"isPartOf\":{\"@id\":\"https:\/\/www.celttv.com.ar\/#website\"},\"datePublished\":\"2014-01-27T20:35:45+00:00\",\"dateModified\":\"2014-01-27T20:35:45+00:00\",\"description\":\"Sitio web de noticias de la localidad de Tornquist, provincia de Buenos Aires, Rep\u00fablica Argentina. Contenido propio originado por periodistas de CELTTV, el canal de TV local de la Cooperativa El\u00e9ctrica de Tornquist. Turismo, Pol\u00edtica, Sociedad, Deporte, Cultura y todo el contenido de inter\u00e9s general que la gente del pueblo y la regi\u00f3n debe conocer.\",\"breadcrumb\":{\"@id\":\"https:\/\/www.celttv.com.ar\/index.php\/2014\/01\/27\/la-campana-maltrato-cero-llego-a-nuestra-region\/#breadcrumb\"},\"inLanguage\":\"es\",\"potentialAction\":[{\"@type\":\"ReadAction\",\"target\":[\"https:\/\/www.celttv.com.ar\/index.php\/2014\/01\/27\/la-campana-maltrato-cero-llego-a-nuestra-region\/\"]}]},{\"@type\":\"BreadcrumbList\",\"@id\":\"https:\/\/www.celttv.com.ar\/index.php\/2014\/01\/27\/la-campana-maltrato-cero-llego-a-nuestra-region\/#breadcrumb\",\"itemListElement\":[{\"@type\":\"ListItem\",\"position\":1,\"name\":\"Inicio\",\"item\":\"https:\/\/www.celttv.com.ar\/\"},{\"@type\":\"ListItem\",\"position\":2,\"name\":\"LA CAMPA\u00d1A &#8220;MALTRATO CERO&#8221; LLEGO A NUESTRA REGION\"}]},{\"@type\":\"WebSite\",\"@id\":\"https:\/\/www.celttv.com.ar\/#website\",\"url\":\"https:\/\/www.celttv.com.ar\/\",\"name\":\"CELTTV\",\"description\":\"Cooperativa El\u00e9ctrica de Tornquist\",\"publisher\":{\"@id\":\"https:\/\/www.celttv.com.ar\/#organization\"},\"potentialAction\":[{\"@type\":\"SearchAction\",\"target\":{\"@type\":\"EntryPoint\",\"urlTemplate\":\"https:\/\/www.celttv.com.ar\/?s={search_term_string}\"},\"query-input\":\"required name=search_term_string\"}],\"inLanguage\":\"es\"},{\"@type\":\"Organization\",\"@id\":\"https:\/\/www.celttv.com.ar\/#organization\",\"name\":\"CELTTV\",\"url\":\"https:\/\/www.celttv.com.ar\/\",\"sameAs\":[\"https:\/\/www.youtube.com\/channel\/UCz_oIt8Hig64Ub-EmcNPIhg\",\"https:\/\/www.facebook.com\/celtTV\/\"],\"logo\":{\"@type\":\"ImageObject\",\"inLanguage\":\"es\",\"@id\":\"https:\/\/www.celttv.com.ar\/#\/schema\/logo\/image\/\",\"url\":\"http:\/\/www.celttv.com.ar\/wp-content\/uploads\/2022\/08\/logo-1.png\",\"contentUrl\":\"http:\/\/www.celttv.com.ar\/wp-content\/uploads\/2022\/08\/logo-1.png\",\"width\":461,\"height\":159,\"caption\":\"CELTTV\"},\"image\":{\"@id\":\"https:\/\/www.celttv.com.ar\/#\/schema\/logo\/image\/\"}},{\"@type\":\"Person\",\"@id\":\"https:\/\/www.celttv.com.ar\/#\/schema\/person\/6d99c072dba59953809c81446e9d0ace\",\"name\":\"ulises\",\"image\":{\"@type\":\"ImageObject\",\"inLanguage\":\"es\",\"@id\":\"https:\/\/www.celttv.com.ar\/#\/schema\/person\/image\/\",\"url\":\"https:\/\/secure.gravatar.com\/avatar\/7f2c48bdc33b30088f941fb6082e555f2874c98e20cb159d7b92b50eadfce793?s=96&d=mm&r=g\",\"contentUrl\":\"https:\/\/secure.gravatar.com\/avatar\/7f2c48bdc33b30088f941fb6082e555f2874c98e20cb159d7b92b50eadfce793?s=96&d=mm&r=g\",\"caption\":\"ulises\"},\"sameAs\":[\"http:\/\/www.celttv.com.ar\"]}]}<\/script>\n<!-- \/ Yoast SEO plugin. -->","yoast_head_json":{"title":"LA CAMPA\u00d1A \"MALTRATO CERO\" LLEGO A NUESTRA REGION - CELTTV","description":"Sitio web de noticias de la localidad de Tornquist, provincia de Buenos Aires, Rep\u00fablica Argentina. Contenido propio originado por periodistas de CELTTV, el canal de TV local de la Cooperativa El\u00e9ctrica de Tornquist. Turismo, Pol\u00edtica, Sociedad, Deporte, Cultura y todo el contenido de inter\u00e9s general que la gente del pueblo y la regi\u00f3n debe conocer.","robots":{"index":"index","follow":"follow","max-snippet":"max-snippet:-1","max-image-preview":"max-image-preview:large","max-video-preview":"max-video-preview:-1"},"canonical":"https:\/\/www.celttv.com.ar\/index.php\/2014\/01\/27\/la-campana-maltrato-cero-llego-a-nuestra-region\/","og_locale":"es_ES","og_type":"article","og_title":"LA CAMPA\u00d1A \"MALTRATO CERO\" LLEGO A NUESTRA REGION - CELTTV","og_description":"Sitio web de noticias de la localidad de Tornquist, provincia de Buenos Aires, Rep\u00fablica Argentina. Contenido propio originado por periodistas de CELTTV, el canal de TV local de la Cooperativa El\u00e9ctrica de Tornquist. Turismo, Pol\u00edtica, Sociedad, Deporte, Cultura y todo el contenido de inter\u00e9s general que la gente del pueblo y la regi\u00f3n debe conocer.","og_url":"https:\/\/www.celttv.com.ar\/index.php\/2014\/01\/27\/la-campana-maltrato-cero-llego-a-nuestra-region\/","og_site_name":"CELTTV","article_publisher":"https:\/\/www.facebook.com\/celtTV\/","article_published_time":"2014-01-27T20:35:45+00:00","author":"ulises","twitter_card":"summary_large_image","twitter_misc":{"Escrito por":"ulises","Tiempo de lectura":"2 minutos"},"schema":{"@context":"https:\/\/schema.org","@graph":[{"@type":"NewsArticle","@id":"https:\/\/www.celttv.com.ar\/index.php\/2014\/01\/27\/la-campana-maltrato-cero-llego-a-nuestra-region\/#article","isPartOf":{"@id":"https:\/\/www.celttv.com.ar\/index.php\/2014\/01\/27\/la-campana-maltrato-cero-llego-a-nuestra-region\/"},"author":{"name":"ulises","@id":"https:\/\/www.celttv.com.ar\/#\/schema\/person\/6d99c072dba59953809c81446e9d0ace"},"headline":"LA CAMPA\u00d1A &#8220;MALTRATO CERO&#8221; LLEGO A NUESTRA REGION","datePublished":"2014-01-27T20:35:45+00:00","dateModified":"2014-01-27T20:35:45+00:00","mainEntityOfPage":{"@id":"https:\/\/www.celttv.com.ar\/index.php\/2014\/01\/27\/la-campana-maltrato-cero-llego-a-nuestra-region\/"},"wordCount":383,"publisher":{"@id":"https:\/\/www.celttv.com.ar\/#organization"},"articleSection":["Comunidad","Destacadas","Pol\u00edtica"],"inLanguage":"es"},{"@type":"WebPage","@id":"https:\/\/www.celttv.com.ar\/index.php\/2014\/01\/27\/la-campana-maltrato-cero-llego-a-nuestra-region\/","url":"https:\/\/www.celttv.com.ar\/index.php\/2014\/01\/27\/la-campana-maltrato-cero-llego-a-nuestra-region\/","name":"LA CAMPA\u00d1A \"MALTRATO CERO\" LLEGO A NUESTRA REGION - CELTTV","isPartOf":{"@id":"https:\/\/www.celttv.com.ar\/#website"},"datePublished":"2014-01-27T20:35:45+00:00","dateModified":"2014-01-27T20:35:45+00:00","description":"Sitio web de noticias de la localidad de Tornquist, provincia de Buenos Aires, Rep\u00fablica Argentina. Contenido propio originado por periodistas de CELTTV, el canal de TV local de la Cooperativa El\u00e9ctrica de Tornquist. Turismo, Pol\u00edtica, Sociedad, Deporte, Cultura y todo el contenido de inter\u00e9s general que la gente del pueblo y la regi\u00f3n debe conocer.","breadcrumb":{"@id":"https:\/\/www.celttv.com.ar\/index.php\/2014\/01\/27\/la-campana-maltrato-cero-llego-a-nuestra-region\/#breadcrumb"},"inLanguage":"es","potentialAction":[{"@type":"ReadAction","target":["https:\/\/www.celttv.com.ar\/index.php\/2014\/01\/27\/la-campana-maltrato-cero-llego-a-nuestra-region\/"]}]},{"@type":"BreadcrumbList","@id":"https:\/\/www.celttv.com.ar\/index.php\/2014\/01\/27\/la-campana-maltrato-cero-llego-a-nuestra-region\/#breadcrumb","itemListElement":[{"@type":"ListItem","position":1,"name":"Inicio","item":"https:\/\/www.celttv.com.ar\/"},{"@type":"ListItem","position":2,"name":"LA CAMPA\u00d1A &#8220;MALTRATO CERO&#8221; LLEGO A NUESTRA REGION"}]},{"@type":"WebSite","@id":"https:\/\/www.celttv.com.ar\/#website","url":"https:\/\/www.celttv.com.ar\/","name":"CELTTV","description":"Cooperativa El\u00e9ctrica de Tornquist","publisher":{"@id":"https:\/\/www.celttv.com.ar\/#organization"},"potentialAction":[{"@type":"SearchAction","target":{"@type":"EntryPoint","urlTemplate":"https:\/\/www.celttv.com.ar\/?s={search_term_string}"},"query-input":"required name=search_term_string"}],"inLanguage":"es"},{"@type":"Organization","@id":"https:\/\/www.celttv.com.ar\/#organization","name":"CELTTV","url":"https:\/\/www.celttv.com.ar\/","sameAs":["https:\/\/www.youtube.com\/channel\/UCz_oIt8Hig64Ub-EmcNPIhg","https:\/\/www.facebook.com\/celtTV\/"],"logo":{"@type":"ImageObject","inLanguage":"es","@id":"https:\/\/www.celttv.com.ar\/#\/schema\/logo\/image\/","url":"http:\/\/www.celttv.com.ar\/wp-content\/uploads\/2022\/08\/logo-1.png","contentUrl":"http:\/\/www.celttv.com.ar\/wp-content\/uploads\/2022\/08\/logo-1.png","width":461,"height":159,"caption":"CELTTV"},"image":{"@id":"https:\/\/www.celttv.com.ar\/#\/schema\/logo\/image\/"}},{"@type":"Person","@id":"https:\/\/www.celttv.com.ar\/#\/schema\/person\/6d99c072dba59953809c81446e9d0ace","name":"ulises","image":{"@type":"ImageObject","inLanguage":"es","@id":"https:\/\/www.celttv.com.ar\/#\/schema\/person\/image\/","url":"https:\/\/secure.gravatar.com\/avatar\/7f2c48bdc33b30088f941fb6082e555f2874c98e20cb159d7b92b50eadfce793?s=96&d=mm&r=g","contentUrl":"https:\/\/secure.gravatar.com\/avatar\/7f2c48bdc33b30088f941fb6082e555f2874c98e20cb159d7b92b50eadfce793?s=96&d=mm&r=g","caption":"ulises"},"sameAs":["http:\/\/www.celttv.com.ar"]}]}},"_links":{"self":[{"href":"https:\/\/www.celttv.com.ar\/index.php\/wp-json\/wp\/v2\/posts\/17106","targetHints":{"allow":["GET"]}}],"collection":[{"href":"https:\/\/www.celttv.com.ar\/index.php\/wp-json\/wp\/v2\/posts"}],"about":[{"href":"https:\/\/www.celttv.com.ar\/index.php\/wp-json\/wp\/v2\/types\/post"}],"author":[{"embeddable":true,"href":"https:\/\/www.celttv.com.ar\/index.php\/wp-json\/wp\/v2\/users\/1"}],"replies":[{"embeddable":true,"href":"https:\/\/www.celttv.com.ar\/index.php\/wp-json\/wp\/v2\/comments?post=17106"}],"version-history":[{"count":0,"href":"https:\/\/www.celttv.com.ar\/index.php\/wp-json\/wp\/v2\/posts\/17106\/revisions"}],"wp:attachment":[{"href":"https:\/\/www.celttv.com.ar\/index.php\/wp-json\/wp\/v2\/media?parent=17106"}],"wp:term":[{"taxonomy":"category","embeddable":true,"href":"https:\/\/www.celttv.com.ar\/index.php\/wp-json\/wp\/v2\/categories?post=17106"},{"taxonomy":"post_tag","embeddable":true,"href":"https:\/\/www.celttv.com.ar\/index.php\/wp-json\/wp\/v2\/tags?post=17106"}],"curies":[{"name":"wp","href":"https:\/\/api.w.org\/{rel}","templated":true}]}}