{"id":17135,"date":"2014-01-28T19:58:00","date_gmt":"2014-01-28T19:58:00","guid":{"rendered":"http:\/\/www.tvcnoticias.com.ar\/?p=17135"},"modified":"2014-01-28T19:58:00","modified_gmt":"2014-01-28T19:58:00","slug":"declaracion-del-frente-de-izquierda-abajo-la-devaluacion-y-el-ajustazo","status":"publish","type":"post","link":"https:\/\/www.celttv.com.ar\/index.php\/2014\/01\/28\/declaracion-del-frente-de-izquierda-abajo-la-devaluacion-y-el-ajustazo\/","title":{"rendered":"DECLARACI\u00d3N DEL FRENTE DE IZQUIERDA &#8220;ABAJO LA DEVALUACION Y EL AJUSTAZO&#8221;"},"content":{"rendered":"<p>Aumento de salarios y plan de lucha. Por una salida de los trabajadores<br \/>\nLa violenta devaluaci\u00f3n de la moneda dispuesta por el gobierno nacional es un mazazo contra los trabajadores, pasivos y activos. Echa m\u00e1s le\u00f1a al fuego de una inflaci\u00f3n que carcome a los ingresos populares. La devaluaci\u00f3n se suma al tarifazo en el transporte y otros ajustes, como el de la nafta. Y es un premio a los grandes empresarios, ya que apunta a licuar los salarios. La intenci\u00f3n de este ajuste fue denunciada por nuestro Frente de Izquierda durante la campa\u00f1a electoral.<br \/>\nLa carest\u00eda, especialmente en los alimentos, ya ha pegado un nuevo salto. El anunciado \u201cProgresar\u201d, que es una farsa para la juventud que quiere estudiar y trabajar, ha nacido devaluado. La desvalorizaci\u00f3n de la moneda aumentar\u00e1 el peso de la deuda externa sobre el conjunto del estado nacional y de las provincias, cuyas deudas est\u00e1n atadas al d\u00f3lar, lo que terminar\u00e1n pagando los trabajadores y el pueblo. La suba de la tasa de inter\u00e9s significar\u00e1 la quiebra para los trabajadores endeudados y una retracci\u00f3n del cr\u00e9dito y de la econom\u00eda, con su amenaza de suspensiones y despidos. Asimismo, el gobierno est\u00e1 re-endeudando a Argentina con el capital financiero internacional y malversando el fondo de garant\u00eda de la ANSES. Las reservas siguen cayendo para asegurar el pago de la deuda externa usuraria, de acuerdo a las exigencias del imperialismo, el FMI y el Club de Par\u00eds.<br \/>\nLa devaluaci\u00f3n agravar\u00e1 tambi\u00e9n la factura del vaciamiento energ\u00e9tico, a partir de las importaciones de combustibles. Es que el acuerdo con Chevron y otros monopolios petroleros ha establecido la dolarizaci\u00f3n del precio de los combustibles, el tarifazo permanente. La devaluaci\u00f3n beneficia a los monopolios cerealeros e industriales que exportan y a la masa de especuladores de la Bolsa, pero acentuar\u00e1 todos los desequilibrios de la econom\u00eda nacional. Se agravar\u00e1 el d\u00e9ficit internacional de Argentina y se acentuar\u00e1 la dependencia financiera del pa\u00eds respecto del capital extranjero y nacional.<br \/>\nLos Massa, Scioli, Cobos, Binner y Macri han saludado la devaluaci\u00f3n y la suba de intereses y reclaman la completa libertad para el mercado de capitales, al igual que las corporaciones patronales. Todos ellos, al igual que el gobierno nacional y gobernadores provinciales, apuestan a ponerle un techo a las discusiones salariales en las paritarias.<br \/>\nA los promotores de ese ajuste gigantesco, sin embargo los acosa una pesadilla a\u00fan m\u00e1s grande: el temor a la reacci\u00f3n de los trabajadores. Ante la crisis, los trabajadores tenemos la posibilidad de imponer nuestra iniciativa. Todas las luchas parciales de los \u00faltimos meses han sido ganadas por los trabajadores. La burocracia sindical, en cambio, frena la movilizaci\u00f3n de los sindicatos por un aumento general de salarios y jubilaciones, y frena tambi\u00e9n el adelantamiento de las discusiones paritarias, dejando pasar el ajuste.<br \/>\nLa situaci\u00f3n creada plantea a las comisiones internas, cuerpos de delegados y sindicatos antiburocr\u00e1ticos y combativos la promoci\u00f3n de asambleas, plenarios o reuniones de activistas en el camino de un reagrupamiento y coordinaci\u00f3n nacional, para votar resoluciones de programa y de lucha. Esta actividad mostrar\u00e1 al conjunto del movimiento obrero que se van preparando las condiciones de la respuesta, exigi\u00e9ndole a los sindicatos y a las centrales obreras (CGTs y CTAs) que inmediatamente convoquen a plenarios de delegados con mandato para votar planes de lucha y un plan de lucha de conjunto. El Frente de Izquierda se compromete a poner todas sus fuerzas en el movimiento obrero al servicio de esta perspectiva.<br \/>\nNuestras reivindicaciones son claras: un salario m\u00ednimo igual al costo de la canasta familiar, hoy en 10.000 pesos; por la indexaci\u00f3n mensual de los salarios y jubilaciones; por el 82% m\u00f3vil; prohibici\u00f3n de los despidos y suspensiones: reparto de las horas de trabajo sin afectar el salario. Abajo la precarizaci\u00f3n laboral: pase a planta de todos los contratados. Ning\u00fan tarifazo: por la apertura de los libros y los costos de todas las concesiones; por la reestatizaci\u00f3n bajo control de trabajadores y usuarios de la energ\u00eda y el transporte, sin resarcimiento a sus vaciadores (Repsol, Edenor, Edesur, Cirigliano, Metrov\u00edas y otros). Por la apertura de los libros y el control obrero y popular de los monopolios alimenticios y comerciales formadores de precios.<br \/>\nEn el marco de esta movilizaci\u00f3n, planteamos el no pago de la deuda externa usuraria y fraudulenta; la nacionalizaci\u00f3n, sin resarcimiento, y el monopolio estatal de la banca y el comercio exterior.<br \/>\nQue la crisis la paguen los capitalistas; por un plan econ\u00f3mico y pol\u00edtico de los trabajadores. Por congresos de bases del movimiento obrero, para discutir un programa y un plan de lucha en defensa de todas las reivindicaciones obreras, contra el ajustazo.<br \/>\nFRENTE DE IZQUIERDA Y DE LOS TRABAJADORES<br \/>\nPartido Obrero \u2013 PTS \u2013 Izquierda Socialista<br \/>\n28\/01\/14<\/p>\n","protected":false},"excerpt":{"rendered":"<p>Aumento de salarios y plan de lucha. Por una salida de los trabajadores La violenta devaluaci\u00f3n de la moneda dispuesta por el gobierno nacional es un mazazo contra los trabajadores, pasivos y activos. Echa m\u00e1s le\u00f1a al fuego de una inflaci\u00f3n que carcome a los ingresos populares. La devaluaci\u00f3n se suma al tarifazo en el [&hellip;]<\/p>\n","protected":false},"author":1,"featured_media":0,"comment_status":"closed","ping_status":"open","sticky":false,"template":"","format":"standard","meta":{"footnotes":""},"categories":[52,95,53],"tags":[],"class_list":["post-17135","post","type-post","status-publish","format-standard","hentry","category-destacadas","category-opiniones","category-politica"],"yoast_head":"<!-- This site is optimized with the Yoast SEO plugin v19.7.1 - https:\/\/yoast.com\/wordpress\/plugins\/seo\/ -->\n<title>DECLARACI\u00d3N DEL FRENTE DE IZQUIERDA &quot;ABAJO LA DEVALUACION Y EL AJUSTAZO&quot; - CELTTV<\/title>\n<meta name=\"description\" content=\"Sitio web de noticias de la localidad de Tornquist, provincia de Buenos Aires, Rep\u00fablica Argentina. Contenido propio originado por periodistas de CELTTV, el canal de TV local de la Cooperativa El\u00e9ctrica de Tornquist. Turismo, Pol\u00edtica, Sociedad, Deporte, Cultura y todo el contenido de inter\u00e9s general que la gente del pueblo y la regi\u00f3n debe conocer.\" \/>\n<meta name=\"robots\" content=\"index, follow, max-snippet:-1, max-image-preview:large, max-video-preview:-1\" \/>\n<link rel=\"canonical\" href=\"https:\/\/www.celttv.com.ar\/index.php\/2014\/01\/28\/declaracion-del-frente-de-izquierda-abajo-la-devaluacion-y-el-ajustazo\/\" \/>\n<meta property=\"og:locale\" content=\"es_ES\" \/>\n<meta property=\"og:type\" content=\"article\" \/>\n<meta property=\"og:title\" content=\"DECLARACI\u00d3N DEL FRENTE DE IZQUIERDA &quot;ABAJO LA DEVALUACION Y EL AJUSTAZO&quot; - CELTTV\" \/>\n<meta property=\"og:description\" content=\"Sitio web de noticias de la localidad de Tornquist, provincia de Buenos Aires, Rep\u00fablica Argentina. Contenido propio originado por periodistas de CELTTV, el canal de TV local de la Cooperativa El\u00e9ctrica de Tornquist. Turismo, Pol\u00edtica, Sociedad, Deporte, Cultura y todo el contenido de inter\u00e9s general que la gente del pueblo y la regi\u00f3n debe conocer.\" \/>\n<meta property=\"og:url\" content=\"https:\/\/www.celttv.com.ar\/index.php\/2014\/01\/28\/declaracion-del-frente-de-izquierda-abajo-la-devaluacion-y-el-ajustazo\/\" \/>\n<meta property=\"og:site_name\" content=\"CELTTV\" \/>\n<meta property=\"article:publisher\" content=\"https:\/\/www.facebook.com\/celtTV\/\" \/>\n<meta property=\"article:published_time\" content=\"2014-01-28T19:58:00+00:00\" \/>\n<meta name=\"author\" content=\"ulises\" \/>\n<meta name=\"twitter:card\" content=\"summary_large_image\" \/>\n<meta name=\"twitter:label1\" content=\"Escrito por\" \/>\n\t<meta name=\"twitter:data1\" content=\"ulises\" \/>\n\t<meta name=\"twitter:label2\" content=\"Tiempo de lectura\" \/>\n\t<meta name=\"twitter:data2\" content=\"4 minutos\" \/>\n<script type=\"application\/ld+json\" class=\"yoast-schema-graph\">{\"@context\":\"https:\/\/schema.org\",\"@graph\":[{\"@type\":\"NewsArticle\",\"@id\":\"https:\/\/www.celttv.com.ar\/index.php\/2014\/01\/28\/declaracion-del-frente-de-izquierda-abajo-la-devaluacion-y-el-ajustazo\/#article\",\"isPartOf\":{\"@id\":\"https:\/\/www.celttv.com.ar\/index.php\/2014\/01\/28\/declaracion-del-frente-de-izquierda-abajo-la-devaluacion-y-el-ajustazo\/\"},\"author\":{\"name\":\"ulises\",\"@id\":\"https:\/\/www.celttv.com.ar\/#\/schema\/person\/6d99c072dba59953809c81446e9d0ace\"},\"headline\":\"DECLARACI\u00d3N DEL FRENTE DE IZQUIERDA &#8220;ABAJO LA DEVALUACION Y EL AJUSTAZO&#8221;\",\"datePublished\":\"2014-01-28T19:58:00+00:00\",\"dateModified\":\"2014-01-28T19:58:00+00:00\",\"mainEntityOfPage\":{\"@id\":\"https:\/\/www.celttv.com.ar\/index.php\/2014\/01\/28\/declaracion-del-frente-de-izquierda-abajo-la-devaluacion-y-el-ajustazo\/\"},\"wordCount\":844,\"publisher\":{\"@id\":\"https:\/\/www.celttv.com.ar\/#organization\"},\"articleSection\":[\"Destacadas\",\"Opiniones\",\"Pol\u00edtica\"],\"inLanguage\":\"es\"},{\"@type\":\"WebPage\",\"@id\":\"https:\/\/www.celttv.com.ar\/index.php\/2014\/01\/28\/declaracion-del-frente-de-izquierda-abajo-la-devaluacion-y-el-ajustazo\/\",\"url\":\"https:\/\/www.celttv.com.ar\/index.php\/2014\/01\/28\/declaracion-del-frente-de-izquierda-abajo-la-devaluacion-y-el-ajustazo\/\",\"name\":\"DECLARACI\u00d3N DEL FRENTE DE IZQUIERDA \\\"ABAJO LA DEVALUACION Y EL AJUSTAZO\\\" - CELTTV\",\"isPartOf\":{\"@id\":\"https:\/\/www.celttv.com.ar\/#website\"},\"datePublished\":\"2014-01-28T19:58:00+00:00\",\"dateModified\":\"2014-01-28T19:58:00+00:00\",\"description\":\"Sitio web de noticias de la localidad de Tornquist, provincia de Buenos Aires, Rep\u00fablica Argentina. Contenido propio originado por periodistas de CELTTV, el canal de TV local de la Cooperativa El\u00e9ctrica de Tornquist. Turismo, Pol\u00edtica, Sociedad, Deporte, Cultura y todo el contenido de inter\u00e9s general que la gente del pueblo y la regi\u00f3n debe conocer.\",\"breadcrumb\":{\"@id\":\"https:\/\/www.celttv.com.ar\/index.php\/2014\/01\/28\/declaracion-del-frente-de-izquierda-abajo-la-devaluacion-y-el-ajustazo\/#breadcrumb\"},\"inLanguage\":\"es\",\"potentialAction\":[{\"@type\":\"ReadAction\",\"target\":[\"https:\/\/www.celttv.com.ar\/index.php\/2014\/01\/28\/declaracion-del-frente-de-izquierda-abajo-la-devaluacion-y-el-ajustazo\/\"]}]},{\"@type\":\"BreadcrumbList\",\"@id\":\"https:\/\/www.celttv.com.ar\/index.php\/2014\/01\/28\/declaracion-del-frente-de-izquierda-abajo-la-devaluacion-y-el-ajustazo\/#breadcrumb\",\"itemListElement\":[{\"@type\":\"ListItem\",\"position\":1,\"name\":\"Inicio\",\"item\":\"https:\/\/www.celttv.com.ar\/\"},{\"@type\":\"ListItem\",\"position\":2,\"name\":\"DECLARACI\u00d3N DEL FRENTE DE IZQUIERDA &#8220;ABAJO LA DEVALUACION Y EL AJUSTAZO&#8221;\"}]},{\"@type\":\"WebSite\",\"@id\":\"https:\/\/www.celttv.com.ar\/#website\",\"url\":\"https:\/\/www.celttv.com.ar\/\",\"name\":\"CELTTV\",\"description\":\"Cooperativa El\u00e9ctrica de Tornquist\",\"publisher\":{\"@id\":\"https:\/\/www.celttv.com.ar\/#organization\"},\"potentialAction\":[{\"@type\":\"SearchAction\",\"target\":{\"@type\":\"EntryPoint\",\"urlTemplate\":\"https:\/\/www.celttv.com.ar\/?s={search_term_string}\"},\"query-input\":\"required name=search_term_string\"}],\"inLanguage\":\"es\"},{\"@type\":\"Organization\",\"@id\":\"https:\/\/www.celttv.com.ar\/#organization\",\"name\":\"CELTTV\",\"url\":\"https:\/\/www.celttv.com.ar\/\",\"sameAs\":[\"https:\/\/www.youtube.com\/channel\/UCz_oIt8Hig64Ub-EmcNPIhg\",\"https:\/\/www.facebook.com\/celtTV\/\"],\"logo\":{\"@type\":\"ImageObject\",\"inLanguage\":\"es\",\"@id\":\"https:\/\/www.celttv.com.ar\/#\/schema\/logo\/image\/\",\"url\":\"http:\/\/www.celttv.com.ar\/wp-content\/uploads\/2022\/08\/logo-1.png\",\"contentUrl\":\"http:\/\/www.celttv.com.ar\/wp-content\/uploads\/2022\/08\/logo-1.png\",\"width\":461,\"height\":159,\"caption\":\"CELTTV\"},\"image\":{\"@id\":\"https:\/\/www.celttv.com.ar\/#\/schema\/logo\/image\/\"}},{\"@type\":\"Person\",\"@id\":\"https:\/\/www.celttv.com.ar\/#\/schema\/person\/6d99c072dba59953809c81446e9d0ace\",\"name\":\"ulises\",\"image\":{\"@type\":\"ImageObject\",\"inLanguage\":\"es\",\"@id\":\"https:\/\/www.celttv.com.ar\/#\/schema\/person\/image\/\",\"url\":\"https:\/\/secure.gravatar.com\/avatar\/7f2c48bdc33b30088f941fb6082e555f2874c98e20cb159d7b92b50eadfce793?s=96&d=mm&r=g\",\"contentUrl\":\"https:\/\/secure.gravatar.com\/avatar\/7f2c48bdc33b30088f941fb6082e555f2874c98e20cb159d7b92b50eadfce793?s=96&d=mm&r=g\",\"caption\":\"ulises\"},\"sameAs\":[\"http:\/\/www.celttv.com.ar\"]}]}<\/script>\n<!-- \/ Yoast SEO plugin. -->","yoast_head_json":{"title":"DECLARACI\u00d3N DEL FRENTE DE IZQUIERDA \"ABAJO LA DEVALUACION Y EL AJUSTAZO\" - CELTTV","description":"Sitio web de noticias de la localidad de Tornquist, provincia de Buenos Aires, Rep\u00fablica Argentina. Contenido propio originado por periodistas de CELTTV, el canal de TV local de la Cooperativa El\u00e9ctrica de Tornquist. Turismo, Pol\u00edtica, Sociedad, Deporte, Cultura y todo el contenido de inter\u00e9s general que la gente del pueblo y la regi\u00f3n debe conocer.","robots":{"index":"index","follow":"follow","max-snippet":"max-snippet:-1","max-image-preview":"max-image-preview:large","max-video-preview":"max-video-preview:-1"},"canonical":"https:\/\/www.celttv.com.ar\/index.php\/2014\/01\/28\/declaracion-del-frente-de-izquierda-abajo-la-devaluacion-y-el-ajustazo\/","og_locale":"es_ES","og_type":"article","og_title":"DECLARACI\u00d3N DEL FRENTE DE IZQUIERDA \"ABAJO LA DEVALUACION Y EL AJUSTAZO\" - CELTTV","og_description":"Sitio web de noticias de la localidad de Tornquist, provincia de Buenos Aires, Rep\u00fablica Argentina. Contenido propio originado por periodistas de CELTTV, el canal de TV local de la Cooperativa El\u00e9ctrica de Tornquist. Turismo, Pol\u00edtica, Sociedad, Deporte, Cultura y todo el contenido de inter\u00e9s general que la gente del pueblo y la regi\u00f3n debe conocer.","og_url":"https:\/\/www.celttv.com.ar\/index.php\/2014\/01\/28\/declaracion-del-frente-de-izquierda-abajo-la-devaluacion-y-el-ajustazo\/","og_site_name":"CELTTV","article_publisher":"https:\/\/www.facebook.com\/celtTV\/","article_published_time":"2014-01-28T19:58:00+00:00","author":"ulises","twitter_card":"summary_large_image","twitter_misc":{"Escrito por":"ulises","Tiempo de lectura":"4 minutos"},"schema":{"@context":"https:\/\/schema.org","@graph":[{"@type":"NewsArticle","@id":"https:\/\/www.celttv.com.ar\/index.php\/2014\/01\/28\/declaracion-del-frente-de-izquierda-abajo-la-devaluacion-y-el-ajustazo\/#article","isPartOf":{"@id":"https:\/\/www.celttv.com.ar\/index.php\/2014\/01\/28\/declaracion-del-frente-de-izquierda-abajo-la-devaluacion-y-el-ajustazo\/"},"author":{"name":"ulises","@id":"https:\/\/www.celttv.com.ar\/#\/schema\/person\/6d99c072dba59953809c81446e9d0ace"},"headline":"DECLARACI\u00d3N DEL FRENTE DE IZQUIERDA &#8220;ABAJO LA DEVALUACION Y EL AJUSTAZO&#8221;","datePublished":"2014-01-28T19:58:00+00:00","dateModified":"2014-01-28T19:58:00+00:00","mainEntityOfPage":{"@id":"https:\/\/www.celttv.com.ar\/index.php\/2014\/01\/28\/declaracion-del-frente-de-izquierda-abajo-la-devaluacion-y-el-ajustazo\/"},"wordCount":844,"publisher":{"@id":"https:\/\/www.celttv.com.ar\/#organization"},"articleSection":["Destacadas","Opiniones","Pol\u00edtica"],"inLanguage":"es"},{"@type":"WebPage","@id":"https:\/\/www.celttv.com.ar\/index.php\/2014\/01\/28\/declaracion-del-frente-de-izquierda-abajo-la-devaluacion-y-el-ajustazo\/","url":"https:\/\/www.celttv.com.ar\/index.php\/2014\/01\/28\/declaracion-del-frente-de-izquierda-abajo-la-devaluacion-y-el-ajustazo\/","name":"DECLARACI\u00d3N DEL FRENTE DE IZQUIERDA \"ABAJO LA DEVALUACION Y EL AJUSTAZO\" - CELTTV","isPartOf":{"@id":"https:\/\/www.celttv.com.ar\/#website"},"datePublished":"2014-01-28T19:58:00+00:00","dateModified":"2014-01-28T19:58:00+00:00","description":"Sitio web de noticias de la localidad de Tornquist, provincia de Buenos Aires, Rep\u00fablica Argentina. Contenido propio originado por periodistas de CELTTV, el canal de TV local de la Cooperativa El\u00e9ctrica de Tornquist. Turismo, Pol\u00edtica, Sociedad, Deporte, Cultura y todo el contenido de inter\u00e9s general que la gente del pueblo y la regi\u00f3n debe conocer.","breadcrumb":{"@id":"https:\/\/www.celttv.com.ar\/index.php\/2014\/01\/28\/declaracion-del-frente-de-izquierda-abajo-la-devaluacion-y-el-ajustazo\/#breadcrumb"},"inLanguage":"es","potentialAction":[{"@type":"ReadAction","target":["https:\/\/www.celttv.com.ar\/index.php\/2014\/01\/28\/declaracion-del-frente-de-izquierda-abajo-la-devaluacion-y-el-ajustazo\/"]}]},{"@type":"BreadcrumbList","@id":"https:\/\/www.celttv.com.ar\/index.php\/2014\/01\/28\/declaracion-del-frente-de-izquierda-abajo-la-devaluacion-y-el-ajustazo\/#breadcrumb","itemListElement":[{"@type":"ListItem","position":1,"name":"Inicio","item":"https:\/\/www.celttv.com.ar\/"},{"@type":"ListItem","position":2,"name":"DECLARACI\u00d3N DEL FRENTE DE IZQUIERDA &#8220;ABAJO LA DEVALUACION Y EL AJUSTAZO&#8221;"}]},{"@type":"WebSite","@id":"https:\/\/www.celttv.com.ar\/#website","url":"https:\/\/www.celttv.com.ar\/","name":"CELTTV","description":"Cooperativa El\u00e9ctrica de Tornquist","publisher":{"@id":"https:\/\/www.celttv.com.ar\/#organization"},"potentialAction":[{"@type":"SearchAction","target":{"@type":"EntryPoint","urlTemplate":"https:\/\/www.celttv.com.ar\/?s={search_term_string}"},"query-input":"required name=search_term_string"}],"inLanguage":"es"},{"@type":"Organization","@id":"https:\/\/www.celttv.com.ar\/#organization","name":"CELTTV","url":"https:\/\/www.celttv.com.ar\/","sameAs":["https:\/\/www.youtube.com\/channel\/UCz_oIt8Hig64Ub-EmcNPIhg","https:\/\/www.facebook.com\/celtTV\/"],"logo":{"@type":"ImageObject","inLanguage":"es","@id":"https:\/\/www.celttv.com.ar\/#\/schema\/logo\/image\/","url":"http:\/\/www.celttv.com.ar\/wp-content\/uploads\/2022\/08\/logo-1.png","contentUrl":"http:\/\/www.celttv.com.ar\/wp-content\/uploads\/2022\/08\/logo-1.png","width":461,"height":159,"caption":"CELTTV"},"image":{"@id":"https:\/\/www.celttv.com.ar\/#\/schema\/logo\/image\/"}},{"@type":"Person","@id":"https:\/\/www.celttv.com.ar\/#\/schema\/person\/6d99c072dba59953809c81446e9d0ace","name":"ulises","image":{"@type":"ImageObject","inLanguage":"es","@id":"https:\/\/www.celttv.com.ar\/#\/schema\/person\/image\/","url":"https:\/\/secure.gravatar.com\/avatar\/7f2c48bdc33b30088f941fb6082e555f2874c98e20cb159d7b92b50eadfce793?s=96&d=mm&r=g","contentUrl":"https:\/\/secure.gravatar.com\/avatar\/7f2c48bdc33b30088f941fb6082e555f2874c98e20cb159d7b92b50eadfce793?s=96&d=mm&r=g","caption":"ulises"},"sameAs":["http:\/\/www.celttv.com.ar"]}]}},"_links":{"self":[{"href":"https:\/\/www.celttv.com.ar\/index.php\/wp-json\/wp\/v2\/posts\/17135","targetHints":{"allow":["GET"]}}],"collection":[{"href":"https:\/\/www.celttv.com.ar\/index.php\/wp-json\/wp\/v2\/posts"}],"about":[{"href":"https:\/\/www.celttv.com.ar\/index.php\/wp-json\/wp\/v2\/types\/post"}],"author":[{"embeddable":true,"href":"https:\/\/www.celttv.com.ar\/index.php\/wp-json\/wp\/v2\/users\/1"}],"replies":[{"embeddable":true,"href":"https:\/\/www.celttv.com.ar\/index.php\/wp-json\/wp\/v2\/comments?post=17135"}],"version-history":[{"count":0,"href":"https:\/\/www.celttv.com.ar\/index.php\/wp-json\/wp\/v2\/posts\/17135\/revisions"}],"wp:attachment":[{"href":"https:\/\/www.celttv.com.ar\/index.php\/wp-json\/wp\/v2\/media?parent=17135"}],"wp:term":[{"taxonomy":"category","embeddable":true,"href":"https:\/\/www.celttv.com.ar\/index.php\/wp-json\/wp\/v2\/categories?post=17135"},{"taxonomy":"post_tag","embeddable":true,"href":"https:\/\/www.celttv.com.ar\/index.php\/wp-json\/wp\/v2\/tags?post=17135"}],"curies":[{"name":"wp","href":"https:\/\/api.w.org\/{rel}","templated":true}]}}