{"id":17139,"date":"2014-01-28T20:06:43","date_gmt":"2014-01-28T20:06:43","guid":{"rendered":"http:\/\/www.tvcnoticias.com.ar\/?p=17139"},"modified":"2014-01-28T20:06:43","modified_gmt":"2014-01-28T20:06:43","slug":"acciones-y-quitas-tributarias-luego-del-incendio-videos-de-la-conferencia-de-prensa","status":"publish","type":"post","link":"https:\/\/www.celttv.com.ar\/index.php\/2014\/01\/28\/acciones-y-quitas-tributarias-luego-del-incendio-videos-de-la-conferencia-de-prensa\/","title":{"rendered":"ACCIONES Y QUITAS TRIBUTARIAS LUEGO DEL INCENDIO (videos de la conferencia de prensa)"},"content":{"rendered":"<p>La exenci\u00f3n impositiva para las parcelas afectadas, el acompa\u00f1amiento en la reconstrucci\u00f3n de infraestructura b\u00e1sica y la posibilidad de acceder a diferentes l\u00edneas crediticias con tasas subsidiadas fueron algunos de los anuncios realizados por funcionarios provinciales, durante una reuni\u00f3n que se desarroll\u00f3 en la Sala de Situaciones de la Municipalidad de Tornquist, en la cual se abord\u00f3 la situaci\u00f3n de los productores afectados por los incendios registrados en el sector serrano.<br \/>\nEl encuentro cont\u00f3 con la participaci\u00f3n del ministro de Asuntos Agrarios provincial, Alejandro \u201cTopo\u201d Rodr\u00edguez; el titular de ARBA, Iv\u00e1n Budassi; el jefe de Gabinete del Ministerio de Producci\u00f3n, Ciencia y Tecnolog\u00eda de la Provincia, Andr\u00e9s Omborssi; el intendente anfitri\u00f3n, licenciado Gustavo Trankels; sus pares Osvaldo Fuentes Lema (Coronel Su\u00e1rez), Hugo Corvatta (Saavedra) y N\u00e9stor Alvarez (Guamin\u00ed); el director de Emergencia Agropecuaria del Ministerio de Agricultura, Ganader\u00eda y Pesca de la Naci\u00f3n, Julio Haure; y los legisladores provinciales Ricardo Moccero y Marisol Merquel. Tambi\u00e9n se cont\u00f3 con representantes de Benito Ju\u00e1rez y Bah\u00eda Blanca.<br \/>\nLa jornada cont\u00f3 con una reuni\u00f3n entre los funcionarios y sus respectivos equipos de trabajo, una conferencia de prensa y el posterior encuentro de Rodr\u00edguez y Budassi con productores y representantes de diferentes entidades agropecuarias.<br \/>\n\u201cEs una alegr\u00eda tener ac\u00e1 reunidos a muchos funcionarios que est\u00e1n intentando dar una mano a nuestros productores para una r\u00e1pida recuperaci\u00f3n. Despu\u00e9s de visitar el incendio, el gobernador dio la orden de que se act\u00fae y tanto Iv\u00e1n como el \u2018Topo\u2019, Hugo Bilbao (titular del OPDS) y Cristian (Breitenstein, ministro de Producci\u00f3n), que son funcionarios expeditivos, delinearon una gran cantidad de l\u00edneas de acci\u00f3n, que ya tenemos sobre la mesa y a disposici\u00f3n de los productores\u201d, destac\u00f3 Trankels, quien adem\u00e1s agradeci\u00f3 a los participantes de la reuni\u00f3n, los intendentes vecinos, el gobernador Daniel Scioli y el gobierno nacional.<br \/>\n<a href=\"http:\/\/www.youtube.com\/watch?v=fB9zwYw_sy4\">httpv:\/\/www.youtube.com\/watch?v=fB9zwYw_sy4<\/a><br \/>\n<a href=\"http:\/\/www.youtube.com\/watch?v=fmlmJ4ceBX8\">httpv:\/\/www.youtube.com\/watch?v=fmlmJ4ceBX8<\/a><br \/>\n<a href=\"http:\/\/www.youtube.com\/watch?v=Cbq0w-iCubM\">httpv:\/\/www.youtube.com\/watch?v=Cbq0w-iCubM<\/a><br \/>\n<a href=\"http:\/\/www.youtube.com\/watch?v=XlC8keVwr_A\">httpv:\/\/www.youtube.com\/watch?v=XlC8keVwr_A<\/a><br \/>\n<a href=\"http:\/\/www.youtube.com\/watch?v=HNxZ9KDIiME\">httpv:\/\/www.youtube.com\/watch?v=HNxZ9KDIiME<\/a><br \/>\n<a href=\"http:\/\/www.youtube.com\/watch?v=luVVLAadbcA\">httpv:\/\/www.youtube.com\/watch?v=luVVLAadbcA<\/a><br \/>\n&nbsp;<br \/>\n&nbsp;<br \/>\n&nbsp;<br \/>\n&nbsp;<\/p>\n","protected":false},"excerpt":{"rendered":"<p>La exenci\u00f3n impositiva para las parcelas afectadas, el acompa\u00f1amiento en la reconstrucci\u00f3n de infraestructura b\u00e1sica y la posibilidad de acceder a diferentes l\u00edneas crediticias con tasas subsidiadas fueron algunos de los anuncios realizados por funcionarios provinciales, durante una reuni\u00f3n que se desarroll\u00f3 en la Sala de Situaciones de la Municipalidad de Tornquist, en la cual [&hellip;]<\/p>\n","protected":false},"author":1,"featured_media":0,"comment_status":"closed","ping_status":"open","sticky":false,"template":"","format":"standard","meta":{"footnotes":""},"categories":[51,52,53,64],"tags":[],"class_list":["post-17139","post","type-post","status-publish","format-standard","hentry","category-comunidad","category-destacadas","category-politica","category-videos-destacados"],"yoast_head":"<!-- This site is optimized with the Yoast SEO plugin v19.7.1 - https:\/\/yoast.com\/wordpress\/plugins\/seo\/ -->\n<title>ACCIONES Y QUITAS TRIBUTARIAS LUEGO DEL INCENDIO (videos de la conferencia de prensa) - CELTTV<\/title>\n<meta name=\"description\" content=\"Sitio web de noticias de la localidad de Tornquist, provincia de Buenos Aires, Rep\u00fablica Argentina. Contenido propio originado por periodistas de CELTTV, el canal de TV local de la Cooperativa El\u00e9ctrica de Tornquist. Turismo, Pol\u00edtica, Sociedad, Deporte, Cultura y todo el contenido de inter\u00e9s general que la gente del pueblo y la regi\u00f3n debe conocer.\" \/>\n<meta name=\"robots\" content=\"index, follow, max-snippet:-1, max-image-preview:large, max-video-preview:-1\" \/>\n<link rel=\"canonical\" href=\"https:\/\/www.celttv.com.ar\/index.php\/2014\/01\/28\/acciones-y-quitas-tributarias-luego-del-incendio-videos-de-la-conferencia-de-prensa\/\" \/>\n<meta property=\"og:locale\" content=\"es_ES\" \/>\n<meta property=\"og:type\" content=\"article\" \/>\n<meta property=\"og:title\" content=\"ACCIONES Y QUITAS TRIBUTARIAS LUEGO DEL INCENDIO (videos de la conferencia de prensa) - CELTTV\" \/>\n<meta property=\"og:description\" content=\"Sitio web de noticias de la localidad de Tornquist, provincia de Buenos Aires, Rep\u00fablica Argentina. Contenido propio originado por periodistas de CELTTV, el canal de TV local de la Cooperativa El\u00e9ctrica de Tornquist. Turismo, Pol\u00edtica, Sociedad, Deporte, Cultura y todo el contenido de inter\u00e9s general que la gente del pueblo y la regi\u00f3n debe conocer.\" \/>\n<meta property=\"og:url\" content=\"https:\/\/www.celttv.com.ar\/index.php\/2014\/01\/28\/acciones-y-quitas-tributarias-luego-del-incendio-videos-de-la-conferencia-de-prensa\/\" \/>\n<meta property=\"og:site_name\" content=\"CELTTV\" \/>\n<meta property=\"article:publisher\" content=\"https:\/\/www.facebook.com\/celtTV\/\" \/>\n<meta property=\"article:published_time\" content=\"2014-01-28T20:06:43+00:00\" \/>\n<meta name=\"author\" content=\"ulises\" \/>\n<meta name=\"twitter:card\" content=\"summary_large_image\" \/>\n<meta name=\"twitter:label1\" content=\"Escrito por\" \/>\n\t<meta name=\"twitter:data1\" content=\"ulises\" \/>\n\t<meta name=\"twitter:label2\" content=\"Tiempo de lectura\" \/>\n\t<meta name=\"twitter:data2\" content=\"2 minutos\" \/>\n<script type=\"application\/ld+json\" class=\"yoast-schema-graph\">{\"@context\":\"https:\/\/schema.org\",\"@graph\":[{\"@type\":\"NewsArticle\",\"@id\":\"https:\/\/www.celttv.com.ar\/index.php\/2014\/01\/28\/acciones-y-quitas-tributarias-luego-del-incendio-videos-de-la-conferencia-de-prensa\/#article\",\"isPartOf\":{\"@id\":\"https:\/\/www.celttv.com.ar\/index.php\/2014\/01\/28\/acciones-y-quitas-tributarias-luego-del-incendio-videos-de-la-conferencia-de-prensa\/\"},\"author\":{\"name\":\"ulises\",\"@id\":\"https:\/\/www.celttv.com.ar\/#\/schema\/person\/6d99c072dba59953809c81446e9d0ace\"},\"headline\":\"ACCIONES Y QUITAS TRIBUTARIAS LUEGO DEL INCENDIO (videos de la conferencia de prensa)\",\"datePublished\":\"2014-01-28T20:06:43+00:00\",\"dateModified\":\"2014-01-28T20:06:43+00:00\",\"mainEntityOfPage\":{\"@id\":\"https:\/\/www.celttv.com.ar\/index.php\/2014\/01\/28\/acciones-y-quitas-tributarias-luego-del-incendio-videos-de-la-conferencia-de-prensa\/\"},\"wordCount\":401,\"publisher\":{\"@id\":\"https:\/\/www.celttv.com.ar\/#organization\"},\"articleSection\":[\"Comunidad\",\"Destacadas\",\"Pol\u00edtica\",\"Videos Destacados\"],\"inLanguage\":\"es\"},{\"@type\":\"WebPage\",\"@id\":\"https:\/\/www.celttv.com.ar\/index.php\/2014\/01\/28\/acciones-y-quitas-tributarias-luego-del-incendio-videos-de-la-conferencia-de-prensa\/\",\"url\":\"https:\/\/www.celttv.com.ar\/index.php\/2014\/01\/28\/acciones-y-quitas-tributarias-luego-del-incendio-videos-de-la-conferencia-de-prensa\/\",\"name\":\"ACCIONES Y QUITAS TRIBUTARIAS LUEGO DEL INCENDIO (videos de la conferencia de prensa) - CELTTV\",\"isPartOf\":{\"@id\":\"https:\/\/www.celttv.com.ar\/#website\"},\"datePublished\":\"2014-01-28T20:06:43+00:00\",\"dateModified\":\"2014-01-28T20:06:43+00:00\",\"description\":\"Sitio web de noticias de la localidad de Tornquist, provincia de Buenos Aires, Rep\u00fablica Argentina. Contenido propio originado por periodistas de CELTTV, el canal de TV local de la Cooperativa El\u00e9ctrica de Tornquist. Turismo, Pol\u00edtica, Sociedad, Deporte, Cultura y todo el contenido de inter\u00e9s general que la gente del pueblo y la regi\u00f3n debe conocer.\",\"breadcrumb\":{\"@id\":\"https:\/\/www.celttv.com.ar\/index.php\/2014\/01\/28\/acciones-y-quitas-tributarias-luego-del-incendio-videos-de-la-conferencia-de-prensa\/#breadcrumb\"},\"inLanguage\":\"es\",\"potentialAction\":[{\"@type\":\"ReadAction\",\"target\":[\"https:\/\/www.celttv.com.ar\/index.php\/2014\/01\/28\/acciones-y-quitas-tributarias-luego-del-incendio-videos-de-la-conferencia-de-prensa\/\"]}]},{\"@type\":\"BreadcrumbList\",\"@id\":\"https:\/\/www.celttv.com.ar\/index.php\/2014\/01\/28\/acciones-y-quitas-tributarias-luego-del-incendio-videos-de-la-conferencia-de-prensa\/#breadcrumb\",\"itemListElement\":[{\"@type\":\"ListItem\",\"position\":1,\"name\":\"Inicio\",\"item\":\"https:\/\/www.celttv.com.ar\/\"},{\"@type\":\"ListItem\",\"position\":2,\"name\":\"ACCIONES Y QUITAS TRIBUTARIAS LUEGO DEL INCENDIO (videos de la conferencia de prensa)\"}]},{\"@type\":\"WebSite\",\"@id\":\"https:\/\/www.celttv.com.ar\/#website\",\"url\":\"https:\/\/www.celttv.com.ar\/\",\"name\":\"CELTTV\",\"description\":\"Cooperativa El\u00e9ctrica de Tornquist\",\"publisher\":{\"@id\":\"https:\/\/www.celttv.com.ar\/#organization\"},\"potentialAction\":[{\"@type\":\"SearchAction\",\"target\":{\"@type\":\"EntryPoint\",\"urlTemplate\":\"https:\/\/www.celttv.com.ar\/?s={search_term_string}\"},\"query-input\":\"required name=search_term_string\"}],\"inLanguage\":\"es\"},{\"@type\":\"Organization\",\"@id\":\"https:\/\/www.celttv.com.ar\/#organization\",\"name\":\"CELTTV\",\"url\":\"https:\/\/www.celttv.com.ar\/\",\"sameAs\":[\"https:\/\/www.youtube.com\/channel\/UCz_oIt8Hig64Ub-EmcNPIhg\",\"https:\/\/www.facebook.com\/celtTV\/\"],\"logo\":{\"@type\":\"ImageObject\",\"inLanguage\":\"es\",\"@id\":\"https:\/\/www.celttv.com.ar\/#\/schema\/logo\/image\/\",\"url\":\"http:\/\/www.celttv.com.ar\/wp-content\/uploads\/2022\/08\/logo-1.png\",\"contentUrl\":\"http:\/\/www.celttv.com.ar\/wp-content\/uploads\/2022\/08\/logo-1.png\",\"width\":461,\"height\":159,\"caption\":\"CELTTV\"},\"image\":{\"@id\":\"https:\/\/www.celttv.com.ar\/#\/schema\/logo\/image\/\"}},{\"@type\":\"Person\",\"@id\":\"https:\/\/www.celttv.com.ar\/#\/schema\/person\/6d99c072dba59953809c81446e9d0ace\",\"name\":\"ulises\",\"image\":{\"@type\":\"ImageObject\",\"inLanguage\":\"es\",\"@id\":\"https:\/\/www.celttv.com.ar\/#\/schema\/person\/image\/\",\"url\":\"https:\/\/secure.gravatar.com\/avatar\/7f2c48bdc33b30088f941fb6082e555f2874c98e20cb159d7b92b50eadfce793?s=96&d=mm&r=g\",\"contentUrl\":\"https:\/\/secure.gravatar.com\/avatar\/7f2c48bdc33b30088f941fb6082e555f2874c98e20cb159d7b92b50eadfce793?s=96&d=mm&r=g\",\"caption\":\"ulises\"},\"sameAs\":[\"http:\/\/www.celttv.com.ar\"]}]}<\/script>\n<!-- \/ Yoast SEO plugin. -->","yoast_head_json":{"title":"ACCIONES Y QUITAS TRIBUTARIAS LUEGO DEL INCENDIO (videos de la conferencia de prensa) - CELTTV","description":"Sitio web de noticias de la localidad de Tornquist, provincia de Buenos Aires, Rep\u00fablica Argentina. Contenido propio originado por periodistas de CELTTV, el canal de TV local de la Cooperativa El\u00e9ctrica de Tornquist. Turismo, Pol\u00edtica, Sociedad, Deporte, Cultura y todo el contenido de inter\u00e9s general que la gente del pueblo y la regi\u00f3n debe conocer.","robots":{"index":"index","follow":"follow","max-snippet":"max-snippet:-1","max-image-preview":"max-image-preview:large","max-video-preview":"max-video-preview:-1"},"canonical":"https:\/\/www.celttv.com.ar\/index.php\/2014\/01\/28\/acciones-y-quitas-tributarias-luego-del-incendio-videos-de-la-conferencia-de-prensa\/","og_locale":"es_ES","og_type":"article","og_title":"ACCIONES Y QUITAS TRIBUTARIAS LUEGO DEL INCENDIO (videos de la conferencia de prensa) - CELTTV","og_description":"Sitio web de noticias de la localidad de Tornquist, provincia de Buenos Aires, Rep\u00fablica Argentina. Contenido propio originado por periodistas de CELTTV, el canal de TV local de la Cooperativa El\u00e9ctrica de Tornquist. Turismo, Pol\u00edtica, Sociedad, Deporte, Cultura y todo el contenido de inter\u00e9s general que la gente del pueblo y la regi\u00f3n debe conocer.","og_url":"https:\/\/www.celttv.com.ar\/index.php\/2014\/01\/28\/acciones-y-quitas-tributarias-luego-del-incendio-videos-de-la-conferencia-de-prensa\/","og_site_name":"CELTTV","article_publisher":"https:\/\/www.facebook.com\/celtTV\/","article_published_time":"2014-01-28T20:06:43+00:00","author":"ulises","twitter_card":"summary_large_image","twitter_misc":{"Escrito por":"ulises","Tiempo de lectura":"2 minutos"},"schema":{"@context":"https:\/\/schema.org","@graph":[{"@type":"NewsArticle","@id":"https:\/\/www.celttv.com.ar\/index.php\/2014\/01\/28\/acciones-y-quitas-tributarias-luego-del-incendio-videos-de-la-conferencia-de-prensa\/#article","isPartOf":{"@id":"https:\/\/www.celttv.com.ar\/index.php\/2014\/01\/28\/acciones-y-quitas-tributarias-luego-del-incendio-videos-de-la-conferencia-de-prensa\/"},"author":{"name":"ulises","@id":"https:\/\/www.celttv.com.ar\/#\/schema\/person\/6d99c072dba59953809c81446e9d0ace"},"headline":"ACCIONES Y QUITAS TRIBUTARIAS LUEGO DEL INCENDIO (videos de la conferencia de prensa)","datePublished":"2014-01-28T20:06:43+00:00","dateModified":"2014-01-28T20:06:43+00:00","mainEntityOfPage":{"@id":"https:\/\/www.celttv.com.ar\/index.php\/2014\/01\/28\/acciones-y-quitas-tributarias-luego-del-incendio-videos-de-la-conferencia-de-prensa\/"},"wordCount":401,"publisher":{"@id":"https:\/\/www.celttv.com.ar\/#organization"},"articleSection":["Comunidad","Destacadas","Pol\u00edtica","Videos Destacados"],"inLanguage":"es"},{"@type":"WebPage","@id":"https:\/\/www.celttv.com.ar\/index.php\/2014\/01\/28\/acciones-y-quitas-tributarias-luego-del-incendio-videos-de-la-conferencia-de-prensa\/","url":"https:\/\/www.celttv.com.ar\/index.php\/2014\/01\/28\/acciones-y-quitas-tributarias-luego-del-incendio-videos-de-la-conferencia-de-prensa\/","name":"ACCIONES Y QUITAS TRIBUTARIAS LUEGO DEL INCENDIO (videos de la conferencia de prensa) - CELTTV","isPartOf":{"@id":"https:\/\/www.celttv.com.ar\/#website"},"datePublished":"2014-01-28T20:06:43+00:00","dateModified":"2014-01-28T20:06:43+00:00","description":"Sitio web de noticias de la localidad de Tornquist, provincia de Buenos Aires, Rep\u00fablica Argentina. Contenido propio originado por periodistas de CELTTV, el canal de TV local de la Cooperativa El\u00e9ctrica de Tornquist. Turismo, Pol\u00edtica, Sociedad, Deporte, Cultura y todo el contenido de inter\u00e9s general que la gente del pueblo y la regi\u00f3n debe conocer.","breadcrumb":{"@id":"https:\/\/www.celttv.com.ar\/index.php\/2014\/01\/28\/acciones-y-quitas-tributarias-luego-del-incendio-videos-de-la-conferencia-de-prensa\/#breadcrumb"},"inLanguage":"es","potentialAction":[{"@type":"ReadAction","target":["https:\/\/www.celttv.com.ar\/index.php\/2014\/01\/28\/acciones-y-quitas-tributarias-luego-del-incendio-videos-de-la-conferencia-de-prensa\/"]}]},{"@type":"BreadcrumbList","@id":"https:\/\/www.celttv.com.ar\/index.php\/2014\/01\/28\/acciones-y-quitas-tributarias-luego-del-incendio-videos-de-la-conferencia-de-prensa\/#breadcrumb","itemListElement":[{"@type":"ListItem","position":1,"name":"Inicio","item":"https:\/\/www.celttv.com.ar\/"},{"@type":"ListItem","position":2,"name":"ACCIONES Y QUITAS TRIBUTARIAS LUEGO DEL INCENDIO (videos de la conferencia de prensa)"}]},{"@type":"WebSite","@id":"https:\/\/www.celttv.com.ar\/#website","url":"https:\/\/www.celttv.com.ar\/","name":"CELTTV","description":"Cooperativa El\u00e9ctrica de Tornquist","publisher":{"@id":"https:\/\/www.celttv.com.ar\/#organization"},"potentialAction":[{"@type":"SearchAction","target":{"@type":"EntryPoint","urlTemplate":"https:\/\/www.celttv.com.ar\/?s={search_term_string}"},"query-input":"required name=search_term_string"}],"inLanguage":"es"},{"@type":"Organization","@id":"https:\/\/www.celttv.com.ar\/#organization","name":"CELTTV","url":"https:\/\/www.celttv.com.ar\/","sameAs":["https:\/\/www.youtube.com\/channel\/UCz_oIt8Hig64Ub-EmcNPIhg","https:\/\/www.facebook.com\/celtTV\/"],"logo":{"@type":"ImageObject","inLanguage":"es","@id":"https:\/\/www.celttv.com.ar\/#\/schema\/logo\/image\/","url":"http:\/\/www.celttv.com.ar\/wp-content\/uploads\/2022\/08\/logo-1.png","contentUrl":"http:\/\/www.celttv.com.ar\/wp-content\/uploads\/2022\/08\/logo-1.png","width":461,"height":159,"caption":"CELTTV"},"image":{"@id":"https:\/\/www.celttv.com.ar\/#\/schema\/logo\/image\/"}},{"@type":"Person","@id":"https:\/\/www.celttv.com.ar\/#\/schema\/person\/6d99c072dba59953809c81446e9d0ace","name":"ulises","image":{"@type":"ImageObject","inLanguage":"es","@id":"https:\/\/www.celttv.com.ar\/#\/schema\/person\/image\/","url":"https:\/\/secure.gravatar.com\/avatar\/7f2c48bdc33b30088f941fb6082e555f2874c98e20cb159d7b92b50eadfce793?s=96&d=mm&r=g","contentUrl":"https:\/\/secure.gravatar.com\/avatar\/7f2c48bdc33b30088f941fb6082e555f2874c98e20cb159d7b92b50eadfce793?s=96&d=mm&r=g","caption":"ulises"},"sameAs":["http:\/\/www.celttv.com.ar"]}]}},"_links":{"self":[{"href":"https:\/\/www.celttv.com.ar\/index.php\/wp-json\/wp\/v2\/posts\/17139","targetHints":{"allow":["GET"]}}],"collection":[{"href":"https:\/\/www.celttv.com.ar\/index.php\/wp-json\/wp\/v2\/posts"}],"about":[{"href":"https:\/\/www.celttv.com.ar\/index.php\/wp-json\/wp\/v2\/types\/post"}],"author":[{"embeddable":true,"href":"https:\/\/www.celttv.com.ar\/index.php\/wp-json\/wp\/v2\/users\/1"}],"replies":[{"embeddable":true,"href":"https:\/\/www.celttv.com.ar\/index.php\/wp-json\/wp\/v2\/comments?post=17139"}],"version-history":[{"count":0,"href":"https:\/\/www.celttv.com.ar\/index.php\/wp-json\/wp\/v2\/posts\/17139\/revisions"}],"wp:attachment":[{"href":"https:\/\/www.celttv.com.ar\/index.php\/wp-json\/wp\/v2\/media?parent=17139"}],"wp:term":[{"taxonomy":"category","embeddable":true,"href":"https:\/\/www.celttv.com.ar\/index.php\/wp-json\/wp\/v2\/categories?post=17139"},{"taxonomy":"post_tag","embeddable":true,"href":"https:\/\/www.celttv.com.ar\/index.php\/wp-json\/wp\/v2\/tags?post=17139"}],"curies":[{"name":"wp","href":"https:\/\/api.w.org\/{rel}","templated":true}]}}