{"id":17343,"date":"2014-02-04T17:02:32","date_gmt":"2014-02-04T17:02:32","guid":{"rendered":"http:\/\/www.tvcnoticias.com.ar\/?p=17343"},"modified":"2014-02-04T17:02:32","modified_gmt":"2014-02-04T17:02:32","slug":"el-club-automoto-inicio-la-pretemporada-con-caras-nuevas","status":"publish","type":"post","link":"https:\/\/www.celttv.com.ar\/index.php\/2014\/02\/04\/el-club-automoto-inicio-la-pretemporada-con-caras-nuevas\/","title":{"rendered":"EL CLUB AUTOMOTO INICI\u00d3 LA PRETEMPORADA CON CARAS NUEVAS"},"content":{"rendered":"<div>El Club Automoto inici\u00f3 los trabajos de pretemporada para encarar el campeonato de f\u00fatbol de la Liga Regional de Coronel Su\u00e1rez.<\/div>\n<div>Con la presencia del nuevo cuerpo t\u00e9cnico y de algunas incorporaciones que ha realizado en las \u00faltimas horas, el elenco azulgrana renueva las esperanzas en la temporada 2014 con un duro trabajo f\u00edsico de pretemporada bajo las ordenes del profesor Edgardo Etchegno y la supervisi\u00f3n del flamante DT Guillermo &#8220;Billy&#8221; Gatti.<\/div>\n<div>Participaron del primer d\u00eda de entrenamiento los rosarinos Mat\u00edas Lerda y Valeriano Artigas, jugadores provenientes de la cantera de f\u00fatbol de Renato Cesarini y con experiencia en diferentes ligas del interior del pa\u00eds. A su vez, formaron parte del entrenamiento jugadores del plantel de primera, reserva y quinta divisi\u00f3n.<\/div>\n<div>Con respecto a las negociaciones para la incorporaci\u00f3n de nuevos refuerzos,\u00a0trascendi\u00f3 que\u00a0la dirigencia azulgrana\u00a0estar\u00eda en tratativas para acercar un delantero, ya que la continuidad de Franco Pulgar en el quipo no se concretar\u00eda para este a\u00f1o.<\/div>\n<div>\n<div>Magazine Sport dialog\u00f3 con los refuerzosd Mat\u00edas Lerda y Valeriano Artigas, con el jugador Mat\u00edas Salas, el preparador f\u00edsico Edgardo Etchegno y el DT. Guillermo &#8220;Billy&#8221; Gatti.<\/div>\n<div><a href=\"http:\/\/www.youtube.com\/watch?v=RSf4KKsu0yo\">httpv:\/\/www.youtube.com\/watch?v=RSf4KKsu0yo<\/a><br \/>\n<a href=\"http:\/\/www.youtube.com\/watch?v=PY9it92nH04\">httpv:\/\/www.youtube.com\/watch?v=PY9it92nH04<\/a><br \/>\n<a href=\"http:\/\/www.youtube.com\/watch?v=c_JJ5hiFswo\">httpv:\/\/www.youtube.com\/watch?v=c_JJ5hiFswo<\/a><\/div>\n<div><a href=\"http:\/\/www.youtube.com\/watch?v=hGTXLv3NAnY\">httpv:\/\/www.youtube.com\/watch?v=hGTXLv3NAnY<\/a><\/div>\n<div><a href=\"http:\/\/www.youtube.com\/watch?v=WgBYYgJi81s\">httpv:\/\/www.youtube.com\/watch?v=WgBYYgJi81s<\/a><\/div>\n<\/div>\n","protected":false},"excerpt":{"rendered":"<p>El Club Automoto inici\u00f3 los trabajos de pretemporada para encarar el campeonato de f\u00fatbol de la Liga Regional de Coronel Su\u00e1rez. Con la presencia del nuevo cuerpo t\u00e9cnico y de algunas incorporaciones que ha realizado en las \u00faltimas horas, el elenco azulgrana renueva las esperanzas en la temporada 2014 con un duro trabajo f\u00edsico de [&hellip;]<\/p>\n","protected":false},"author":1,"featured_media":0,"comment_status":"closed","ping_status":"open","sticky":false,"template":"","format":"standard","meta":{"footnotes":""},"categories":[60,52,64],"tags":[],"class_list":["post-17343","post","type-post","status-publish","format-standard","hentry","category-deporte","category-destacadas","category-videos-destacados"],"yoast_head":"<!-- This site is optimized with the Yoast SEO plugin v19.7.1 - https:\/\/yoast.com\/wordpress\/plugins\/seo\/ -->\n<title>EL CLUB AUTOMOTO INICI\u00d3 LA PRETEMPORADA CON CARAS NUEVAS - CELTTV<\/title>\n<meta name=\"description\" content=\"Sitio web de noticias de la localidad de Tornquist, provincia de Buenos Aires, Rep\u00fablica Argentina. Contenido propio originado por periodistas de CELTTV, el canal de TV local de la Cooperativa El\u00e9ctrica de Tornquist. Turismo, Pol\u00edtica, Sociedad, Deporte, Cultura y todo el contenido de inter\u00e9s general que la gente del pueblo y la regi\u00f3n debe conocer.\" \/>\n<meta name=\"robots\" content=\"index, follow, max-snippet:-1, max-image-preview:large, max-video-preview:-1\" \/>\n<link rel=\"canonical\" href=\"https:\/\/www.celttv.com.ar\/index.php\/2014\/02\/04\/el-club-automoto-inicio-la-pretemporada-con-caras-nuevas\/\" \/>\n<meta property=\"og:locale\" content=\"es_ES\" \/>\n<meta property=\"og:type\" content=\"article\" \/>\n<meta property=\"og:title\" content=\"EL CLUB AUTOMOTO INICI\u00d3 LA PRETEMPORADA CON CARAS NUEVAS - CELTTV\" \/>\n<meta property=\"og:description\" content=\"Sitio web de noticias de la localidad de Tornquist, provincia de Buenos Aires, Rep\u00fablica Argentina. Contenido propio originado por periodistas de CELTTV, el canal de TV local de la Cooperativa El\u00e9ctrica de Tornquist. Turismo, Pol\u00edtica, Sociedad, Deporte, Cultura y todo el contenido de inter\u00e9s general que la gente del pueblo y la regi\u00f3n debe conocer.\" \/>\n<meta property=\"og:url\" content=\"https:\/\/www.celttv.com.ar\/index.php\/2014\/02\/04\/el-club-automoto-inicio-la-pretemporada-con-caras-nuevas\/\" \/>\n<meta property=\"og:site_name\" content=\"CELTTV\" \/>\n<meta property=\"article:publisher\" content=\"https:\/\/www.facebook.com\/celtTV\/\" \/>\n<meta property=\"article:published_time\" content=\"2014-02-04T17:02:32+00:00\" \/>\n<meta name=\"author\" content=\"ulises\" \/>\n<meta name=\"twitter:card\" content=\"summary_large_image\" \/>\n<meta name=\"twitter:label1\" content=\"Escrito por\" \/>\n\t<meta name=\"twitter:data1\" content=\"ulises\" \/>\n\t<meta name=\"twitter:label2\" content=\"Tiempo de lectura\" \/>\n\t<meta name=\"twitter:data2\" content=\"1 minuto\" \/>\n<script type=\"application\/ld+json\" class=\"yoast-schema-graph\">{\"@context\":\"https:\/\/schema.org\",\"@graph\":[{\"@type\":\"NewsArticle\",\"@id\":\"https:\/\/www.celttv.com.ar\/index.php\/2014\/02\/04\/el-club-automoto-inicio-la-pretemporada-con-caras-nuevas\/#article\",\"isPartOf\":{\"@id\":\"https:\/\/www.celttv.com.ar\/index.php\/2014\/02\/04\/el-club-automoto-inicio-la-pretemporada-con-caras-nuevas\/\"},\"author\":{\"name\":\"ulises\",\"@id\":\"https:\/\/www.celttv.com.ar\/#\/schema\/person\/6d99c072dba59953809c81446e9d0ace\"},\"headline\":\"EL CLUB AUTOMOTO INICI\u00d3 LA PRETEMPORADA CON CARAS NUEVAS\",\"datePublished\":\"2014-02-04T17:02:32+00:00\",\"dateModified\":\"2014-02-04T17:02:32+00:00\",\"mainEntityOfPage\":{\"@id\":\"https:\/\/www.celttv.com.ar\/index.php\/2014\/02\/04\/el-club-automoto-inicio-la-pretemporada-con-caras-nuevas\/\"},\"wordCount\":255,\"publisher\":{\"@id\":\"https:\/\/www.celttv.com.ar\/#organization\"},\"articleSection\":[\"Deporte\",\"Destacadas\",\"Videos Destacados\"],\"inLanguage\":\"es\"},{\"@type\":\"WebPage\",\"@id\":\"https:\/\/www.celttv.com.ar\/index.php\/2014\/02\/04\/el-club-automoto-inicio-la-pretemporada-con-caras-nuevas\/\",\"url\":\"https:\/\/www.celttv.com.ar\/index.php\/2014\/02\/04\/el-club-automoto-inicio-la-pretemporada-con-caras-nuevas\/\",\"name\":\"EL CLUB AUTOMOTO INICI\u00d3 LA PRETEMPORADA CON CARAS NUEVAS - CELTTV\",\"isPartOf\":{\"@id\":\"https:\/\/www.celttv.com.ar\/#website\"},\"datePublished\":\"2014-02-04T17:02:32+00:00\",\"dateModified\":\"2014-02-04T17:02:32+00:00\",\"description\":\"Sitio web de noticias de la localidad de Tornquist, provincia de Buenos Aires, Rep\u00fablica Argentina. Contenido propio originado por periodistas de CELTTV, el canal de TV local de la Cooperativa El\u00e9ctrica de Tornquist. Turismo, Pol\u00edtica, Sociedad, Deporte, Cultura y todo el contenido de inter\u00e9s general que la gente del pueblo y la regi\u00f3n debe conocer.\",\"breadcrumb\":{\"@id\":\"https:\/\/www.celttv.com.ar\/index.php\/2014\/02\/04\/el-club-automoto-inicio-la-pretemporada-con-caras-nuevas\/#breadcrumb\"},\"inLanguage\":\"es\",\"potentialAction\":[{\"@type\":\"ReadAction\",\"target\":[\"https:\/\/www.celttv.com.ar\/index.php\/2014\/02\/04\/el-club-automoto-inicio-la-pretemporada-con-caras-nuevas\/\"]}]},{\"@type\":\"BreadcrumbList\",\"@id\":\"https:\/\/www.celttv.com.ar\/index.php\/2014\/02\/04\/el-club-automoto-inicio-la-pretemporada-con-caras-nuevas\/#breadcrumb\",\"itemListElement\":[{\"@type\":\"ListItem\",\"position\":1,\"name\":\"Inicio\",\"item\":\"https:\/\/www.celttv.com.ar\/\"},{\"@type\":\"ListItem\",\"position\":2,\"name\":\"EL CLUB AUTOMOTO INICI\u00d3 LA PRETEMPORADA CON CARAS NUEVAS\"}]},{\"@type\":\"WebSite\",\"@id\":\"https:\/\/www.celttv.com.ar\/#website\",\"url\":\"https:\/\/www.celttv.com.ar\/\",\"name\":\"CELTTV\",\"description\":\"Cooperativa El\u00e9ctrica de Tornquist\",\"publisher\":{\"@id\":\"https:\/\/www.celttv.com.ar\/#organization\"},\"potentialAction\":[{\"@type\":\"SearchAction\",\"target\":{\"@type\":\"EntryPoint\",\"urlTemplate\":\"https:\/\/www.celttv.com.ar\/?s={search_term_string}\"},\"query-input\":\"required name=search_term_string\"}],\"inLanguage\":\"es\"},{\"@type\":\"Organization\",\"@id\":\"https:\/\/www.celttv.com.ar\/#organization\",\"name\":\"CELTTV\",\"url\":\"https:\/\/www.celttv.com.ar\/\",\"sameAs\":[\"https:\/\/www.youtube.com\/channel\/UCz_oIt8Hig64Ub-EmcNPIhg\",\"https:\/\/www.facebook.com\/celtTV\/\"],\"logo\":{\"@type\":\"ImageObject\",\"inLanguage\":\"es\",\"@id\":\"https:\/\/www.celttv.com.ar\/#\/schema\/logo\/image\/\",\"url\":\"http:\/\/www.celttv.com.ar\/wp-content\/uploads\/2022\/08\/logo-1.png\",\"contentUrl\":\"http:\/\/www.celttv.com.ar\/wp-content\/uploads\/2022\/08\/logo-1.png\",\"width\":461,\"height\":159,\"caption\":\"CELTTV\"},\"image\":{\"@id\":\"https:\/\/www.celttv.com.ar\/#\/schema\/logo\/image\/\"}},{\"@type\":\"Person\",\"@id\":\"https:\/\/www.celttv.com.ar\/#\/schema\/person\/6d99c072dba59953809c81446e9d0ace\",\"name\":\"ulises\",\"image\":{\"@type\":\"ImageObject\",\"inLanguage\":\"es\",\"@id\":\"https:\/\/www.celttv.com.ar\/#\/schema\/person\/image\/\",\"url\":\"https:\/\/secure.gravatar.com\/avatar\/7f2c48bdc33b30088f941fb6082e555f2874c98e20cb159d7b92b50eadfce793?s=96&d=mm&r=g\",\"contentUrl\":\"https:\/\/secure.gravatar.com\/avatar\/7f2c48bdc33b30088f941fb6082e555f2874c98e20cb159d7b92b50eadfce793?s=96&d=mm&r=g\",\"caption\":\"ulises\"},\"sameAs\":[\"http:\/\/www.celttv.com.ar\"]}]}<\/script>\n<!-- \/ Yoast SEO plugin. -->","yoast_head_json":{"title":"EL CLUB AUTOMOTO INICI\u00d3 LA PRETEMPORADA CON CARAS NUEVAS - CELTTV","description":"Sitio web de noticias de la localidad de Tornquist, provincia de Buenos Aires, Rep\u00fablica Argentina. Contenido propio originado por periodistas de CELTTV, el canal de TV local de la Cooperativa El\u00e9ctrica de Tornquist. Turismo, Pol\u00edtica, Sociedad, Deporte, Cultura y todo el contenido de inter\u00e9s general que la gente del pueblo y la regi\u00f3n debe conocer.","robots":{"index":"index","follow":"follow","max-snippet":"max-snippet:-1","max-image-preview":"max-image-preview:large","max-video-preview":"max-video-preview:-1"},"canonical":"https:\/\/www.celttv.com.ar\/index.php\/2014\/02\/04\/el-club-automoto-inicio-la-pretemporada-con-caras-nuevas\/","og_locale":"es_ES","og_type":"article","og_title":"EL CLUB AUTOMOTO INICI\u00d3 LA PRETEMPORADA CON CARAS NUEVAS - CELTTV","og_description":"Sitio web de noticias de la localidad de Tornquist, provincia de Buenos Aires, Rep\u00fablica Argentina. Contenido propio originado por periodistas de CELTTV, el canal de TV local de la Cooperativa El\u00e9ctrica de Tornquist. Turismo, Pol\u00edtica, Sociedad, Deporte, Cultura y todo el contenido de inter\u00e9s general que la gente del pueblo y la regi\u00f3n debe conocer.","og_url":"https:\/\/www.celttv.com.ar\/index.php\/2014\/02\/04\/el-club-automoto-inicio-la-pretemporada-con-caras-nuevas\/","og_site_name":"CELTTV","article_publisher":"https:\/\/www.facebook.com\/celtTV\/","article_published_time":"2014-02-04T17:02:32+00:00","author":"ulises","twitter_card":"summary_large_image","twitter_misc":{"Escrito por":"ulises","Tiempo de lectura":"1 minuto"},"schema":{"@context":"https:\/\/schema.org","@graph":[{"@type":"NewsArticle","@id":"https:\/\/www.celttv.com.ar\/index.php\/2014\/02\/04\/el-club-automoto-inicio-la-pretemporada-con-caras-nuevas\/#article","isPartOf":{"@id":"https:\/\/www.celttv.com.ar\/index.php\/2014\/02\/04\/el-club-automoto-inicio-la-pretemporada-con-caras-nuevas\/"},"author":{"name":"ulises","@id":"https:\/\/www.celttv.com.ar\/#\/schema\/person\/6d99c072dba59953809c81446e9d0ace"},"headline":"EL CLUB AUTOMOTO INICI\u00d3 LA PRETEMPORADA CON CARAS NUEVAS","datePublished":"2014-02-04T17:02:32+00:00","dateModified":"2014-02-04T17:02:32+00:00","mainEntityOfPage":{"@id":"https:\/\/www.celttv.com.ar\/index.php\/2014\/02\/04\/el-club-automoto-inicio-la-pretemporada-con-caras-nuevas\/"},"wordCount":255,"publisher":{"@id":"https:\/\/www.celttv.com.ar\/#organization"},"articleSection":["Deporte","Destacadas","Videos Destacados"],"inLanguage":"es"},{"@type":"WebPage","@id":"https:\/\/www.celttv.com.ar\/index.php\/2014\/02\/04\/el-club-automoto-inicio-la-pretemporada-con-caras-nuevas\/","url":"https:\/\/www.celttv.com.ar\/index.php\/2014\/02\/04\/el-club-automoto-inicio-la-pretemporada-con-caras-nuevas\/","name":"EL CLUB AUTOMOTO INICI\u00d3 LA PRETEMPORADA CON CARAS NUEVAS - CELTTV","isPartOf":{"@id":"https:\/\/www.celttv.com.ar\/#website"},"datePublished":"2014-02-04T17:02:32+00:00","dateModified":"2014-02-04T17:02:32+00:00","description":"Sitio web de noticias de la localidad de Tornquist, provincia de Buenos Aires, Rep\u00fablica Argentina. Contenido propio originado por periodistas de CELTTV, el canal de TV local de la Cooperativa El\u00e9ctrica de Tornquist. Turismo, Pol\u00edtica, Sociedad, Deporte, Cultura y todo el contenido de inter\u00e9s general que la gente del pueblo y la regi\u00f3n debe conocer.","breadcrumb":{"@id":"https:\/\/www.celttv.com.ar\/index.php\/2014\/02\/04\/el-club-automoto-inicio-la-pretemporada-con-caras-nuevas\/#breadcrumb"},"inLanguage":"es","potentialAction":[{"@type":"ReadAction","target":["https:\/\/www.celttv.com.ar\/index.php\/2014\/02\/04\/el-club-automoto-inicio-la-pretemporada-con-caras-nuevas\/"]}]},{"@type":"BreadcrumbList","@id":"https:\/\/www.celttv.com.ar\/index.php\/2014\/02\/04\/el-club-automoto-inicio-la-pretemporada-con-caras-nuevas\/#breadcrumb","itemListElement":[{"@type":"ListItem","position":1,"name":"Inicio","item":"https:\/\/www.celttv.com.ar\/"},{"@type":"ListItem","position":2,"name":"EL CLUB AUTOMOTO INICI\u00d3 LA PRETEMPORADA CON CARAS NUEVAS"}]},{"@type":"WebSite","@id":"https:\/\/www.celttv.com.ar\/#website","url":"https:\/\/www.celttv.com.ar\/","name":"CELTTV","description":"Cooperativa El\u00e9ctrica de Tornquist","publisher":{"@id":"https:\/\/www.celttv.com.ar\/#organization"},"potentialAction":[{"@type":"SearchAction","target":{"@type":"EntryPoint","urlTemplate":"https:\/\/www.celttv.com.ar\/?s={search_term_string}"},"query-input":"required name=search_term_string"}],"inLanguage":"es"},{"@type":"Organization","@id":"https:\/\/www.celttv.com.ar\/#organization","name":"CELTTV","url":"https:\/\/www.celttv.com.ar\/","sameAs":["https:\/\/www.youtube.com\/channel\/UCz_oIt8Hig64Ub-EmcNPIhg","https:\/\/www.facebook.com\/celtTV\/"],"logo":{"@type":"ImageObject","inLanguage":"es","@id":"https:\/\/www.celttv.com.ar\/#\/schema\/logo\/image\/","url":"http:\/\/www.celttv.com.ar\/wp-content\/uploads\/2022\/08\/logo-1.png","contentUrl":"http:\/\/www.celttv.com.ar\/wp-content\/uploads\/2022\/08\/logo-1.png","width":461,"height":159,"caption":"CELTTV"},"image":{"@id":"https:\/\/www.celttv.com.ar\/#\/schema\/logo\/image\/"}},{"@type":"Person","@id":"https:\/\/www.celttv.com.ar\/#\/schema\/person\/6d99c072dba59953809c81446e9d0ace","name":"ulises","image":{"@type":"ImageObject","inLanguage":"es","@id":"https:\/\/www.celttv.com.ar\/#\/schema\/person\/image\/","url":"https:\/\/secure.gravatar.com\/avatar\/7f2c48bdc33b30088f941fb6082e555f2874c98e20cb159d7b92b50eadfce793?s=96&d=mm&r=g","contentUrl":"https:\/\/secure.gravatar.com\/avatar\/7f2c48bdc33b30088f941fb6082e555f2874c98e20cb159d7b92b50eadfce793?s=96&d=mm&r=g","caption":"ulises"},"sameAs":["http:\/\/www.celttv.com.ar"]}]}},"_links":{"self":[{"href":"https:\/\/www.celttv.com.ar\/index.php\/wp-json\/wp\/v2\/posts\/17343","targetHints":{"allow":["GET"]}}],"collection":[{"href":"https:\/\/www.celttv.com.ar\/index.php\/wp-json\/wp\/v2\/posts"}],"about":[{"href":"https:\/\/www.celttv.com.ar\/index.php\/wp-json\/wp\/v2\/types\/post"}],"author":[{"embeddable":true,"href":"https:\/\/www.celttv.com.ar\/index.php\/wp-json\/wp\/v2\/users\/1"}],"replies":[{"embeddable":true,"href":"https:\/\/www.celttv.com.ar\/index.php\/wp-json\/wp\/v2\/comments?post=17343"}],"version-history":[{"count":0,"href":"https:\/\/www.celttv.com.ar\/index.php\/wp-json\/wp\/v2\/posts\/17343\/revisions"}],"wp:attachment":[{"href":"https:\/\/www.celttv.com.ar\/index.php\/wp-json\/wp\/v2\/media?parent=17343"}],"wp:term":[{"taxonomy":"category","embeddable":true,"href":"https:\/\/www.celttv.com.ar\/index.php\/wp-json\/wp\/v2\/categories?post=17343"},{"taxonomy":"post_tag","embeddable":true,"href":"https:\/\/www.celttv.com.ar\/index.php\/wp-json\/wp\/v2\/tags?post=17343"}],"curies":[{"name":"wp","href":"https:\/\/api.w.org\/{rel}","templated":true}]}}