{"id":17441,"date":"2014-02-10T21:08:18","date_gmt":"2014-02-10T21:08:18","guid":{"rendered":"http:\/\/www.tvcnoticias.com.ar\/?p=17441"},"modified":"2014-02-10T21:08:18","modified_gmt":"2014-02-10T21:08:18","slug":"exitoso-desarrollo-de-la-2da-caminata-por-la-lucha-internacional-contra-el-cancer-2","status":"publish","type":"post","link":"https:\/\/www.celttv.com.ar\/index.php\/2014\/02\/10\/exitoso-desarrollo-de-la-2da-caminata-por-la-lucha-internacional-contra-el-cancer-2\/","title":{"rendered":"Exitoso Desarrollo de la 2da. Caminata por  la Lucha Internacional contra el Cancer"},"content":{"rendered":"<p>on una buena afluencia de vecinos, que pr\u00e1cticamente duplic\u00f3 la cantidad del a\u00f1o anterior, se desarroll\u00f3 el pasado martes la 2da. Caninata Anual por la Lucha contra el Cancer, organizada por las juventudes de la UCR. y el PJ. y Asociaci\u00f3n Amor por La vida.\u00a0 \u00a0Como en el a\u00f1o anterior, el punto de partida fue desde el play\u00f3n del Centro de Educaci\u00f3n F\u00edsica, donde se fueron congregando vecinos, representantes de instituciones, del departamento ejecutivo municipal y concejales de las distintas bancadas.\u00a0 \u00a0Una nutrida fila se desplaz\u00f3, aprovechando una tarde esplendida, hasta el Parque Lineal, donde el grupo musical La Morocha hacia sus \u00faltimos preparativos para dejar lo suyo en un desinteresado aporte al evento.\u00a0 \u00a0\u201cEl Tigre\u201d Santell\u00e1n le regal\u00f3 a los presnetes una bonita canci\u00f3n producto de su autor\u00eda y dedicado a la Asociaci\u00f3n Amor por la Vida.\u00a0 Algunos no se animaron a la caminata, pero si estuvieron presentes en el cierre musical.<br \/>\nOPINIONES\u201cGracias a Dios vino mucha gente y, aparte de la apoyo a la organizaci\u00f3n, es importante hacer un poco de ruido para prevenir el cancer, hoy existen medidas para prevenirlo y hagamos que el cancer no sea una mala palabra y existen medidas como caminar o comer sano\u201d se\u00f1al\u00f3 Feliza Janyistabro, presidente de la Asociaci\u00f3n Amor por la Vida.<br \/>\n\u201cCreo que \u00a0lo que organizaron las Juventudes Peronista y Radical, es algo que \u00a0nos ayuda y mucho a tomar conciencia del flagelo que es el cancer. Creo que, a partir de la difuci\u00f3n que se est\u00e1 realizando, la gente est\u00e1 tomando conciencia para hacerse chequeos generales y de a poco esta enfermedad es un flagelo que se va conbatiendo\u201d dijo Norberto Marzialetti, integrante de la Asoc. Amor por la Vida.\u00a0 \u00a0Antes la palabra cancer aterrorizaba, pero hoy est\u00e1n todos los medios para enfrentarlo, prevenirlo y en varios casos combatirlo. Hoy existen remedios pero no hay que dejarse estar. Se est\u00e1 hablando que es inminente la aparici\u00f3n de una vacuna y en buena hora que as\u00ed sea\u201d se\u00f1al\u00f3 Marzialetti, al tiempo que agradeci\u00f3 a todos quienes colaboraron con su presencia en esta caminata.<br \/>\n\u201cLo fundamental es que la gente tome conciencia de lo que significa este d\u00eda, y es la lucha contra esta enfermedad tan extendida hoy en d\u00eda, una enfermedad tan flagelante para la humanidad\u201d dijo Fabio Martinez, presidente de la UCR. del distrito de Tornquist.\u00a0 \u201cEsto es algo para toda la sociedad y no correspond\u00eda tomarlo como una actividad pol\u00edtica desde un partido; aqui la pol\u00edtica seria preservar y mejorar la calidad de vida de la gente\u201d dijo Martinez.<br \/>\n\u201cUn d\u00eda b\u00e1rbaro, para disfrutar y con mucha gente. El apoyo que los organidzadores se merecian\u201d dijo Leandro Pascale Secretario de Turismo, Cultura y Deporte del Municipio de Tornquist.<br \/>\n\u201cEstamos colaborando con este grupo de j\u00f3venes de distintas ramas pol\u00edticas que demuestran que unidos se puede hacer cosas. Los tenemos que acompa\u00f1ar\u201d dijo Andrea Camus, flamante directora de cultura del distrito de Tornquist.<br \/>\n<a href=\"http:\/\/www.youtube.com\/watch?v=q75cCgxyjfA\">httpv:\/\/www.youtube.com\/watch?v=q75cCgxyjfA<\/a><br \/>\n<a href=\"http:\/\/www.youtube.com\/watch?v=cnwozuu5PWk\">httpv:\/\/www.youtube.com\/watch?v=cnwozuu5PWk<\/a><br \/>\n&nbsp;<br \/>\n&nbsp;<\/p>\n","protected":false},"excerpt":{"rendered":"<p>on una buena afluencia de vecinos, que pr\u00e1cticamente duplic\u00f3 la cantidad del a\u00f1o anterior, se desarroll\u00f3 el pasado martes la 2da. Caninata Anual por la Lucha contra el Cancer, organizada por las juventudes de la UCR. y el PJ. y Asociaci\u00f3n Amor por La vida.\u00a0 \u00a0Como en el a\u00f1o anterior, el punto de partida fue [&hellip;]<\/p>\n","protected":false},"author":1,"featured_media":0,"comment_status":"closed","ping_status":"open","sticky":false,"template":"","format":"standard","meta":{"footnotes":""},"categories":[51,52,64],"tags":[],"class_list":["post-17441","post","type-post","status-publish","format-standard","hentry","category-comunidad","category-destacadas","category-videos-destacados"],"yoast_head":"<!-- This site is optimized with the Yoast SEO plugin v19.7.1 - https:\/\/yoast.com\/wordpress\/plugins\/seo\/ -->\n<title>Exitoso Desarrollo de la 2da. Caminata por la Lucha Internacional contra el Cancer - CELTTV<\/title>\n<meta name=\"description\" content=\"Sitio web de noticias de la localidad de Tornquist, provincia de Buenos Aires, Rep\u00fablica Argentina. Contenido propio originado por periodistas de CELTTV, el canal de TV local de la Cooperativa El\u00e9ctrica de Tornquist. Turismo, Pol\u00edtica, Sociedad, Deporte, Cultura y todo el contenido de inter\u00e9s general que la gente del pueblo y la regi\u00f3n debe conocer.\" \/>\n<meta name=\"robots\" content=\"index, follow, max-snippet:-1, max-image-preview:large, max-video-preview:-1\" \/>\n<link rel=\"canonical\" href=\"https:\/\/www.celttv.com.ar\/index.php\/2014\/02\/10\/exitoso-desarrollo-de-la-2da-caminata-por-la-lucha-internacional-contra-el-cancer-2\/\" \/>\n<meta property=\"og:locale\" content=\"es_ES\" \/>\n<meta property=\"og:type\" content=\"article\" \/>\n<meta property=\"og:title\" content=\"Exitoso Desarrollo de la 2da. Caminata por la Lucha Internacional contra el Cancer - CELTTV\" \/>\n<meta property=\"og:description\" content=\"Sitio web de noticias de la localidad de Tornquist, provincia de Buenos Aires, Rep\u00fablica Argentina. Contenido propio originado por periodistas de CELTTV, el canal de TV local de la Cooperativa El\u00e9ctrica de Tornquist. Turismo, Pol\u00edtica, Sociedad, Deporte, Cultura y todo el contenido de inter\u00e9s general que la gente del pueblo y la regi\u00f3n debe conocer.\" \/>\n<meta property=\"og:url\" content=\"https:\/\/www.celttv.com.ar\/index.php\/2014\/02\/10\/exitoso-desarrollo-de-la-2da-caminata-por-la-lucha-internacional-contra-el-cancer-2\/\" \/>\n<meta property=\"og:site_name\" content=\"CELTTV\" \/>\n<meta property=\"article:publisher\" content=\"https:\/\/www.facebook.com\/celtTV\/\" \/>\n<meta property=\"article:published_time\" content=\"2014-02-10T21:08:18+00:00\" \/>\n<meta name=\"author\" content=\"ulises\" \/>\n<meta name=\"twitter:card\" content=\"summary_large_image\" \/>\n<meta name=\"twitter:label1\" content=\"Escrito por\" \/>\n\t<meta name=\"twitter:data1\" content=\"ulises\" \/>\n\t<meta name=\"twitter:label2\" content=\"Tiempo de lectura\" \/>\n\t<meta name=\"twitter:data2\" content=\"3 minutos\" \/>\n<script type=\"application\/ld+json\" class=\"yoast-schema-graph\">{\"@context\":\"https:\/\/schema.org\",\"@graph\":[{\"@type\":\"NewsArticle\",\"@id\":\"https:\/\/www.celttv.com.ar\/index.php\/2014\/02\/10\/exitoso-desarrollo-de-la-2da-caminata-por-la-lucha-internacional-contra-el-cancer-2\/#article\",\"isPartOf\":{\"@id\":\"https:\/\/www.celttv.com.ar\/index.php\/2014\/02\/10\/exitoso-desarrollo-de-la-2da-caminata-por-la-lucha-internacional-contra-el-cancer-2\/\"},\"author\":{\"name\":\"ulises\",\"@id\":\"https:\/\/www.celttv.com.ar\/#\/schema\/person\/6d99c072dba59953809c81446e9d0ace\"},\"headline\":\"Exitoso Desarrollo de la 2da. Caminata por la Lucha Internacional contra el Cancer\",\"datePublished\":\"2014-02-10T21:08:18+00:00\",\"dateModified\":\"2014-02-10T21:08:18+00:00\",\"mainEntityOfPage\":{\"@id\":\"https:\/\/www.celttv.com.ar\/index.php\/2014\/02\/10\/exitoso-desarrollo-de-la-2da-caminata-por-la-lucha-internacional-contra-el-cancer-2\/\"},\"wordCount\":545,\"publisher\":{\"@id\":\"https:\/\/www.celttv.com.ar\/#organization\"},\"articleSection\":[\"Comunidad\",\"Destacadas\",\"Videos Destacados\"],\"inLanguage\":\"es\"},{\"@type\":\"WebPage\",\"@id\":\"https:\/\/www.celttv.com.ar\/index.php\/2014\/02\/10\/exitoso-desarrollo-de-la-2da-caminata-por-la-lucha-internacional-contra-el-cancer-2\/\",\"url\":\"https:\/\/www.celttv.com.ar\/index.php\/2014\/02\/10\/exitoso-desarrollo-de-la-2da-caminata-por-la-lucha-internacional-contra-el-cancer-2\/\",\"name\":\"Exitoso Desarrollo de la 2da. Caminata por la Lucha Internacional contra el Cancer - CELTTV\",\"isPartOf\":{\"@id\":\"https:\/\/www.celttv.com.ar\/#website\"},\"datePublished\":\"2014-02-10T21:08:18+00:00\",\"dateModified\":\"2014-02-10T21:08:18+00:00\",\"description\":\"Sitio web de noticias de la localidad de Tornquist, provincia de Buenos Aires, Rep\u00fablica Argentina. Contenido propio originado por periodistas de CELTTV, el canal de TV local de la Cooperativa El\u00e9ctrica de Tornquist. Turismo, Pol\u00edtica, Sociedad, Deporte, Cultura y todo el contenido de inter\u00e9s general que la gente del pueblo y la regi\u00f3n debe conocer.\",\"breadcrumb\":{\"@id\":\"https:\/\/www.celttv.com.ar\/index.php\/2014\/02\/10\/exitoso-desarrollo-de-la-2da-caminata-por-la-lucha-internacional-contra-el-cancer-2\/#breadcrumb\"},\"inLanguage\":\"es\",\"potentialAction\":[{\"@type\":\"ReadAction\",\"target\":[\"https:\/\/www.celttv.com.ar\/index.php\/2014\/02\/10\/exitoso-desarrollo-de-la-2da-caminata-por-la-lucha-internacional-contra-el-cancer-2\/\"]}]},{\"@type\":\"BreadcrumbList\",\"@id\":\"https:\/\/www.celttv.com.ar\/index.php\/2014\/02\/10\/exitoso-desarrollo-de-la-2da-caminata-por-la-lucha-internacional-contra-el-cancer-2\/#breadcrumb\",\"itemListElement\":[{\"@type\":\"ListItem\",\"position\":1,\"name\":\"Inicio\",\"item\":\"https:\/\/www.celttv.com.ar\/\"},{\"@type\":\"ListItem\",\"position\":2,\"name\":\"Exitoso Desarrollo de la 2da. Caminata por la Lucha Internacional contra el Cancer\"}]},{\"@type\":\"WebSite\",\"@id\":\"https:\/\/www.celttv.com.ar\/#website\",\"url\":\"https:\/\/www.celttv.com.ar\/\",\"name\":\"CELTTV\",\"description\":\"Cooperativa El\u00e9ctrica de Tornquist\",\"publisher\":{\"@id\":\"https:\/\/www.celttv.com.ar\/#organization\"},\"potentialAction\":[{\"@type\":\"SearchAction\",\"target\":{\"@type\":\"EntryPoint\",\"urlTemplate\":\"https:\/\/www.celttv.com.ar\/?s={search_term_string}\"},\"query-input\":\"required name=search_term_string\"}],\"inLanguage\":\"es\"},{\"@type\":\"Organization\",\"@id\":\"https:\/\/www.celttv.com.ar\/#organization\",\"name\":\"CELTTV\",\"url\":\"https:\/\/www.celttv.com.ar\/\",\"sameAs\":[\"https:\/\/www.youtube.com\/channel\/UCz_oIt8Hig64Ub-EmcNPIhg\",\"https:\/\/www.facebook.com\/celtTV\/\"],\"logo\":{\"@type\":\"ImageObject\",\"inLanguage\":\"es\",\"@id\":\"https:\/\/www.celttv.com.ar\/#\/schema\/logo\/image\/\",\"url\":\"http:\/\/www.celttv.com.ar\/wp-content\/uploads\/2022\/08\/logo-1.png\",\"contentUrl\":\"http:\/\/www.celttv.com.ar\/wp-content\/uploads\/2022\/08\/logo-1.png\",\"width\":461,\"height\":159,\"caption\":\"CELTTV\"},\"image\":{\"@id\":\"https:\/\/www.celttv.com.ar\/#\/schema\/logo\/image\/\"}},{\"@type\":\"Person\",\"@id\":\"https:\/\/www.celttv.com.ar\/#\/schema\/person\/6d99c072dba59953809c81446e9d0ace\",\"name\":\"ulises\",\"image\":{\"@type\":\"ImageObject\",\"inLanguage\":\"es\",\"@id\":\"https:\/\/www.celttv.com.ar\/#\/schema\/person\/image\/\",\"url\":\"https:\/\/secure.gravatar.com\/avatar\/7f2c48bdc33b30088f941fb6082e555f2874c98e20cb159d7b92b50eadfce793?s=96&d=mm&r=g\",\"contentUrl\":\"https:\/\/secure.gravatar.com\/avatar\/7f2c48bdc33b30088f941fb6082e555f2874c98e20cb159d7b92b50eadfce793?s=96&d=mm&r=g\",\"caption\":\"ulises\"},\"sameAs\":[\"http:\/\/www.celttv.com.ar\"]}]}<\/script>\n<!-- \/ Yoast SEO plugin. -->","yoast_head_json":{"title":"Exitoso Desarrollo de la 2da. Caminata por la Lucha Internacional contra el Cancer - CELTTV","description":"Sitio web de noticias de la localidad de Tornquist, provincia de Buenos Aires, Rep\u00fablica Argentina. Contenido propio originado por periodistas de CELTTV, el canal de TV local de la Cooperativa El\u00e9ctrica de Tornquist. Turismo, Pol\u00edtica, Sociedad, Deporte, Cultura y todo el contenido de inter\u00e9s general que la gente del pueblo y la regi\u00f3n debe conocer.","robots":{"index":"index","follow":"follow","max-snippet":"max-snippet:-1","max-image-preview":"max-image-preview:large","max-video-preview":"max-video-preview:-1"},"canonical":"https:\/\/www.celttv.com.ar\/index.php\/2014\/02\/10\/exitoso-desarrollo-de-la-2da-caminata-por-la-lucha-internacional-contra-el-cancer-2\/","og_locale":"es_ES","og_type":"article","og_title":"Exitoso Desarrollo de la 2da. Caminata por la Lucha Internacional contra el Cancer - CELTTV","og_description":"Sitio web de noticias de la localidad de Tornquist, provincia de Buenos Aires, Rep\u00fablica Argentina. Contenido propio originado por periodistas de CELTTV, el canal de TV local de la Cooperativa El\u00e9ctrica de Tornquist. Turismo, Pol\u00edtica, Sociedad, Deporte, Cultura y todo el contenido de inter\u00e9s general que la gente del pueblo y la regi\u00f3n debe conocer.","og_url":"https:\/\/www.celttv.com.ar\/index.php\/2014\/02\/10\/exitoso-desarrollo-de-la-2da-caminata-por-la-lucha-internacional-contra-el-cancer-2\/","og_site_name":"CELTTV","article_publisher":"https:\/\/www.facebook.com\/celtTV\/","article_published_time":"2014-02-10T21:08:18+00:00","author":"ulises","twitter_card":"summary_large_image","twitter_misc":{"Escrito por":"ulises","Tiempo de lectura":"3 minutos"},"schema":{"@context":"https:\/\/schema.org","@graph":[{"@type":"NewsArticle","@id":"https:\/\/www.celttv.com.ar\/index.php\/2014\/02\/10\/exitoso-desarrollo-de-la-2da-caminata-por-la-lucha-internacional-contra-el-cancer-2\/#article","isPartOf":{"@id":"https:\/\/www.celttv.com.ar\/index.php\/2014\/02\/10\/exitoso-desarrollo-de-la-2da-caminata-por-la-lucha-internacional-contra-el-cancer-2\/"},"author":{"name":"ulises","@id":"https:\/\/www.celttv.com.ar\/#\/schema\/person\/6d99c072dba59953809c81446e9d0ace"},"headline":"Exitoso Desarrollo de la 2da. Caminata por la Lucha Internacional contra el Cancer","datePublished":"2014-02-10T21:08:18+00:00","dateModified":"2014-02-10T21:08:18+00:00","mainEntityOfPage":{"@id":"https:\/\/www.celttv.com.ar\/index.php\/2014\/02\/10\/exitoso-desarrollo-de-la-2da-caminata-por-la-lucha-internacional-contra-el-cancer-2\/"},"wordCount":545,"publisher":{"@id":"https:\/\/www.celttv.com.ar\/#organization"},"articleSection":["Comunidad","Destacadas","Videos Destacados"],"inLanguage":"es"},{"@type":"WebPage","@id":"https:\/\/www.celttv.com.ar\/index.php\/2014\/02\/10\/exitoso-desarrollo-de-la-2da-caminata-por-la-lucha-internacional-contra-el-cancer-2\/","url":"https:\/\/www.celttv.com.ar\/index.php\/2014\/02\/10\/exitoso-desarrollo-de-la-2da-caminata-por-la-lucha-internacional-contra-el-cancer-2\/","name":"Exitoso Desarrollo de la 2da. Caminata por la Lucha Internacional contra el Cancer - CELTTV","isPartOf":{"@id":"https:\/\/www.celttv.com.ar\/#website"},"datePublished":"2014-02-10T21:08:18+00:00","dateModified":"2014-02-10T21:08:18+00:00","description":"Sitio web de noticias de la localidad de Tornquist, provincia de Buenos Aires, Rep\u00fablica Argentina. Contenido propio originado por periodistas de CELTTV, el canal de TV local de la Cooperativa El\u00e9ctrica de Tornquist. Turismo, Pol\u00edtica, Sociedad, Deporte, Cultura y todo el contenido de inter\u00e9s general que la gente del pueblo y la regi\u00f3n debe conocer.","breadcrumb":{"@id":"https:\/\/www.celttv.com.ar\/index.php\/2014\/02\/10\/exitoso-desarrollo-de-la-2da-caminata-por-la-lucha-internacional-contra-el-cancer-2\/#breadcrumb"},"inLanguage":"es","potentialAction":[{"@type":"ReadAction","target":["https:\/\/www.celttv.com.ar\/index.php\/2014\/02\/10\/exitoso-desarrollo-de-la-2da-caminata-por-la-lucha-internacional-contra-el-cancer-2\/"]}]},{"@type":"BreadcrumbList","@id":"https:\/\/www.celttv.com.ar\/index.php\/2014\/02\/10\/exitoso-desarrollo-de-la-2da-caminata-por-la-lucha-internacional-contra-el-cancer-2\/#breadcrumb","itemListElement":[{"@type":"ListItem","position":1,"name":"Inicio","item":"https:\/\/www.celttv.com.ar\/"},{"@type":"ListItem","position":2,"name":"Exitoso Desarrollo de la 2da. Caminata por la Lucha Internacional contra el Cancer"}]},{"@type":"WebSite","@id":"https:\/\/www.celttv.com.ar\/#website","url":"https:\/\/www.celttv.com.ar\/","name":"CELTTV","description":"Cooperativa El\u00e9ctrica de Tornquist","publisher":{"@id":"https:\/\/www.celttv.com.ar\/#organization"},"potentialAction":[{"@type":"SearchAction","target":{"@type":"EntryPoint","urlTemplate":"https:\/\/www.celttv.com.ar\/?s={search_term_string}"},"query-input":"required name=search_term_string"}],"inLanguage":"es"},{"@type":"Organization","@id":"https:\/\/www.celttv.com.ar\/#organization","name":"CELTTV","url":"https:\/\/www.celttv.com.ar\/","sameAs":["https:\/\/www.youtube.com\/channel\/UCz_oIt8Hig64Ub-EmcNPIhg","https:\/\/www.facebook.com\/celtTV\/"],"logo":{"@type":"ImageObject","inLanguage":"es","@id":"https:\/\/www.celttv.com.ar\/#\/schema\/logo\/image\/","url":"http:\/\/www.celttv.com.ar\/wp-content\/uploads\/2022\/08\/logo-1.png","contentUrl":"http:\/\/www.celttv.com.ar\/wp-content\/uploads\/2022\/08\/logo-1.png","width":461,"height":159,"caption":"CELTTV"},"image":{"@id":"https:\/\/www.celttv.com.ar\/#\/schema\/logo\/image\/"}},{"@type":"Person","@id":"https:\/\/www.celttv.com.ar\/#\/schema\/person\/6d99c072dba59953809c81446e9d0ace","name":"ulises","image":{"@type":"ImageObject","inLanguage":"es","@id":"https:\/\/www.celttv.com.ar\/#\/schema\/person\/image\/","url":"https:\/\/secure.gravatar.com\/avatar\/7f2c48bdc33b30088f941fb6082e555f2874c98e20cb159d7b92b50eadfce793?s=96&d=mm&r=g","contentUrl":"https:\/\/secure.gravatar.com\/avatar\/7f2c48bdc33b30088f941fb6082e555f2874c98e20cb159d7b92b50eadfce793?s=96&d=mm&r=g","caption":"ulises"},"sameAs":["http:\/\/www.celttv.com.ar"]}]}},"_links":{"self":[{"href":"https:\/\/www.celttv.com.ar\/index.php\/wp-json\/wp\/v2\/posts\/17441","targetHints":{"allow":["GET"]}}],"collection":[{"href":"https:\/\/www.celttv.com.ar\/index.php\/wp-json\/wp\/v2\/posts"}],"about":[{"href":"https:\/\/www.celttv.com.ar\/index.php\/wp-json\/wp\/v2\/types\/post"}],"author":[{"embeddable":true,"href":"https:\/\/www.celttv.com.ar\/index.php\/wp-json\/wp\/v2\/users\/1"}],"replies":[{"embeddable":true,"href":"https:\/\/www.celttv.com.ar\/index.php\/wp-json\/wp\/v2\/comments?post=17441"}],"version-history":[{"count":0,"href":"https:\/\/www.celttv.com.ar\/index.php\/wp-json\/wp\/v2\/posts\/17441\/revisions"}],"wp:attachment":[{"href":"https:\/\/www.celttv.com.ar\/index.php\/wp-json\/wp\/v2\/media?parent=17441"}],"wp:term":[{"taxonomy":"category","embeddable":true,"href":"https:\/\/www.celttv.com.ar\/index.php\/wp-json\/wp\/v2\/categories?post=17441"},{"taxonomy":"post_tag","embeddable":true,"href":"https:\/\/www.celttv.com.ar\/index.php\/wp-json\/wp\/v2\/tags?post=17441"}],"curies":[{"name":"wp","href":"https:\/\/api.w.org\/{rel}","templated":true}]}}