{"id":17473,"date":"2014-02-11T20:08:41","date_gmt":"2014-02-11T20:08:41","guid":{"rendered":"http:\/\/www.tvcnoticias.com.ar\/?p=17473"},"modified":"2014-02-11T20:08:41","modified_gmt":"2014-02-11T20:08:41","slug":"hcd-aprueban-el-proyecto-del-frente-renovador-que-incluye-un-censo-en-villa-la-gruta-y-san-andres-videoentrevistas","status":"publish","type":"post","link":"https:\/\/www.celttv.com.ar\/index.php\/2014\/02\/11\/hcd-aprueban-el-proyecto-del-frente-renovador-que-incluye-un-censo-en-villa-la-gruta-y-san-andres-videoentrevistas\/","title":{"rendered":"HCD.: APRUEBAN EL PROYECTO DEL FRENTE RENOVADOR QUE INCLUYE UN CENSO EN VILLA, LA GRUTA Y SAN ANDRES (Videoentrevistas)"},"content":{"rendered":"<p><a href=\"http:\/\/www.youtube.com\/watch?v=Mqe_JPSR0-I\">httpv:\/\/www.youtube.com\/watch?v=Mqe_JPSR0-I<\/a><br \/>\n<a href=\"http:\/\/www.youtube.com\/watch?v=9VZOK9ZtW9Y\">httpv:\/\/www.youtube.com\/watch?v=9VZOK9ZtW9Y<\/a><br \/>\n<a href=\"http:\/\/www.youtube.com\/watch?v=jlqbYccC9Fo\">httpv:\/\/www.youtube.com\/watch?v=jlqbYccC9Fo<\/a><br \/>\n<a href=\"http:\/\/www.youtube.com\/watch?v=pal10fzLDeg\">httpv:\/\/www.youtube.com\/watch?v=pal10fzLDeg<\/a><br \/>\n<strong><span style=\"text-decoration: underline;\">SESI\u00d3N DE FECHA 5 DE FEBRERO DE 2014<\/span><\/strong><br \/>\n<strong><span style=\"text-decoration: underline;\"> <\/span><\/strong><br \/>\n<strong><span style=\"text-decoration: underline;\"> <\/span><\/strong><br \/>\nEl pasado mi\u00e9rcoles 6 del corriente mes, \u00a0\u00a0\u00a0los Concejales\u00a0 resolvieron autoconvocarse en Sesi\u00f3n Extraordinaria, seg\u00fan las facultades otorgadas por el Art\u00edculo 68\u00ba\u00a0 inciso 5 de la Ley  Org\u00e1nica de las Municipalidades para tratar los siguientes temas:<br \/>\n&nbsp;<br \/>\n<strong><span style=\"text-decoration: underline;\">Expte. N\u00ba 006\/14:<\/span><\/strong><strong> \u201c<\/strong>D.E. Convalida la firma del contrato de locaci\u00f3n de inmueble entre la Asociaci\u00f3n Cuerpo Bomberos Voluntarios de Tornquist y el Municipio de Tornquist\u201d.<br \/>\nSe solicita \u00a0tratamiento sobre Tablas del Expediente.<br \/>\nSe aprueba por unanimidad la Ordenanza bajo el N\u00ba 2636\/14 por la que se Convalida el Contrato de Locaci\u00f3n de un inmueble firmado entre la Asociaci\u00f3n Cuerpo de Bomberos Voluntarios de Tornquist representado por su Sr. Presidente H\u00e9ctor Mario Di Nuncio y el Municipio de Tornquist representado por el Sr. Intendente Municipal Lic. Gustavo Guillermo Trankels. El mismo tiene como finalidad que el municipio pueda contar con un espacio f\u00edsico para el funcionamiento de la Oficina de Defensa Civil Municipal.<strong> <\/strong><br \/>\n<strong><span style=\"text-decoration: underline;\"> <\/span><\/strong><br \/>\n<strong><span style=\"text-decoration: underline;\">N.P. Vecinos de Saldungaray<\/span><\/strong> \u2013 Solicitan se intervenga ante los ruidos molestos que alteran el descanso nocturno en la poblaci\u00f3n.<br \/>\nSe solicita formaci\u00f3n de Expediente y tratamiento sobre Tablas.<br \/>\nSe forma el Expediente N\u00ba 6586\/14 y se aprueba por unanimidad el dictamen del H.C.D. que aconseja enviar el mismo al Departamento Ejecutivo para que sea notificado, y lo env\u00ede al \u00e1rea que corresponda a fin de dar soluci\u00f3n a la problem\u00e1tica planteada.-<br \/>\n&nbsp;<br \/>\n<strong><span style=\"text-decoration: underline;\">Bloques U.C.R.; C.C.; y F.P.C y S. \u2013<\/span><\/strong><strong><span style=\"text-decoration: underline;\">Proyecto de Resoluci\u00f3n<\/span><\/strong> &#8211; Referente a solicitud de obras que garanticen la seguridad de los concurrentes al Complejo bailable Tanoo\u2019s.<br \/>\nSe solicita formaci\u00f3n de Expediente y tratamiento sobre Tablas.<br \/>\nSe forma el Expediente N\u00ba 6587\/14 y se \u00a0aprueba por unanimidad la Resoluci\u00f3n N\u00ba 01\/14 por la que se solicita: realizar una senda peatonal, compactada e iluminada, hasta tanto est\u00e9n los recursos para realizar una de cemento como la que se est\u00e1 construyendo hacia el Instituto Ceferino Namuncur\u00e1. La misma ir\u00eda desde el camino que va hacia la localidad de Tres Picos, hasta la puerta del Complejo. Colocaci\u00f3n de un sem\u00e1foro intermitente de precauci\u00f3n, en el sentido de ingreso a la ciudad de Tornquist. Disponer de reductores de velocidad en ambas manos de la ruta de acceso, frente al citado Complejo; como as\u00ed tambi\u00e9n la realizaci\u00f3n de un descanso que permita el ingreso a los automovilistas, sin entorpecer el tr\u00e1nsito vehicular. Colocaci\u00f3n de carteler\u00eda para ordenar los ingresos a los accesos a los distintos lugares (Centro de Camioneros, Calle Colectora, y Complejo Tanoo\u2019s). Tambi\u00e9n es necesaria carteler\u00eda de precauci\u00f3n en la zona del paso a nivel ferroviario, debido a la constante circulaci\u00f3n de trenes en diferentes horarios.<br \/>\n&nbsp;<br \/>\n<strong><span style=\"text-decoration: underline;\">Bloque Frente Renovador \u2013 Proyecto de Ordenanza <\/span><\/strong>\u2013 Propone para Villa Serrana La Gruta, San Andr\u00e9s de las Sierras, y Villa Ventana la elecci\u00f3n de un representante que exponga las necesidades del lugar, y llevar a cabo un censo poblacional en las zonas mencionadas.<br \/>\nSe solicita formaci\u00f3n de Expediente y tratamiento sobre Tablas.<br \/>\nSe forma el Expediente N\u00ba6588\/14 y se aprueba por unanimidad la  Ordenanza bajo el N\u00ba 2637\/14 por la que se \u00a0propone para Villa Serrana La Gruta, San Andr\u00e9s de las Sierras, y el \u00e1rea que comprende\u00a0 Villa Ventana,\u00a0 la elecci\u00f3n de un representante que expongan aquellas necesidades especificas; y aquellas problem\u00e1ticas que sean inherentes al lugar representado. Toda necesidad deber\u00e1 ser remitida por escrito al Poder Ejecutivo, y a cada uno de los bloques que componen este Cuerpo Deliberativo. Solicita al<strong> <\/strong>\u00e1rea correspondiente, arbitre en lo inmediato, los medios que fueran necesarios, para llevar a cabo un censo poblacional en las siguientes localidades: Villa Serrana La Gruta, San Andr\u00e9s de las Sierras y Villa Ventana, todo esto tendiente a obtener datos certeros y actualizados, respecto a la poblaci\u00f3n permanente de los mencionados lugares, y actuar en consecuencia<strong> <\/strong>en las soluciones que solicitan los vecinos. Considera, que este censo poblacional debe hacerse efectivo en un plazo no mayor a los 20 (veinte) d\u00edas\u00a0 h\u00e1biles corridos, a partir de la presente fecha. \u00a0\u00a0Se solicita se efect\u00fae una reuni\u00f3n una vez efectuado el censo mencionado, contando con los m\u00e1ximos referentes de las direcciones y\/o departamentos\u00a0 que a continuaci\u00f3n se detallan: Direcci\u00f3n de Turismo; Defensa Civil; Direcci\u00f3n de Salud; Infraestructura; Bomberos Voluntarios; Hacienda; Secretaria de Seguridad; Jefe\/Comisario Polic\u00eda Comunal; Poder Ejecutivo; Cuerpo deliberativo; Vecinos representantes de las 3 (tres) zonas mencionadas en el Art.1. La intenci\u00f3n es generar un marco formal para el tratamiento inmediato de las problem\u00e1ticas detalladas por los vecinos. En este marco, se considera de vital importancia la creaci\u00f3n de una comisi\u00f3n de trabajo, constituida por un representante de las \u00e1reas municipales convocadas, que tenga como funci\u00f3n primaria<strong> <\/strong>procurar por los medios que fueren necesarios, concretar acciones continuas y sostenidas en el tiempo<strong> <\/strong>para prevenir, resolver y generar estructuras tendientes a facilitar a nuestros vecinos el acceso a todo aquello que hoy ven como necesario. Se solicita que \u00a0se elabore un plan y un esquema de contralor a los efectos de realizar un control exhaustivo en referencia a las \u00e1reas asignadas a los delegados municipales de cada zona. Dicho control deber\u00e1 contar con un marco que obligue a los mencionados a elevar por escrito un informe situacional en forma bimestral.<br \/>\n<strong><span style=\"text-decoration: underline;\"> <\/span><\/strong><br \/>\n<strong><span style=\"text-decoration: underline;\">Bloque Frente para la Victoria \u2013<\/span><\/strong><strong><span style=\"text-decoration: underline;\">Proyecto de Resoluci\u00f3n<\/span><\/strong> \u2013 Declarar de Inter\u00e9s Municipal la 1\u00ba Carrera Nocturna organizada por la Asoc. Cooperadora del Jard\u00edn n\u00ba 903 de Sierra de la  Ventana, para el d\u00eda 1\u00ba de Marzo de 2014.<strong> <\/strong><br \/>\nSe solicita formaci\u00f3n de Expediente y tratamiento sobre Tablas.<br \/>\nSe forma el Expediente N\u00ba 6589\/14 y se aprueba por unanimidad la Resoluci\u00f3n N\u00ba 02\/14 por la que se declarar de Inter\u00e9s Municipal la 1\u00ba Carrera Nocturna organizada por la Asoc. Cooperadora del Jard\u00edn\u00a0 de Infantes N\u00ba 903 de Sierra de la Ventana, para el d\u00eda 1\u00ba de Marzo de 2014. El fin de dicho evento es impulsar la actividad f\u00edsica como un h\u00e1bito favorable para fomentar una buena salud y permitir un encuentro\u00a0 familiar recreativo, y adem\u00e1s recaudar fondos para el mejoramiento de infraestructura del establecimiento educativo.<strong> <\/strong><br \/>\n&nbsp;<br \/>\n<strong><span style=\"text-decoration: underline;\">N.P. Vendedores ambulantes de Sierra de la Ventana- Solicitan se trate con urgencia la ordenanza que regule la venta ambulante para obtener una habilitaci\u00f3n municipal que les garantice su continuidad laboral.<\/span><\/strong><br \/>\nDesde Presidencia se les notificar\u00e1 a los interesados que se va a trabajar en este tema con la mayor celeridad.<br \/>\n&nbsp;<br \/>\n<strong><span style=\"text-decoration: underline;\">Expte. N\u00ba 4114-027\/14:<\/span><\/strong><strong> \u201c<\/strong>Secretar\u00eda de Obras y Servicios P\u00fablicos<strong> \u2013 <\/strong>Propuesta de modificaci\u00f3n del Art\u00edculo n\u00ba 5.6.13 (Clubes de Campo) del C\u00f3digo de Ordenamiento Urbano y Territorial de la Comarca de la Sierra de la Ventana \u2013 Partido de Tornquist (Ordenanza N\u00ba 1.461\/02 \u2013 Decreto Pcial. Convalidatorio n\u00ba 1.821\/02)\u201d \u2013<br \/>\nSe solicita tratamiento sobre Tablas. <strong> <\/strong><br \/>\nSe aprueba pro unanimidad la Ordenanza bajo el N\u00ba 2638\/14 por la que se modifica el Art\u00edculo N\u00ba 5.6.13 (CLUBES DE CAMPO) del C\u00f3digo de Ordenamiento Urbano y Territorial de la Comarca de la Sierra de la Ventana \u2013 Distrito de Tornquist (Ordenanza N\u00ba 1.461\/02 \u2013 Decreto Pcial. Convalidatorio N\u00ba 1.821\/02), el cual quedar\u00e1 establecido de la siguiente manera: \u201cSe entiende por club de campo al complejo recreativo residencial, de extensi\u00f3n limitada que no conforma n\u00facleo urbano. Se ajustar\u00e1n a las disposiciones del Decreto Ley 8912\/77, Cap\u00edtulo V y Decreto Reglamentario 9404\/86, y podr\u00e1n localizarse exclusivamente en el \u00c1rea Rural y \u00c1reas Complementarias.\u201d En las \u00c1reas Complementarias del Distrito, continuar\u00e1 siendo prioritaria la localizaci\u00f3n de aquellos Usos contemplados en las mismas por el C\u00f3digo de Ordenamiento Urbano y Territorial de la Comarca de la Sierra de la Ventana \u2013 Distrito de Tornquist (Ordenanza N\u00ba 1.461\/02 \u2013 Decreto Pcial. Convalidatorio N\u00ba 1.821\/02).<br \/>\n&nbsp;<br \/>\nLos Concejales hacen uso de la palabra:<br \/>\n&nbsp;<br \/>\n\u201cConcejal Kloster Noel\u00ed:<br \/>\n\u201cEl proyecto de ordenanza que ha presentado el frente renovador obedece a un petitorio realizado por los vecinos de Villa Serrana La  Gruta, y consideramos e incluimos tambi\u00e9n a San Andr\u00e9s y a Villa Ventana porque la problem\u00e1tica de estos vecinos que se hicieron presentes en el Concejo Deliberante no escapa a los vecinos de Villa Ventana. De pronto uno puede hablar de faltas de prevenci\u00f3n y creo que no estamos en ning\u00fan desacierto. Si frente a la temporada estival que se estaba atravesando ante una sequ\u00eda importante se hubieran tomado algunos recaudos frente a esta situaci\u00f3n estamos convencidos de que quiz\u00e1 no hubi\u00e9ramos sufrido los incendios y esta especie de cat\u00e1strofe que tuvo que enfrentar todo el Distrito de Tornquist. Cuando hablamos de prevenci\u00f3n no estamos diciendo nada raro, estamos diciendo simplemente esto de tener que ir o tener la capacidad suficiente como para ir delante de los problemas, porque tomar medidas despu\u00e9s que los hechos han ocurrido ya es lamentable, ya no hay soluci\u00f3n, en consecuencia, no hay marcha atr\u00e1s. Seguramente se podr\u00eda haber evitado, si se hubiera hecho un relevamiento en los campos para ver cu\u00e1ntos de ellos ten\u00edan el contrafuego hecho. Se tambi\u00e9n que es responsabilidad de los habitantes el tener en cuenta, pero bueno, mancomunados la preocupaci\u00f3n del estado junto con la de los ciudadanos, de los habitantes, se podr\u00eda haber evitado, vuelvo a reiterar, mucho de lo que ocurri\u00f3 en nuestro distrito, que tanto lamentamos, y que nos ha perjudicado tanto desde el punto de vista tur\u00edstico. Creo que en el siglo veintiuno, es bastante doloroso\u00a0 escuchar a vecinos que piden agua potable, que piden un tel\u00e9fono que est\u00e9 habilitado las veinticuatro horas para poder comunicarse frente a cualquier siniestro, frente a cualquier eventualidad, pedir un polic\u00eda que habite en el lugar para que los cuide frente a muchos hechos de inseguridad que han padecido, pedir por ejemplo que se tenga en cuenta que el acceso hacia la Villa  Serrana La  Gruta sea solamente un paso y que por alg\u00fan motivo ese paso se encuentre obstruido, o frente a una contingencia no tengan como salir de ese lugar, y que se construyan algunos puentes, algunos pasadizos que sirvan para poder evacuar en \u00faltima instancia la poblaci\u00f3n. El censo que propone el Frente Renovador en este proyecto de ordenanza est\u00e1 dirigido tanto a la poblaci\u00f3n estable como a los turistas, y\u00a0 no es simplemente un censo poblacional para saber cu\u00e1ntos habitantes hay, sino saber si esos habitantes residen permanentemente, si tienen acceso constante a un servicio telef\u00f3nico, si tienen acceso a agua potable en su domicilio, si considera que el estado de las calles es el adecuado, y el \u00faltimo punto de este Anexo habla sobre si desea dejar constancia de alguna necesidad vital no cubierta. De manera tal que tenemos el tema de las calles, si son transitables, que tiene que ver tambi\u00e9n con el poder transitar con cierta prudencia, con cierta tranquilidad, vuelvo a reiterar, ante cualquier contingencia que puede ser un incendio, que puede ser un problema de salud, que puede ser un ni\u00f1o que tenga que asistir a la escuela. Cuando hablamos de si hay agua potable, que el agua que realmente se consuma sea para consumo humano, y no tengamos que estar pensando si la podemos o no consumir, y el acceso a un tel\u00e9fono permanente. Realmente nos parecen cosas de tiempos tan remotos, y sin embargo son cosas que todav\u00eda estamos necesitando en el distrito. Gracias Sr. Presidente\u201d.<br \/>\n&nbsp;<br \/>\nConcejal De Larena Sonia:<br \/>\n\u201cYo ya hab\u00eda mandado una nota por mail a todos lo Concejales, invit\u00e1ndolos, y a algunos record\u00e1ndoles que vamos a comenzar con las reuniones con el pueblo, en Saldungaray, abierta a toda la comarca, a todo el partido, \u00bfno?, los d\u00edas van a ser los segundos lunes de cada mes en la Biblioteca Popular a las 20:30 hs. Nosotros, realmente fue algo que lo prometimos en la campa\u00f1a, porque a la gente le molesta que los convoquemos solamente un tiempo antes de las elecciones, entonces una de las propuestas era hacerlo una vez al mes como para lograr una mesa de trabajo. Hay diferentes expectativas, est\u00e1n todos invitados a participar. Gracias Sr. Presidente\u201d.<br \/>\n&nbsp;<br \/>\nConcejal Nielsen Adriana:<br \/>\n\u201cYo quer\u00eda hacer referencia a la nota que enviaron desde Saldungaray con respecto a los ruidos molestos, y quer\u00eda dar a conocer que ya se ha trabajado, este Cuerpo ya ha trabajado en una ordenanza que est\u00e1 pronta a salir, supongo que les va a dar la respuesta a estas necesidades e inquietudes que presenten. Nada m\u00e1s\u201d.<br \/>\n&nbsp;<br \/>\nConcejal Gabella Ezequiel:<br \/>\n\u201cBueno, exactamente a lo cual quiero hacer menci\u00f3n tiene mucho que ver con lo que hablaron mis colegas reci\u00e9n, \u00bfno?, tanto la Concejal Kloster como la Concejal De Larena, y tambi\u00e9n con lo que hac\u00eda referencia la Concejal Nielsen. El proyecto de ordenanza que acaba de presentar el Frente Renovador, quiz\u00e1s yo lo tomo, y me hago cargo de lo que digo, como un s\u00edntoma de lo que est\u00e1 pasando muchas veces en la sociedad. Lo que est\u00e1 pasando en la sociedad es nada m\u00e1s y nada menos que la ausencia del estado, y \u00bfc\u00f3mo lo nota la gente?, con la falta de control. El estado se ausenta de la poblaci\u00f3n cuando no controla lo que la poblaci\u00f3n hace, y no evita que haya conflicto entre ciudadanos. Entonces, lo que acaba de hacer el Frente Renovador es darle una herramienta a la sociedad, una m\u00e1s de las que tiene, como puede ser un delegado que es un representante del Intendente en cada localidad, como somos los Concejales, que somos representantes de la poblaci\u00f3n, no de una localidad, de la poblaci\u00f3n para lo que es el estado, y esto es agregar una herramienta m\u00e1s. Tener reuniones y contacto directo con la gente como Concejo Deliberante es otra herramienta m\u00e1s que le damos para poder escuchar, y la tercera alocuci\u00f3n hac\u00eda referencia a una ordenanza que est\u00e1 pendiente de aprobaci\u00f3n, que es la de ruidos molestos,\u00bfcu\u00e1l es la conexi\u00f3n que tiene todo esto?, que todo termina desembocando en el control, en que no tiene ning\u00fan tipo de sentido que sigamos legislando, que sigamos pensando en traducir en leyes, en normas, para poder regular la actividad, la vida de los ciudadanos, si no ejercemos los controles. Entonces, que la ordenanza hace falta, de ruidos molestos, s\u00ed, es cierto, la ordenanza vigente que tenemos en este momento es de 1982,\u00a0 ni siquiera de un per\u00edodo democr\u00e1tico, de 1982, y es una ordenanza, palabras m\u00e1s, palabras menos, no quiero ser descalificador contra quienes fueron autores de la ordenanza en s\u00ed, pero es una ordenanza bastante b\u00e1sica, palabras m\u00e1s, palabras menos, dice que no hay que hacer ruido pr\u00e1cticamente. La ordenanza que en su momento present\u00f3 el Frente Justicialista para la Victoria es ampliamente superadora, porque incluye un listado de tolerancia de sonidos que nos va a dar por lo menos un par\u00e1metro de considerar lo que es un ruido molesto y lo que no. Pero hay algunos temas para seguir afinando y es por eso que todav\u00eda no se ha aprobado. Pero insisto, creo que debemos hacer un hincapi\u00e9 principal en lo que es control, y lo dije tambi\u00e9n en su momento en una entrevista que me hicieron, no estamos a la altura de las circunstancias a nivel control y a nivel inspecci\u00f3n, en todo el distrito. Y esto tiene que ver tambi\u00e9n con una nota que se ley\u00f3 de una vecina de Sierra de la Ventana que ejerce un comercio l\u00edcito, que es un carrito de venta de cubanitos, que la otra vez se comunic\u00f3 por tel\u00e9fono conmigo, yo no pude hacerme presente para hablar con ella, s\u00ed que lo hizo la Concejal De Larena, y la inquietud que ella ten\u00eda es que ella cumple con todas las normas que debe cumplir para poder tener ese carrito, y vienen personas de Bah\u00eda Blanca, tambi\u00e9n en b\u00fasqueda de generar un ingreso a sus ca\u00eddas econom\u00edas de por s\u00ed, y que con toda la buena intenci\u00f3n bajan canastas de un veh\u00edculo y se ponen a vender cubanitos, en una clara competencia desleal para quien est\u00e1 haciendo las cosas como corresponde. Entonces ac\u00e1 no es ponerse en contra de esa gente que viene a ejercer el comercio, el control es para respetar y hacer respetar las normas, para proteger a quien est\u00e1 haciendo las cosas bien, y a quien es residente de nuestro distrito, y que paga y tributa impuestos en nuestro distrito, que quiere que se cumplan las normas. Entonces, me parece que tenemos que empezar a entender de una vez por todas que tiene que convertirse en principal prioridad en nuestro, en este caso en cabeza del Intendente, empezar a formar algo que se viene pidiendo desde hace mucho tiempo, pero cada vez es m\u00e1s urgente la resoluci\u00f3n, de dotar al municipio de un cuerpo de inspectores a la altura de las circunstancias, que entienda en toda la materia, con especializaciones, eso es cierto, Obras P\u00fablicas necesita un inspector que entienda espec\u00edficamente, no pretendemos que todos sepan de todo, pero inevitablemente eso est\u00e1 sucediendo, porque tenemos una o dos personas que est\u00e1n entendiendo en todo. No puede ser que un inspector tenga que poner su propio veh\u00edculo para movilizarse ejerciendo su trabajo, y que encima tenga la desgracia de fundir ese veh\u00edculo, que queda obsoleto su veh\u00edculo, destruirlo, ahora ese veh\u00edculo que \u00e9l utilizaba con su familia no lo tiene, estimo que el Estado se har\u00e1 cargo de eso,\u00a0 no me quepa la menor duda. Pero en qu\u00e9 cabeza cabe que un inspector se tenga que mover en su propio veh\u00edculo, hace poco compramos, el municipio adquiri\u00f3 cinco camionetas nuevas, gast\u00f3 m\u00e1s de un mill\u00f3n de pesos en incorporar camionetas \u00faltimo modelo para que se movilicen funcionarios, que tienen sueldos de cinco cifras, y un inspector que maneja un sueldo de una de las categor\u00edas m\u00e1s bajas est\u00e1 poniendo su propio veh\u00edculo para realizar su trabajo. Entonces, me parece que la escala de prioridades, y la escala de importancia est\u00e1 un poco invertida. As\u00ed que me parece que deber\u00eda quedar instalada la prioridad de una vez por todas de formar un cuerpo de inspectores que est\u00e9 a la altura de las circunstancias. Nada m\u00e1s Sr. Presidente\u201d.<br \/>\n&nbsp;<br \/>\nConcejal Musso Mar\u00eda Graciela:<br \/>\n\u201cEscuchaba atentamente las explicaciones que acaban de dar los concejales tanto del Frente Renovador como del Frente Progresista, y si bien en algunas cosas somos concientes que est\u00e1n faltando, algunas cuestiones a nivel de organizaci\u00f3n,\u2026(falla del micr\u00f3fono)\u2026en primer lugar, con respecto a lo que acaba de presentar el Frente Renovador, no voy a compartir que hay una falta de presencia del estado, creo, y ya lo he manifestado, que cuando se comienzan a generar en zonas que eran rurales, caso San Andr\u00e9s, asentamientos donde cada vez es mayor la afluencia de personas que deciden vivir, l\u00f3gicamente se comienzan a pedir al municipio las necesidades b\u00e1sicas que es l\u00f3gico que las necesiten. El punto es que no es tan r\u00e1pido ni tan f\u00e1cil adquirir todo lo que son servicios b\u00e1sicos en este tipo de localidades que son medianamente muy j\u00f3venes, si se permite el t\u00e9rmino. Siguiendo con la ordenanza, yo se lo he manifestado a la Concejal Kloster, este frente ha decidido acompa\u00f1ar porque consideramos que la iniciativa de la concejal tiene que ver con una respuesta a los vecinos de Villa Serrana La Gruta y de San Andr\u00e9s. Creer\u00eda, y hago votos para que esto resulte una herramienta m\u00e1s, como dice el Concejal Gabella, para poder dar respuesta. La experiencia de seis a\u00f1os de gesti\u00f3n en otro organismo me dice que cuanto m\u00e1s se consulta, y m\u00e1s gente viene a preguntar y a expresar, m\u00e1s problemas se generan, y de hecho lo hemos vivido y lo han vivido seguramente los se\u00f1ores concejales que vienen ya cumpliendo mandatos. Hay lugares donde uno se acerca a escuchar y en realidad escucha por all\u00ed la situaci\u00f3n particular que est\u00e1n viviendo, hacen catarsis algunos, se pelea un vecino con el otro porque\u2026vos quer\u00e9s la c\u00e1mara, yo no la quiero, yo estoy tranquilo, me vine ac\u00e1, quiero cinco polic\u00edas, quiero cuatro, quiero tres\u2026, conclusi\u00f3n, a veces es un tiempo y un desgaste que considero que el concejal, no es que no tenga que estar a disposici\u00f3n, pero tampoco podemos estar escuchando de cada localidad a un representante, al delegado, a la sociedad de fomento, a\u2026Creo que los marcos legales, los delegados est\u00e1n para eso, es cierto que hay gente que de pronto no\u00a0 le gusta presentar al delegado alguna inquietud, creo que hay algo que es importante, que los ciudadanos de Tornquist comiencen a utilizar, que no hablemos solamente de democracia ac\u00e1 dentro del recinto, desde el gobierno del ejecutivo, sino que tambi\u00e9n el ciudadano se haga cargo de que si quiere presentar algo pida la Banca 13, entonces se hace me parece de una forma y con un marco legal m\u00e1s respetable, que a veces estas reuniones que despu\u00e9s uno se pele\u00f3 con el otro, uno tuvo toda la buena intenci\u00f3n porque, insisto, la propuesta de la Concejal Kloster es responder a un grupo de gente que quieren ser escuchados, pero no voy a compartir que hay ausencia del estado porque en ese lugar hay un delegado. Si hay problemas con el delegado ser\u00e1 una cuesti\u00f3n que tendr\u00e1 que rever el ejecutivo, est\u00e1 funcionando o no est\u00e1 funcionando, pero no creo que se trate de una ausencia del estado. Insisto, todo lo que se pide hoy, tel\u00e9fono y todo, es real, es necesario, estamos viviendo en una era en la que no podemos estar sin comunicaci\u00f3n, pero tambi\u00e9n es cierto que San Andr\u00e9s de las Sierras por ejemplo, la gente que ha venido y ha comprado esos lotes sabe en qu\u00e9 condiciones los compr\u00f3 y en que lugar. Tampoco se le puede exigir urgencia al ejecutivo en que les acerque todos los servicios. Me parece que esto se trata un poco de sentido com\u00fan. Gracias Sr. Presidente\u201d.<br \/>\n&nbsp;<br \/>\nConcejal Kloster Noel\u00ed:<br \/>\n\u201cYo considero que si un lugar est\u00e1 ocupado por habitantes, por respeto a esos habitantes debe tener sus necesidades b\u00e1sicas satisfechas, y si no, no permitamos la venta de lotes, no permitamos que se edifiquen casas hasta tanto esas necesidades no est\u00e9n satisfechas, entonces a partir de ese momento si podr\u00e1n venir a habitar los espacios que deseen. Si considero que hay ausencia del estado, porque si bien esos lugares tienen un delegado salvo San Andr\u00e9s, pero bueno, si esas necesidades, o si esos vecinos no tienen respuestas, \u00bfqu\u00e9 significa?, \u00bfque el delegado d\u00f3nde est\u00e1?, \u00bfo no se da cuenta, o no sabe el delegado que necesitan el agua, que necesitan una calle arreglada para transitar como corresponde, que necesitan un tel\u00e9fono? Es decir, creo que una cuesti\u00f3n de sentido com\u00fan de la persona que est\u00e1 como delegado, y tambi\u00e9n es una cuesti\u00f3n de respeto hacia los habitantes de ese lugar. Gracias Sr. Presidente\u201d.<br \/>\n&nbsp;<br \/>\nConcejal Nielsen Adriana:<br \/>\n\u201cCon respecto a lo que se est\u00e1 planteando en este Recinto, yo tambi\u00e9n creo que el estado est\u00e1 m\u00e1s que presente, no comparto esa expresi\u00f3n del SR. Gabella. Me parece que por ah\u00ed siempre nos est\u00e1 faltando m\u00e1s, porque de hecho, el hacer pol\u00edtica implica planificar y adelantarse a los problemas, \u00bfno?, pero no siempre vamos a estar pudiendo cubrir todos los emergentes, siempre cuando hablamos de planifica, planificamos en cuestiones de certezas. En este caso el municipio est\u00e1 presente, se est\u00e1 trabajando con el SPAR, con respecto al proyecto del agua corriente para ese lugar, el municipio est\u00e1 trabajando junto con los vecinos para lograr un proyecto de contingencia, a su vez se est\u00e1 trabajando en la sala de primeros auxilios, se trata de resolver el problema de la presencia policial. Es cierto, quiz\u00e1s no est\u00e1 todo resuelto ya, no tenemos las respuestas definitivas, pero s\u00ed se est\u00e1 trabajando. El hecho de que haya movimiento, de que se est\u00e9 escuchando al vecino, y que se le est\u00e9 dando respuestas, obviamente los tiempos y las necesidades de las personas muchas veces no coinciden con los tiempos reales de las respuestas, \u00bfverdad?, eso es lo que nos est\u00e1 ocurriendo, pero tambi\u00e9n es cierto que nuestra localidad, todas las localidades est\u00e1n creciendo de una manera que nos llevan un poco apresurado digamos, en cuanto a poder dar respuesta a todos los requerimientos. Creo que es muy desacertado decir que el estado no est\u00e1 presente. Por ah\u00ed el estado deber\u00eda estar m\u00e1s presente en algunos temas que en otros, quiz\u00e1s podr\u00edamos estar discutiendo cu\u00e1les son las prioridades que tenemos, y c\u00f3mo las estamos resolviendo, pero tambi\u00e9n es cierto que el orden de prioridades que establece cada poblaci\u00f3n depende de las necesidades y del modo de ver, y de evaluar esa situaci\u00f3n. Creo que el estado est\u00e1 dando las respuestas que est\u00e1n a su alcance y mucho m\u00e1s, porque nuestro Intendente siempre est\u00e1 gestionando para poder cubrir todos los baches que surgen y todos los problemas que la poblaci\u00f3n tiene. Nada m\u00e1s Sr. Presidente\u201d.<br \/>\n&nbsp;<br \/>\nConcejal Gabella Ezequiel:<br \/>\n\u201cQuer\u00eda rescatar otra frase que hizo menci\u00f3n la Concejal Kloster. En un momento hizo referencia y dijo \u201cestar adelante de los problemas\u201d. Estar adelante de los\u00a0 problemas tiene mucho que ver si no es que es un sin\u00f3nimo de prevenir. La prevenci\u00f3n, al igual que la detecci\u00f3n temprana de una enfermedad que muchas veces es la diferencia entre la vida y la muerte, es estar adelante del problema para evitar alguna consecuencia que por ah\u00ed despu\u00e9s nos tenemos que lamentar. Entonces, la ausencia de estado que yo hago referencia se refiere a que el estado, por ejemplo, de un polic\u00eda para perseguir un ladr\u00f3n, no es un estado que est\u00e1 previniendo el delito, est\u00e1 atacando el delito, no lo est\u00e1 previniendo. Cuando hablamos de prevenci\u00f3n, s\u00ed o s\u00ed, y vuelvo a repetir lo que dije en mi primer alocuci\u00f3n, tiene que ver con el control, y precisamente el control y la prevenci\u00f3n es lo que nos lleva a evitar que sucedan hechos desgraciados. Quiz\u00e1s, no vamos a adjudicarlo cien por ciento, quiz\u00e1s si hubi\u00e9ramos tenido un control de pastizales podr\u00edamos haber evitado la tragedia o cat\u00e1strofe, como lo queramos llamar, de las cincuenta mil hect\u00e1reas quemadas del distrito. Pero s\u00ed como hay montones de cuestiones que tienen que ver con el control que pueden evitar desgracias. A nivel bromatol\u00f3gico tambi\u00e9n, porque tenemos un carrito, como explicaba hoy, que daba el ejemplo del carrito cubanitero, y si ma\u00f1ana viene un chico que se infect\u00f3 de alguna enfermedad o contagi\u00f3 de alguna enfermedad a trav\u00e9s de, o dijeron que es de un cubanito, y yo hice todas las cosas bien, pero todas esas personas que no tienen ning\u00fan tipo de control y qu\u00e9 se yo si cumple con los recaudos bromatol\u00f3gicos. Eso tiene que ver con la prevenci\u00f3n. Y as\u00ed con montones de cosas que se necesitan controlar para evitar desgracias. El consumo de alcohol, la cantidad de menores de catorce, quince a\u00f1os conduciendo a diestra y siniestra en Tornquist, y Tornquist no es un pueblo. Yo me hago cargo de lo que digo, ten\u00eda once a\u00f1os y manejaba, pero en un pueblo de veinte habitantes, no puede ser que haya chicos de catorce, quince a\u00f1os conduciendo en ciudades ya con el movimiento de veh\u00edculos que tiene como Tornquist, \u00bfy eso qu\u00e9 es?, es prevenci\u00f3n. Porque despu\u00e9s, cuando ocurra una desgracia con un chico de catorce a\u00f1os al volante, claro, ah\u00ed si miramos a todos los funcionarios y ah\u00ed hasta me solidarizo con el Intendente, porque muchas veces\u00a0 culpa directa del Intendente, bueno, tiene la posibilidad de prevenirlo, para evitar que despu\u00e9s le tiren ese accidente como si fuera culpa de \u00e9l, es la prevenci\u00f3n. Entonces, muchas veces cuando se nos endilga de que no damos respuestas superadoras, estamos dando algo muy superador,\u00a0 que es mejorar la prevenci\u00f3n, para despu\u00e9s no tener que lamentarnos. En eso considero que el estado est\u00e1 ausente. Nada m\u00e1s Sr. Presidente\u201d.<br \/>\n&nbsp;<br \/>\nConcejal Nielsen Adriana:<br \/>\n\u201cMuy breve. Siempre para hacer referencia a lo que estaba expresando el Sr. Gabella. La prevenci\u00f3n, es cierto, nosotros somos responsables de hacer pol\u00edticas que se adelanten y que, digamos, hacer pol\u00edticas,\u00a0 justamente planificar y adelantarse a las posibles dificultades o necesidades que tenga una poblaci\u00f3n. Pero tambi\u00e9n es cierto que la prevenci\u00f3n va de la mano de la responsabilidad civil que cada uno de los ciudadanos tiene. Entonces, esto va de la mano, he, ciudadano, el estado, todos somos responsables de tener una mejor calidad de vida. Nada m\u00e1s Sr. Presidente\u201d.<br \/>\n<strong> <\/strong><br \/>\n<strong>HONORABLE CONCEJO DELIBERANTE <\/strong><br \/>\n&nbsp;<br \/>\n&nbsp;<br \/>\n&nbsp;<br \/>\n&nbsp;<\/p>\n","protected":false},"excerpt":{"rendered":"<p>httpv:\/\/www.youtube.com\/watch?v=Mqe_JPSR0-I httpv:\/\/www.youtube.com\/watch?v=9VZOK9ZtW9Y httpv:\/\/www.youtube.com\/watch?v=jlqbYccC9Fo httpv:\/\/www.youtube.com\/watch?v=pal10fzLDeg SESI\u00d3N DE FECHA 5 DE FEBRERO DE 2014 El pasado mi\u00e9rcoles 6 del corriente mes, \u00a0\u00a0\u00a0los Concejales\u00a0 resolvieron autoconvocarse en Sesi\u00f3n Extraordinaria, seg\u00fan las facultades otorgadas por el Art\u00edculo 68\u00ba\u00a0 inciso 5 de la Ley Org\u00e1nica de las Municipalidades para tratar los siguientes temas: &nbsp; Expte. N\u00ba 006\/14: \u201cD.E. Convalida la [&hellip;]<\/p>\n","protected":false},"author":1,"featured_media":0,"comment_status":"closed","ping_status":"open","sticky":false,"template":"","format":"standard","meta":{"footnotes":""},"categories":[51,52,53,64],"tags":[],"class_list":["post-17473","post","type-post","status-publish","format-standard","hentry","category-comunidad","category-destacadas","category-politica","category-videos-destacados"],"yoast_head":"<!-- This site is optimized with the Yoast SEO plugin v19.7.1 - https:\/\/yoast.com\/wordpress\/plugins\/seo\/ -->\n<title>HCD.: APRUEBAN EL PROYECTO DEL FRENTE RENOVADOR QUE INCLUYE UN CENSO EN VILLA, LA GRUTA Y SAN ANDRES (Videoentrevistas) - CELTTV<\/title>\n<meta name=\"description\" content=\"Sitio web de noticias de la localidad de Tornquist, provincia de Buenos Aires, Rep\u00fablica Argentina. Contenido propio originado por periodistas de CELTTV, el canal de TV local de la Cooperativa El\u00e9ctrica de Tornquist. Turismo, Pol\u00edtica, Sociedad, Deporte, Cultura y todo el contenido de inter\u00e9s general que la gente del pueblo y la regi\u00f3n debe conocer.\" \/>\n<meta name=\"robots\" content=\"index, follow, max-snippet:-1, max-image-preview:large, max-video-preview:-1\" \/>\n<link rel=\"canonical\" href=\"https:\/\/www.celttv.com.ar\/index.php\/2014\/02\/11\/hcd-aprueban-el-proyecto-del-frente-renovador-que-incluye-un-censo-en-villa-la-gruta-y-san-andres-videoentrevistas\/\" \/>\n<meta property=\"og:locale\" content=\"es_ES\" \/>\n<meta property=\"og:type\" content=\"article\" \/>\n<meta property=\"og:title\" content=\"HCD.: APRUEBAN EL PROYECTO DEL FRENTE RENOVADOR QUE INCLUYE UN CENSO EN VILLA, LA GRUTA Y SAN ANDRES (Videoentrevistas) - CELTTV\" \/>\n<meta property=\"og:description\" content=\"Sitio web de noticias de la localidad de Tornquist, provincia de Buenos Aires, Rep\u00fablica Argentina. Contenido propio originado por periodistas de CELTTV, el canal de TV local de la Cooperativa El\u00e9ctrica de Tornquist. Turismo, Pol\u00edtica, Sociedad, Deporte, Cultura y todo el contenido de inter\u00e9s general que la gente del pueblo y la regi\u00f3n debe conocer.\" \/>\n<meta property=\"og:url\" content=\"https:\/\/www.celttv.com.ar\/index.php\/2014\/02\/11\/hcd-aprueban-el-proyecto-del-frente-renovador-que-incluye-un-censo-en-villa-la-gruta-y-san-andres-videoentrevistas\/\" \/>\n<meta property=\"og:site_name\" content=\"CELTTV\" \/>\n<meta property=\"article:publisher\" content=\"https:\/\/www.facebook.com\/celtTV\/\" \/>\n<meta property=\"article:published_time\" content=\"2014-02-11T20:08:41+00:00\" \/>\n<meta name=\"author\" content=\"ulises\" \/>\n<meta name=\"twitter:card\" content=\"summary_large_image\" \/>\n<meta name=\"twitter:label1\" content=\"Escrito por\" \/>\n\t<meta name=\"twitter:data1\" content=\"ulises\" \/>\n\t<meta name=\"twitter:label2\" content=\"Tiempo de lectura\" \/>\n\t<meta name=\"twitter:data2\" content=\"25 minutos\" \/>\n<script type=\"application\/ld+json\" class=\"yoast-schema-graph\">{\"@context\":\"https:\/\/schema.org\",\"@graph\":[{\"@type\":\"NewsArticle\",\"@id\":\"https:\/\/www.celttv.com.ar\/index.php\/2014\/02\/11\/hcd-aprueban-el-proyecto-del-frente-renovador-que-incluye-un-censo-en-villa-la-gruta-y-san-andres-videoentrevistas\/#article\",\"isPartOf\":{\"@id\":\"https:\/\/www.celttv.com.ar\/index.php\/2014\/02\/11\/hcd-aprueban-el-proyecto-del-frente-renovador-que-incluye-un-censo-en-villa-la-gruta-y-san-andres-videoentrevistas\/\"},\"author\":{\"name\":\"ulises\",\"@id\":\"https:\/\/www.celttv.com.ar\/#\/schema\/person\/6d99c072dba59953809c81446e9d0ace\"},\"headline\":\"HCD.: APRUEBAN EL PROYECTO DEL FRENTE RENOVADOR QUE INCLUYE UN CENSO EN VILLA, LA GRUTA Y SAN ANDRES (Videoentrevistas)\",\"datePublished\":\"2014-02-11T20:08:41+00:00\",\"dateModified\":\"2014-02-11T20:08:41+00:00\",\"mainEntityOfPage\":{\"@id\":\"https:\/\/www.celttv.com.ar\/index.php\/2014\/02\/11\/hcd-aprueban-el-proyecto-del-frente-renovador-que-incluye-un-censo-en-villa-la-gruta-y-san-andres-videoentrevistas\/\"},\"wordCount\":4999,\"publisher\":{\"@id\":\"https:\/\/www.celttv.com.ar\/#organization\"},\"articleSection\":[\"Comunidad\",\"Destacadas\",\"Pol\u00edtica\",\"Videos Destacados\"],\"inLanguage\":\"es\"},{\"@type\":\"WebPage\",\"@id\":\"https:\/\/www.celttv.com.ar\/index.php\/2014\/02\/11\/hcd-aprueban-el-proyecto-del-frente-renovador-que-incluye-un-censo-en-villa-la-gruta-y-san-andres-videoentrevistas\/\",\"url\":\"https:\/\/www.celttv.com.ar\/index.php\/2014\/02\/11\/hcd-aprueban-el-proyecto-del-frente-renovador-que-incluye-un-censo-en-villa-la-gruta-y-san-andres-videoentrevistas\/\",\"name\":\"HCD.: APRUEBAN EL PROYECTO DEL FRENTE RENOVADOR QUE INCLUYE UN CENSO EN VILLA, LA GRUTA Y SAN ANDRES (Videoentrevistas) - CELTTV\",\"isPartOf\":{\"@id\":\"https:\/\/www.celttv.com.ar\/#website\"},\"datePublished\":\"2014-02-11T20:08:41+00:00\",\"dateModified\":\"2014-02-11T20:08:41+00:00\",\"description\":\"Sitio web de noticias de la localidad de Tornquist, provincia de Buenos Aires, Rep\u00fablica Argentina. Contenido propio originado por periodistas de CELTTV, el canal de TV local de la Cooperativa El\u00e9ctrica de Tornquist. Turismo, Pol\u00edtica, Sociedad, Deporte, Cultura y todo el contenido de inter\u00e9s general que la gente del pueblo y la regi\u00f3n debe conocer.\",\"breadcrumb\":{\"@id\":\"https:\/\/www.celttv.com.ar\/index.php\/2014\/02\/11\/hcd-aprueban-el-proyecto-del-frente-renovador-que-incluye-un-censo-en-villa-la-gruta-y-san-andres-videoentrevistas\/#breadcrumb\"},\"inLanguage\":\"es\",\"potentialAction\":[{\"@type\":\"ReadAction\",\"target\":[\"https:\/\/www.celttv.com.ar\/index.php\/2014\/02\/11\/hcd-aprueban-el-proyecto-del-frente-renovador-que-incluye-un-censo-en-villa-la-gruta-y-san-andres-videoentrevistas\/\"]}]},{\"@type\":\"BreadcrumbList\",\"@id\":\"https:\/\/www.celttv.com.ar\/index.php\/2014\/02\/11\/hcd-aprueban-el-proyecto-del-frente-renovador-que-incluye-un-censo-en-villa-la-gruta-y-san-andres-videoentrevistas\/#breadcrumb\",\"itemListElement\":[{\"@type\":\"ListItem\",\"position\":1,\"name\":\"Inicio\",\"item\":\"https:\/\/www.celttv.com.ar\/\"},{\"@type\":\"ListItem\",\"position\":2,\"name\":\"HCD.: APRUEBAN EL PROYECTO DEL FRENTE RENOVADOR QUE INCLUYE UN CENSO EN VILLA, LA GRUTA Y SAN ANDRES (Videoentrevistas)\"}]},{\"@type\":\"WebSite\",\"@id\":\"https:\/\/www.celttv.com.ar\/#website\",\"url\":\"https:\/\/www.celttv.com.ar\/\",\"name\":\"CELTTV\",\"description\":\"Cooperativa El\u00e9ctrica de Tornquist\",\"publisher\":{\"@id\":\"https:\/\/www.celttv.com.ar\/#organization\"},\"potentialAction\":[{\"@type\":\"SearchAction\",\"target\":{\"@type\":\"EntryPoint\",\"urlTemplate\":\"https:\/\/www.celttv.com.ar\/?s={search_term_string}\"},\"query-input\":\"required name=search_term_string\"}],\"inLanguage\":\"es\"},{\"@type\":\"Organization\",\"@id\":\"https:\/\/www.celttv.com.ar\/#organization\",\"name\":\"CELTTV\",\"url\":\"https:\/\/www.celttv.com.ar\/\",\"sameAs\":[\"https:\/\/www.youtube.com\/channel\/UCz_oIt8Hig64Ub-EmcNPIhg\",\"https:\/\/www.facebook.com\/celtTV\/\"],\"logo\":{\"@type\":\"ImageObject\",\"inLanguage\":\"es\",\"@id\":\"https:\/\/www.celttv.com.ar\/#\/schema\/logo\/image\/\",\"url\":\"http:\/\/www.celttv.com.ar\/wp-content\/uploads\/2022\/08\/logo-1.png\",\"contentUrl\":\"http:\/\/www.celttv.com.ar\/wp-content\/uploads\/2022\/08\/logo-1.png\",\"width\":461,\"height\":159,\"caption\":\"CELTTV\"},\"image\":{\"@id\":\"https:\/\/www.celttv.com.ar\/#\/schema\/logo\/image\/\"}},{\"@type\":\"Person\",\"@id\":\"https:\/\/www.celttv.com.ar\/#\/schema\/person\/6d99c072dba59953809c81446e9d0ace\",\"name\":\"ulises\",\"image\":{\"@type\":\"ImageObject\",\"inLanguage\":\"es\",\"@id\":\"https:\/\/www.celttv.com.ar\/#\/schema\/person\/image\/\",\"url\":\"https:\/\/secure.gravatar.com\/avatar\/7f2c48bdc33b30088f941fb6082e555f2874c98e20cb159d7b92b50eadfce793?s=96&d=mm&r=g\",\"contentUrl\":\"https:\/\/secure.gravatar.com\/avatar\/7f2c48bdc33b30088f941fb6082e555f2874c98e20cb159d7b92b50eadfce793?s=96&d=mm&r=g\",\"caption\":\"ulises\"},\"sameAs\":[\"http:\/\/www.celttv.com.ar\"]}]}<\/script>\n<!-- \/ Yoast SEO plugin. -->","yoast_head_json":{"title":"HCD.: APRUEBAN EL PROYECTO DEL FRENTE RENOVADOR QUE INCLUYE UN CENSO EN VILLA, LA GRUTA Y SAN ANDRES (Videoentrevistas) - CELTTV","description":"Sitio web de noticias de la localidad de Tornquist, provincia de Buenos Aires, Rep\u00fablica Argentina. Contenido propio originado por periodistas de CELTTV, el canal de TV local de la Cooperativa El\u00e9ctrica de Tornquist. Turismo, Pol\u00edtica, Sociedad, Deporte, Cultura y todo el contenido de inter\u00e9s general que la gente del pueblo y la regi\u00f3n debe conocer.","robots":{"index":"index","follow":"follow","max-snippet":"max-snippet:-1","max-image-preview":"max-image-preview:large","max-video-preview":"max-video-preview:-1"},"canonical":"https:\/\/www.celttv.com.ar\/index.php\/2014\/02\/11\/hcd-aprueban-el-proyecto-del-frente-renovador-que-incluye-un-censo-en-villa-la-gruta-y-san-andres-videoentrevistas\/","og_locale":"es_ES","og_type":"article","og_title":"HCD.: APRUEBAN EL PROYECTO DEL FRENTE RENOVADOR QUE INCLUYE UN CENSO EN VILLA, LA GRUTA Y SAN ANDRES (Videoentrevistas) - CELTTV","og_description":"Sitio web de noticias de la localidad de Tornquist, provincia de Buenos Aires, Rep\u00fablica Argentina. Contenido propio originado por periodistas de CELTTV, el canal de TV local de la Cooperativa El\u00e9ctrica de Tornquist. Turismo, Pol\u00edtica, Sociedad, Deporte, Cultura y todo el contenido de inter\u00e9s general que la gente del pueblo y la regi\u00f3n debe conocer.","og_url":"https:\/\/www.celttv.com.ar\/index.php\/2014\/02\/11\/hcd-aprueban-el-proyecto-del-frente-renovador-que-incluye-un-censo-en-villa-la-gruta-y-san-andres-videoentrevistas\/","og_site_name":"CELTTV","article_publisher":"https:\/\/www.facebook.com\/celtTV\/","article_published_time":"2014-02-11T20:08:41+00:00","author":"ulises","twitter_card":"summary_large_image","twitter_misc":{"Escrito por":"ulises","Tiempo de lectura":"25 minutos"},"schema":{"@context":"https:\/\/schema.org","@graph":[{"@type":"NewsArticle","@id":"https:\/\/www.celttv.com.ar\/index.php\/2014\/02\/11\/hcd-aprueban-el-proyecto-del-frente-renovador-que-incluye-un-censo-en-villa-la-gruta-y-san-andres-videoentrevistas\/#article","isPartOf":{"@id":"https:\/\/www.celttv.com.ar\/index.php\/2014\/02\/11\/hcd-aprueban-el-proyecto-del-frente-renovador-que-incluye-un-censo-en-villa-la-gruta-y-san-andres-videoentrevistas\/"},"author":{"name":"ulises","@id":"https:\/\/www.celttv.com.ar\/#\/schema\/person\/6d99c072dba59953809c81446e9d0ace"},"headline":"HCD.: APRUEBAN EL PROYECTO DEL FRENTE RENOVADOR QUE INCLUYE UN CENSO EN VILLA, LA GRUTA Y SAN ANDRES (Videoentrevistas)","datePublished":"2014-02-11T20:08:41+00:00","dateModified":"2014-02-11T20:08:41+00:00","mainEntityOfPage":{"@id":"https:\/\/www.celttv.com.ar\/index.php\/2014\/02\/11\/hcd-aprueban-el-proyecto-del-frente-renovador-que-incluye-un-censo-en-villa-la-gruta-y-san-andres-videoentrevistas\/"},"wordCount":4999,"publisher":{"@id":"https:\/\/www.celttv.com.ar\/#organization"},"articleSection":["Comunidad","Destacadas","Pol\u00edtica","Videos Destacados"],"inLanguage":"es"},{"@type":"WebPage","@id":"https:\/\/www.celttv.com.ar\/index.php\/2014\/02\/11\/hcd-aprueban-el-proyecto-del-frente-renovador-que-incluye-un-censo-en-villa-la-gruta-y-san-andres-videoentrevistas\/","url":"https:\/\/www.celttv.com.ar\/index.php\/2014\/02\/11\/hcd-aprueban-el-proyecto-del-frente-renovador-que-incluye-un-censo-en-villa-la-gruta-y-san-andres-videoentrevistas\/","name":"HCD.: APRUEBAN EL PROYECTO DEL FRENTE RENOVADOR QUE INCLUYE UN CENSO EN VILLA, LA GRUTA Y SAN ANDRES (Videoentrevistas) - CELTTV","isPartOf":{"@id":"https:\/\/www.celttv.com.ar\/#website"},"datePublished":"2014-02-11T20:08:41+00:00","dateModified":"2014-02-11T20:08:41+00:00","description":"Sitio web de noticias de la localidad de Tornquist, provincia de Buenos Aires, Rep\u00fablica Argentina. Contenido propio originado por periodistas de CELTTV, el canal de TV local de la Cooperativa El\u00e9ctrica de Tornquist. Turismo, Pol\u00edtica, Sociedad, Deporte, Cultura y todo el contenido de inter\u00e9s general que la gente del pueblo y la regi\u00f3n debe conocer.","breadcrumb":{"@id":"https:\/\/www.celttv.com.ar\/index.php\/2014\/02\/11\/hcd-aprueban-el-proyecto-del-frente-renovador-que-incluye-un-censo-en-villa-la-gruta-y-san-andres-videoentrevistas\/#breadcrumb"},"inLanguage":"es","potentialAction":[{"@type":"ReadAction","target":["https:\/\/www.celttv.com.ar\/index.php\/2014\/02\/11\/hcd-aprueban-el-proyecto-del-frente-renovador-que-incluye-un-censo-en-villa-la-gruta-y-san-andres-videoentrevistas\/"]}]},{"@type":"BreadcrumbList","@id":"https:\/\/www.celttv.com.ar\/index.php\/2014\/02\/11\/hcd-aprueban-el-proyecto-del-frente-renovador-que-incluye-un-censo-en-villa-la-gruta-y-san-andres-videoentrevistas\/#breadcrumb","itemListElement":[{"@type":"ListItem","position":1,"name":"Inicio","item":"https:\/\/www.celttv.com.ar\/"},{"@type":"ListItem","position":2,"name":"HCD.: APRUEBAN EL PROYECTO DEL FRENTE RENOVADOR QUE INCLUYE UN CENSO EN VILLA, LA GRUTA Y SAN ANDRES (Videoentrevistas)"}]},{"@type":"WebSite","@id":"https:\/\/www.celttv.com.ar\/#website","url":"https:\/\/www.celttv.com.ar\/","name":"CELTTV","description":"Cooperativa El\u00e9ctrica de Tornquist","publisher":{"@id":"https:\/\/www.celttv.com.ar\/#organization"},"potentialAction":[{"@type":"SearchAction","target":{"@type":"EntryPoint","urlTemplate":"https:\/\/www.celttv.com.ar\/?s={search_term_string}"},"query-input":"required name=search_term_string"}],"inLanguage":"es"},{"@type":"Organization","@id":"https:\/\/www.celttv.com.ar\/#organization","name":"CELTTV","url":"https:\/\/www.celttv.com.ar\/","sameAs":["https:\/\/www.youtube.com\/channel\/UCz_oIt8Hig64Ub-EmcNPIhg","https:\/\/www.facebook.com\/celtTV\/"],"logo":{"@type":"ImageObject","inLanguage":"es","@id":"https:\/\/www.celttv.com.ar\/#\/schema\/logo\/image\/","url":"http:\/\/www.celttv.com.ar\/wp-content\/uploads\/2022\/08\/logo-1.png","contentUrl":"http:\/\/www.celttv.com.ar\/wp-content\/uploads\/2022\/08\/logo-1.png","width":461,"height":159,"caption":"CELTTV"},"image":{"@id":"https:\/\/www.celttv.com.ar\/#\/schema\/logo\/image\/"}},{"@type":"Person","@id":"https:\/\/www.celttv.com.ar\/#\/schema\/person\/6d99c072dba59953809c81446e9d0ace","name":"ulises","image":{"@type":"ImageObject","inLanguage":"es","@id":"https:\/\/www.celttv.com.ar\/#\/schema\/person\/image\/","url":"https:\/\/secure.gravatar.com\/avatar\/7f2c48bdc33b30088f941fb6082e555f2874c98e20cb159d7b92b50eadfce793?s=96&d=mm&r=g","contentUrl":"https:\/\/secure.gravatar.com\/avatar\/7f2c48bdc33b30088f941fb6082e555f2874c98e20cb159d7b92b50eadfce793?s=96&d=mm&r=g","caption":"ulises"},"sameAs":["http:\/\/www.celttv.com.ar"]}]}},"_links":{"self":[{"href":"https:\/\/www.celttv.com.ar\/index.php\/wp-json\/wp\/v2\/posts\/17473","targetHints":{"allow":["GET"]}}],"collection":[{"href":"https:\/\/www.celttv.com.ar\/index.php\/wp-json\/wp\/v2\/posts"}],"about":[{"href":"https:\/\/www.celttv.com.ar\/index.php\/wp-json\/wp\/v2\/types\/post"}],"author":[{"embeddable":true,"href":"https:\/\/www.celttv.com.ar\/index.php\/wp-json\/wp\/v2\/users\/1"}],"replies":[{"embeddable":true,"href":"https:\/\/www.celttv.com.ar\/index.php\/wp-json\/wp\/v2\/comments?post=17473"}],"version-history":[{"count":0,"href":"https:\/\/www.celttv.com.ar\/index.php\/wp-json\/wp\/v2\/posts\/17473\/revisions"}],"wp:attachment":[{"href":"https:\/\/www.celttv.com.ar\/index.php\/wp-json\/wp\/v2\/media?parent=17473"}],"wp:term":[{"taxonomy":"category","embeddable":true,"href":"https:\/\/www.celttv.com.ar\/index.php\/wp-json\/wp\/v2\/categories?post=17473"},{"taxonomy":"post_tag","embeddable":true,"href":"https:\/\/www.celttv.com.ar\/index.php\/wp-json\/wp\/v2\/tags?post=17473"}],"curies":[{"name":"wp","href":"https:\/\/api.w.org\/{rel}","templated":true}]}}