{"id":17495,"date":"2014-02-12T00:01:24","date_gmt":"2014-02-12T00:01:24","guid":{"rendered":"http:\/\/www.tvcnoticias.com.ar\/?p=17495"},"modified":"2014-02-12T00:01:24","modified_gmt":"2014-02-12T00:01:24","slug":"futbol-2014-se-ratifico-el-torneo-en-tres-zonas-y-comienza-el-16-de-marzo","status":"publish","type":"post","link":"https:\/\/www.celttv.com.ar\/index.php\/2014\/02\/12\/futbol-2014-se-ratifico-el-torneo-en-tres-zonas-y-comienza-el-16-de-marzo\/","title":{"rendered":"FUTBOL 2014: SE RATIFICO EL TORNEO EN TRES ZONAS Y COMIENZA EL 16 DE MARZO"},"content":{"rendered":"<p><img loading=\"lazy\" decoding=\"async\" class=\"aligncenter size-medium wp-image-17496\" title=\"REUNION LIGA (Medium)\" src=\"http:\/\/www.tvcnoticias.com.ar\/wp-content\/uploads\/2014\/02\/REUNION-LIGA-Medium-450x299.jpg\" alt=\"\" width=\"450\" height=\"299\" \/><br \/>\nLos clubes oficializaron la forma de disputa del certamen liguista que comenzar\u00e1 el 16 de marzo. El Apertura se jugar\u00e1 en grupos geogr\u00e1ficos, mientras que en el Clausura se mezclar\u00e1n<br \/>\nCon los equipos repartidos en tres zonas geogr\u00e1ficas, el domingo 16 de marzo se pondr\u00e1 en marcha el Torneo Apertura de\u00a0la Liga Regional\u00a0de F\u00fatbol de Coronel Su\u00e1rez. As\u00ed qued\u00f3 estipulado en la reuni\u00f3n de delegados\/presidentes de los clubes, convocados por la entidad que preside Ernesto Palenzona, y que se celebr\u00f3 este lunes en el sal\u00f3n alto de Deportivo Sarmiento.<br \/>\nLos cuatro clubes de nuestra ciudad (Blanco y Negro, Boca, Deportivo Sarmiento y Tiro de Villa Belgrano), m\u00e1s los tres de los pueblos alemanes (San Mart\u00edn, Independiente y El Progreso), conformar\u00e1n uno de los grupos.<br \/>\nOtro estar\u00e1 constituido por los cuatro elencos de Pig\u00fc\u00e9 (Club Sarmiento, Deportivo Argentino, Pe\u00f1arol y Uni\u00f3n Pig\u00fc\u00e9), junto a San Mart\u00edn de Saavedra, Automoto y Uni\u00f3n de Tornquist.<br \/>\nLa restante zona tendr\u00e1 como integrantes a los equipos puanenses (Puan F. Club y Tiro Federal), de Carhu\u00e9 (Racing y San Mart\u00edn), Guamin\u00ed (Empleados de Comercio y Pe\u00f1arol) y Atl\u00e9tico Huanguel\u00e9n.<br \/>\nLos cinco primeros de cada sector y el mejor sexto clasificar\u00e1n para los cruces de octavos de final. La ventaja deportiva ser\u00e1 para los mejores ubicados.<br \/>\nEl mismo formato tendr\u00e1 el Torneo Clausura, pero ac\u00e1 las zonas estar\u00e1n conformadas por los equipos mezclados seg\u00fan la ubicaci\u00f3n final en el Apertura. El 1\u00ba de\u00a0la A, el 2\u00ba de\u00a0la B\u00a0y el 3\u00ba de\u00a0la C\u00a0en la misma zona, y as\u00ed los dem\u00e1s.<br \/>\nLa disputa del Apertura demandar\u00e1 18 fechas, igual cantidad que el Clausura, adem\u00e1s de tres eventuales finales entre los ganadores de ambos cert\u00e1menes. La suma arroja un total de 39 fechas, la misma que el a\u00f1o pasado, pero con otro formato.<br \/>\nEn divisi\u00f3n Reserva clasificar\u00e1n los dos primeros de cada grupo y los dos mejores terceros a los cruces en cada instancia.<br \/>\n&nbsp;<br \/>\nEl 24 de febrero en Pig\u00fc\u00e9 se realizar\u00e1 una reuni\u00f3n para organizar la competencia de divisiones inferiores, mientras que la asamblea de\u00a0la LRF\u00a0donde se renovar\u00e1n autoridades, ser\u00e1 el 28 de febrero (Fuente Semanario Reflejos)<br \/>\n&nbsp;<\/p>\n","protected":false},"excerpt":{"rendered":"<p>Los clubes oficializaron la forma de disputa del certamen liguista que comenzar\u00e1 el 16 de marzo. El Apertura se jugar\u00e1 en grupos geogr\u00e1ficos, mientras que en el Clausura se mezclar\u00e1n Con los equipos repartidos en tres zonas geogr\u00e1ficas, el domingo 16 de marzo se pondr\u00e1 en marcha el Torneo Apertura de\u00a0la Liga Regional\u00a0de F\u00fatbol de [&hellip;]<\/p>\n","protected":false},"author":1,"featured_media":0,"comment_status":"closed","ping_status":"open","sticky":false,"template":"","format":"standard","meta":{"footnotes":""},"categories":[60,52],"tags":[],"class_list":["post-17495","post","type-post","status-publish","format-standard","hentry","category-deporte","category-destacadas"],"yoast_head":"<!-- This site is optimized with the Yoast SEO plugin v19.7.1 - https:\/\/yoast.com\/wordpress\/plugins\/seo\/ -->\n<title>FUTBOL 2014: SE RATIFICO EL TORNEO EN TRES ZONAS Y COMIENZA EL 16 DE MARZO - CELTTV<\/title>\n<meta name=\"description\" content=\"Sitio web de noticias de la localidad de Tornquist, provincia de Buenos Aires, Rep\u00fablica Argentina. Contenido propio originado por periodistas de CELTTV, el canal de TV local de la Cooperativa El\u00e9ctrica de Tornquist. Turismo, Pol\u00edtica, Sociedad, Deporte, Cultura y todo el contenido de inter\u00e9s general que la gente del pueblo y la regi\u00f3n debe conocer.\" \/>\n<meta name=\"robots\" content=\"index, follow, max-snippet:-1, max-image-preview:large, max-video-preview:-1\" \/>\n<link rel=\"canonical\" href=\"https:\/\/www.celttv.com.ar\/index.php\/2014\/02\/12\/futbol-2014-se-ratifico-el-torneo-en-tres-zonas-y-comienza-el-16-de-marzo\/\" \/>\n<meta property=\"og:locale\" content=\"es_ES\" \/>\n<meta property=\"og:type\" content=\"article\" \/>\n<meta property=\"og:title\" content=\"FUTBOL 2014: SE RATIFICO EL TORNEO EN TRES ZONAS Y COMIENZA EL 16 DE MARZO - CELTTV\" \/>\n<meta property=\"og:description\" content=\"Sitio web de noticias de la localidad de Tornquist, provincia de Buenos Aires, Rep\u00fablica Argentina. Contenido propio originado por periodistas de CELTTV, el canal de TV local de la Cooperativa El\u00e9ctrica de Tornquist. Turismo, Pol\u00edtica, Sociedad, Deporte, Cultura y todo el contenido de inter\u00e9s general que la gente del pueblo y la regi\u00f3n debe conocer.\" \/>\n<meta property=\"og:url\" content=\"https:\/\/www.celttv.com.ar\/index.php\/2014\/02\/12\/futbol-2014-se-ratifico-el-torneo-en-tres-zonas-y-comienza-el-16-de-marzo\/\" \/>\n<meta property=\"og:site_name\" content=\"CELTTV\" \/>\n<meta property=\"article:publisher\" content=\"https:\/\/www.facebook.com\/celtTV\/\" \/>\n<meta property=\"article:published_time\" content=\"2014-02-12T00:01:24+00:00\" \/>\n<meta property=\"og:image\" content=\"http:\/\/www.tvcnoticias.com.ar\/wp-content\/uploads\/2014\/02\/REUNION-LIGA-Medium-450x299.jpg\" \/>\n<meta name=\"author\" content=\"ulises\" \/>\n<meta name=\"twitter:card\" content=\"summary_large_image\" \/>\n<meta name=\"twitter:label1\" content=\"Escrito por\" \/>\n\t<meta name=\"twitter:data1\" content=\"ulises\" \/>\n\t<meta name=\"twitter:label2\" content=\"Tiempo de lectura\" \/>\n\t<meta name=\"twitter:data2\" content=\"2 minutos\" \/>\n<script type=\"application\/ld+json\" class=\"yoast-schema-graph\">{\"@context\":\"https:\/\/schema.org\",\"@graph\":[{\"@type\":\"NewsArticle\",\"@id\":\"https:\/\/www.celttv.com.ar\/index.php\/2014\/02\/12\/futbol-2014-se-ratifico-el-torneo-en-tres-zonas-y-comienza-el-16-de-marzo\/#article\",\"isPartOf\":{\"@id\":\"https:\/\/www.celttv.com.ar\/index.php\/2014\/02\/12\/futbol-2014-se-ratifico-el-torneo-en-tres-zonas-y-comienza-el-16-de-marzo\/\"},\"author\":{\"name\":\"ulises\",\"@id\":\"https:\/\/www.celttv.com.ar\/#\/schema\/person\/6d99c072dba59953809c81446e9d0ace\"},\"headline\":\"FUTBOL 2014: SE RATIFICO EL TORNEO EN TRES ZONAS Y COMIENZA EL 16 DE MARZO\",\"datePublished\":\"2014-02-12T00:01:24+00:00\",\"dateModified\":\"2014-02-12T00:01:24+00:00\",\"mainEntityOfPage\":{\"@id\":\"https:\/\/www.celttv.com.ar\/index.php\/2014\/02\/12\/futbol-2014-se-ratifico-el-torneo-en-tres-zonas-y-comienza-el-16-de-marzo\/\"},\"wordCount\":394,\"publisher\":{\"@id\":\"https:\/\/www.celttv.com.ar\/#organization\"},\"articleSection\":[\"Deporte\",\"Destacadas\"],\"inLanguage\":\"es\"},{\"@type\":\"WebPage\",\"@id\":\"https:\/\/www.celttv.com.ar\/index.php\/2014\/02\/12\/futbol-2014-se-ratifico-el-torneo-en-tres-zonas-y-comienza-el-16-de-marzo\/\",\"url\":\"https:\/\/www.celttv.com.ar\/index.php\/2014\/02\/12\/futbol-2014-se-ratifico-el-torneo-en-tres-zonas-y-comienza-el-16-de-marzo\/\",\"name\":\"FUTBOL 2014: SE RATIFICO EL TORNEO EN TRES ZONAS Y COMIENZA EL 16 DE MARZO - CELTTV\",\"isPartOf\":{\"@id\":\"https:\/\/www.celttv.com.ar\/#website\"},\"datePublished\":\"2014-02-12T00:01:24+00:00\",\"dateModified\":\"2014-02-12T00:01:24+00:00\",\"description\":\"Sitio web de noticias de la localidad de Tornquist, provincia de Buenos Aires, Rep\u00fablica Argentina. Contenido propio originado por periodistas de CELTTV, el canal de TV local de la Cooperativa El\u00e9ctrica de Tornquist. Turismo, Pol\u00edtica, Sociedad, Deporte, Cultura y todo el contenido de inter\u00e9s general que la gente del pueblo y la regi\u00f3n debe conocer.\",\"breadcrumb\":{\"@id\":\"https:\/\/www.celttv.com.ar\/index.php\/2014\/02\/12\/futbol-2014-se-ratifico-el-torneo-en-tres-zonas-y-comienza-el-16-de-marzo\/#breadcrumb\"},\"inLanguage\":\"es\",\"potentialAction\":[{\"@type\":\"ReadAction\",\"target\":[\"https:\/\/www.celttv.com.ar\/index.php\/2014\/02\/12\/futbol-2014-se-ratifico-el-torneo-en-tres-zonas-y-comienza-el-16-de-marzo\/\"]}]},{\"@type\":\"BreadcrumbList\",\"@id\":\"https:\/\/www.celttv.com.ar\/index.php\/2014\/02\/12\/futbol-2014-se-ratifico-el-torneo-en-tres-zonas-y-comienza-el-16-de-marzo\/#breadcrumb\",\"itemListElement\":[{\"@type\":\"ListItem\",\"position\":1,\"name\":\"Inicio\",\"item\":\"https:\/\/www.celttv.com.ar\/\"},{\"@type\":\"ListItem\",\"position\":2,\"name\":\"FUTBOL 2014: SE RATIFICO EL TORNEO EN TRES ZONAS Y COMIENZA EL 16 DE MARZO\"}]},{\"@type\":\"WebSite\",\"@id\":\"https:\/\/www.celttv.com.ar\/#website\",\"url\":\"https:\/\/www.celttv.com.ar\/\",\"name\":\"CELTTV\",\"description\":\"Cooperativa El\u00e9ctrica de Tornquist\",\"publisher\":{\"@id\":\"https:\/\/www.celttv.com.ar\/#organization\"},\"potentialAction\":[{\"@type\":\"SearchAction\",\"target\":{\"@type\":\"EntryPoint\",\"urlTemplate\":\"https:\/\/www.celttv.com.ar\/?s={search_term_string}\"},\"query-input\":\"required name=search_term_string\"}],\"inLanguage\":\"es\"},{\"@type\":\"Organization\",\"@id\":\"https:\/\/www.celttv.com.ar\/#organization\",\"name\":\"CELTTV\",\"url\":\"https:\/\/www.celttv.com.ar\/\",\"sameAs\":[\"https:\/\/www.youtube.com\/channel\/UCz_oIt8Hig64Ub-EmcNPIhg\",\"https:\/\/www.facebook.com\/celtTV\/\"],\"logo\":{\"@type\":\"ImageObject\",\"inLanguage\":\"es\",\"@id\":\"https:\/\/www.celttv.com.ar\/#\/schema\/logo\/image\/\",\"url\":\"http:\/\/www.celttv.com.ar\/wp-content\/uploads\/2022\/08\/logo-1.png\",\"contentUrl\":\"http:\/\/www.celttv.com.ar\/wp-content\/uploads\/2022\/08\/logo-1.png\",\"width\":461,\"height\":159,\"caption\":\"CELTTV\"},\"image\":{\"@id\":\"https:\/\/www.celttv.com.ar\/#\/schema\/logo\/image\/\"}},{\"@type\":\"Person\",\"@id\":\"https:\/\/www.celttv.com.ar\/#\/schema\/person\/6d99c072dba59953809c81446e9d0ace\",\"name\":\"ulises\",\"image\":{\"@type\":\"ImageObject\",\"inLanguage\":\"es\",\"@id\":\"https:\/\/www.celttv.com.ar\/#\/schema\/person\/image\/\",\"url\":\"https:\/\/secure.gravatar.com\/avatar\/7f2c48bdc33b30088f941fb6082e555f2874c98e20cb159d7b92b50eadfce793?s=96&d=mm&r=g\",\"contentUrl\":\"https:\/\/secure.gravatar.com\/avatar\/7f2c48bdc33b30088f941fb6082e555f2874c98e20cb159d7b92b50eadfce793?s=96&d=mm&r=g\",\"caption\":\"ulises\"},\"sameAs\":[\"http:\/\/www.celttv.com.ar\"]}]}<\/script>\n<!-- \/ Yoast SEO plugin. -->","yoast_head_json":{"title":"FUTBOL 2014: SE RATIFICO EL TORNEO EN TRES ZONAS Y COMIENZA EL 16 DE MARZO - CELTTV","description":"Sitio web de noticias de la localidad de Tornquist, provincia de Buenos Aires, Rep\u00fablica Argentina. Contenido propio originado por periodistas de CELTTV, el canal de TV local de la Cooperativa El\u00e9ctrica de Tornquist. Turismo, Pol\u00edtica, Sociedad, Deporte, Cultura y todo el contenido de inter\u00e9s general que la gente del pueblo y la regi\u00f3n debe conocer.","robots":{"index":"index","follow":"follow","max-snippet":"max-snippet:-1","max-image-preview":"max-image-preview:large","max-video-preview":"max-video-preview:-1"},"canonical":"https:\/\/www.celttv.com.ar\/index.php\/2014\/02\/12\/futbol-2014-se-ratifico-el-torneo-en-tres-zonas-y-comienza-el-16-de-marzo\/","og_locale":"es_ES","og_type":"article","og_title":"FUTBOL 2014: SE RATIFICO EL TORNEO EN TRES ZONAS Y COMIENZA EL 16 DE MARZO - CELTTV","og_description":"Sitio web de noticias de la localidad de Tornquist, provincia de Buenos Aires, Rep\u00fablica Argentina. Contenido propio originado por periodistas de CELTTV, el canal de TV local de la Cooperativa El\u00e9ctrica de Tornquist. Turismo, Pol\u00edtica, Sociedad, Deporte, Cultura y todo el contenido de inter\u00e9s general que la gente del pueblo y la regi\u00f3n debe conocer.","og_url":"https:\/\/www.celttv.com.ar\/index.php\/2014\/02\/12\/futbol-2014-se-ratifico-el-torneo-en-tres-zonas-y-comienza-el-16-de-marzo\/","og_site_name":"CELTTV","article_publisher":"https:\/\/www.facebook.com\/celtTV\/","article_published_time":"2014-02-12T00:01:24+00:00","og_image":[{"url":"http:\/\/www.tvcnoticias.com.ar\/wp-content\/uploads\/2014\/02\/REUNION-LIGA-Medium-450x299.jpg"}],"author":"ulises","twitter_card":"summary_large_image","twitter_misc":{"Escrito por":"ulises","Tiempo de lectura":"2 minutos"},"schema":{"@context":"https:\/\/schema.org","@graph":[{"@type":"NewsArticle","@id":"https:\/\/www.celttv.com.ar\/index.php\/2014\/02\/12\/futbol-2014-se-ratifico-el-torneo-en-tres-zonas-y-comienza-el-16-de-marzo\/#article","isPartOf":{"@id":"https:\/\/www.celttv.com.ar\/index.php\/2014\/02\/12\/futbol-2014-se-ratifico-el-torneo-en-tres-zonas-y-comienza-el-16-de-marzo\/"},"author":{"name":"ulises","@id":"https:\/\/www.celttv.com.ar\/#\/schema\/person\/6d99c072dba59953809c81446e9d0ace"},"headline":"FUTBOL 2014: SE RATIFICO EL TORNEO EN TRES ZONAS Y COMIENZA EL 16 DE MARZO","datePublished":"2014-02-12T00:01:24+00:00","dateModified":"2014-02-12T00:01:24+00:00","mainEntityOfPage":{"@id":"https:\/\/www.celttv.com.ar\/index.php\/2014\/02\/12\/futbol-2014-se-ratifico-el-torneo-en-tres-zonas-y-comienza-el-16-de-marzo\/"},"wordCount":394,"publisher":{"@id":"https:\/\/www.celttv.com.ar\/#organization"},"articleSection":["Deporte","Destacadas"],"inLanguage":"es"},{"@type":"WebPage","@id":"https:\/\/www.celttv.com.ar\/index.php\/2014\/02\/12\/futbol-2014-se-ratifico-el-torneo-en-tres-zonas-y-comienza-el-16-de-marzo\/","url":"https:\/\/www.celttv.com.ar\/index.php\/2014\/02\/12\/futbol-2014-se-ratifico-el-torneo-en-tres-zonas-y-comienza-el-16-de-marzo\/","name":"FUTBOL 2014: SE RATIFICO EL TORNEO EN TRES ZONAS Y COMIENZA EL 16 DE MARZO - CELTTV","isPartOf":{"@id":"https:\/\/www.celttv.com.ar\/#website"},"datePublished":"2014-02-12T00:01:24+00:00","dateModified":"2014-02-12T00:01:24+00:00","description":"Sitio web de noticias de la localidad de Tornquist, provincia de Buenos Aires, Rep\u00fablica Argentina. Contenido propio originado por periodistas de CELTTV, el canal de TV local de la Cooperativa El\u00e9ctrica de Tornquist. Turismo, Pol\u00edtica, Sociedad, Deporte, Cultura y todo el contenido de inter\u00e9s general que la gente del pueblo y la regi\u00f3n debe conocer.","breadcrumb":{"@id":"https:\/\/www.celttv.com.ar\/index.php\/2014\/02\/12\/futbol-2014-se-ratifico-el-torneo-en-tres-zonas-y-comienza-el-16-de-marzo\/#breadcrumb"},"inLanguage":"es","potentialAction":[{"@type":"ReadAction","target":["https:\/\/www.celttv.com.ar\/index.php\/2014\/02\/12\/futbol-2014-se-ratifico-el-torneo-en-tres-zonas-y-comienza-el-16-de-marzo\/"]}]},{"@type":"BreadcrumbList","@id":"https:\/\/www.celttv.com.ar\/index.php\/2014\/02\/12\/futbol-2014-se-ratifico-el-torneo-en-tres-zonas-y-comienza-el-16-de-marzo\/#breadcrumb","itemListElement":[{"@type":"ListItem","position":1,"name":"Inicio","item":"https:\/\/www.celttv.com.ar\/"},{"@type":"ListItem","position":2,"name":"FUTBOL 2014: SE RATIFICO EL TORNEO EN TRES ZONAS Y COMIENZA EL 16 DE MARZO"}]},{"@type":"WebSite","@id":"https:\/\/www.celttv.com.ar\/#website","url":"https:\/\/www.celttv.com.ar\/","name":"CELTTV","description":"Cooperativa El\u00e9ctrica de Tornquist","publisher":{"@id":"https:\/\/www.celttv.com.ar\/#organization"},"potentialAction":[{"@type":"SearchAction","target":{"@type":"EntryPoint","urlTemplate":"https:\/\/www.celttv.com.ar\/?s={search_term_string}"},"query-input":"required name=search_term_string"}],"inLanguage":"es"},{"@type":"Organization","@id":"https:\/\/www.celttv.com.ar\/#organization","name":"CELTTV","url":"https:\/\/www.celttv.com.ar\/","sameAs":["https:\/\/www.youtube.com\/channel\/UCz_oIt8Hig64Ub-EmcNPIhg","https:\/\/www.facebook.com\/celtTV\/"],"logo":{"@type":"ImageObject","inLanguage":"es","@id":"https:\/\/www.celttv.com.ar\/#\/schema\/logo\/image\/","url":"http:\/\/www.celttv.com.ar\/wp-content\/uploads\/2022\/08\/logo-1.png","contentUrl":"http:\/\/www.celttv.com.ar\/wp-content\/uploads\/2022\/08\/logo-1.png","width":461,"height":159,"caption":"CELTTV"},"image":{"@id":"https:\/\/www.celttv.com.ar\/#\/schema\/logo\/image\/"}},{"@type":"Person","@id":"https:\/\/www.celttv.com.ar\/#\/schema\/person\/6d99c072dba59953809c81446e9d0ace","name":"ulises","image":{"@type":"ImageObject","inLanguage":"es","@id":"https:\/\/www.celttv.com.ar\/#\/schema\/person\/image\/","url":"https:\/\/secure.gravatar.com\/avatar\/7f2c48bdc33b30088f941fb6082e555f2874c98e20cb159d7b92b50eadfce793?s=96&d=mm&r=g","contentUrl":"https:\/\/secure.gravatar.com\/avatar\/7f2c48bdc33b30088f941fb6082e555f2874c98e20cb159d7b92b50eadfce793?s=96&d=mm&r=g","caption":"ulises"},"sameAs":["http:\/\/www.celttv.com.ar"]}]}},"_links":{"self":[{"href":"https:\/\/www.celttv.com.ar\/index.php\/wp-json\/wp\/v2\/posts\/17495","targetHints":{"allow":["GET"]}}],"collection":[{"href":"https:\/\/www.celttv.com.ar\/index.php\/wp-json\/wp\/v2\/posts"}],"about":[{"href":"https:\/\/www.celttv.com.ar\/index.php\/wp-json\/wp\/v2\/types\/post"}],"author":[{"embeddable":true,"href":"https:\/\/www.celttv.com.ar\/index.php\/wp-json\/wp\/v2\/users\/1"}],"replies":[{"embeddable":true,"href":"https:\/\/www.celttv.com.ar\/index.php\/wp-json\/wp\/v2\/comments?post=17495"}],"version-history":[{"count":0,"href":"https:\/\/www.celttv.com.ar\/index.php\/wp-json\/wp\/v2\/posts\/17495\/revisions"}],"wp:attachment":[{"href":"https:\/\/www.celttv.com.ar\/index.php\/wp-json\/wp\/v2\/media?parent=17495"}],"wp:term":[{"taxonomy":"category","embeddable":true,"href":"https:\/\/www.celttv.com.ar\/index.php\/wp-json\/wp\/v2\/categories?post=17495"},{"taxonomy":"post_tag","embeddable":true,"href":"https:\/\/www.celttv.com.ar\/index.php\/wp-json\/wp\/v2\/tags?post=17495"}],"curies":[{"name":"wp","href":"https:\/\/api.w.org\/{rel}","templated":true}]}}