{"id":17499,"date":"2014-02-12T12:53:54","date_gmt":"2014-02-12T12:53:54","guid":{"rendered":"http:\/\/www.tvcnoticias.com.ar\/?p=17499"},"modified":"2014-02-12T12:53:54","modified_gmt":"2014-02-12T12:53:54","slug":"la-amenaza-del-fracking-sigue-movilizando-a-comunidades-bonaerenses","status":"publish","type":"post","link":"https:\/\/www.celttv.com.ar\/index.php\/2014\/02\/12\/la-amenaza-del-fracking-sigue-movilizando-a-comunidades-bonaerenses\/","title":{"rendered":"La amenaza del fracking sigue movilizando a comunidades bonaerenses"},"content":{"rendered":"<div><span style=\"text-decoration: underline;\"><strong>Acta de Asamblea de Concejales, Autoridades y vecinos de la Cuenca de Claromec\u00f3<\/strong><\/span><\/div>\n<div><span style=\"text-decoration: underline;\"><strong><br \/>\n<\/strong><\/span><\/div>\n<div>En la ciudad de Sierra de la Ventana, a los 8 d\u00edas del mes de Febrero del a\u00f1o 2014, representando a los Distritos de Laprida, San Cayetano, Lamadrid, Tres Arroyos, Tornquist, Cnel. Su\u00e1rez, Saavedra, Cnel. Pringles, Cnel. Dorrego, Benito Ju\u00e1rez, Tandil, Bah\u00eda Blanca y Necochea; nos reunimos a los efectos de dar continuidad a la actividad que viene desarrollando la mencionada Asamblea, constituida con el objeto de generar un intercambio de experiencias y\/u opiniones en lo referente a las acciones tendientes a impedir la implementaci\u00f3n en la denominada \u201cCuenca del Claromec\u00f3\u201d de la t\u00e9cnica de extracci\u00f3n de hidrocarburos no convencional llamada \u201cfracking\u201d o fractura hidr\u00e1ulica.<\/div>\n<div>\n<div>Como resultado de dicha convocatoria, elaboramos el presente documento que contiene las siguientes conclusiones o acciones a seguir.<\/div>\n<ol>\n<li>\n<div>Reiterar el pedido al Sr. Gobernador de la Provincia de Buenos Aires, Daniel Scioli de que suministre a Asamblea los t\u00e9rminos y alcances del Convenio celebrado entre la provincia de Buenos Aires y la empresa YPF.<\/div>\n<\/li>\n<li>\n<div>Solicitar a la Honorable C\u00e1mara de Diputados de la Provincia de Buenos Aires, efect\u00fae el requerimiento al Sr. Gobernador, de que lleve adelante los solicitado en el punto 1.<\/div>\n<\/li>\n<li>\n<div>Solicitar a los Concejos Deliberantes de los Distritos involucrados a que sancionen Ordenanzas que proh\u00edban dicha actividad o en su defecto que se presenten Proyectos tendientes a tal fin.<\/div>\n<\/li>\n<li>\n<div>Proponer la creaci\u00f3n de una asociaci\u00f3n civil que tenga como objeto representar los intereses de esta Asamblea.<\/div>\n<\/li>\n<li>\n<div>Se coordinar\u00e1n actividades de los distintos distritos para la realizaci\u00f3n de actividades de difusi\u00f3n, tomando como ejemplo las asambleas que se vienen realizando en Benito Ju\u00e1rez.<\/div>\n<\/li>\n<li>\n<div>En funci\u00f3n del encuentro realizado en Capital Federal que dio origen al Acta \u201cCooperaci\u00f3n e integraci\u00f3n por territorios libres de fracking desde los Gobiernos Locales\u201d se buscar\u00e1 sumar adhesiones y articular con movimientos similares a nivel nacional con un encuentro que se realizar\u00eda en Neuqu\u00e9n entre marzo y abril.<\/div>\n<\/li>\n<\/ol>\n<div>\u201c<strong>ASAMBLEA AMBIENTAL DE LA CUENCA DE CLAROMEC\u00d3\u201d<\/strong><\/div>\n<div><strong><br \/>\n<\/strong><\/div>\n<\/div>\n<p>&nbsp;<\/p>\n","protected":false},"excerpt":{"rendered":"<p>Acta de Asamblea de Concejales, Autoridades y vecinos de la Cuenca de Claromec\u00f3 En la ciudad de Sierra de la Ventana, a los 8 d\u00edas del mes de Febrero del a\u00f1o 2014, representando a los Distritos de Laprida, San Cayetano, Lamadrid, Tres Arroyos, Tornquist, Cnel. Su\u00e1rez, Saavedra, Cnel. Pringles, Cnel. Dorrego, Benito Ju\u00e1rez, Tandil, Bah\u00eda [&hellip;]<\/p>\n","protected":false},"author":1,"featured_media":0,"comment_status":"closed","ping_status":"open","sticky":false,"template":"","format":"standard","meta":{"footnotes":""},"categories":[51,52],"tags":[],"class_list":["post-17499","post","type-post","status-publish","format-standard","hentry","category-comunidad","category-destacadas"],"yoast_head":"<!-- This site is optimized with the Yoast SEO plugin v19.7.1 - https:\/\/yoast.com\/wordpress\/plugins\/seo\/ -->\n<title>La amenaza del fracking sigue movilizando a comunidades bonaerenses - CELTTV<\/title>\n<meta name=\"description\" content=\"Sitio web de noticias de la localidad de Tornquist, provincia de Buenos Aires, Rep\u00fablica Argentina. Contenido propio originado por periodistas de CELTTV, el canal de TV local de la Cooperativa El\u00e9ctrica de Tornquist. Turismo, Pol\u00edtica, Sociedad, Deporte, Cultura y todo el contenido de inter\u00e9s general que la gente del pueblo y la regi\u00f3n debe conocer.\" \/>\n<meta name=\"robots\" content=\"index, follow, max-snippet:-1, max-image-preview:large, max-video-preview:-1\" \/>\n<link rel=\"canonical\" href=\"https:\/\/www.celttv.com.ar\/index.php\/2014\/02\/12\/la-amenaza-del-fracking-sigue-movilizando-a-comunidades-bonaerenses\/\" \/>\n<meta property=\"og:locale\" content=\"es_ES\" \/>\n<meta property=\"og:type\" content=\"article\" \/>\n<meta property=\"og:title\" content=\"La amenaza del fracking sigue movilizando a comunidades bonaerenses - CELTTV\" \/>\n<meta property=\"og:description\" content=\"Sitio web de noticias de la localidad de Tornquist, provincia de Buenos Aires, Rep\u00fablica Argentina. Contenido propio originado por periodistas de CELTTV, el canal de TV local de la Cooperativa El\u00e9ctrica de Tornquist. Turismo, Pol\u00edtica, Sociedad, Deporte, Cultura y todo el contenido de inter\u00e9s general que la gente del pueblo y la regi\u00f3n debe conocer.\" \/>\n<meta property=\"og:url\" content=\"https:\/\/www.celttv.com.ar\/index.php\/2014\/02\/12\/la-amenaza-del-fracking-sigue-movilizando-a-comunidades-bonaerenses\/\" \/>\n<meta property=\"og:site_name\" content=\"CELTTV\" \/>\n<meta property=\"article:publisher\" content=\"https:\/\/www.facebook.com\/celtTV\/\" \/>\n<meta property=\"article:published_time\" content=\"2014-02-12T12:53:54+00:00\" \/>\n<meta name=\"author\" content=\"ulises\" \/>\n<meta name=\"twitter:card\" content=\"summary_large_image\" \/>\n<meta name=\"twitter:label1\" content=\"Escrito por\" \/>\n\t<meta name=\"twitter:data1\" content=\"ulises\" \/>\n\t<meta name=\"twitter:label2\" content=\"Tiempo de lectura\" \/>\n\t<meta name=\"twitter:data2\" content=\"2 minutos\" \/>\n<script type=\"application\/ld+json\" class=\"yoast-schema-graph\">{\"@context\":\"https:\/\/schema.org\",\"@graph\":[{\"@type\":\"NewsArticle\",\"@id\":\"https:\/\/www.celttv.com.ar\/index.php\/2014\/02\/12\/la-amenaza-del-fracking-sigue-movilizando-a-comunidades-bonaerenses\/#article\",\"isPartOf\":{\"@id\":\"https:\/\/www.celttv.com.ar\/index.php\/2014\/02\/12\/la-amenaza-del-fracking-sigue-movilizando-a-comunidades-bonaerenses\/\"},\"author\":{\"name\":\"ulises\",\"@id\":\"https:\/\/www.celttv.com.ar\/#\/schema\/person\/6d99c072dba59953809c81446e9d0ace\"},\"headline\":\"La amenaza del fracking sigue movilizando a comunidades bonaerenses\",\"datePublished\":\"2014-02-12T12:53:54+00:00\",\"dateModified\":\"2014-02-12T12:53:54+00:00\",\"mainEntityOfPage\":{\"@id\":\"https:\/\/www.celttv.com.ar\/index.php\/2014\/02\/12\/la-amenaza-del-fracking-sigue-movilizando-a-comunidades-bonaerenses\/\"},\"wordCount\":361,\"publisher\":{\"@id\":\"https:\/\/www.celttv.com.ar\/#organization\"},\"articleSection\":[\"Comunidad\",\"Destacadas\"],\"inLanguage\":\"es\"},{\"@type\":\"WebPage\",\"@id\":\"https:\/\/www.celttv.com.ar\/index.php\/2014\/02\/12\/la-amenaza-del-fracking-sigue-movilizando-a-comunidades-bonaerenses\/\",\"url\":\"https:\/\/www.celttv.com.ar\/index.php\/2014\/02\/12\/la-amenaza-del-fracking-sigue-movilizando-a-comunidades-bonaerenses\/\",\"name\":\"La amenaza del fracking sigue movilizando a comunidades bonaerenses - CELTTV\",\"isPartOf\":{\"@id\":\"https:\/\/www.celttv.com.ar\/#website\"},\"datePublished\":\"2014-02-12T12:53:54+00:00\",\"dateModified\":\"2014-02-12T12:53:54+00:00\",\"description\":\"Sitio web de noticias de la localidad de Tornquist, provincia de Buenos Aires, Rep\u00fablica Argentina. Contenido propio originado por periodistas de CELTTV, el canal de TV local de la Cooperativa El\u00e9ctrica de Tornquist. Turismo, Pol\u00edtica, Sociedad, Deporte, Cultura y todo el contenido de inter\u00e9s general que la gente del pueblo y la regi\u00f3n debe conocer.\",\"breadcrumb\":{\"@id\":\"https:\/\/www.celttv.com.ar\/index.php\/2014\/02\/12\/la-amenaza-del-fracking-sigue-movilizando-a-comunidades-bonaerenses\/#breadcrumb\"},\"inLanguage\":\"es\",\"potentialAction\":[{\"@type\":\"ReadAction\",\"target\":[\"https:\/\/www.celttv.com.ar\/index.php\/2014\/02\/12\/la-amenaza-del-fracking-sigue-movilizando-a-comunidades-bonaerenses\/\"]}]},{\"@type\":\"BreadcrumbList\",\"@id\":\"https:\/\/www.celttv.com.ar\/index.php\/2014\/02\/12\/la-amenaza-del-fracking-sigue-movilizando-a-comunidades-bonaerenses\/#breadcrumb\",\"itemListElement\":[{\"@type\":\"ListItem\",\"position\":1,\"name\":\"Inicio\",\"item\":\"https:\/\/www.celttv.com.ar\/\"},{\"@type\":\"ListItem\",\"position\":2,\"name\":\"La amenaza del fracking sigue movilizando a comunidades bonaerenses\"}]},{\"@type\":\"WebSite\",\"@id\":\"https:\/\/www.celttv.com.ar\/#website\",\"url\":\"https:\/\/www.celttv.com.ar\/\",\"name\":\"CELTTV\",\"description\":\"Cooperativa El\u00e9ctrica de Tornquist\",\"publisher\":{\"@id\":\"https:\/\/www.celttv.com.ar\/#organization\"},\"potentialAction\":[{\"@type\":\"SearchAction\",\"target\":{\"@type\":\"EntryPoint\",\"urlTemplate\":\"https:\/\/www.celttv.com.ar\/?s={search_term_string}\"},\"query-input\":\"required name=search_term_string\"}],\"inLanguage\":\"es\"},{\"@type\":\"Organization\",\"@id\":\"https:\/\/www.celttv.com.ar\/#organization\",\"name\":\"CELTTV\",\"url\":\"https:\/\/www.celttv.com.ar\/\",\"sameAs\":[\"https:\/\/www.youtube.com\/channel\/UCz_oIt8Hig64Ub-EmcNPIhg\",\"https:\/\/www.facebook.com\/celtTV\/\"],\"logo\":{\"@type\":\"ImageObject\",\"inLanguage\":\"es\",\"@id\":\"https:\/\/www.celttv.com.ar\/#\/schema\/logo\/image\/\",\"url\":\"http:\/\/www.celttv.com.ar\/wp-content\/uploads\/2022\/08\/logo-1.png\",\"contentUrl\":\"http:\/\/www.celttv.com.ar\/wp-content\/uploads\/2022\/08\/logo-1.png\",\"width\":461,\"height\":159,\"caption\":\"CELTTV\"},\"image\":{\"@id\":\"https:\/\/www.celttv.com.ar\/#\/schema\/logo\/image\/\"}},{\"@type\":\"Person\",\"@id\":\"https:\/\/www.celttv.com.ar\/#\/schema\/person\/6d99c072dba59953809c81446e9d0ace\",\"name\":\"ulises\",\"image\":{\"@type\":\"ImageObject\",\"inLanguage\":\"es\",\"@id\":\"https:\/\/www.celttv.com.ar\/#\/schema\/person\/image\/\",\"url\":\"https:\/\/secure.gravatar.com\/avatar\/7f2c48bdc33b30088f941fb6082e555f2874c98e20cb159d7b92b50eadfce793?s=96&d=mm&r=g\",\"contentUrl\":\"https:\/\/secure.gravatar.com\/avatar\/7f2c48bdc33b30088f941fb6082e555f2874c98e20cb159d7b92b50eadfce793?s=96&d=mm&r=g\",\"caption\":\"ulises\"},\"sameAs\":[\"http:\/\/www.celttv.com.ar\"]}]}<\/script>\n<!-- \/ Yoast SEO plugin. -->","yoast_head_json":{"title":"La amenaza del fracking sigue movilizando a comunidades bonaerenses - CELTTV","description":"Sitio web de noticias de la localidad de Tornquist, provincia de Buenos Aires, Rep\u00fablica Argentina. Contenido propio originado por periodistas de CELTTV, el canal de TV local de la Cooperativa El\u00e9ctrica de Tornquist. Turismo, Pol\u00edtica, Sociedad, Deporte, Cultura y todo el contenido de inter\u00e9s general que la gente del pueblo y la regi\u00f3n debe conocer.","robots":{"index":"index","follow":"follow","max-snippet":"max-snippet:-1","max-image-preview":"max-image-preview:large","max-video-preview":"max-video-preview:-1"},"canonical":"https:\/\/www.celttv.com.ar\/index.php\/2014\/02\/12\/la-amenaza-del-fracking-sigue-movilizando-a-comunidades-bonaerenses\/","og_locale":"es_ES","og_type":"article","og_title":"La amenaza del fracking sigue movilizando a comunidades bonaerenses - CELTTV","og_description":"Sitio web de noticias de la localidad de Tornquist, provincia de Buenos Aires, Rep\u00fablica Argentina. Contenido propio originado por periodistas de CELTTV, el canal de TV local de la Cooperativa El\u00e9ctrica de Tornquist. Turismo, Pol\u00edtica, Sociedad, Deporte, Cultura y todo el contenido de inter\u00e9s general que la gente del pueblo y la regi\u00f3n debe conocer.","og_url":"https:\/\/www.celttv.com.ar\/index.php\/2014\/02\/12\/la-amenaza-del-fracking-sigue-movilizando-a-comunidades-bonaerenses\/","og_site_name":"CELTTV","article_publisher":"https:\/\/www.facebook.com\/celtTV\/","article_published_time":"2014-02-12T12:53:54+00:00","author":"ulises","twitter_card":"summary_large_image","twitter_misc":{"Escrito por":"ulises","Tiempo de lectura":"2 minutos"},"schema":{"@context":"https:\/\/schema.org","@graph":[{"@type":"NewsArticle","@id":"https:\/\/www.celttv.com.ar\/index.php\/2014\/02\/12\/la-amenaza-del-fracking-sigue-movilizando-a-comunidades-bonaerenses\/#article","isPartOf":{"@id":"https:\/\/www.celttv.com.ar\/index.php\/2014\/02\/12\/la-amenaza-del-fracking-sigue-movilizando-a-comunidades-bonaerenses\/"},"author":{"name":"ulises","@id":"https:\/\/www.celttv.com.ar\/#\/schema\/person\/6d99c072dba59953809c81446e9d0ace"},"headline":"La amenaza del fracking sigue movilizando a comunidades bonaerenses","datePublished":"2014-02-12T12:53:54+00:00","dateModified":"2014-02-12T12:53:54+00:00","mainEntityOfPage":{"@id":"https:\/\/www.celttv.com.ar\/index.php\/2014\/02\/12\/la-amenaza-del-fracking-sigue-movilizando-a-comunidades-bonaerenses\/"},"wordCount":361,"publisher":{"@id":"https:\/\/www.celttv.com.ar\/#organization"},"articleSection":["Comunidad","Destacadas"],"inLanguage":"es"},{"@type":"WebPage","@id":"https:\/\/www.celttv.com.ar\/index.php\/2014\/02\/12\/la-amenaza-del-fracking-sigue-movilizando-a-comunidades-bonaerenses\/","url":"https:\/\/www.celttv.com.ar\/index.php\/2014\/02\/12\/la-amenaza-del-fracking-sigue-movilizando-a-comunidades-bonaerenses\/","name":"La amenaza del fracking sigue movilizando a comunidades bonaerenses - CELTTV","isPartOf":{"@id":"https:\/\/www.celttv.com.ar\/#website"},"datePublished":"2014-02-12T12:53:54+00:00","dateModified":"2014-02-12T12:53:54+00:00","description":"Sitio web de noticias de la localidad de Tornquist, provincia de Buenos Aires, Rep\u00fablica Argentina. Contenido propio originado por periodistas de CELTTV, el canal de TV local de la Cooperativa El\u00e9ctrica de Tornquist. Turismo, Pol\u00edtica, Sociedad, Deporte, Cultura y todo el contenido de inter\u00e9s general que la gente del pueblo y la regi\u00f3n debe conocer.","breadcrumb":{"@id":"https:\/\/www.celttv.com.ar\/index.php\/2014\/02\/12\/la-amenaza-del-fracking-sigue-movilizando-a-comunidades-bonaerenses\/#breadcrumb"},"inLanguage":"es","potentialAction":[{"@type":"ReadAction","target":["https:\/\/www.celttv.com.ar\/index.php\/2014\/02\/12\/la-amenaza-del-fracking-sigue-movilizando-a-comunidades-bonaerenses\/"]}]},{"@type":"BreadcrumbList","@id":"https:\/\/www.celttv.com.ar\/index.php\/2014\/02\/12\/la-amenaza-del-fracking-sigue-movilizando-a-comunidades-bonaerenses\/#breadcrumb","itemListElement":[{"@type":"ListItem","position":1,"name":"Inicio","item":"https:\/\/www.celttv.com.ar\/"},{"@type":"ListItem","position":2,"name":"La amenaza del fracking sigue movilizando a comunidades bonaerenses"}]},{"@type":"WebSite","@id":"https:\/\/www.celttv.com.ar\/#website","url":"https:\/\/www.celttv.com.ar\/","name":"CELTTV","description":"Cooperativa El\u00e9ctrica de Tornquist","publisher":{"@id":"https:\/\/www.celttv.com.ar\/#organization"},"potentialAction":[{"@type":"SearchAction","target":{"@type":"EntryPoint","urlTemplate":"https:\/\/www.celttv.com.ar\/?s={search_term_string}"},"query-input":"required name=search_term_string"}],"inLanguage":"es"},{"@type":"Organization","@id":"https:\/\/www.celttv.com.ar\/#organization","name":"CELTTV","url":"https:\/\/www.celttv.com.ar\/","sameAs":["https:\/\/www.youtube.com\/channel\/UCz_oIt8Hig64Ub-EmcNPIhg","https:\/\/www.facebook.com\/celtTV\/"],"logo":{"@type":"ImageObject","inLanguage":"es","@id":"https:\/\/www.celttv.com.ar\/#\/schema\/logo\/image\/","url":"http:\/\/www.celttv.com.ar\/wp-content\/uploads\/2022\/08\/logo-1.png","contentUrl":"http:\/\/www.celttv.com.ar\/wp-content\/uploads\/2022\/08\/logo-1.png","width":461,"height":159,"caption":"CELTTV"},"image":{"@id":"https:\/\/www.celttv.com.ar\/#\/schema\/logo\/image\/"}},{"@type":"Person","@id":"https:\/\/www.celttv.com.ar\/#\/schema\/person\/6d99c072dba59953809c81446e9d0ace","name":"ulises","image":{"@type":"ImageObject","inLanguage":"es","@id":"https:\/\/www.celttv.com.ar\/#\/schema\/person\/image\/","url":"https:\/\/secure.gravatar.com\/avatar\/7f2c48bdc33b30088f941fb6082e555f2874c98e20cb159d7b92b50eadfce793?s=96&d=mm&r=g","contentUrl":"https:\/\/secure.gravatar.com\/avatar\/7f2c48bdc33b30088f941fb6082e555f2874c98e20cb159d7b92b50eadfce793?s=96&d=mm&r=g","caption":"ulises"},"sameAs":["http:\/\/www.celttv.com.ar"]}]}},"_links":{"self":[{"href":"https:\/\/www.celttv.com.ar\/index.php\/wp-json\/wp\/v2\/posts\/17499","targetHints":{"allow":["GET"]}}],"collection":[{"href":"https:\/\/www.celttv.com.ar\/index.php\/wp-json\/wp\/v2\/posts"}],"about":[{"href":"https:\/\/www.celttv.com.ar\/index.php\/wp-json\/wp\/v2\/types\/post"}],"author":[{"embeddable":true,"href":"https:\/\/www.celttv.com.ar\/index.php\/wp-json\/wp\/v2\/users\/1"}],"replies":[{"embeddable":true,"href":"https:\/\/www.celttv.com.ar\/index.php\/wp-json\/wp\/v2\/comments?post=17499"}],"version-history":[{"count":0,"href":"https:\/\/www.celttv.com.ar\/index.php\/wp-json\/wp\/v2\/posts\/17499\/revisions"}],"wp:attachment":[{"href":"https:\/\/www.celttv.com.ar\/index.php\/wp-json\/wp\/v2\/media?parent=17499"}],"wp:term":[{"taxonomy":"category","embeddable":true,"href":"https:\/\/www.celttv.com.ar\/index.php\/wp-json\/wp\/v2\/categories?post=17499"},{"taxonomy":"post_tag","embeddable":true,"href":"https:\/\/www.celttv.com.ar\/index.php\/wp-json\/wp\/v2\/tags?post=17499"}],"curies":[{"name":"wp","href":"https:\/\/api.w.org\/{rel}","templated":true}]}}