{"id":17602,"date":"2014-02-18T20:48:09","date_gmt":"2014-02-18T20:48:09","guid":{"rendered":"http:\/\/www.tvcnoticias.com.ar\/?p=17602"},"modified":"2014-02-18T20:48:09","modified_gmt":"2014-02-18T20:48:09","slug":"almafuerte-hizo-vibrar-el-juan-j-bolletta-en-el-iv-union-tornquist-rock-tema-en-vivo-y-notaas","status":"publish","type":"post","link":"https:\/\/www.celttv.com.ar\/index.php\/2014\/02\/18\/almafuerte-hizo-vibrar-el-juan-j-bolletta-en-el-iv-union-tornquist-rock-tema-en-vivo-y-notaas\/","title":{"rendered":"ALMAFUERTE HIZO VIBRAR EL &#8220;JUAN J. BOLLETTA&#8221; EN EL IV UNION TORNQUIST ROCK (tema en vivo y notas)"},"content":{"rendered":"<p><a href=\"http:\/\/www.youtube.com\/watch?v=hS7yeh4TTY0\">httpv:\/\/www.youtube.com\/watch?v=hS7yeh4TTY0<\/a><br \/>\n<a href=\"http:\/\/www.youtube.com\/watch?v=55EiOf_UOvs\">httpv:\/\/www.youtube.com\/watch?v=55EiOf_UOvs<\/a><br \/>\n<a href=\"http:\/\/www.youtube.com\/watch?v=Lh6ImD9m7M8\">httpv:\/\/www.youtube.com\/watch?v=Lh6ImD9m7M8<\/a><br \/>\nAlmafuerte hizo delirar a alrededor de 3000 fan\u00e1ticos en el IV Uni\u00f3n Tornquist Rock realizado el pasado s\u00e1bado en el predio Juan Jos\u00e9 Bolletta.<br \/>\nEl espect\u00e1culo arranc\u00f3 a media tarde con las participaci\u00f3n de nueve bandas: \u00a0\u00a0&#8220;Aguja Oxidada&#8221; (Tornquist), &#8221; S\u00edsmico&#8221; (Capital Federal), &#8220;Tuyusero&#8221; (General Madariaga), &#8220;The Chimenea&#8221; (Tornquist), &#8220;La Enramada&#8221; (Sierra de\u00a0la Ventana) e &#8220;Instinto DC&#8221; (Coronel Su\u00e1rez) y las bandas de Buenos Aires \u00a0&#8220;Devastaci\u00f3n&#8221;, \u00a0&#8220;Scottus&#8221;, \u00a0&#8220;Buenos Aires&#8221; y &#8220;Blindado&#8221;.<br \/>\nCerca de la media noche se hizo sentir la presencia sobre el escenario de &#8220;Almafuerte&#8221; de la mano de su lider Ricardo Iorio, y fue cuando la multitud de fans dio rienda suelta a esa &#8220;extraordinaria locura&#8221; que genera el grupo metalero de mayor repercusi\u00f3n en la actualidad.<br \/>\nGente que viaj\u00f3 desde distintos puntos del pa\u00eds, recorriendo cientos de kil\u00f3metros, no se quiso perder el primer recital del a\u00f1o de su grupo preferido. LLegaron desde Rosario, Olavarr\u00eda, Trelew, Puerto Madryn, Capital Federal, Gran Buenos Aires, Bah\u00eda Blanca, Punta Alta, C\u00f3rdoba, Rio Gallegos, Santa Rosa y toda la regi\u00f3n inmediata.<br \/>\n&nbsp;<\/p>\n","protected":false},"excerpt":{"rendered":"<p>httpv:\/\/www.youtube.com\/watch?v=hS7yeh4TTY0 httpv:\/\/www.youtube.com\/watch?v=55EiOf_UOvs httpv:\/\/www.youtube.com\/watch?v=Lh6ImD9m7M8 Almafuerte hizo delirar a alrededor de 3000 fan\u00e1ticos en el IV Uni\u00f3n Tornquist Rock realizado el pasado s\u00e1bado en el predio Juan Jos\u00e9 Bolletta. El espect\u00e1culo arranc\u00f3 a media tarde con las participaci\u00f3n de nueve bandas: \u00a0\u00a0&#8220;Aguja Oxidada&#8221; (Tornquist), &#8221; S\u00edsmico&#8221; (Capital Federal), &#8220;Tuyusero&#8221; (General Madariaga), &#8220;The Chimenea&#8221; (Tornquist), &#8220;La Enramada&#8221; (Sierra [&hellip;]<\/p>\n","protected":false},"author":1,"featured_media":0,"comment_status":"closed","ping_status":"open","sticky":false,"template":"","format":"standard","meta":{"footnotes":""},"categories":[51,52,56,64],"tags":[],"class_list":["post-17602","post","type-post","status-publish","format-standard","hentry","category-comunidad","category-destacadas","category-espectaculos","category-videos-destacados"],"yoast_head":"<!-- This site is optimized with the Yoast SEO plugin v19.7.1 - https:\/\/yoast.com\/wordpress\/plugins\/seo\/ -->\n<title>ALMAFUERTE HIZO VIBRAR EL &quot;JUAN J. BOLLETTA&quot; EN EL IV UNION TORNQUIST ROCK (tema en vivo y notas) - CELTTV<\/title>\n<meta name=\"description\" content=\"Sitio web de noticias de la localidad de Tornquist, provincia de Buenos Aires, Rep\u00fablica Argentina. Contenido propio originado por periodistas de CELTTV, el canal de TV local de la Cooperativa El\u00e9ctrica de Tornquist. Turismo, Pol\u00edtica, Sociedad, Deporte, Cultura y todo el contenido de inter\u00e9s general que la gente del pueblo y la regi\u00f3n debe conocer.\" \/>\n<meta name=\"robots\" content=\"index, follow, max-snippet:-1, max-image-preview:large, max-video-preview:-1\" \/>\n<link rel=\"canonical\" href=\"https:\/\/www.celttv.com.ar\/index.php\/2014\/02\/18\/almafuerte-hizo-vibrar-el-juan-j-bolletta-en-el-iv-union-tornquist-rock-tema-en-vivo-y-notaas\/\" \/>\n<meta property=\"og:locale\" content=\"es_ES\" \/>\n<meta property=\"og:type\" content=\"article\" \/>\n<meta property=\"og:title\" content=\"ALMAFUERTE HIZO VIBRAR EL &quot;JUAN J. BOLLETTA&quot; EN EL IV UNION TORNQUIST ROCK (tema en vivo y notas) - CELTTV\" \/>\n<meta property=\"og:description\" content=\"Sitio web de noticias de la localidad de Tornquist, provincia de Buenos Aires, Rep\u00fablica Argentina. Contenido propio originado por periodistas de CELTTV, el canal de TV local de la Cooperativa El\u00e9ctrica de Tornquist. Turismo, Pol\u00edtica, Sociedad, Deporte, Cultura y todo el contenido de inter\u00e9s general que la gente del pueblo y la regi\u00f3n debe conocer.\" \/>\n<meta property=\"og:url\" content=\"https:\/\/www.celttv.com.ar\/index.php\/2014\/02\/18\/almafuerte-hizo-vibrar-el-juan-j-bolletta-en-el-iv-union-tornquist-rock-tema-en-vivo-y-notaas\/\" \/>\n<meta property=\"og:site_name\" content=\"CELTTV\" \/>\n<meta property=\"article:publisher\" content=\"https:\/\/www.facebook.com\/celtTV\/\" \/>\n<meta property=\"article:published_time\" content=\"2014-02-18T20:48:09+00:00\" \/>\n<meta name=\"author\" content=\"ulises\" \/>\n<meta name=\"twitter:card\" content=\"summary_large_image\" \/>\n<meta name=\"twitter:label1\" content=\"Escrito por\" \/>\n\t<meta name=\"twitter:data1\" content=\"ulises\" \/>\n\t<meta name=\"twitter:label2\" content=\"Tiempo de lectura\" \/>\n\t<meta name=\"twitter:data2\" content=\"1 minuto\" \/>\n<script type=\"application\/ld+json\" class=\"yoast-schema-graph\">{\"@context\":\"https:\/\/schema.org\",\"@graph\":[{\"@type\":\"NewsArticle\",\"@id\":\"https:\/\/www.celttv.com.ar\/index.php\/2014\/02\/18\/almafuerte-hizo-vibrar-el-juan-j-bolletta-en-el-iv-union-tornquist-rock-tema-en-vivo-y-notaas\/#article\",\"isPartOf\":{\"@id\":\"https:\/\/www.celttv.com.ar\/index.php\/2014\/02\/18\/almafuerte-hizo-vibrar-el-juan-j-bolletta-en-el-iv-union-tornquist-rock-tema-en-vivo-y-notaas\/\"},\"author\":{\"name\":\"ulises\",\"@id\":\"https:\/\/www.celttv.com.ar\/#\/schema\/person\/6d99c072dba59953809c81446e9d0ace\"},\"headline\":\"ALMAFUERTE HIZO VIBRAR EL &#8220;JUAN J. BOLLETTA&#8221; EN EL IV UNION TORNQUIST ROCK (tema en vivo y notas)\",\"datePublished\":\"2014-02-18T20:48:09+00:00\",\"dateModified\":\"2014-02-18T20:48:09+00:00\",\"mainEntityOfPage\":{\"@id\":\"https:\/\/www.celttv.com.ar\/index.php\/2014\/02\/18\/almafuerte-hizo-vibrar-el-juan-j-bolletta-en-el-iv-union-tornquist-rock-tema-en-vivo-y-notaas\/\"},\"wordCount\":231,\"publisher\":{\"@id\":\"https:\/\/www.celttv.com.ar\/#organization\"},\"articleSection\":[\"Comunidad\",\"Destacadas\",\"Espect\u00e1culos\",\"Videos Destacados\"],\"inLanguage\":\"es\"},{\"@type\":\"WebPage\",\"@id\":\"https:\/\/www.celttv.com.ar\/index.php\/2014\/02\/18\/almafuerte-hizo-vibrar-el-juan-j-bolletta-en-el-iv-union-tornquist-rock-tema-en-vivo-y-notaas\/\",\"url\":\"https:\/\/www.celttv.com.ar\/index.php\/2014\/02\/18\/almafuerte-hizo-vibrar-el-juan-j-bolletta-en-el-iv-union-tornquist-rock-tema-en-vivo-y-notaas\/\",\"name\":\"ALMAFUERTE HIZO VIBRAR EL \\\"JUAN J. BOLLETTA\\\" EN EL IV UNION TORNQUIST ROCK (tema en vivo y notas) - CELTTV\",\"isPartOf\":{\"@id\":\"https:\/\/www.celttv.com.ar\/#website\"},\"datePublished\":\"2014-02-18T20:48:09+00:00\",\"dateModified\":\"2014-02-18T20:48:09+00:00\",\"description\":\"Sitio web de noticias de la localidad de Tornquist, provincia de Buenos Aires, Rep\u00fablica Argentina. Contenido propio originado por periodistas de CELTTV, el canal de TV local de la Cooperativa El\u00e9ctrica de Tornquist. Turismo, Pol\u00edtica, Sociedad, Deporte, Cultura y todo el contenido de inter\u00e9s general que la gente del pueblo y la regi\u00f3n debe conocer.\",\"breadcrumb\":{\"@id\":\"https:\/\/www.celttv.com.ar\/index.php\/2014\/02\/18\/almafuerte-hizo-vibrar-el-juan-j-bolletta-en-el-iv-union-tornquist-rock-tema-en-vivo-y-notaas\/#breadcrumb\"},\"inLanguage\":\"es\",\"potentialAction\":[{\"@type\":\"ReadAction\",\"target\":[\"https:\/\/www.celttv.com.ar\/index.php\/2014\/02\/18\/almafuerte-hizo-vibrar-el-juan-j-bolletta-en-el-iv-union-tornquist-rock-tema-en-vivo-y-notaas\/\"]}]},{\"@type\":\"BreadcrumbList\",\"@id\":\"https:\/\/www.celttv.com.ar\/index.php\/2014\/02\/18\/almafuerte-hizo-vibrar-el-juan-j-bolletta-en-el-iv-union-tornquist-rock-tema-en-vivo-y-notaas\/#breadcrumb\",\"itemListElement\":[{\"@type\":\"ListItem\",\"position\":1,\"name\":\"Inicio\",\"item\":\"https:\/\/www.celttv.com.ar\/\"},{\"@type\":\"ListItem\",\"position\":2,\"name\":\"ALMAFUERTE HIZO VIBRAR EL &#8220;JUAN J. BOLLETTA&#8221; EN EL IV UNION TORNQUIST ROCK (tema en vivo y notas)\"}]},{\"@type\":\"WebSite\",\"@id\":\"https:\/\/www.celttv.com.ar\/#website\",\"url\":\"https:\/\/www.celttv.com.ar\/\",\"name\":\"CELTTV\",\"description\":\"Cooperativa El\u00e9ctrica de Tornquist\",\"publisher\":{\"@id\":\"https:\/\/www.celttv.com.ar\/#organization\"},\"potentialAction\":[{\"@type\":\"SearchAction\",\"target\":{\"@type\":\"EntryPoint\",\"urlTemplate\":\"https:\/\/www.celttv.com.ar\/?s={search_term_string}\"},\"query-input\":\"required name=search_term_string\"}],\"inLanguage\":\"es\"},{\"@type\":\"Organization\",\"@id\":\"https:\/\/www.celttv.com.ar\/#organization\",\"name\":\"CELTTV\",\"url\":\"https:\/\/www.celttv.com.ar\/\",\"sameAs\":[\"https:\/\/www.youtube.com\/channel\/UCz_oIt8Hig64Ub-EmcNPIhg\",\"https:\/\/www.facebook.com\/celtTV\/\"],\"logo\":{\"@type\":\"ImageObject\",\"inLanguage\":\"es\",\"@id\":\"https:\/\/www.celttv.com.ar\/#\/schema\/logo\/image\/\",\"url\":\"http:\/\/www.celttv.com.ar\/wp-content\/uploads\/2022\/08\/logo-1.png\",\"contentUrl\":\"http:\/\/www.celttv.com.ar\/wp-content\/uploads\/2022\/08\/logo-1.png\",\"width\":461,\"height\":159,\"caption\":\"CELTTV\"},\"image\":{\"@id\":\"https:\/\/www.celttv.com.ar\/#\/schema\/logo\/image\/\"}},{\"@type\":\"Person\",\"@id\":\"https:\/\/www.celttv.com.ar\/#\/schema\/person\/6d99c072dba59953809c81446e9d0ace\",\"name\":\"ulises\",\"image\":{\"@type\":\"ImageObject\",\"inLanguage\":\"es\",\"@id\":\"https:\/\/www.celttv.com.ar\/#\/schema\/person\/image\/\",\"url\":\"https:\/\/secure.gravatar.com\/avatar\/7f2c48bdc33b30088f941fb6082e555f2874c98e20cb159d7b92b50eadfce793?s=96&d=mm&r=g\",\"contentUrl\":\"https:\/\/secure.gravatar.com\/avatar\/7f2c48bdc33b30088f941fb6082e555f2874c98e20cb159d7b92b50eadfce793?s=96&d=mm&r=g\",\"caption\":\"ulises\"},\"sameAs\":[\"http:\/\/www.celttv.com.ar\"]}]}<\/script>\n<!-- \/ Yoast SEO plugin. -->","yoast_head_json":{"title":"ALMAFUERTE HIZO VIBRAR EL \"JUAN J. BOLLETTA\" EN EL IV UNION TORNQUIST ROCK (tema en vivo y notas) - CELTTV","description":"Sitio web de noticias de la localidad de Tornquist, provincia de Buenos Aires, Rep\u00fablica Argentina. Contenido propio originado por periodistas de CELTTV, el canal de TV local de la Cooperativa El\u00e9ctrica de Tornquist. Turismo, Pol\u00edtica, Sociedad, Deporte, Cultura y todo el contenido de inter\u00e9s general que la gente del pueblo y la regi\u00f3n debe conocer.","robots":{"index":"index","follow":"follow","max-snippet":"max-snippet:-1","max-image-preview":"max-image-preview:large","max-video-preview":"max-video-preview:-1"},"canonical":"https:\/\/www.celttv.com.ar\/index.php\/2014\/02\/18\/almafuerte-hizo-vibrar-el-juan-j-bolletta-en-el-iv-union-tornquist-rock-tema-en-vivo-y-notaas\/","og_locale":"es_ES","og_type":"article","og_title":"ALMAFUERTE HIZO VIBRAR EL \"JUAN J. BOLLETTA\" EN EL IV UNION TORNQUIST ROCK (tema en vivo y notas) - CELTTV","og_description":"Sitio web de noticias de la localidad de Tornquist, provincia de Buenos Aires, Rep\u00fablica Argentina. Contenido propio originado por periodistas de CELTTV, el canal de TV local de la Cooperativa El\u00e9ctrica de Tornquist. Turismo, Pol\u00edtica, Sociedad, Deporte, Cultura y todo el contenido de inter\u00e9s general que la gente del pueblo y la regi\u00f3n debe conocer.","og_url":"https:\/\/www.celttv.com.ar\/index.php\/2014\/02\/18\/almafuerte-hizo-vibrar-el-juan-j-bolletta-en-el-iv-union-tornquist-rock-tema-en-vivo-y-notaas\/","og_site_name":"CELTTV","article_publisher":"https:\/\/www.facebook.com\/celtTV\/","article_published_time":"2014-02-18T20:48:09+00:00","author":"ulises","twitter_card":"summary_large_image","twitter_misc":{"Escrito por":"ulises","Tiempo de lectura":"1 minuto"},"schema":{"@context":"https:\/\/schema.org","@graph":[{"@type":"NewsArticle","@id":"https:\/\/www.celttv.com.ar\/index.php\/2014\/02\/18\/almafuerte-hizo-vibrar-el-juan-j-bolletta-en-el-iv-union-tornquist-rock-tema-en-vivo-y-notaas\/#article","isPartOf":{"@id":"https:\/\/www.celttv.com.ar\/index.php\/2014\/02\/18\/almafuerte-hizo-vibrar-el-juan-j-bolletta-en-el-iv-union-tornquist-rock-tema-en-vivo-y-notaas\/"},"author":{"name":"ulises","@id":"https:\/\/www.celttv.com.ar\/#\/schema\/person\/6d99c072dba59953809c81446e9d0ace"},"headline":"ALMAFUERTE HIZO VIBRAR EL &#8220;JUAN J. BOLLETTA&#8221; EN EL IV UNION TORNQUIST ROCK (tema en vivo y notas)","datePublished":"2014-02-18T20:48:09+00:00","dateModified":"2014-02-18T20:48:09+00:00","mainEntityOfPage":{"@id":"https:\/\/www.celttv.com.ar\/index.php\/2014\/02\/18\/almafuerte-hizo-vibrar-el-juan-j-bolletta-en-el-iv-union-tornquist-rock-tema-en-vivo-y-notaas\/"},"wordCount":231,"publisher":{"@id":"https:\/\/www.celttv.com.ar\/#organization"},"articleSection":["Comunidad","Destacadas","Espect\u00e1culos","Videos Destacados"],"inLanguage":"es"},{"@type":"WebPage","@id":"https:\/\/www.celttv.com.ar\/index.php\/2014\/02\/18\/almafuerte-hizo-vibrar-el-juan-j-bolletta-en-el-iv-union-tornquist-rock-tema-en-vivo-y-notaas\/","url":"https:\/\/www.celttv.com.ar\/index.php\/2014\/02\/18\/almafuerte-hizo-vibrar-el-juan-j-bolletta-en-el-iv-union-tornquist-rock-tema-en-vivo-y-notaas\/","name":"ALMAFUERTE HIZO VIBRAR EL \"JUAN J. BOLLETTA\" EN EL IV UNION TORNQUIST ROCK (tema en vivo y notas) - CELTTV","isPartOf":{"@id":"https:\/\/www.celttv.com.ar\/#website"},"datePublished":"2014-02-18T20:48:09+00:00","dateModified":"2014-02-18T20:48:09+00:00","description":"Sitio web de noticias de la localidad de Tornquist, provincia de Buenos Aires, Rep\u00fablica Argentina. Contenido propio originado por periodistas de CELTTV, el canal de TV local de la Cooperativa El\u00e9ctrica de Tornquist. Turismo, Pol\u00edtica, Sociedad, Deporte, Cultura y todo el contenido de inter\u00e9s general que la gente del pueblo y la regi\u00f3n debe conocer.","breadcrumb":{"@id":"https:\/\/www.celttv.com.ar\/index.php\/2014\/02\/18\/almafuerte-hizo-vibrar-el-juan-j-bolletta-en-el-iv-union-tornquist-rock-tema-en-vivo-y-notaas\/#breadcrumb"},"inLanguage":"es","potentialAction":[{"@type":"ReadAction","target":["https:\/\/www.celttv.com.ar\/index.php\/2014\/02\/18\/almafuerte-hizo-vibrar-el-juan-j-bolletta-en-el-iv-union-tornquist-rock-tema-en-vivo-y-notaas\/"]}]},{"@type":"BreadcrumbList","@id":"https:\/\/www.celttv.com.ar\/index.php\/2014\/02\/18\/almafuerte-hizo-vibrar-el-juan-j-bolletta-en-el-iv-union-tornquist-rock-tema-en-vivo-y-notaas\/#breadcrumb","itemListElement":[{"@type":"ListItem","position":1,"name":"Inicio","item":"https:\/\/www.celttv.com.ar\/"},{"@type":"ListItem","position":2,"name":"ALMAFUERTE HIZO VIBRAR EL &#8220;JUAN J. BOLLETTA&#8221; EN EL IV UNION TORNQUIST ROCK (tema en vivo y notas)"}]},{"@type":"WebSite","@id":"https:\/\/www.celttv.com.ar\/#website","url":"https:\/\/www.celttv.com.ar\/","name":"CELTTV","description":"Cooperativa El\u00e9ctrica de Tornquist","publisher":{"@id":"https:\/\/www.celttv.com.ar\/#organization"},"potentialAction":[{"@type":"SearchAction","target":{"@type":"EntryPoint","urlTemplate":"https:\/\/www.celttv.com.ar\/?s={search_term_string}"},"query-input":"required name=search_term_string"}],"inLanguage":"es"},{"@type":"Organization","@id":"https:\/\/www.celttv.com.ar\/#organization","name":"CELTTV","url":"https:\/\/www.celttv.com.ar\/","sameAs":["https:\/\/www.youtube.com\/channel\/UCz_oIt8Hig64Ub-EmcNPIhg","https:\/\/www.facebook.com\/celtTV\/"],"logo":{"@type":"ImageObject","inLanguage":"es","@id":"https:\/\/www.celttv.com.ar\/#\/schema\/logo\/image\/","url":"http:\/\/www.celttv.com.ar\/wp-content\/uploads\/2022\/08\/logo-1.png","contentUrl":"http:\/\/www.celttv.com.ar\/wp-content\/uploads\/2022\/08\/logo-1.png","width":461,"height":159,"caption":"CELTTV"},"image":{"@id":"https:\/\/www.celttv.com.ar\/#\/schema\/logo\/image\/"}},{"@type":"Person","@id":"https:\/\/www.celttv.com.ar\/#\/schema\/person\/6d99c072dba59953809c81446e9d0ace","name":"ulises","image":{"@type":"ImageObject","inLanguage":"es","@id":"https:\/\/www.celttv.com.ar\/#\/schema\/person\/image\/","url":"https:\/\/secure.gravatar.com\/avatar\/7f2c48bdc33b30088f941fb6082e555f2874c98e20cb159d7b92b50eadfce793?s=96&d=mm&r=g","contentUrl":"https:\/\/secure.gravatar.com\/avatar\/7f2c48bdc33b30088f941fb6082e555f2874c98e20cb159d7b92b50eadfce793?s=96&d=mm&r=g","caption":"ulises"},"sameAs":["http:\/\/www.celttv.com.ar"]}]}},"_links":{"self":[{"href":"https:\/\/www.celttv.com.ar\/index.php\/wp-json\/wp\/v2\/posts\/17602","targetHints":{"allow":["GET"]}}],"collection":[{"href":"https:\/\/www.celttv.com.ar\/index.php\/wp-json\/wp\/v2\/posts"}],"about":[{"href":"https:\/\/www.celttv.com.ar\/index.php\/wp-json\/wp\/v2\/types\/post"}],"author":[{"embeddable":true,"href":"https:\/\/www.celttv.com.ar\/index.php\/wp-json\/wp\/v2\/users\/1"}],"replies":[{"embeddable":true,"href":"https:\/\/www.celttv.com.ar\/index.php\/wp-json\/wp\/v2\/comments?post=17602"}],"version-history":[{"count":0,"href":"https:\/\/www.celttv.com.ar\/index.php\/wp-json\/wp\/v2\/posts\/17602\/revisions"}],"wp:attachment":[{"href":"https:\/\/www.celttv.com.ar\/index.php\/wp-json\/wp\/v2\/media?parent=17602"}],"wp:term":[{"taxonomy":"category","embeddable":true,"href":"https:\/\/www.celttv.com.ar\/index.php\/wp-json\/wp\/v2\/categories?post=17602"},{"taxonomy":"post_tag","embeddable":true,"href":"https:\/\/www.celttv.com.ar\/index.php\/wp-json\/wp\/v2\/tags?post=17602"}],"curies":[{"name":"wp","href":"https:\/\/api.w.org\/{rel}","templated":true}]}}