{"id":17615,"date":"2014-02-19T13:22:31","date_gmt":"2014-02-19T13:22:31","guid":{"rendered":"http:\/\/www.tvcnoticias.com.ar\/?p=17615"},"modified":"2014-02-19T13:22:31","modified_gmt":"2014-02-19T13:22:31","slug":"sergio-torres-arranco-la-temporada-en-el-podio-de-la-clase-3","status":"publish","type":"post","link":"https:\/\/www.celttv.com.ar\/index.php\/2014\/02\/19\/sergio-torres-arranco-la-temporada-en-el-podio-de-la-clase-3\/","title":{"rendered":"SERGIO TORRES ARRANCO LA TEMPORADA EN EL PODIO DE LA CLASE 3"},"content":{"rendered":"<p>El preparador local Sergio Torres motorizando al bahiense Juan Pipkin subi\u00f3 al segundo escal\u00f3n del podio al iniciarse el calendario 2014 de Turismo Nacional Clase 3.<br \/>\nEl &#8220;Ruso&#8221; Torres tambi\u00e9n se refiere al futuro de &#8220;Juanchi&#8221; Torres, alentando la posibilidad de que regrese a la pista en la pr\u00f3xima competencia a realizarse en San Luis.<br \/>\n<a href=\"http:\/\/www.youtube.com\/watch?v=GagnhXwSlAE\">httpv:\/\/www.youtube.com\/watch?v=GagnhXwSlAE<\/a><br \/>\nInforme p\u00e1gina turismo Nacional<br \/>\nUna final intensa disput\u00f3 la Clase Tres de Turismo Nacional en el Aut\u00f3dromo Roberto Mouras de La Plata, en donde Facundo Chapur logr\u00f3 la victoria que coron\u00f3 un exitoso fin de semana al haber ganado clasificaci\u00f3n, serie y final con el Peugeot 308 del equipo Peugeot Vittal Racing. Chapur se coloca en la cima del certamen tras la primera fecha anual disputada.<br \/>\nLa primera vuelta fue antol\u00f3gica, en un mano a mano entre Chapur y Rossi que tuvo a los protagonistas girando durante buena parte del trazado platense a la par. En ese pleito, Chapur gan\u00f3 la contienda y ah\u00ed comenz\u00f3 a construir la victoria final. Rossi intent\u00f3 en otras ocasiones vulnerar a Chapur, no encontrando el espacio necesario para cumplir con su cometido.<br \/>\nEntre Chapur, Rossi, Mariano Werner y Juan Pipkin se llevaron las atenciones principales del evento. Pipkin avanz\u00f3 desde el cuarto lugar superando a Werner, en primera instancia, y en segunda a Rossi. Quizo plantearle disputa a Chapur, pero el piloto cordob\u00e9s hab\u00eda gestado la diferencia necesaria a los efectos de consolidar el \u00e9xito de la jornada de hoy.<br \/>\nM\u00e1s atr\u00e1s, era destacada la labor de Sebasti\u00e1n G\u00f3mez y m\u00e1s a\u00fan la de Guillermo Ortelli, avanzando con el Renault Fluence desde el 16\u00ba lugar de partida final. G\u00f3mez, sobre el final, intent\u00f3 vulnerar a Werner sin \u00e9xito, debiendo conformarse con el quinto lugar de la competencia final.<br \/>\nAdelante, Chapur defini\u00f3 la carrera a su favor y la cima del campeonato. Pipkin lleg\u00f3 segundo, y con ello cerr\u00f3 una gran actuaci\u00f3n necesaria en funci\u00f3n de confirmar su continuidad en la tabla anual. Rossi lleg\u00f3 tercero, presentando de buen modo el Citroen C4 de reciente construcci\u00f3n por parte de Carlos Piaggentini. Los cinco primeros los completaron Mariano Werner (de destacado debut en Clase Tres) y Sebasti\u00e1n G\u00f3mez, quien revirti\u00f3 el mal paso clasificatorio con un buen quinto lugar final. Guillermo Ortelli qued\u00f3 sexto (parti\u00f3 16\u00ba), mientras que los diez primeros los completaron Mauro Giallombardo, Mat\u00edas Mu\u00f1oz Marchesi, Ivan Saturni y Marcelo Gonz\u00e1lez.<br \/>\nEl Campeonato Argentino 2014 de Turismo Nacional lo lidera Facundo Chapur (36 puntos), siendo escoltado por Juan Pipkin (31 unidades) y Mat\u00edas Rossi (28 puntos). La pr\u00f3xima fecha ser\u00e1 la segunda del anual 2014 y se disputar\u00e1 el venidero 16 de Marzo en el Aut\u00f3dromo Rosendo Hern\u00e1ndez (San Luis).<br \/>\nFinal Turismo Nacional C3<br \/>\nAut\u00f3dromo Roberto Mouras<br \/>\n1. Chapur (308), 36.42.488<br \/>\n2. Pipkin (Cruze), a 2.531<br \/>\n3. Rossi (C4), a 3.993<br \/>\n4. Werner (308), a 4.222<br \/>\n5. G\u00f3mez (Kia), a 4.361<br \/>\n6. Ortelli (Fluence), a 6.064<br \/>\n7. Giallombardo (Focus), a 10.731<br \/>\n8. Mu\u00f1oz Marchesi (Cruze), a 12.359<br \/>\n9. Saturni (Focus), a 12.717<br \/>\n10. Gonz\u00e1lez (307), a 13.073<br \/>\n&#8211; See more at: http:\/\/www.apat.org.ar\/elemento.php?id=3395#sthash.pNc6A022.dpuf<br \/>\n&nbsp;<br \/>\n&nbsp;<\/p>\n","protected":false},"excerpt":{"rendered":"<p>El preparador local Sergio Torres motorizando al bahiense Juan Pipkin subi\u00f3 al segundo escal\u00f3n del podio al iniciarse el calendario 2014 de Turismo Nacional Clase 3. El &#8220;Ruso&#8221; Torres tambi\u00e9n se refiere al futuro de &#8220;Juanchi&#8221; Torres, alentando la posibilidad de que regrese a la pista en la pr\u00f3xima competencia a realizarse en San Luis. [&hellip;]<\/p>\n","protected":false},"author":1,"featured_media":0,"comment_status":"closed","ping_status":"open","sticky":false,"template":"","format":"standard","meta":{"footnotes":""},"categories":[60,52,64],"tags":[],"class_list":["post-17615","post","type-post","status-publish","format-standard","hentry","category-deporte","category-destacadas","category-videos-destacados"],"yoast_head":"<!-- This site is optimized with the Yoast SEO plugin v19.7.1 - https:\/\/yoast.com\/wordpress\/plugins\/seo\/ -->\n<title>SERGIO TORRES ARRANCO LA TEMPORADA EN EL PODIO DE LA CLASE 3 - CELTTV<\/title>\n<meta name=\"description\" content=\"Sitio web de noticias de la localidad de Tornquist, provincia de Buenos Aires, Rep\u00fablica Argentina. Contenido propio originado por periodistas de CELTTV, el canal de TV local de la Cooperativa El\u00e9ctrica de Tornquist. Turismo, Pol\u00edtica, Sociedad, Deporte, Cultura y todo el contenido de inter\u00e9s general que la gente del pueblo y la regi\u00f3n debe conocer.\" \/>\n<meta name=\"robots\" content=\"index, follow, max-snippet:-1, max-image-preview:large, max-video-preview:-1\" \/>\n<link rel=\"canonical\" href=\"https:\/\/www.celttv.com.ar\/index.php\/2014\/02\/19\/sergio-torres-arranco-la-temporada-en-el-podio-de-la-clase-3\/\" \/>\n<meta property=\"og:locale\" content=\"es_ES\" \/>\n<meta property=\"og:type\" content=\"article\" \/>\n<meta property=\"og:title\" content=\"SERGIO TORRES ARRANCO LA TEMPORADA EN EL PODIO DE LA CLASE 3 - CELTTV\" \/>\n<meta property=\"og:description\" content=\"Sitio web de noticias de la localidad de Tornquist, provincia de Buenos Aires, Rep\u00fablica Argentina. Contenido propio originado por periodistas de CELTTV, el canal de TV local de la Cooperativa El\u00e9ctrica de Tornquist. Turismo, Pol\u00edtica, Sociedad, Deporte, Cultura y todo el contenido de inter\u00e9s general que la gente del pueblo y la regi\u00f3n debe conocer.\" \/>\n<meta property=\"og:url\" content=\"https:\/\/www.celttv.com.ar\/index.php\/2014\/02\/19\/sergio-torres-arranco-la-temporada-en-el-podio-de-la-clase-3\/\" \/>\n<meta property=\"og:site_name\" content=\"CELTTV\" \/>\n<meta property=\"article:publisher\" content=\"https:\/\/www.facebook.com\/celtTV\/\" \/>\n<meta property=\"article:published_time\" content=\"2014-02-19T13:22:31+00:00\" \/>\n<meta name=\"author\" content=\"ulises\" \/>\n<meta name=\"twitter:card\" content=\"summary_large_image\" \/>\n<meta name=\"twitter:label1\" content=\"Escrito por\" \/>\n\t<meta name=\"twitter:data1\" content=\"ulises\" \/>\n\t<meta name=\"twitter:label2\" content=\"Tiempo de lectura\" \/>\n\t<meta name=\"twitter:data2\" content=\"3 minutos\" \/>\n<script type=\"application\/ld+json\" class=\"yoast-schema-graph\">{\"@context\":\"https:\/\/schema.org\",\"@graph\":[{\"@type\":\"NewsArticle\",\"@id\":\"https:\/\/www.celttv.com.ar\/index.php\/2014\/02\/19\/sergio-torres-arranco-la-temporada-en-el-podio-de-la-clase-3\/#article\",\"isPartOf\":{\"@id\":\"https:\/\/www.celttv.com.ar\/index.php\/2014\/02\/19\/sergio-torres-arranco-la-temporada-en-el-podio-de-la-clase-3\/\"},\"author\":{\"name\":\"ulises\",\"@id\":\"https:\/\/www.celttv.com.ar\/#\/schema\/person\/6d99c072dba59953809c81446e9d0ace\"},\"headline\":\"SERGIO TORRES ARRANCO LA TEMPORADA EN EL PODIO DE LA CLASE 3\",\"datePublished\":\"2014-02-19T13:22:31+00:00\",\"dateModified\":\"2014-02-19T13:22:31+00:00\",\"mainEntityOfPage\":{\"@id\":\"https:\/\/www.celttv.com.ar\/index.php\/2014\/02\/19\/sergio-torres-arranco-la-temporada-en-el-podio-de-la-clase-3\/\"},\"wordCount\":532,\"publisher\":{\"@id\":\"https:\/\/www.celttv.com.ar\/#organization\"},\"articleSection\":[\"Deporte\",\"Destacadas\",\"Videos Destacados\"],\"inLanguage\":\"es\"},{\"@type\":\"WebPage\",\"@id\":\"https:\/\/www.celttv.com.ar\/index.php\/2014\/02\/19\/sergio-torres-arranco-la-temporada-en-el-podio-de-la-clase-3\/\",\"url\":\"https:\/\/www.celttv.com.ar\/index.php\/2014\/02\/19\/sergio-torres-arranco-la-temporada-en-el-podio-de-la-clase-3\/\",\"name\":\"SERGIO TORRES ARRANCO LA TEMPORADA EN EL PODIO DE LA CLASE 3 - CELTTV\",\"isPartOf\":{\"@id\":\"https:\/\/www.celttv.com.ar\/#website\"},\"datePublished\":\"2014-02-19T13:22:31+00:00\",\"dateModified\":\"2014-02-19T13:22:31+00:00\",\"description\":\"Sitio web de noticias de la localidad de Tornquist, provincia de Buenos Aires, Rep\u00fablica Argentina. Contenido propio originado por periodistas de CELTTV, el canal de TV local de la Cooperativa El\u00e9ctrica de Tornquist. Turismo, Pol\u00edtica, Sociedad, Deporte, Cultura y todo el contenido de inter\u00e9s general que la gente del pueblo y la regi\u00f3n debe conocer.\",\"breadcrumb\":{\"@id\":\"https:\/\/www.celttv.com.ar\/index.php\/2014\/02\/19\/sergio-torres-arranco-la-temporada-en-el-podio-de-la-clase-3\/#breadcrumb\"},\"inLanguage\":\"es\",\"potentialAction\":[{\"@type\":\"ReadAction\",\"target\":[\"https:\/\/www.celttv.com.ar\/index.php\/2014\/02\/19\/sergio-torres-arranco-la-temporada-en-el-podio-de-la-clase-3\/\"]}]},{\"@type\":\"BreadcrumbList\",\"@id\":\"https:\/\/www.celttv.com.ar\/index.php\/2014\/02\/19\/sergio-torres-arranco-la-temporada-en-el-podio-de-la-clase-3\/#breadcrumb\",\"itemListElement\":[{\"@type\":\"ListItem\",\"position\":1,\"name\":\"Inicio\",\"item\":\"https:\/\/www.celttv.com.ar\/\"},{\"@type\":\"ListItem\",\"position\":2,\"name\":\"SERGIO TORRES ARRANCO LA TEMPORADA EN EL PODIO DE LA CLASE 3\"}]},{\"@type\":\"WebSite\",\"@id\":\"https:\/\/www.celttv.com.ar\/#website\",\"url\":\"https:\/\/www.celttv.com.ar\/\",\"name\":\"CELTTV\",\"description\":\"Cooperativa El\u00e9ctrica de Tornquist\",\"publisher\":{\"@id\":\"https:\/\/www.celttv.com.ar\/#organization\"},\"potentialAction\":[{\"@type\":\"SearchAction\",\"target\":{\"@type\":\"EntryPoint\",\"urlTemplate\":\"https:\/\/www.celttv.com.ar\/?s={search_term_string}\"},\"query-input\":\"required name=search_term_string\"}],\"inLanguage\":\"es\"},{\"@type\":\"Organization\",\"@id\":\"https:\/\/www.celttv.com.ar\/#organization\",\"name\":\"CELTTV\",\"url\":\"https:\/\/www.celttv.com.ar\/\",\"sameAs\":[\"https:\/\/www.youtube.com\/channel\/UCz_oIt8Hig64Ub-EmcNPIhg\",\"https:\/\/www.facebook.com\/celtTV\/\"],\"logo\":{\"@type\":\"ImageObject\",\"inLanguage\":\"es\",\"@id\":\"https:\/\/www.celttv.com.ar\/#\/schema\/logo\/image\/\",\"url\":\"http:\/\/www.celttv.com.ar\/wp-content\/uploads\/2022\/08\/logo-1.png\",\"contentUrl\":\"http:\/\/www.celttv.com.ar\/wp-content\/uploads\/2022\/08\/logo-1.png\",\"width\":461,\"height\":159,\"caption\":\"CELTTV\"},\"image\":{\"@id\":\"https:\/\/www.celttv.com.ar\/#\/schema\/logo\/image\/\"}},{\"@type\":\"Person\",\"@id\":\"https:\/\/www.celttv.com.ar\/#\/schema\/person\/6d99c072dba59953809c81446e9d0ace\",\"name\":\"ulises\",\"image\":{\"@type\":\"ImageObject\",\"inLanguage\":\"es\",\"@id\":\"https:\/\/www.celttv.com.ar\/#\/schema\/person\/image\/\",\"url\":\"https:\/\/secure.gravatar.com\/avatar\/7f2c48bdc33b30088f941fb6082e555f2874c98e20cb159d7b92b50eadfce793?s=96&d=mm&r=g\",\"contentUrl\":\"https:\/\/secure.gravatar.com\/avatar\/7f2c48bdc33b30088f941fb6082e555f2874c98e20cb159d7b92b50eadfce793?s=96&d=mm&r=g\",\"caption\":\"ulises\"},\"sameAs\":[\"http:\/\/www.celttv.com.ar\"]}]}<\/script>\n<!-- \/ Yoast SEO plugin. -->","yoast_head_json":{"title":"SERGIO TORRES ARRANCO LA TEMPORADA EN EL PODIO DE LA CLASE 3 - CELTTV","description":"Sitio web de noticias de la localidad de Tornquist, provincia de Buenos Aires, Rep\u00fablica Argentina. Contenido propio originado por periodistas de CELTTV, el canal de TV local de la Cooperativa El\u00e9ctrica de Tornquist. Turismo, Pol\u00edtica, Sociedad, Deporte, Cultura y todo el contenido de inter\u00e9s general que la gente del pueblo y la regi\u00f3n debe conocer.","robots":{"index":"index","follow":"follow","max-snippet":"max-snippet:-1","max-image-preview":"max-image-preview:large","max-video-preview":"max-video-preview:-1"},"canonical":"https:\/\/www.celttv.com.ar\/index.php\/2014\/02\/19\/sergio-torres-arranco-la-temporada-en-el-podio-de-la-clase-3\/","og_locale":"es_ES","og_type":"article","og_title":"SERGIO TORRES ARRANCO LA TEMPORADA EN EL PODIO DE LA CLASE 3 - CELTTV","og_description":"Sitio web de noticias de la localidad de Tornquist, provincia de Buenos Aires, Rep\u00fablica Argentina. Contenido propio originado por periodistas de CELTTV, el canal de TV local de la Cooperativa El\u00e9ctrica de Tornquist. Turismo, Pol\u00edtica, Sociedad, Deporte, Cultura y todo el contenido de inter\u00e9s general que la gente del pueblo y la regi\u00f3n debe conocer.","og_url":"https:\/\/www.celttv.com.ar\/index.php\/2014\/02\/19\/sergio-torres-arranco-la-temporada-en-el-podio-de-la-clase-3\/","og_site_name":"CELTTV","article_publisher":"https:\/\/www.facebook.com\/celtTV\/","article_published_time":"2014-02-19T13:22:31+00:00","author":"ulises","twitter_card":"summary_large_image","twitter_misc":{"Escrito por":"ulises","Tiempo de lectura":"3 minutos"},"schema":{"@context":"https:\/\/schema.org","@graph":[{"@type":"NewsArticle","@id":"https:\/\/www.celttv.com.ar\/index.php\/2014\/02\/19\/sergio-torres-arranco-la-temporada-en-el-podio-de-la-clase-3\/#article","isPartOf":{"@id":"https:\/\/www.celttv.com.ar\/index.php\/2014\/02\/19\/sergio-torres-arranco-la-temporada-en-el-podio-de-la-clase-3\/"},"author":{"name":"ulises","@id":"https:\/\/www.celttv.com.ar\/#\/schema\/person\/6d99c072dba59953809c81446e9d0ace"},"headline":"SERGIO TORRES ARRANCO LA TEMPORADA EN EL PODIO DE LA CLASE 3","datePublished":"2014-02-19T13:22:31+00:00","dateModified":"2014-02-19T13:22:31+00:00","mainEntityOfPage":{"@id":"https:\/\/www.celttv.com.ar\/index.php\/2014\/02\/19\/sergio-torres-arranco-la-temporada-en-el-podio-de-la-clase-3\/"},"wordCount":532,"publisher":{"@id":"https:\/\/www.celttv.com.ar\/#organization"},"articleSection":["Deporte","Destacadas","Videos Destacados"],"inLanguage":"es"},{"@type":"WebPage","@id":"https:\/\/www.celttv.com.ar\/index.php\/2014\/02\/19\/sergio-torres-arranco-la-temporada-en-el-podio-de-la-clase-3\/","url":"https:\/\/www.celttv.com.ar\/index.php\/2014\/02\/19\/sergio-torres-arranco-la-temporada-en-el-podio-de-la-clase-3\/","name":"SERGIO TORRES ARRANCO LA TEMPORADA EN EL PODIO DE LA CLASE 3 - CELTTV","isPartOf":{"@id":"https:\/\/www.celttv.com.ar\/#website"},"datePublished":"2014-02-19T13:22:31+00:00","dateModified":"2014-02-19T13:22:31+00:00","description":"Sitio web de noticias de la localidad de Tornquist, provincia de Buenos Aires, Rep\u00fablica Argentina. Contenido propio originado por periodistas de CELTTV, el canal de TV local de la Cooperativa El\u00e9ctrica de Tornquist. Turismo, Pol\u00edtica, Sociedad, Deporte, Cultura y todo el contenido de inter\u00e9s general que la gente del pueblo y la regi\u00f3n debe conocer.","breadcrumb":{"@id":"https:\/\/www.celttv.com.ar\/index.php\/2014\/02\/19\/sergio-torres-arranco-la-temporada-en-el-podio-de-la-clase-3\/#breadcrumb"},"inLanguage":"es","potentialAction":[{"@type":"ReadAction","target":["https:\/\/www.celttv.com.ar\/index.php\/2014\/02\/19\/sergio-torres-arranco-la-temporada-en-el-podio-de-la-clase-3\/"]}]},{"@type":"BreadcrumbList","@id":"https:\/\/www.celttv.com.ar\/index.php\/2014\/02\/19\/sergio-torres-arranco-la-temporada-en-el-podio-de-la-clase-3\/#breadcrumb","itemListElement":[{"@type":"ListItem","position":1,"name":"Inicio","item":"https:\/\/www.celttv.com.ar\/"},{"@type":"ListItem","position":2,"name":"SERGIO TORRES ARRANCO LA TEMPORADA EN EL PODIO DE LA CLASE 3"}]},{"@type":"WebSite","@id":"https:\/\/www.celttv.com.ar\/#website","url":"https:\/\/www.celttv.com.ar\/","name":"CELTTV","description":"Cooperativa El\u00e9ctrica de Tornquist","publisher":{"@id":"https:\/\/www.celttv.com.ar\/#organization"},"potentialAction":[{"@type":"SearchAction","target":{"@type":"EntryPoint","urlTemplate":"https:\/\/www.celttv.com.ar\/?s={search_term_string}"},"query-input":"required name=search_term_string"}],"inLanguage":"es"},{"@type":"Organization","@id":"https:\/\/www.celttv.com.ar\/#organization","name":"CELTTV","url":"https:\/\/www.celttv.com.ar\/","sameAs":["https:\/\/www.youtube.com\/channel\/UCz_oIt8Hig64Ub-EmcNPIhg","https:\/\/www.facebook.com\/celtTV\/"],"logo":{"@type":"ImageObject","inLanguage":"es","@id":"https:\/\/www.celttv.com.ar\/#\/schema\/logo\/image\/","url":"http:\/\/www.celttv.com.ar\/wp-content\/uploads\/2022\/08\/logo-1.png","contentUrl":"http:\/\/www.celttv.com.ar\/wp-content\/uploads\/2022\/08\/logo-1.png","width":461,"height":159,"caption":"CELTTV"},"image":{"@id":"https:\/\/www.celttv.com.ar\/#\/schema\/logo\/image\/"}},{"@type":"Person","@id":"https:\/\/www.celttv.com.ar\/#\/schema\/person\/6d99c072dba59953809c81446e9d0ace","name":"ulises","image":{"@type":"ImageObject","inLanguage":"es","@id":"https:\/\/www.celttv.com.ar\/#\/schema\/person\/image\/","url":"https:\/\/secure.gravatar.com\/avatar\/7f2c48bdc33b30088f941fb6082e555f2874c98e20cb159d7b92b50eadfce793?s=96&d=mm&r=g","contentUrl":"https:\/\/secure.gravatar.com\/avatar\/7f2c48bdc33b30088f941fb6082e555f2874c98e20cb159d7b92b50eadfce793?s=96&d=mm&r=g","caption":"ulises"},"sameAs":["http:\/\/www.celttv.com.ar"]}]}},"_links":{"self":[{"href":"https:\/\/www.celttv.com.ar\/index.php\/wp-json\/wp\/v2\/posts\/17615","targetHints":{"allow":["GET"]}}],"collection":[{"href":"https:\/\/www.celttv.com.ar\/index.php\/wp-json\/wp\/v2\/posts"}],"about":[{"href":"https:\/\/www.celttv.com.ar\/index.php\/wp-json\/wp\/v2\/types\/post"}],"author":[{"embeddable":true,"href":"https:\/\/www.celttv.com.ar\/index.php\/wp-json\/wp\/v2\/users\/1"}],"replies":[{"embeddable":true,"href":"https:\/\/www.celttv.com.ar\/index.php\/wp-json\/wp\/v2\/comments?post=17615"}],"version-history":[{"count":0,"href":"https:\/\/www.celttv.com.ar\/index.php\/wp-json\/wp\/v2\/posts\/17615\/revisions"}],"wp:attachment":[{"href":"https:\/\/www.celttv.com.ar\/index.php\/wp-json\/wp\/v2\/media?parent=17615"}],"wp:term":[{"taxonomy":"category","embeddable":true,"href":"https:\/\/www.celttv.com.ar\/index.php\/wp-json\/wp\/v2\/categories?post=17615"},{"taxonomy":"post_tag","embeddable":true,"href":"https:\/\/www.celttv.com.ar\/index.php\/wp-json\/wp\/v2\/tags?post=17615"}],"curies":[{"name":"wp","href":"https:\/\/api.w.org\/{rel}","templated":true}]}}