{"id":17620,"date":"2014-02-19T14:00:43","date_gmt":"2014-02-19T14:00:43","guid":{"rendered":"http:\/\/www.tvcnoticias.com.ar\/?p=17620"},"modified":"2014-02-19T14:00:43","modified_gmt":"2014-02-19T14:00:43","slug":"llega-al-distrito-la-v-edicion-del-festival-internacional-musica-en-la-ventana","status":"publish","type":"post","link":"https:\/\/www.celttv.com.ar\/index.php\/2014\/02\/19\/llega-al-distrito-la-v-edicion-del-festival-internacional-musica-en-la-ventana\/","title":{"rendered":"LLEGA AL DISTRITO LA V EDICION DEL FESTIVAL INTERNACIONAL &#8220;MUSICA EN LA VENTANA&#8221;"},"content":{"rendered":"<p><a rel=\"attachment wp-att-17621\" href=\"http:\/\/www.tvcnoticias.com.ar\/?attachment_id=17621\"><img loading=\"lazy\" decoding=\"async\" class=\"aligncenter size-medium wp-image-17621\" title=\"DSCN1546 (1280x757) (Small)\" src=\"http:\/\/www.tvcnoticias.com.ar\/wp-content\/uploads\/2014\/02\/DSCN1546-1280x757-Small-450x266.jpg\" alt=\"\" width=\"450\" height=\"266\" \/><\/a>La V edici\u00f3n del Festival Internacional &#8220;M\u00fasica en la Ventana&#8221; se llevar\u00e1 a cabo entre este s\u00e1bado 22 y el mi\u00e9rcoles 25 en diferentes localidades de nuestro distrito, con el auspicio de la Municipalidad de Tornquist.<br \/>\nLas diferentes presentaciones se llevar\u00e1n a cabo en Saldungaray, Sierra de la Ventana, Tornquist y Villa Arcadia (distrito de Coronel Su\u00e1reaz), de acuerdo al siguiente cronograma:<br \/>\n<strong>Sierra de la Ventana<\/strong><br \/>\nS\u00e1bado 22: 21 horas, en el Sal\u00f3n de los Bomberos Voluntarios. Bono contribuci\u00f3n para la Instituci\u00f3n: 30 pesos.<strong> <\/strong><br \/>\nVivaldi en Guitarras.<br \/>\nCuarteto de cuerdas de la Fundaci\u00f3n Cultural Patagonia.<br \/>\nClave: Gisela Gregori.<br \/>\nSolista de guitarras: Mariana Ortiz, Alberto D\u00b4Alessandro, Ezequiel Abrego y Daniel Ducos.<br \/>\n&nbsp;<br \/>\n<strong>Saldungaray<\/strong><br \/>\nDomingo 23: 21 horas, en el Centro de Interpretaci\u00f3n de la Obra de Francisco Salamone.<br \/>\nJuan Francisco Ortiz<br \/>\nTr\u00edo Pehuaj\u00f3<br \/>\n&nbsp;<br \/>\n<strong>Tornquist:<\/strong><br \/>\nLunes 24: 21 horas, en el Teatro Municipal \u201cRodolfo Funke\u201d. Entrada libre y gratuita.<br \/>\nEdwin Guevara Guti\u00e9rrez (Colombia).<br \/>\nOrquesta de guitarras.<br \/>\n&nbsp;<br \/>\n<strong>Villa la Arcadia<\/strong><br \/>\nMartes 25: 19 horas, en el Hotel Pillahuinco.<br \/>\nEscuela Municipal de M\u00fasica de Coronel Su\u00e1rez.<br \/>\nEdwin Guevara Guti\u00e9rrez.<br \/>\nJuan Francisco Ortiz.<br \/>\nTri\u00f3 Pehuaj\u00f3.<br \/>\nAlberto D\u00b4Alessandro.<br \/>\nOrquesta de guitarras del seminario.<br \/>\n&nbsp;<\/p>\n","protected":false},"excerpt":{"rendered":"<p>La V edici\u00f3n del Festival Internacional &#8220;M\u00fasica en la Ventana&#8221; se llevar\u00e1 a cabo entre este s\u00e1bado 22 y el mi\u00e9rcoles 25 en diferentes localidades de nuestro distrito, con el auspicio de la Municipalidad de Tornquist. Las diferentes presentaciones se llevar\u00e1n a cabo en Saldungaray, Sierra de la Ventana, Tornquist y Villa Arcadia (distrito de [&hellip;]<\/p>\n","protected":false},"author":1,"featured_media":0,"comment_status":"closed","ping_status":"open","sticky":false,"template":"","format":"standard","meta":{"footnotes":""},"categories":[51,52,53],"tags":[],"class_list":["post-17620","post","type-post","status-publish","format-standard","hentry","category-comunidad","category-destacadas","category-politica"],"yoast_head":"<!-- This site is optimized with the Yoast SEO plugin v19.7.1 - https:\/\/yoast.com\/wordpress\/plugins\/seo\/ -->\n<title>LLEGA AL DISTRITO LA V EDICION DEL FESTIVAL INTERNACIONAL &quot;MUSICA EN LA VENTANA&quot; - CELTTV<\/title>\n<meta name=\"description\" content=\"Sitio web de noticias de la localidad de Tornquist, provincia de Buenos Aires, Rep\u00fablica Argentina. Contenido propio originado por periodistas de CELTTV, el canal de TV local de la Cooperativa El\u00e9ctrica de Tornquist. Turismo, Pol\u00edtica, Sociedad, Deporte, Cultura y todo el contenido de inter\u00e9s general que la gente del pueblo y la regi\u00f3n debe conocer.\" \/>\n<meta name=\"robots\" content=\"index, follow, max-snippet:-1, max-image-preview:large, max-video-preview:-1\" \/>\n<link rel=\"canonical\" href=\"https:\/\/www.celttv.com.ar\/index.php\/2014\/02\/19\/llega-al-distrito-la-v-edicion-del-festival-internacional-musica-en-la-ventana\/\" \/>\n<meta property=\"og:locale\" content=\"es_ES\" \/>\n<meta property=\"og:type\" content=\"article\" \/>\n<meta property=\"og:title\" content=\"LLEGA AL DISTRITO LA V EDICION DEL FESTIVAL INTERNACIONAL &quot;MUSICA EN LA VENTANA&quot; - CELTTV\" \/>\n<meta property=\"og:description\" content=\"Sitio web de noticias de la localidad de Tornquist, provincia de Buenos Aires, Rep\u00fablica Argentina. Contenido propio originado por periodistas de CELTTV, el canal de TV local de la Cooperativa El\u00e9ctrica de Tornquist. Turismo, Pol\u00edtica, Sociedad, Deporte, Cultura y todo el contenido de inter\u00e9s general que la gente del pueblo y la regi\u00f3n debe conocer.\" \/>\n<meta property=\"og:url\" content=\"https:\/\/www.celttv.com.ar\/index.php\/2014\/02\/19\/llega-al-distrito-la-v-edicion-del-festival-internacional-musica-en-la-ventana\/\" \/>\n<meta property=\"og:site_name\" content=\"CELTTV\" \/>\n<meta property=\"article:publisher\" content=\"https:\/\/www.facebook.com\/celtTV\/\" \/>\n<meta property=\"article:published_time\" content=\"2014-02-19T14:00:43+00:00\" \/>\n<meta property=\"og:image\" content=\"http:\/\/www.tvcnoticias.com.ar\/wp-content\/uploads\/2014\/02\/DSCN1546-1280x757-Small-450x266.jpg\" \/>\n<meta name=\"author\" content=\"ulises\" \/>\n<meta name=\"twitter:card\" content=\"summary_large_image\" \/>\n<meta name=\"twitter:label1\" content=\"Escrito por\" \/>\n\t<meta name=\"twitter:data1\" content=\"ulises\" \/>\n\t<meta name=\"twitter:label2\" content=\"Tiempo de lectura\" \/>\n\t<meta name=\"twitter:data2\" content=\"1 minuto\" \/>\n<script type=\"application\/ld+json\" class=\"yoast-schema-graph\">{\"@context\":\"https:\/\/schema.org\",\"@graph\":[{\"@type\":\"NewsArticle\",\"@id\":\"https:\/\/www.celttv.com.ar\/index.php\/2014\/02\/19\/llega-al-distrito-la-v-edicion-del-festival-internacional-musica-en-la-ventana\/#article\",\"isPartOf\":{\"@id\":\"https:\/\/www.celttv.com.ar\/index.php\/2014\/02\/19\/llega-al-distrito-la-v-edicion-del-festival-internacional-musica-en-la-ventana\/\"},\"author\":{\"name\":\"ulises\",\"@id\":\"https:\/\/www.celttv.com.ar\/#\/schema\/person\/6d99c072dba59953809c81446e9d0ace\"},\"headline\":\"LLEGA AL DISTRITO LA V EDICION DEL FESTIVAL INTERNACIONAL &#8220;MUSICA EN LA VENTANA&#8221;\",\"datePublished\":\"2014-02-19T14:00:43+00:00\",\"dateModified\":\"2014-02-19T14:00:43+00:00\",\"mainEntityOfPage\":{\"@id\":\"https:\/\/www.celttv.com.ar\/index.php\/2014\/02\/19\/llega-al-distrito-la-v-edicion-del-festival-internacional-musica-en-la-ventana\/\"},\"wordCount\":211,\"publisher\":{\"@id\":\"https:\/\/www.celttv.com.ar\/#organization\"},\"articleSection\":[\"Comunidad\",\"Destacadas\",\"Pol\u00edtica\"],\"inLanguage\":\"es\"},{\"@type\":\"WebPage\",\"@id\":\"https:\/\/www.celttv.com.ar\/index.php\/2014\/02\/19\/llega-al-distrito-la-v-edicion-del-festival-internacional-musica-en-la-ventana\/\",\"url\":\"https:\/\/www.celttv.com.ar\/index.php\/2014\/02\/19\/llega-al-distrito-la-v-edicion-del-festival-internacional-musica-en-la-ventana\/\",\"name\":\"LLEGA AL DISTRITO LA V EDICION DEL FESTIVAL INTERNACIONAL \\\"MUSICA EN LA VENTANA\\\" - CELTTV\",\"isPartOf\":{\"@id\":\"https:\/\/www.celttv.com.ar\/#website\"},\"datePublished\":\"2014-02-19T14:00:43+00:00\",\"dateModified\":\"2014-02-19T14:00:43+00:00\",\"description\":\"Sitio web de noticias de la localidad de Tornquist, provincia de Buenos Aires, Rep\u00fablica Argentina. Contenido propio originado por periodistas de CELTTV, el canal de TV local de la Cooperativa El\u00e9ctrica de Tornquist. Turismo, Pol\u00edtica, Sociedad, Deporte, Cultura y todo el contenido de inter\u00e9s general que la gente del pueblo y la regi\u00f3n debe conocer.\",\"breadcrumb\":{\"@id\":\"https:\/\/www.celttv.com.ar\/index.php\/2014\/02\/19\/llega-al-distrito-la-v-edicion-del-festival-internacional-musica-en-la-ventana\/#breadcrumb\"},\"inLanguage\":\"es\",\"potentialAction\":[{\"@type\":\"ReadAction\",\"target\":[\"https:\/\/www.celttv.com.ar\/index.php\/2014\/02\/19\/llega-al-distrito-la-v-edicion-del-festival-internacional-musica-en-la-ventana\/\"]}]},{\"@type\":\"BreadcrumbList\",\"@id\":\"https:\/\/www.celttv.com.ar\/index.php\/2014\/02\/19\/llega-al-distrito-la-v-edicion-del-festival-internacional-musica-en-la-ventana\/#breadcrumb\",\"itemListElement\":[{\"@type\":\"ListItem\",\"position\":1,\"name\":\"Inicio\",\"item\":\"https:\/\/www.celttv.com.ar\/\"},{\"@type\":\"ListItem\",\"position\":2,\"name\":\"LLEGA AL DISTRITO LA V EDICION DEL FESTIVAL INTERNACIONAL &#8220;MUSICA EN LA VENTANA&#8221;\"}]},{\"@type\":\"WebSite\",\"@id\":\"https:\/\/www.celttv.com.ar\/#website\",\"url\":\"https:\/\/www.celttv.com.ar\/\",\"name\":\"CELTTV\",\"description\":\"Cooperativa El\u00e9ctrica de Tornquist\",\"publisher\":{\"@id\":\"https:\/\/www.celttv.com.ar\/#organization\"},\"potentialAction\":[{\"@type\":\"SearchAction\",\"target\":{\"@type\":\"EntryPoint\",\"urlTemplate\":\"https:\/\/www.celttv.com.ar\/?s={search_term_string}\"},\"query-input\":\"required name=search_term_string\"}],\"inLanguage\":\"es\"},{\"@type\":\"Organization\",\"@id\":\"https:\/\/www.celttv.com.ar\/#organization\",\"name\":\"CELTTV\",\"url\":\"https:\/\/www.celttv.com.ar\/\",\"sameAs\":[\"https:\/\/www.youtube.com\/channel\/UCz_oIt8Hig64Ub-EmcNPIhg\",\"https:\/\/www.facebook.com\/celtTV\/\"],\"logo\":{\"@type\":\"ImageObject\",\"inLanguage\":\"es\",\"@id\":\"https:\/\/www.celttv.com.ar\/#\/schema\/logo\/image\/\",\"url\":\"http:\/\/www.celttv.com.ar\/wp-content\/uploads\/2022\/08\/logo-1.png\",\"contentUrl\":\"http:\/\/www.celttv.com.ar\/wp-content\/uploads\/2022\/08\/logo-1.png\",\"width\":461,\"height\":159,\"caption\":\"CELTTV\"},\"image\":{\"@id\":\"https:\/\/www.celttv.com.ar\/#\/schema\/logo\/image\/\"}},{\"@type\":\"Person\",\"@id\":\"https:\/\/www.celttv.com.ar\/#\/schema\/person\/6d99c072dba59953809c81446e9d0ace\",\"name\":\"ulises\",\"image\":{\"@type\":\"ImageObject\",\"inLanguage\":\"es\",\"@id\":\"https:\/\/www.celttv.com.ar\/#\/schema\/person\/image\/\",\"url\":\"https:\/\/secure.gravatar.com\/avatar\/7f2c48bdc33b30088f941fb6082e555f2874c98e20cb159d7b92b50eadfce793?s=96&d=mm&r=g\",\"contentUrl\":\"https:\/\/secure.gravatar.com\/avatar\/7f2c48bdc33b30088f941fb6082e555f2874c98e20cb159d7b92b50eadfce793?s=96&d=mm&r=g\",\"caption\":\"ulises\"},\"sameAs\":[\"http:\/\/www.celttv.com.ar\"]}]}<\/script>\n<!-- \/ Yoast SEO plugin. -->","yoast_head_json":{"title":"LLEGA AL DISTRITO LA V EDICION DEL FESTIVAL INTERNACIONAL \"MUSICA EN LA VENTANA\" - CELTTV","description":"Sitio web de noticias de la localidad de Tornquist, provincia de Buenos Aires, Rep\u00fablica Argentina. Contenido propio originado por periodistas de CELTTV, el canal de TV local de la Cooperativa El\u00e9ctrica de Tornquist. Turismo, Pol\u00edtica, Sociedad, Deporte, Cultura y todo el contenido de inter\u00e9s general que la gente del pueblo y la regi\u00f3n debe conocer.","robots":{"index":"index","follow":"follow","max-snippet":"max-snippet:-1","max-image-preview":"max-image-preview:large","max-video-preview":"max-video-preview:-1"},"canonical":"https:\/\/www.celttv.com.ar\/index.php\/2014\/02\/19\/llega-al-distrito-la-v-edicion-del-festival-internacional-musica-en-la-ventana\/","og_locale":"es_ES","og_type":"article","og_title":"LLEGA AL DISTRITO LA V EDICION DEL FESTIVAL INTERNACIONAL \"MUSICA EN LA VENTANA\" - CELTTV","og_description":"Sitio web de noticias de la localidad de Tornquist, provincia de Buenos Aires, Rep\u00fablica Argentina. Contenido propio originado por periodistas de CELTTV, el canal de TV local de la Cooperativa El\u00e9ctrica de Tornquist. Turismo, Pol\u00edtica, Sociedad, Deporte, Cultura y todo el contenido de inter\u00e9s general que la gente del pueblo y la regi\u00f3n debe conocer.","og_url":"https:\/\/www.celttv.com.ar\/index.php\/2014\/02\/19\/llega-al-distrito-la-v-edicion-del-festival-internacional-musica-en-la-ventana\/","og_site_name":"CELTTV","article_publisher":"https:\/\/www.facebook.com\/celtTV\/","article_published_time":"2014-02-19T14:00:43+00:00","og_image":[{"url":"http:\/\/www.tvcnoticias.com.ar\/wp-content\/uploads\/2014\/02\/DSCN1546-1280x757-Small-450x266.jpg"}],"author":"ulises","twitter_card":"summary_large_image","twitter_misc":{"Escrito por":"ulises","Tiempo de lectura":"1 minuto"},"schema":{"@context":"https:\/\/schema.org","@graph":[{"@type":"NewsArticle","@id":"https:\/\/www.celttv.com.ar\/index.php\/2014\/02\/19\/llega-al-distrito-la-v-edicion-del-festival-internacional-musica-en-la-ventana\/#article","isPartOf":{"@id":"https:\/\/www.celttv.com.ar\/index.php\/2014\/02\/19\/llega-al-distrito-la-v-edicion-del-festival-internacional-musica-en-la-ventana\/"},"author":{"name":"ulises","@id":"https:\/\/www.celttv.com.ar\/#\/schema\/person\/6d99c072dba59953809c81446e9d0ace"},"headline":"LLEGA AL DISTRITO LA V EDICION DEL FESTIVAL INTERNACIONAL &#8220;MUSICA EN LA VENTANA&#8221;","datePublished":"2014-02-19T14:00:43+00:00","dateModified":"2014-02-19T14:00:43+00:00","mainEntityOfPage":{"@id":"https:\/\/www.celttv.com.ar\/index.php\/2014\/02\/19\/llega-al-distrito-la-v-edicion-del-festival-internacional-musica-en-la-ventana\/"},"wordCount":211,"publisher":{"@id":"https:\/\/www.celttv.com.ar\/#organization"},"articleSection":["Comunidad","Destacadas","Pol\u00edtica"],"inLanguage":"es"},{"@type":"WebPage","@id":"https:\/\/www.celttv.com.ar\/index.php\/2014\/02\/19\/llega-al-distrito-la-v-edicion-del-festival-internacional-musica-en-la-ventana\/","url":"https:\/\/www.celttv.com.ar\/index.php\/2014\/02\/19\/llega-al-distrito-la-v-edicion-del-festival-internacional-musica-en-la-ventana\/","name":"LLEGA AL DISTRITO LA V EDICION DEL FESTIVAL INTERNACIONAL \"MUSICA EN LA VENTANA\" - CELTTV","isPartOf":{"@id":"https:\/\/www.celttv.com.ar\/#website"},"datePublished":"2014-02-19T14:00:43+00:00","dateModified":"2014-02-19T14:00:43+00:00","description":"Sitio web de noticias de la localidad de Tornquist, provincia de Buenos Aires, Rep\u00fablica Argentina. Contenido propio originado por periodistas de CELTTV, el canal de TV local de la Cooperativa El\u00e9ctrica de Tornquist. Turismo, Pol\u00edtica, Sociedad, Deporte, Cultura y todo el contenido de inter\u00e9s general que la gente del pueblo y la regi\u00f3n debe conocer.","breadcrumb":{"@id":"https:\/\/www.celttv.com.ar\/index.php\/2014\/02\/19\/llega-al-distrito-la-v-edicion-del-festival-internacional-musica-en-la-ventana\/#breadcrumb"},"inLanguage":"es","potentialAction":[{"@type":"ReadAction","target":["https:\/\/www.celttv.com.ar\/index.php\/2014\/02\/19\/llega-al-distrito-la-v-edicion-del-festival-internacional-musica-en-la-ventana\/"]}]},{"@type":"BreadcrumbList","@id":"https:\/\/www.celttv.com.ar\/index.php\/2014\/02\/19\/llega-al-distrito-la-v-edicion-del-festival-internacional-musica-en-la-ventana\/#breadcrumb","itemListElement":[{"@type":"ListItem","position":1,"name":"Inicio","item":"https:\/\/www.celttv.com.ar\/"},{"@type":"ListItem","position":2,"name":"LLEGA AL DISTRITO LA V EDICION DEL FESTIVAL INTERNACIONAL &#8220;MUSICA EN LA VENTANA&#8221;"}]},{"@type":"WebSite","@id":"https:\/\/www.celttv.com.ar\/#website","url":"https:\/\/www.celttv.com.ar\/","name":"CELTTV","description":"Cooperativa El\u00e9ctrica de Tornquist","publisher":{"@id":"https:\/\/www.celttv.com.ar\/#organization"},"potentialAction":[{"@type":"SearchAction","target":{"@type":"EntryPoint","urlTemplate":"https:\/\/www.celttv.com.ar\/?s={search_term_string}"},"query-input":"required name=search_term_string"}],"inLanguage":"es"},{"@type":"Organization","@id":"https:\/\/www.celttv.com.ar\/#organization","name":"CELTTV","url":"https:\/\/www.celttv.com.ar\/","sameAs":["https:\/\/www.youtube.com\/channel\/UCz_oIt8Hig64Ub-EmcNPIhg","https:\/\/www.facebook.com\/celtTV\/"],"logo":{"@type":"ImageObject","inLanguage":"es","@id":"https:\/\/www.celttv.com.ar\/#\/schema\/logo\/image\/","url":"http:\/\/www.celttv.com.ar\/wp-content\/uploads\/2022\/08\/logo-1.png","contentUrl":"http:\/\/www.celttv.com.ar\/wp-content\/uploads\/2022\/08\/logo-1.png","width":461,"height":159,"caption":"CELTTV"},"image":{"@id":"https:\/\/www.celttv.com.ar\/#\/schema\/logo\/image\/"}},{"@type":"Person","@id":"https:\/\/www.celttv.com.ar\/#\/schema\/person\/6d99c072dba59953809c81446e9d0ace","name":"ulises","image":{"@type":"ImageObject","inLanguage":"es","@id":"https:\/\/www.celttv.com.ar\/#\/schema\/person\/image\/","url":"https:\/\/secure.gravatar.com\/avatar\/7f2c48bdc33b30088f941fb6082e555f2874c98e20cb159d7b92b50eadfce793?s=96&d=mm&r=g","contentUrl":"https:\/\/secure.gravatar.com\/avatar\/7f2c48bdc33b30088f941fb6082e555f2874c98e20cb159d7b92b50eadfce793?s=96&d=mm&r=g","caption":"ulises"},"sameAs":["http:\/\/www.celttv.com.ar"]}]}},"_links":{"self":[{"href":"https:\/\/www.celttv.com.ar\/index.php\/wp-json\/wp\/v2\/posts\/17620","targetHints":{"allow":["GET"]}}],"collection":[{"href":"https:\/\/www.celttv.com.ar\/index.php\/wp-json\/wp\/v2\/posts"}],"about":[{"href":"https:\/\/www.celttv.com.ar\/index.php\/wp-json\/wp\/v2\/types\/post"}],"author":[{"embeddable":true,"href":"https:\/\/www.celttv.com.ar\/index.php\/wp-json\/wp\/v2\/users\/1"}],"replies":[{"embeddable":true,"href":"https:\/\/www.celttv.com.ar\/index.php\/wp-json\/wp\/v2\/comments?post=17620"}],"version-history":[{"count":0,"href":"https:\/\/www.celttv.com.ar\/index.php\/wp-json\/wp\/v2\/posts\/17620\/revisions"}],"wp:attachment":[{"href":"https:\/\/www.celttv.com.ar\/index.php\/wp-json\/wp\/v2\/media?parent=17620"}],"wp:term":[{"taxonomy":"category","embeddable":true,"href":"https:\/\/www.celttv.com.ar\/index.php\/wp-json\/wp\/v2\/categories?post=17620"},{"taxonomy":"post_tag","embeddable":true,"href":"https:\/\/www.celttv.com.ar\/index.php\/wp-json\/wp\/v2\/tags?post=17620"}],"curies":[{"name":"wp","href":"https:\/\/api.w.org\/{rel}","templated":true}]}}