{"id":17717,"date":"2014-02-22T21:33:27","date_gmt":"2014-02-22T21:33:27","guid":{"rendered":"http:\/\/www.tvcnoticias.com.ar\/?p=17717"},"modified":"2014-02-22T21:33:27","modified_gmt":"2014-02-22T21:33:27","slug":"el-eco-movil-paso-por-tornquist-fotos-audio-y-proximamente-video","status":"publish","type":"post","link":"https:\/\/www.celttv.com.ar\/index.php\/2014\/02\/22\/el-eco-movil-paso-por-tornquist-fotos-audio-y-proximamente-video\/","title":{"rendered":"EL &#8220;ECO MOVIL&#8221; PASO POR TORNQUIST (fotos y proximamente video)"},"content":{"rendered":"<p>El Eco M\u00f3vil de la Secretar\u00eda de Ambiente y Desarrollo Sustentable de la Naci\u00f3n pas\u00f3 este s\u00e1bado por Tornquist continuaba recorriendo este fin de semana nuestro distrito, para que los vecinos y visitantes puedan observar experiencias concretas de la aplicaci\u00f3n de las energ\u00edas renovables para el uso en viviendas.<br \/>\nEl m\u00f3vil ten\u00eda previsto recorrer, adem\u00e1s de la ciudad cabecera, \u00a0Sierra de la Ventana y Saldungaray, para que una mayor cantidad de personas puedan acercarse y conocer el programa al cual pertenece.<br \/>\nEn nuestra ciudad se instal\u00f3 a partir de las 10 horas, y hasta las 13, estacionado en cercan\u00edas del Gimnasio Municipal \u201cEva Per\u00f3n\u201d, donde funciona la Feria Distrital.<br \/>\nLa actividad en el distrito continuar\u00e1 el domingo, en Sierra de la Ventana (por la tarde) y Saldungaray (en horario nocturno, durante el desarrollo de la celebraci\u00f3n del carnaval).<br \/>\nEl Ing. Gustavo Mu\u00f1oz, la persona encargada de brindar la informaci\u00f3n sobre el contenido y el objetivo del ECO MOVIL, dialog\u00f3 con este portal, brindando detalles sobre las distintas alternativas de energ\u00edas renovables.<br \/>\nPor su parte el Secretario de Porducci\u00f3n Ricardo Valentini, destac\u00f3 la tarea del \u00e1rea de Ambiente y desarrollo Sustentable de la Naci\u00f3n y agradeci\u00f3 la posibilidad de poder contar en el distrito con una valiosa herramienta de difusi\u00f3n como es el ECO MOVIL.<br \/>\nEl objetivo de esta visita es la divulgaci\u00f3n de conocimientos y concientizaci\u00f3n ambiental, adem\u00e1s de la promoci\u00f3n del cuidado de los recursos naturales y el respeto por el ambiente.<br \/>\nLos participantes, adem\u00e1s de recibir capacitaciones sobre el cuidado del ambiente y la protecci\u00f3n de los recursos, podr\u00e1n observar y compartir distintas experiencias relacionadas con el uso de las energ\u00edas alternativas, renovables y limpias.<br \/>\nEl colectivo cuenta con un aula de capacitaci\u00f3n y un laboratorio de energ\u00edas alternativas en el que se puede encontrar un medidor de energ\u00eda que advierte sobre los beneficios de usar l\u00e1mparas bajo consumo, un biodigestor que produce gas de red generado a partir de residuos org\u00e1nicos domiciliarios, una pared conformada por tapitas de botellas para observar la reutilizaci\u00f3n de materiales, un aerogenerador que produce energ\u00eda el\u00e9ctrica a partir del viento, un tablero electro-neum\u00e1tico de orientaci\u00f3n de paneles solares (que produce energ\u00eda a partir de la radiaci\u00f3n solar), un equipo de calefacci\u00f3n solar y una sala para charlas informativas sobre separaci\u00f3n de residuos s\u00f3lidos urbanos, entre otras atracciones para grandes y chicos.<br \/>\nLa convocatoria tambi\u00e9n tiene como objetivo difundir la Diplomatura Universitaria en Gesti\u00f3n Ambiental de la Universidad Provincial del Sudoeste (UPSO).<br \/>\n[audio:http:\/\/www.tvcnoticias.com.ar\/wp-content\/uploads\/2014\/02\/RICARDO-VALENTINI1.mp3|titles=RICARDO VALENTINI]<br \/>\n[audio:http:\/\/www.tvcnoticias.com.ar\/wp-content\/uploads\/2014\/02\/GUSTAVO-MU\u00d1OZ-PARTE-1.mp3|titles=GUSTAVO MU\u00d1OZ PARTE 1]<br \/>\n[audio:http:\/\/www.tvcnoticias.com.ar\/wp-content\/uploads\/2014\/02\/GUSTAVO-MU\u00d1OZ-Y-EL-BIO-GAS.mp3|titles=GUSTAVO MU\u00d1OZ Y EL BIO GAS]<br \/>\n[audio:http:\/\/www.tvcnoticias.com.ar\/wp-content\/uploads\/2014\/02\/GUSTAVO-MU\u00d1OZ-Y-LAS-ENERGIAS-RENOVABLES.mp3|titles=GUSTAVO MU\u00d1OZ Y LAS ENERGIAS RENOVABLES]<br \/>\n<\/p>\n","protected":false},"excerpt":{"rendered":"<p>El Eco M\u00f3vil de la Secretar\u00eda de Ambiente y Desarrollo Sustentable de la Naci\u00f3n pas\u00f3 este s\u00e1bado por Tornquist continuaba recorriendo este fin de semana nuestro distrito, para que los vecinos y visitantes puedan observar experiencias concretas de la aplicaci\u00f3n de las energ\u00edas renovables para el uso en viviendas. El m\u00f3vil ten\u00eda previsto recorrer, adem\u00e1s [&hellip;]<\/p>\n","protected":false},"author":1,"featured_media":0,"comment_status":"closed","ping_status":"open","sticky":false,"template":"","format":"standard","meta":{"footnotes":""},"categories":[51,52,53],"tags":[],"class_list":["post-17717","post","type-post","status-publish","format-standard","hentry","category-comunidad","category-destacadas","category-politica"],"yoast_head":"<!-- This site is optimized with the Yoast SEO plugin v19.7.1 - https:\/\/yoast.com\/wordpress\/plugins\/seo\/ -->\n<title>EL &quot;ECO MOVIL&quot; PASO POR TORNQUIST (fotos y proximamente video) - CELTTV<\/title>\n<meta name=\"description\" content=\"Sitio web de noticias de la localidad de Tornquist, provincia de Buenos Aires, Rep\u00fablica Argentina. Contenido propio originado por periodistas de CELTTV, el canal de TV local de la Cooperativa El\u00e9ctrica de Tornquist. Turismo, Pol\u00edtica, Sociedad, Deporte, Cultura y todo el contenido de inter\u00e9s general que la gente del pueblo y la regi\u00f3n debe conocer.\" \/>\n<meta name=\"robots\" content=\"index, follow, max-snippet:-1, max-image-preview:large, max-video-preview:-1\" \/>\n<link rel=\"canonical\" href=\"https:\/\/www.celttv.com.ar\/index.php\/2014\/02\/22\/el-eco-movil-paso-por-tornquist-fotos-audio-y-proximamente-video\/\" \/>\n<meta property=\"og:locale\" content=\"es_ES\" \/>\n<meta property=\"og:type\" content=\"article\" \/>\n<meta property=\"og:title\" content=\"EL &quot;ECO MOVIL&quot; PASO POR TORNQUIST (fotos y proximamente video) - CELTTV\" \/>\n<meta property=\"og:description\" content=\"Sitio web de noticias de la localidad de Tornquist, provincia de Buenos Aires, Rep\u00fablica Argentina. Contenido propio originado por periodistas de CELTTV, el canal de TV local de la Cooperativa El\u00e9ctrica de Tornquist. Turismo, Pol\u00edtica, Sociedad, Deporte, Cultura y todo el contenido de inter\u00e9s general que la gente del pueblo y la regi\u00f3n debe conocer.\" \/>\n<meta property=\"og:url\" content=\"https:\/\/www.celttv.com.ar\/index.php\/2014\/02\/22\/el-eco-movil-paso-por-tornquist-fotos-audio-y-proximamente-video\/\" \/>\n<meta property=\"og:site_name\" content=\"CELTTV\" \/>\n<meta property=\"article:publisher\" content=\"https:\/\/www.facebook.com\/celtTV\/\" \/>\n<meta property=\"article:published_time\" content=\"2014-02-22T21:33:27+00:00\" \/>\n<meta name=\"author\" content=\"ulises\" \/>\n<meta name=\"twitter:card\" content=\"summary_large_image\" \/>\n<meta name=\"twitter:label1\" content=\"Escrito por\" \/>\n\t<meta name=\"twitter:data1\" content=\"ulises\" \/>\n\t<meta name=\"twitter:label2\" content=\"Tiempo de lectura\" \/>\n\t<meta name=\"twitter:data2\" content=\"3 minutos\" \/>\n<script type=\"application\/ld+json\" class=\"yoast-schema-graph\">{\"@context\":\"https:\/\/schema.org\",\"@graph\":[{\"@type\":\"NewsArticle\",\"@id\":\"https:\/\/www.celttv.com.ar\/index.php\/2014\/02\/22\/el-eco-movil-paso-por-tornquist-fotos-audio-y-proximamente-video\/#article\",\"isPartOf\":{\"@id\":\"https:\/\/www.celttv.com.ar\/index.php\/2014\/02\/22\/el-eco-movil-paso-por-tornquist-fotos-audio-y-proximamente-video\/\"},\"author\":{\"name\":\"ulises\",\"@id\":\"https:\/\/www.celttv.com.ar\/#\/schema\/person\/6d99c072dba59953809c81446e9d0ace\"},\"headline\":\"EL &#8220;ECO MOVIL&#8221; PASO POR TORNQUIST (fotos y proximamente video)\",\"datePublished\":\"2014-02-22T21:33:27+00:00\",\"dateModified\":\"2014-02-22T21:33:27+00:00\",\"mainEntityOfPage\":{\"@id\":\"https:\/\/www.celttv.com.ar\/index.php\/2014\/02\/22\/el-eco-movil-paso-por-tornquist-fotos-audio-y-proximamente-video\/\"},\"wordCount\":531,\"publisher\":{\"@id\":\"https:\/\/www.celttv.com.ar\/#organization\"},\"articleSection\":[\"Comunidad\",\"Destacadas\",\"Pol\u00edtica\"],\"inLanguage\":\"es\"},{\"@type\":\"WebPage\",\"@id\":\"https:\/\/www.celttv.com.ar\/index.php\/2014\/02\/22\/el-eco-movil-paso-por-tornquist-fotos-audio-y-proximamente-video\/\",\"url\":\"https:\/\/www.celttv.com.ar\/index.php\/2014\/02\/22\/el-eco-movil-paso-por-tornquist-fotos-audio-y-proximamente-video\/\",\"name\":\"EL \\\"ECO MOVIL\\\" PASO POR TORNQUIST (fotos y proximamente video) - CELTTV\",\"isPartOf\":{\"@id\":\"https:\/\/www.celttv.com.ar\/#website\"},\"datePublished\":\"2014-02-22T21:33:27+00:00\",\"dateModified\":\"2014-02-22T21:33:27+00:00\",\"description\":\"Sitio web de noticias de la localidad de Tornquist, provincia de Buenos Aires, Rep\u00fablica Argentina. Contenido propio originado por periodistas de CELTTV, el canal de TV local de la Cooperativa El\u00e9ctrica de Tornquist. Turismo, Pol\u00edtica, Sociedad, Deporte, Cultura y todo el contenido de inter\u00e9s general que la gente del pueblo y la regi\u00f3n debe conocer.\",\"breadcrumb\":{\"@id\":\"https:\/\/www.celttv.com.ar\/index.php\/2014\/02\/22\/el-eco-movil-paso-por-tornquist-fotos-audio-y-proximamente-video\/#breadcrumb\"},\"inLanguage\":\"es\",\"potentialAction\":[{\"@type\":\"ReadAction\",\"target\":[\"https:\/\/www.celttv.com.ar\/index.php\/2014\/02\/22\/el-eco-movil-paso-por-tornquist-fotos-audio-y-proximamente-video\/\"]}]},{\"@type\":\"BreadcrumbList\",\"@id\":\"https:\/\/www.celttv.com.ar\/index.php\/2014\/02\/22\/el-eco-movil-paso-por-tornquist-fotos-audio-y-proximamente-video\/#breadcrumb\",\"itemListElement\":[{\"@type\":\"ListItem\",\"position\":1,\"name\":\"Inicio\",\"item\":\"https:\/\/www.celttv.com.ar\/\"},{\"@type\":\"ListItem\",\"position\":2,\"name\":\"EL &#8220;ECO MOVIL&#8221; PASO POR TORNQUIST (fotos y proximamente video)\"}]},{\"@type\":\"WebSite\",\"@id\":\"https:\/\/www.celttv.com.ar\/#website\",\"url\":\"https:\/\/www.celttv.com.ar\/\",\"name\":\"CELTTV\",\"description\":\"Cooperativa El\u00e9ctrica de Tornquist\",\"publisher\":{\"@id\":\"https:\/\/www.celttv.com.ar\/#organization\"},\"potentialAction\":[{\"@type\":\"SearchAction\",\"target\":{\"@type\":\"EntryPoint\",\"urlTemplate\":\"https:\/\/www.celttv.com.ar\/?s={search_term_string}\"},\"query-input\":\"required name=search_term_string\"}],\"inLanguage\":\"es\"},{\"@type\":\"Organization\",\"@id\":\"https:\/\/www.celttv.com.ar\/#organization\",\"name\":\"CELTTV\",\"url\":\"https:\/\/www.celttv.com.ar\/\",\"sameAs\":[\"https:\/\/www.youtube.com\/channel\/UCz_oIt8Hig64Ub-EmcNPIhg\",\"https:\/\/www.facebook.com\/celtTV\/\"],\"logo\":{\"@type\":\"ImageObject\",\"inLanguage\":\"es\",\"@id\":\"https:\/\/www.celttv.com.ar\/#\/schema\/logo\/image\/\",\"url\":\"http:\/\/www.celttv.com.ar\/wp-content\/uploads\/2022\/08\/logo-1.png\",\"contentUrl\":\"http:\/\/www.celttv.com.ar\/wp-content\/uploads\/2022\/08\/logo-1.png\",\"width\":461,\"height\":159,\"caption\":\"CELTTV\"},\"image\":{\"@id\":\"https:\/\/www.celttv.com.ar\/#\/schema\/logo\/image\/\"}},{\"@type\":\"Person\",\"@id\":\"https:\/\/www.celttv.com.ar\/#\/schema\/person\/6d99c072dba59953809c81446e9d0ace\",\"name\":\"ulises\",\"image\":{\"@type\":\"ImageObject\",\"inLanguage\":\"es\",\"@id\":\"https:\/\/www.celttv.com.ar\/#\/schema\/person\/image\/\",\"url\":\"https:\/\/secure.gravatar.com\/avatar\/7f2c48bdc33b30088f941fb6082e555f2874c98e20cb159d7b92b50eadfce793?s=96&d=mm&r=g\",\"contentUrl\":\"https:\/\/secure.gravatar.com\/avatar\/7f2c48bdc33b30088f941fb6082e555f2874c98e20cb159d7b92b50eadfce793?s=96&d=mm&r=g\",\"caption\":\"ulises\"},\"sameAs\":[\"http:\/\/www.celttv.com.ar\"]}]}<\/script>\n<!-- \/ Yoast SEO plugin. -->","yoast_head_json":{"title":"EL \"ECO MOVIL\" PASO POR TORNQUIST (fotos y proximamente video) - CELTTV","description":"Sitio web de noticias de la localidad de Tornquist, provincia de Buenos Aires, Rep\u00fablica Argentina. Contenido propio originado por periodistas de CELTTV, el canal de TV local de la Cooperativa El\u00e9ctrica de Tornquist. Turismo, Pol\u00edtica, Sociedad, Deporte, Cultura y todo el contenido de inter\u00e9s general que la gente del pueblo y la regi\u00f3n debe conocer.","robots":{"index":"index","follow":"follow","max-snippet":"max-snippet:-1","max-image-preview":"max-image-preview:large","max-video-preview":"max-video-preview:-1"},"canonical":"https:\/\/www.celttv.com.ar\/index.php\/2014\/02\/22\/el-eco-movil-paso-por-tornquist-fotos-audio-y-proximamente-video\/","og_locale":"es_ES","og_type":"article","og_title":"EL \"ECO MOVIL\" PASO POR TORNQUIST (fotos y proximamente video) - CELTTV","og_description":"Sitio web de noticias de la localidad de Tornquist, provincia de Buenos Aires, Rep\u00fablica Argentina. Contenido propio originado por periodistas de CELTTV, el canal de TV local de la Cooperativa El\u00e9ctrica de Tornquist. Turismo, Pol\u00edtica, Sociedad, Deporte, Cultura y todo el contenido de inter\u00e9s general que la gente del pueblo y la regi\u00f3n debe conocer.","og_url":"https:\/\/www.celttv.com.ar\/index.php\/2014\/02\/22\/el-eco-movil-paso-por-tornquist-fotos-audio-y-proximamente-video\/","og_site_name":"CELTTV","article_publisher":"https:\/\/www.facebook.com\/celtTV\/","article_published_time":"2014-02-22T21:33:27+00:00","author":"ulises","twitter_card":"summary_large_image","twitter_misc":{"Escrito por":"ulises","Tiempo de lectura":"3 minutos"},"schema":{"@context":"https:\/\/schema.org","@graph":[{"@type":"NewsArticle","@id":"https:\/\/www.celttv.com.ar\/index.php\/2014\/02\/22\/el-eco-movil-paso-por-tornquist-fotos-audio-y-proximamente-video\/#article","isPartOf":{"@id":"https:\/\/www.celttv.com.ar\/index.php\/2014\/02\/22\/el-eco-movil-paso-por-tornquist-fotos-audio-y-proximamente-video\/"},"author":{"name":"ulises","@id":"https:\/\/www.celttv.com.ar\/#\/schema\/person\/6d99c072dba59953809c81446e9d0ace"},"headline":"EL &#8220;ECO MOVIL&#8221; PASO POR TORNQUIST (fotos y proximamente video)","datePublished":"2014-02-22T21:33:27+00:00","dateModified":"2014-02-22T21:33:27+00:00","mainEntityOfPage":{"@id":"https:\/\/www.celttv.com.ar\/index.php\/2014\/02\/22\/el-eco-movil-paso-por-tornquist-fotos-audio-y-proximamente-video\/"},"wordCount":531,"publisher":{"@id":"https:\/\/www.celttv.com.ar\/#organization"},"articleSection":["Comunidad","Destacadas","Pol\u00edtica"],"inLanguage":"es"},{"@type":"WebPage","@id":"https:\/\/www.celttv.com.ar\/index.php\/2014\/02\/22\/el-eco-movil-paso-por-tornquist-fotos-audio-y-proximamente-video\/","url":"https:\/\/www.celttv.com.ar\/index.php\/2014\/02\/22\/el-eco-movil-paso-por-tornquist-fotos-audio-y-proximamente-video\/","name":"EL \"ECO MOVIL\" PASO POR TORNQUIST (fotos y proximamente video) - CELTTV","isPartOf":{"@id":"https:\/\/www.celttv.com.ar\/#website"},"datePublished":"2014-02-22T21:33:27+00:00","dateModified":"2014-02-22T21:33:27+00:00","description":"Sitio web de noticias de la localidad de Tornquist, provincia de Buenos Aires, Rep\u00fablica Argentina. Contenido propio originado por periodistas de CELTTV, el canal de TV local de la Cooperativa El\u00e9ctrica de Tornquist. Turismo, Pol\u00edtica, Sociedad, Deporte, Cultura y todo el contenido de inter\u00e9s general que la gente del pueblo y la regi\u00f3n debe conocer.","breadcrumb":{"@id":"https:\/\/www.celttv.com.ar\/index.php\/2014\/02\/22\/el-eco-movil-paso-por-tornquist-fotos-audio-y-proximamente-video\/#breadcrumb"},"inLanguage":"es","potentialAction":[{"@type":"ReadAction","target":["https:\/\/www.celttv.com.ar\/index.php\/2014\/02\/22\/el-eco-movil-paso-por-tornquist-fotos-audio-y-proximamente-video\/"]}]},{"@type":"BreadcrumbList","@id":"https:\/\/www.celttv.com.ar\/index.php\/2014\/02\/22\/el-eco-movil-paso-por-tornquist-fotos-audio-y-proximamente-video\/#breadcrumb","itemListElement":[{"@type":"ListItem","position":1,"name":"Inicio","item":"https:\/\/www.celttv.com.ar\/"},{"@type":"ListItem","position":2,"name":"EL &#8220;ECO MOVIL&#8221; PASO POR TORNQUIST (fotos y proximamente video)"}]},{"@type":"WebSite","@id":"https:\/\/www.celttv.com.ar\/#website","url":"https:\/\/www.celttv.com.ar\/","name":"CELTTV","description":"Cooperativa El\u00e9ctrica de Tornquist","publisher":{"@id":"https:\/\/www.celttv.com.ar\/#organization"},"potentialAction":[{"@type":"SearchAction","target":{"@type":"EntryPoint","urlTemplate":"https:\/\/www.celttv.com.ar\/?s={search_term_string}"},"query-input":"required name=search_term_string"}],"inLanguage":"es"},{"@type":"Organization","@id":"https:\/\/www.celttv.com.ar\/#organization","name":"CELTTV","url":"https:\/\/www.celttv.com.ar\/","sameAs":["https:\/\/www.youtube.com\/channel\/UCz_oIt8Hig64Ub-EmcNPIhg","https:\/\/www.facebook.com\/celtTV\/"],"logo":{"@type":"ImageObject","inLanguage":"es","@id":"https:\/\/www.celttv.com.ar\/#\/schema\/logo\/image\/","url":"http:\/\/www.celttv.com.ar\/wp-content\/uploads\/2022\/08\/logo-1.png","contentUrl":"http:\/\/www.celttv.com.ar\/wp-content\/uploads\/2022\/08\/logo-1.png","width":461,"height":159,"caption":"CELTTV"},"image":{"@id":"https:\/\/www.celttv.com.ar\/#\/schema\/logo\/image\/"}},{"@type":"Person","@id":"https:\/\/www.celttv.com.ar\/#\/schema\/person\/6d99c072dba59953809c81446e9d0ace","name":"ulises","image":{"@type":"ImageObject","inLanguage":"es","@id":"https:\/\/www.celttv.com.ar\/#\/schema\/person\/image\/","url":"https:\/\/secure.gravatar.com\/avatar\/7f2c48bdc33b30088f941fb6082e555f2874c98e20cb159d7b92b50eadfce793?s=96&d=mm&r=g","contentUrl":"https:\/\/secure.gravatar.com\/avatar\/7f2c48bdc33b30088f941fb6082e555f2874c98e20cb159d7b92b50eadfce793?s=96&d=mm&r=g","caption":"ulises"},"sameAs":["http:\/\/www.celttv.com.ar"]}]}},"_links":{"self":[{"href":"https:\/\/www.celttv.com.ar\/index.php\/wp-json\/wp\/v2\/posts\/17717","targetHints":{"allow":["GET"]}}],"collection":[{"href":"https:\/\/www.celttv.com.ar\/index.php\/wp-json\/wp\/v2\/posts"}],"about":[{"href":"https:\/\/www.celttv.com.ar\/index.php\/wp-json\/wp\/v2\/types\/post"}],"author":[{"embeddable":true,"href":"https:\/\/www.celttv.com.ar\/index.php\/wp-json\/wp\/v2\/users\/1"}],"replies":[{"embeddable":true,"href":"https:\/\/www.celttv.com.ar\/index.php\/wp-json\/wp\/v2\/comments?post=17717"}],"version-history":[{"count":0,"href":"https:\/\/www.celttv.com.ar\/index.php\/wp-json\/wp\/v2\/posts\/17717\/revisions"}],"wp:attachment":[{"href":"https:\/\/www.celttv.com.ar\/index.php\/wp-json\/wp\/v2\/media?parent=17717"}],"wp:term":[{"taxonomy":"category","embeddable":true,"href":"https:\/\/www.celttv.com.ar\/index.php\/wp-json\/wp\/v2\/categories?post=17717"},{"taxonomy":"post_tag","embeddable":true,"href":"https:\/\/www.celttv.com.ar\/index.php\/wp-json\/wp\/v2\/tags?post=17717"}],"curies":[{"name":"wp","href":"https:\/\/api.w.org\/{rel}","templated":true}]}}