{"id":17785,"date":"2014-02-26T12:43:55","date_gmt":"2014-02-26T12:43:55","guid":{"rendered":"http:\/\/www.tvcnoticias.com.ar\/?p=17785"},"modified":"2014-02-26T12:43:55","modified_gmt":"2014-02-26T12:43:55","slug":"tornquist-fue-sede-del-encuentro-del-topo-rodriguez-con-integrantes-del-consejo-regional-del-sudoeste","status":"publish","type":"post","link":"https:\/\/www.celttv.com.ar\/index.php\/2014\/02\/26\/tornquist-fue-sede-del-encuentro-del-topo-rodriguez-con-integrantes-del-consejo-regional-del-sudoeste\/","title":{"rendered":"TORNQUIST FUE SEDE DEL ENCUENTRO DEL &#8220;TOPO&#8221; RODRIGUEZ CON INTEGRANTES DEL CONSEJO REGIONAL DEL SUDOESTE"},"content":{"rendered":"<p><img loading=\"lazy\" decoding=\"async\" class=\"aligncenter size-medium wp-image-17789\" title=\"1 (Small)\" src=\"http:\/\/www.tvcnoticias.com.ar\/wp-content\/uploads\/2014\/02\/1-Small-450x298.jpg\" alt=\"\" width=\"450\" height=\"298\" \/>En el marco del di\u00e1logo continuo que el Ministerio de Asuntos Agrarios lleva adelante en el territorio bonaerense, el ministro Alejandro &#8220;Topo&#8221; Rodr\u00edguez encabez\u00f3 hoy en Tornquist un encuentro con los miembros del Consejo Regional de Desarrollo del Sudoeste.<br \/>\nEl intendente municipal, Lic. Gustavo Trankels recibi\u00f3 en su despacho al titular de la cartera quien posteriormente se reuni\u00f3, en primera instancia, con el Comit\u00e9 Ejecutivo integrado por organismos oficiales; sector financiero; instituciones tecnol\u00f3gicas, cient\u00edficas y acad\u00e9micas; comercializadores de granos y hacienda; representantes del comercio y la industria; INTA; Federaci\u00f3n Agraria; Carbap; Universidad Nacional del Sur; Universidad del Sudoeste; UTN; y la Bolsa de Cereales de Bah\u00eda Blanca.<br \/>\nLuego dialog\u00f3 con el Consejo, en pleno, que adem\u00e1s de las instituciones y sectores mencionados, incluye la presencia de m\u00e1s actores de la regi\u00f3n y subregiones comprendidas en el Sudoeste.<br \/>\nEn la oportunidad, se present\u00f3 el estudio de \u00edndices y coeficientes de regionalizaci\u00f3n en el Sudoeste y se analiz\u00f3 la cadena de valor en la regi\u00f3n, el balance de lo realizado por el Consejo desde su creaci\u00f3n y las propuestas del Consejo Nacional.<br \/>\n\u201cVinimos a trabajar, en el coraz\u00f3n del Sudoeste, junto con el Consejo Regional, los productores, universidades y las fuerzas de la comunidad, en un di\u00e1logo que nos gu\u00ede a logros, como nos ha encomendado el Gobernador Daniel Scioli\u201d, destac\u00f3 el ministro.<br \/>\n\u201cLa presencia del ministro es muy significativa para el sudoeste, demuestra el compromiso asumido\u00a0 acompa\u00f1ando a nuestra regi\u00f3n en la b\u00fasqueda de un desarrollo sustentable\u201d manifest\u00f3 el jefe comunal.<br \/>\nEl ministro Topo Rodr\u00edguez \u00a0estuvo acompa\u00f1ado por el subsecretario de Agricultura y Ganader\u00eda, Juan Angel Cruz; y el titular de la Unidad de Coordinaci\u00f3n Ap\u00edcola provincial, Ariel Guardia L\u00f3pez.<br \/>\nEn las reuniones participaron Andr\u00e9s Ombrosi y Paula Suter (Ministerio de Producci\u00f3n) \u00a0Gabriel Foco y Carlos Sosa (Bolsa de Cereales), Carlos Lobartini ( Universidad Nacional de Sur), Mariano Porras y Claudio Tessan (Universidad del Sudoeste), Roberto Verna y Mauro Etcheverry ((UTN), Le\u00f3n Somenson (CORFO), Jorge Carrizo (Inta), Hugo Giorgetti (Chacra Experimental Asuntos Agrarios), Virginia Apathie y Alfrredo Belardinelli (Carbap), Carlos Bories y Alberto Braunbeck (Coninagro), Elo\u00edsa Gaido y Roberto Molini (FAA);\u00a0Javier P\u00e9rez Balade (Sociedad Rural) y Ponciano C\u00e1rdenas (MAA).<br \/>\nTambi\u00e9n asistieron representantes de los distritos que conforman la regi\u00f3n: Adolfo Alsina, Saavedra, Pu\u00e1n, Tornquist, Coronel Rosales, Coronel Dorrego, Bah\u00eda Blanca, Villarino, Patagones, Guamin\u00ed, Coronel Su\u00e1rez\u00a0 y Coronel Pringles. Asimismo, por la zona Corfo, concurri\u00f3 Eduardo Ju\u00e1rez; y por zona Semi\u00e1rida, Fernando Carrizo Fierro.<br \/>\nPor otra parte, estuvieron presentes los diputados H\u00e9ctor Gay (Unidos por la Libertad y el Trabajo) y Santiago Nardelli (Unidos por la Libertad y el Trabajo), adem\u00e1s del senador mandato cumplido Roberto Molini; y los intendentes de Tornquist, Gustavo Trankels; de Saavedra, Hugo Corvatta; de Coronel Rosales; Oscar Holzman; de Coronel Dorrego, Fabi\u00e1n Zorzano;\u00a0 de Villarino, Patricia Cobello; y de Puan, Facundo Castelli.<br \/>\nEl intendente Gustavo Trankels destac\u00f3 la cordialidad y buena onda que rein\u00f3 durante todo\u00a0 el encuentro\u00a0 y se mostr\u00f3 muy optimista con el aporte que la gran capacidad de gesti\u00f3n del \u201cTopo\u201d Rodr\u00edguez va a significar para todo el sudoeste bonaerense.<br \/>\n&nbsp;<br \/>\n&nbsp;<br \/>\n<strong>Regi\u00f3n Sudoeste<\/strong><br \/>\nCabe recordar que a trav\u00e9s de la Ley para el Desarrollo del Sudoeste, se busca diferenciar a la regi\u00f3n del resto de la Provincia por sus caracter\u00edsticas clim\u00e1ticas, ed\u00e1ficas y de potencial productivo, asumiendo su pertenencia a las regiones Subh\u00fameda seca, Semi\u00e1rida y \u00e1rida del territorio nacional. La regi\u00f3n abarca el 25 por ciento del territorio provincial que equivale a 6.500.000 hect\u00e1reas.<br \/>\nEl objetivo de la normativa es apoyar los sistemas considerados sustentables, a trav\u00e9s de pol\u00edticas tecnol\u00f3gicas, de transferencia y extensi\u00f3n, de educaci\u00f3n y capacitaci\u00f3n,\u00a0 financieras, e impositivas, integrando al concepto de sustentabilidad condiciones productivas, sociales y econ\u00f3micas.<br \/>\n<strong> <\/strong><br \/>\n&nbsp;<\/p>\n","protected":false},"excerpt":{"rendered":"<p>En el marco del di\u00e1logo continuo que el Ministerio de Asuntos Agrarios lleva adelante en el territorio bonaerense, el ministro Alejandro &#8220;Topo&#8221; Rodr\u00edguez encabez\u00f3 hoy en Tornquist un encuentro con los miembros del Consejo Regional de Desarrollo del Sudoeste. El intendente municipal, Lic. Gustavo Trankels recibi\u00f3 en su despacho al titular de la cartera quien [&hellip;]<\/p>\n","protected":false},"author":1,"featured_media":0,"comment_status":"closed","ping_status":"open","sticky":false,"template":"","format":"standard","meta":{"footnotes":""},"categories":[51,52,53],"tags":[],"class_list":["post-17785","post","type-post","status-publish","format-standard","hentry","category-comunidad","category-destacadas","category-politica"],"yoast_head":"<!-- This site is optimized with the Yoast SEO plugin v19.7.1 - https:\/\/yoast.com\/wordpress\/plugins\/seo\/ -->\n<title>TORNQUIST FUE SEDE DEL ENCUENTRO DEL &quot;TOPO&quot; RODRIGUEZ CON INTEGRANTES DEL CONSEJO REGIONAL DEL SUDOESTE - CELTTV<\/title>\n<meta name=\"description\" content=\"Sitio web de noticias de la localidad de Tornquist, provincia de Buenos Aires, Rep\u00fablica Argentina. Contenido propio originado por periodistas de CELTTV, el canal de TV local de la Cooperativa El\u00e9ctrica de Tornquist. Turismo, Pol\u00edtica, Sociedad, Deporte, Cultura y todo el contenido de inter\u00e9s general que la gente del pueblo y la regi\u00f3n debe conocer.\" \/>\n<meta name=\"robots\" content=\"index, follow, max-snippet:-1, max-image-preview:large, max-video-preview:-1\" \/>\n<link rel=\"canonical\" href=\"https:\/\/www.celttv.com.ar\/index.php\/2014\/02\/26\/tornquist-fue-sede-del-encuentro-del-topo-rodriguez-con-integrantes-del-consejo-regional-del-sudoeste\/\" \/>\n<meta property=\"og:locale\" content=\"es_ES\" \/>\n<meta property=\"og:type\" content=\"article\" \/>\n<meta property=\"og:title\" content=\"TORNQUIST FUE SEDE DEL ENCUENTRO DEL &quot;TOPO&quot; RODRIGUEZ CON INTEGRANTES DEL CONSEJO REGIONAL DEL SUDOESTE - CELTTV\" \/>\n<meta property=\"og:description\" content=\"Sitio web de noticias de la localidad de Tornquist, provincia de Buenos Aires, Rep\u00fablica Argentina. Contenido propio originado por periodistas de CELTTV, el canal de TV local de la Cooperativa El\u00e9ctrica de Tornquist. Turismo, Pol\u00edtica, Sociedad, Deporte, Cultura y todo el contenido de inter\u00e9s general que la gente del pueblo y la regi\u00f3n debe conocer.\" \/>\n<meta property=\"og:url\" content=\"https:\/\/www.celttv.com.ar\/index.php\/2014\/02\/26\/tornquist-fue-sede-del-encuentro-del-topo-rodriguez-con-integrantes-del-consejo-regional-del-sudoeste\/\" \/>\n<meta property=\"og:site_name\" content=\"CELTTV\" \/>\n<meta property=\"article:publisher\" content=\"https:\/\/www.facebook.com\/celtTV\/\" \/>\n<meta property=\"article:published_time\" content=\"2014-02-26T12:43:55+00:00\" \/>\n<meta property=\"og:image\" content=\"http:\/\/www.tvcnoticias.com.ar\/wp-content\/uploads\/2014\/02\/1-Small-450x298.jpg\" \/>\n<meta name=\"author\" content=\"ulises\" \/>\n<meta name=\"twitter:card\" content=\"summary_large_image\" \/>\n<meta name=\"twitter:label1\" content=\"Escrito por\" \/>\n\t<meta name=\"twitter:data1\" content=\"ulises\" \/>\n\t<meta name=\"twitter:label2\" content=\"Tiempo de lectura\" \/>\n\t<meta name=\"twitter:data2\" content=\"3 minutos\" \/>\n<script type=\"application\/ld+json\" class=\"yoast-schema-graph\">{\"@context\":\"https:\/\/schema.org\",\"@graph\":[{\"@type\":\"NewsArticle\",\"@id\":\"https:\/\/www.celttv.com.ar\/index.php\/2014\/02\/26\/tornquist-fue-sede-del-encuentro-del-topo-rodriguez-con-integrantes-del-consejo-regional-del-sudoeste\/#article\",\"isPartOf\":{\"@id\":\"https:\/\/www.celttv.com.ar\/index.php\/2014\/02\/26\/tornquist-fue-sede-del-encuentro-del-topo-rodriguez-con-integrantes-del-consejo-regional-del-sudoeste\/\"},\"author\":{\"name\":\"ulises\",\"@id\":\"https:\/\/www.celttv.com.ar\/#\/schema\/person\/6d99c072dba59953809c81446e9d0ace\"},\"headline\":\"TORNQUIST FUE SEDE DEL ENCUENTRO DEL &#8220;TOPO&#8221; RODRIGUEZ CON INTEGRANTES DEL CONSEJO REGIONAL DEL SUDOESTE\",\"datePublished\":\"2014-02-26T12:43:55+00:00\",\"dateModified\":\"2014-02-26T12:43:55+00:00\",\"mainEntityOfPage\":{\"@id\":\"https:\/\/www.celttv.com.ar\/index.php\/2014\/02\/26\/tornquist-fue-sede-del-encuentro-del-topo-rodriguez-con-integrantes-del-consejo-regional-del-sudoeste\/\"},\"wordCount\":683,\"publisher\":{\"@id\":\"https:\/\/www.celttv.com.ar\/#organization\"},\"articleSection\":[\"Comunidad\",\"Destacadas\",\"Pol\u00edtica\"],\"inLanguage\":\"es\"},{\"@type\":\"WebPage\",\"@id\":\"https:\/\/www.celttv.com.ar\/index.php\/2014\/02\/26\/tornquist-fue-sede-del-encuentro-del-topo-rodriguez-con-integrantes-del-consejo-regional-del-sudoeste\/\",\"url\":\"https:\/\/www.celttv.com.ar\/index.php\/2014\/02\/26\/tornquist-fue-sede-del-encuentro-del-topo-rodriguez-con-integrantes-del-consejo-regional-del-sudoeste\/\",\"name\":\"TORNQUIST FUE SEDE DEL ENCUENTRO DEL \\\"TOPO\\\" RODRIGUEZ CON INTEGRANTES DEL CONSEJO REGIONAL DEL SUDOESTE - CELTTV\",\"isPartOf\":{\"@id\":\"https:\/\/www.celttv.com.ar\/#website\"},\"datePublished\":\"2014-02-26T12:43:55+00:00\",\"dateModified\":\"2014-02-26T12:43:55+00:00\",\"description\":\"Sitio web de noticias de la localidad de Tornquist, provincia de Buenos Aires, Rep\u00fablica Argentina. Contenido propio originado por periodistas de CELTTV, el canal de TV local de la Cooperativa El\u00e9ctrica de Tornquist. Turismo, Pol\u00edtica, Sociedad, Deporte, Cultura y todo el contenido de inter\u00e9s general que la gente del pueblo y la regi\u00f3n debe conocer.\",\"breadcrumb\":{\"@id\":\"https:\/\/www.celttv.com.ar\/index.php\/2014\/02\/26\/tornquist-fue-sede-del-encuentro-del-topo-rodriguez-con-integrantes-del-consejo-regional-del-sudoeste\/#breadcrumb\"},\"inLanguage\":\"es\",\"potentialAction\":[{\"@type\":\"ReadAction\",\"target\":[\"https:\/\/www.celttv.com.ar\/index.php\/2014\/02\/26\/tornquist-fue-sede-del-encuentro-del-topo-rodriguez-con-integrantes-del-consejo-regional-del-sudoeste\/\"]}]},{\"@type\":\"BreadcrumbList\",\"@id\":\"https:\/\/www.celttv.com.ar\/index.php\/2014\/02\/26\/tornquist-fue-sede-del-encuentro-del-topo-rodriguez-con-integrantes-del-consejo-regional-del-sudoeste\/#breadcrumb\",\"itemListElement\":[{\"@type\":\"ListItem\",\"position\":1,\"name\":\"Inicio\",\"item\":\"https:\/\/www.celttv.com.ar\/\"},{\"@type\":\"ListItem\",\"position\":2,\"name\":\"TORNQUIST FUE SEDE DEL ENCUENTRO DEL &#8220;TOPO&#8221; RODRIGUEZ CON INTEGRANTES DEL CONSEJO REGIONAL DEL SUDOESTE\"}]},{\"@type\":\"WebSite\",\"@id\":\"https:\/\/www.celttv.com.ar\/#website\",\"url\":\"https:\/\/www.celttv.com.ar\/\",\"name\":\"CELTTV\",\"description\":\"Cooperativa El\u00e9ctrica de Tornquist\",\"publisher\":{\"@id\":\"https:\/\/www.celttv.com.ar\/#organization\"},\"potentialAction\":[{\"@type\":\"SearchAction\",\"target\":{\"@type\":\"EntryPoint\",\"urlTemplate\":\"https:\/\/www.celttv.com.ar\/?s={search_term_string}\"},\"query-input\":\"required name=search_term_string\"}],\"inLanguage\":\"es\"},{\"@type\":\"Organization\",\"@id\":\"https:\/\/www.celttv.com.ar\/#organization\",\"name\":\"CELTTV\",\"url\":\"https:\/\/www.celttv.com.ar\/\",\"sameAs\":[\"https:\/\/www.youtube.com\/channel\/UCz_oIt8Hig64Ub-EmcNPIhg\",\"https:\/\/www.facebook.com\/celtTV\/\"],\"logo\":{\"@type\":\"ImageObject\",\"inLanguage\":\"es\",\"@id\":\"https:\/\/www.celttv.com.ar\/#\/schema\/logo\/image\/\",\"url\":\"http:\/\/www.celttv.com.ar\/wp-content\/uploads\/2022\/08\/logo-1.png\",\"contentUrl\":\"http:\/\/www.celttv.com.ar\/wp-content\/uploads\/2022\/08\/logo-1.png\",\"width\":461,\"height\":159,\"caption\":\"CELTTV\"},\"image\":{\"@id\":\"https:\/\/www.celttv.com.ar\/#\/schema\/logo\/image\/\"}},{\"@type\":\"Person\",\"@id\":\"https:\/\/www.celttv.com.ar\/#\/schema\/person\/6d99c072dba59953809c81446e9d0ace\",\"name\":\"ulises\",\"image\":{\"@type\":\"ImageObject\",\"inLanguage\":\"es\",\"@id\":\"https:\/\/www.celttv.com.ar\/#\/schema\/person\/image\/\",\"url\":\"https:\/\/secure.gravatar.com\/avatar\/7f2c48bdc33b30088f941fb6082e555f2874c98e20cb159d7b92b50eadfce793?s=96&d=mm&r=g\",\"contentUrl\":\"https:\/\/secure.gravatar.com\/avatar\/7f2c48bdc33b30088f941fb6082e555f2874c98e20cb159d7b92b50eadfce793?s=96&d=mm&r=g\",\"caption\":\"ulises\"},\"sameAs\":[\"http:\/\/www.celttv.com.ar\"]}]}<\/script>\n<!-- \/ Yoast SEO plugin. -->","yoast_head_json":{"title":"TORNQUIST FUE SEDE DEL ENCUENTRO DEL \"TOPO\" RODRIGUEZ CON INTEGRANTES DEL CONSEJO REGIONAL DEL SUDOESTE - CELTTV","description":"Sitio web de noticias de la localidad de Tornquist, provincia de Buenos Aires, Rep\u00fablica Argentina. Contenido propio originado por periodistas de CELTTV, el canal de TV local de la Cooperativa El\u00e9ctrica de Tornquist. Turismo, Pol\u00edtica, Sociedad, Deporte, Cultura y todo el contenido de inter\u00e9s general que la gente del pueblo y la regi\u00f3n debe conocer.","robots":{"index":"index","follow":"follow","max-snippet":"max-snippet:-1","max-image-preview":"max-image-preview:large","max-video-preview":"max-video-preview:-1"},"canonical":"https:\/\/www.celttv.com.ar\/index.php\/2014\/02\/26\/tornquist-fue-sede-del-encuentro-del-topo-rodriguez-con-integrantes-del-consejo-regional-del-sudoeste\/","og_locale":"es_ES","og_type":"article","og_title":"TORNQUIST FUE SEDE DEL ENCUENTRO DEL \"TOPO\" RODRIGUEZ CON INTEGRANTES DEL CONSEJO REGIONAL DEL SUDOESTE - CELTTV","og_description":"Sitio web de noticias de la localidad de Tornquist, provincia de Buenos Aires, Rep\u00fablica Argentina. Contenido propio originado por periodistas de CELTTV, el canal de TV local de la Cooperativa El\u00e9ctrica de Tornquist. Turismo, Pol\u00edtica, Sociedad, Deporte, Cultura y todo el contenido de inter\u00e9s general que la gente del pueblo y la regi\u00f3n debe conocer.","og_url":"https:\/\/www.celttv.com.ar\/index.php\/2014\/02\/26\/tornquist-fue-sede-del-encuentro-del-topo-rodriguez-con-integrantes-del-consejo-regional-del-sudoeste\/","og_site_name":"CELTTV","article_publisher":"https:\/\/www.facebook.com\/celtTV\/","article_published_time":"2014-02-26T12:43:55+00:00","og_image":[{"url":"http:\/\/www.tvcnoticias.com.ar\/wp-content\/uploads\/2014\/02\/1-Small-450x298.jpg"}],"author":"ulises","twitter_card":"summary_large_image","twitter_misc":{"Escrito por":"ulises","Tiempo de lectura":"3 minutos"},"schema":{"@context":"https:\/\/schema.org","@graph":[{"@type":"NewsArticle","@id":"https:\/\/www.celttv.com.ar\/index.php\/2014\/02\/26\/tornquist-fue-sede-del-encuentro-del-topo-rodriguez-con-integrantes-del-consejo-regional-del-sudoeste\/#article","isPartOf":{"@id":"https:\/\/www.celttv.com.ar\/index.php\/2014\/02\/26\/tornquist-fue-sede-del-encuentro-del-topo-rodriguez-con-integrantes-del-consejo-regional-del-sudoeste\/"},"author":{"name":"ulises","@id":"https:\/\/www.celttv.com.ar\/#\/schema\/person\/6d99c072dba59953809c81446e9d0ace"},"headline":"TORNQUIST FUE SEDE DEL ENCUENTRO DEL &#8220;TOPO&#8221; RODRIGUEZ CON INTEGRANTES DEL CONSEJO REGIONAL DEL SUDOESTE","datePublished":"2014-02-26T12:43:55+00:00","dateModified":"2014-02-26T12:43:55+00:00","mainEntityOfPage":{"@id":"https:\/\/www.celttv.com.ar\/index.php\/2014\/02\/26\/tornquist-fue-sede-del-encuentro-del-topo-rodriguez-con-integrantes-del-consejo-regional-del-sudoeste\/"},"wordCount":683,"publisher":{"@id":"https:\/\/www.celttv.com.ar\/#organization"},"articleSection":["Comunidad","Destacadas","Pol\u00edtica"],"inLanguage":"es"},{"@type":"WebPage","@id":"https:\/\/www.celttv.com.ar\/index.php\/2014\/02\/26\/tornquist-fue-sede-del-encuentro-del-topo-rodriguez-con-integrantes-del-consejo-regional-del-sudoeste\/","url":"https:\/\/www.celttv.com.ar\/index.php\/2014\/02\/26\/tornquist-fue-sede-del-encuentro-del-topo-rodriguez-con-integrantes-del-consejo-regional-del-sudoeste\/","name":"TORNQUIST FUE SEDE DEL ENCUENTRO DEL \"TOPO\" RODRIGUEZ CON INTEGRANTES DEL CONSEJO REGIONAL DEL SUDOESTE - CELTTV","isPartOf":{"@id":"https:\/\/www.celttv.com.ar\/#website"},"datePublished":"2014-02-26T12:43:55+00:00","dateModified":"2014-02-26T12:43:55+00:00","description":"Sitio web de noticias de la localidad de Tornquist, provincia de Buenos Aires, Rep\u00fablica Argentina. Contenido propio originado por periodistas de CELTTV, el canal de TV local de la Cooperativa El\u00e9ctrica de Tornquist. Turismo, Pol\u00edtica, Sociedad, Deporte, Cultura y todo el contenido de inter\u00e9s general que la gente del pueblo y la regi\u00f3n debe conocer.","breadcrumb":{"@id":"https:\/\/www.celttv.com.ar\/index.php\/2014\/02\/26\/tornquist-fue-sede-del-encuentro-del-topo-rodriguez-con-integrantes-del-consejo-regional-del-sudoeste\/#breadcrumb"},"inLanguage":"es","potentialAction":[{"@type":"ReadAction","target":["https:\/\/www.celttv.com.ar\/index.php\/2014\/02\/26\/tornquist-fue-sede-del-encuentro-del-topo-rodriguez-con-integrantes-del-consejo-regional-del-sudoeste\/"]}]},{"@type":"BreadcrumbList","@id":"https:\/\/www.celttv.com.ar\/index.php\/2014\/02\/26\/tornquist-fue-sede-del-encuentro-del-topo-rodriguez-con-integrantes-del-consejo-regional-del-sudoeste\/#breadcrumb","itemListElement":[{"@type":"ListItem","position":1,"name":"Inicio","item":"https:\/\/www.celttv.com.ar\/"},{"@type":"ListItem","position":2,"name":"TORNQUIST FUE SEDE DEL ENCUENTRO DEL &#8220;TOPO&#8221; RODRIGUEZ CON INTEGRANTES DEL CONSEJO REGIONAL DEL SUDOESTE"}]},{"@type":"WebSite","@id":"https:\/\/www.celttv.com.ar\/#website","url":"https:\/\/www.celttv.com.ar\/","name":"CELTTV","description":"Cooperativa El\u00e9ctrica de Tornquist","publisher":{"@id":"https:\/\/www.celttv.com.ar\/#organization"},"potentialAction":[{"@type":"SearchAction","target":{"@type":"EntryPoint","urlTemplate":"https:\/\/www.celttv.com.ar\/?s={search_term_string}"},"query-input":"required name=search_term_string"}],"inLanguage":"es"},{"@type":"Organization","@id":"https:\/\/www.celttv.com.ar\/#organization","name":"CELTTV","url":"https:\/\/www.celttv.com.ar\/","sameAs":["https:\/\/www.youtube.com\/channel\/UCz_oIt8Hig64Ub-EmcNPIhg","https:\/\/www.facebook.com\/celtTV\/"],"logo":{"@type":"ImageObject","inLanguage":"es","@id":"https:\/\/www.celttv.com.ar\/#\/schema\/logo\/image\/","url":"http:\/\/www.celttv.com.ar\/wp-content\/uploads\/2022\/08\/logo-1.png","contentUrl":"http:\/\/www.celttv.com.ar\/wp-content\/uploads\/2022\/08\/logo-1.png","width":461,"height":159,"caption":"CELTTV"},"image":{"@id":"https:\/\/www.celttv.com.ar\/#\/schema\/logo\/image\/"}},{"@type":"Person","@id":"https:\/\/www.celttv.com.ar\/#\/schema\/person\/6d99c072dba59953809c81446e9d0ace","name":"ulises","image":{"@type":"ImageObject","inLanguage":"es","@id":"https:\/\/www.celttv.com.ar\/#\/schema\/person\/image\/","url":"https:\/\/secure.gravatar.com\/avatar\/7f2c48bdc33b30088f941fb6082e555f2874c98e20cb159d7b92b50eadfce793?s=96&d=mm&r=g","contentUrl":"https:\/\/secure.gravatar.com\/avatar\/7f2c48bdc33b30088f941fb6082e555f2874c98e20cb159d7b92b50eadfce793?s=96&d=mm&r=g","caption":"ulises"},"sameAs":["http:\/\/www.celttv.com.ar"]}]}},"_links":{"self":[{"href":"https:\/\/www.celttv.com.ar\/index.php\/wp-json\/wp\/v2\/posts\/17785","targetHints":{"allow":["GET"]}}],"collection":[{"href":"https:\/\/www.celttv.com.ar\/index.php\/wp-json\/wp\/v2\/posts"}],"about":[{"href":"https:\/\/www.celttv.com.ar\/index.php\/wp-json\/wp\/v2\/types\/post"}],"author":[{"embeddable":true,"href":"https:\/\/www.celttv.com.ar\/index.php\/wp-json\/wp\/v2\/users\/1"}],"replies":[{"embeddable":true,"href":"https:\/\/www.celttv.com.ar\/index.php\/wp-json\/wp\/v2\/comments?post=17785"}],"version-history":[{"count":0,"href":"https:\/\/www.celttv.com.ar\/index.php\/wp-json\/wp\/v2\/posts\/17785\/revisions"}],"wp:attachment":[{"href":"https:\/\/www.celttv.com.ar\/index.php\/wp-json\/wp\/v2\/media?parent=17785"}],"wp:term":[{"taxonomy":"category","embeddable":true,"href":"https:\/\/www.celttv.com.ar\/index.php\/wp-json\/wp\/v2\/categories?post=17785"},{"taxonomy":"post_tag","embeddable":true,"href":"https:\/\/www.celttv.com.ar\/index.php\/wp-json\/wp\/v2\/tags?post=17785"}],"curies":[{"name":"wp","href":"https:\/\/api.w.org\/{rel}","templated":true}]}}