{"id":17792,"date":"2014-02-26T14:53:33","date_gmt":"2014-02-26T14:53:33","guid":{"rendered":"http:\/\/www.tvcnoticias.com.ar\/?p=17792"},"modified":"2014-02-26T14:53:33","modified_gmt":"2014-02-26T14:53:33","slug":"a-27-anos-de-la-desaparicion-fisica-del-ex-concejal-miguel-echeguia","status":"publish","type":"post","link":"https:\/\/www.celttv.com.ar\/index.php\/2014\/02\/26\/a-27-anos-de-la-desaparicion-fisica-del-ex-concejal-miguel-echeguia\/","title":{"rendered":"A 27 A\u00d1OS DE LA DESAPARICION FISICA DEL EX CONCEJAL MIGUEL ECHEGUIA"},"content":{"rendered":"<p><a rel=\"attachment wp-att-17815\" href=\"http:\/\/www.tvcnoticias.com.ar\/?attachment_id=17815\">HOMENAJE A MIGUEL ECHEGUIA<\/a><br \/>\n<a rel=\"attachment wp-att-17800\" href=\"http:\/\/www.tvcnoticias.com.ar\/?attachment_id=17800\"><span style=\"font-size: 13px;\">Al cumplirse 27 a\u00f1os de la desaparici\u00f3n f\u00edsica del ex concejal de la UCR. Miguel Echegu\u00eda, sus familiares recibieron dos p\u00e1ginas del Semanario Observador Serrano en su edici\u00f3n N\u00ba109.<\/span><\/a><br \/>\nPaginas que sintetizan la simpleza de un grande, pintando en cuerpo y alma la figura del &#8220;Vasco&#8221; Echegu\u00eda&#8221; en un escrito de Don Orlando Capella, quien fuera tambi\u00e9n un reconocido militante radical e integrante del gabinete que por entonces encabezaba Nestor &#8220;Bocha&#8221; Catani.<br \/>\nEn su homenaje, con sentidas palabras, Capella concluye: &#8220;La ciudad pierde un digno ciudadano y unmejor representante; la UCR, pierde a uno de sus mejores hombres&#8221;<br \/>\n&#8220;Lo despedimos por la puerta ancha, luminosa y abierta de la comprensi\u00f3n entre los hombres&#8221;<br \/>\n&#8220;Querido Vasco, descansa en paz<br \/>\n<a rel=\"attachment wp-att-17810\" href=\"http:\/\/www.tvcnoticias.com.ar\/?attachment_id=17810\"><img loading=\"lazy\" decoding=\"async\" class=\"aligncenter size-medium wp-image-17810\" title=\"30 a+\u00a6os de democracia Miguel Echegu+\u00a1a (Medium)\" src=\"http:\/\/www.tvcnoticias.com.ar\/wp-content\/uploads\/2014\/02\/30-a+\u00a6os-de-democracia-Miguel-Echegu+\u00a1a-Medium-312x450.jpg\" alt=\"\" width=\"312\" height=\"450\" \/><\/a><br \/>\n&nbsp;<\/p>\n","protected":false},"excerpt":{"rendered":"<p>HOMENAJE A MIGUEL ECHEGUIA Al cumplirse 27 a\u00f1os de la desaparici\u00f3n f\u00edsica del ex concejal de la UCR. Miguel Echegu\u00eda, sus familiares recibieron dos p\u00e1ginas del Semanario Observador Serrano en su edici\u00f3n N\u00ba109. Paginas que sintetizan la simpleza de un grande, pintando en cuerpo y alma la figura del &#8220;Vasco&#8221; Echegu\u00eda&#8221; en un escrito de [&hellip;]<\/p>\n","protected":false},"author":1,"featured_media":0,"comment_status":"closed","ping_status":"open","sticky":false,"template":"","format":"standard","meta":{"footnotes":""},"categories":[51,52,53],"tags":[],"class_list":["post-17792","post","type-post","status-publish","format-standard","hentry","category-comunidad","category-destacadas","category-politica"],"yoast_head":"<!-- This site is optimized with the Yoast SEO plugin v19.7.1 - https:\/\/yoast.com\/wordpress\/plugins\/seo\/ -->\n<title>A 27 A\u00d1OS DE LA DESAPARICION FISICA DEL EX CONCEJAL MIGUEL ECHEGUIA - CELTTV<\/title>\n<meta name=\"description\" content=\"Sitio web de noticias de la localidad de Tornquist, provincia de Buenos Aires, Rep\u00fablica Argentina. Contenido propio originado por periodistas de CELTTV, el canal de TV local de la Cooperativa El\u00e9ctrica de Tornquist. Turismo, Pol\u00edtica, Sociedad, Deporte, Cultura y todo el contenido de inter\u00e9s general que la gente del pueblo y la regi\u00f3n debe conocer.\" \/>\n<meta name=\"robots\" content=\"index, follow, max-snippet:-1, max-image-preview:large, max-video-preview:-1\" \/>\n<link rel=\"canonical\" href=\"https:\/\/www.celttv.com.ar\/index.php\/2014\/02\/26\/a-27-anos-de-la-desaparicion-fisica-del-ex-concejal-miguel-echeguia\/\" \/>\n<meta property=\"og:locale\" content=\"es_ES\" \/>\n<meta property=\"og:type\" content=\"article\" \/>\n<meta property=\"og:title\" content=\"A 27 A\u00d1OS DE LA DESAPARICION FISICA DEL EX CONCEJAL MIGUEL ECHEGUIA - CELTTV\" \/>\n<meta property=\"og:description\" content=\"Sitio web de noticias de la localidad de Tornquist, provincia de Buenos Aires, Rep\u00fablica Argentina. Contenido propio originado por periodistas de CELTTV, el canal de TV local de la Cooperativa El\u00e9ctrica de Tornquist. Turismo, Pol\u00edtica, Sociedad, Deporte, Cultura y todo el contenido de inter\u00e9s general que la gente del pueblo y la regi\u00f3n debe conocer.\" \/>\n<meta property=\"og:url\" content=\"https:\/\/www.celttv.com.ar\/index.php\/2014\/02\/26\/a-27-anos-de-la-desaparicion-fisica-del-ex-concejal-miguel-echeguia\/\" \/>\n<meta property=\"og:site_name\" content=\"CELTTV\" \/>\n<meta property=\"article:publisher\" content=\"https:\/\/www.facebook.com\/celtTV\/\" \/>\n<meta property=\"article:published_time\" content=\"2014-02-26T14:53:33+00:00\" \/>\n<meta name=\"author\" content=\"ulises\" \/>\n<meta name=\"twitter:card\" content=\"summary_large_image\" \/>\n<meta name=\"twitter:label1\" content=\"Escrito por\" \/>\n\t<meta name=\"twitter:data1\" content=\"ulises\" \/>\n\t<meta name=\"twitter:label2\" content=\"Tiempo de lectura\" \/>\n\t<meta name=\"twitter:data2\" content=\"1 minuto\" \/>\n<script type=\"application\/ld+json\" class=\"yoast-schema-graph\">{\"@context\":\"https:\/\/schema.org\",\"@graph\":[{\"@type\":\"NewsArticle\",\"@id\":\"https:\/\/www.celttv.com.ar\/index.php\/2014\/02\/26\/a-27-anos-de-la-desaparicion-fisica-del-ex-concejal-miguel-echeguia\/#article\",\"isPartOf\":{\"@id\":\"https:\/\/www.celttv.com.ar\/index.php\/2014\/02\/26\/a-27-anos-de-la-desaparicion-fisica-del-ex-concejal-miguel-echeguia\/\"},\"author\":{\"name\":\"ulises\",\"@id\":\"https:\/\/www.celttv.com.ar\/#\/schema\/person\/6d99c072dba59953809c81446e9d0ace\"},\"headline\":\"A 27 A\u00d1OS DE LA DESAPARICION FISICA DEL EX CONCEJAL MIGUEL ECHEGUIA\",\"datePublished\":\"2014-02-26T14:53:33+00:00\",\"dateModified\":\"2014-02-26T14:53:33+00:00\",\"mainEntityOfPage\":{\"@id\":\"https:\/\/www.celttv.com.ar\/index.php\/2014\/02\/26\/a-27-anos-de-la-desaparicion-fisica-del-ex-concejal-miguel-echeguia\/\"},\"wordCount\":143,\"publisher\":{\"@id\":\"https:\/\/www.celttv.com.ar\/#organization\"},\"articleSection\":[\"Comunidad\",\"Destacadas\",\"Pol\u00edtica\"],\"inLanguage\":\"es\"},{\"@type\":\"WebPage\",\"@id\":\"https:\/\/www.celttv.com.ar\/index.php\/2014\/02\/26\/a-27-anos-de-la-desaparicion-fisica-del-ex-concejal-miguel-echeguia\/\",\"url\":\"https:\/\/www.celttv.com.ar\/index.php\/2014\/02\/26\/a-27-anos-de-la-desaparicion-fisica-del-ex-concejal-miguel-echeguia\/\",\"name\":\"A 27 A\u00d1OS DE LA DESAPARICION FISICA DEL EX CONCEJAL MIGUEL ECHEGUIA - CELTTV\",\"isPartOf\":{\"@id\":\"https:\/\/www.celttv.com.ar\/#website\"},\"datePublished\":\"2014-02-26T14:53:33+00:00\",\"dateModified\":\"2014-02-26T14:53:33+00:00\",\"description\":\"Sitio web de noticias de la localidad de Tornquist, provincia de Buenos Aires, Rep\u00fablica Argentina. Contenido propio originado por periodistas de CELTTV, el canal de TV local de la Cooperativa El\u00e9ctrica de Tornquist. Turismo, Pol\u00edtica, Sociedad, Deporte, Cultura y todo el contenido de inter\u00e9s general que la gente del pueblo y la regi\u00f3n debe conocer.\",\"breadcrumb\":{\"@id\":\"https:\/\/www.celttv.com.ar\/index.php\/2014\/02\/26\/a-27-anos-de-la-desaparicion-fisica-del-ex-concejal-miguel-echeguia\/#breadcrumb\"},\"inLanguage\":\"es\",\"potentialAction\":[{\"@type\":\"ReadAction\",\"target\":[\"https:\/\/www.celttv.com.ar\/index.php\/2014\/02\/26\/a-27-anos-de-la-desaparicion-fisica-del-ex-concejal-miguel-echeguia\/\"]}]},{\"@type\":\"BreadcrumbList\",\"@id\":\"https:\/\/www.celttv.com.ar\/index.php\/2014\/02\/26\/a-27-anos-de-la-desaparicion-fisica-del-ex-concejal-miguel-echeguia\/#breadcrumb\",\"itemListElement\":[{\"@type\":\"ListItem\",\"position\":1,\"name\":\"Inicio\",\"item\":\"https:\/\/www.celttv.com.ar\/\"},{\"@type\":\"ListItem\",\"position\":2,\"name\":\"A 27 A\u00d1OS DE LA DESAPARICION FISICA DEL EX CONCEJAL MIGUEL ECHEGUIA\"}]},{\"@type\":\"WebSite\",\"@id\":\"https:\/\/www.celttv.com.ar\/#website\",\"url\":\"https:\/\/www.celttv.com.ar\/\",\"name\":\"CELTTV\",\"description\":\"Cooperativa El\u00e9ctrica de Tornquist\",\"publisher\":{\"@id\":\"https:\/\/www.celttv.com.ar\/#organization\"},\"potentialAction\":[{\"@type\":\"SearchAction\",\"target\":{\"@type\":\"EntryPoint\",\"urlTemplate\":\"https:\/\/www.celttv.com.ar\/?s={search_term_string}\"},\"query-input\":\"required name=search_term_string\"}],\"inLanguage\":\"es\"},{\"@type\":\"Organization\",\"@id\":\"https:\/\/www.celttv.com.ar\/#organization\",\"name\":\"CELTTV\",\"url\":\"https:\/\/www.celttv.com.ar\/\",\"sameAs\":[\"https:\/\/www.youtube.com\/channel\/UCz_oIt8Hig64Ub-EmcNPIhg\",\"https:\/\/www.facebook.com\/celtTV\/\"],\"logo\":{\"@type\":\"ImageObject\",\"inLanguage\":\"es\",\"@id\":\"https:\/\/www.celttv.com.ar\/#\/schema\/logo\/image\/\",\"url\":\"http:\/\/www.celttv.com.ar\/wp-content\/uploads\/2022\/08\/logo-1.png\",\"contentUrl\":\"http:\/\/www.celttv.com.ar\/wp-content\/uploads\/2022\/08\/logo-1.png\",\"width\":461,\"height\":159,\"caption\":\"CELTTV\"},\"image\":{\"@id\":\"https:\/\/www.celttv.com.ar\/#\/schema\/logo\/image\/\"}},{\"@type\":\"Person\",\"@id\":\"https:\/\/www.celttv.com.ar\/#\/schema\/person\/6d99c072dba59953809c81446e9d0ace\",\"name\":\"ulises\",\"image\":{\"@type\":\"ImageObject\",\"inLanguage\":\"es\",\"@id\":\"https:\/\/www.celttv.com.ar\/#\/schema\/person\/image\/\",\"url\":\"https:\/\/secure.gravatar.com\/avatar\/7f2c48bdc33b30088f941fb6082e555f2874c98e20cb159d7b92b50eadfce793?s=96&d=mm&r=g\",\"contentUrl\":\"https:\/\/secure.gravatar.com\/avatar\/7f2c48bdc33b30088f941fb6082e555f2874c98e20cb159d7b92b50eadfce793?s=96&d=mm&r=g\",\"caption\":\"ulises\"},\"sameAs\":[\"http:\/\/www.celttv.com.ar\"]}]}<\/script>\n<!-- \/ Yoast SEO plugin. -->","yoast_head_json":{"title":"A 27 A\u00d1OS DE LA DESAPARICION FISICA DEL EX CONCEJAL MIGUEL ECHEGUIA - CELTTV","description":"Sitio web de noticias de la localidad de Tornquist, provincia de Buenos Aires, Rep\u00fablica Argentina. Contenido propio originado por periodistas de CELTTV, el canal de TV local de la Cooperativa El\u00e9ctrica de Tornquist. Turismo, Pol\u00edtica, Sociedad, Deporte, Cultura y todo el contenido de inter\u00e9s general que la gente del pueblo y la regi\u00f3n debe conocer.","robots":{"index":"index","follow":"follow","max-snippet":"max-snippet:-1","max-image-preview":"max-image-preview:large","max-video-preview":"max-video-preview:-1"},"canonical":"https:\/\/www.celttv.com.ar\/index.php\/2014\/02\/26\/a-27-anos-de-la-desaparicion-fisica-del-ex-concejal-miguel-echeguia\/","og_locale":"es_ES","og_type":"article","og_title":"A 27 A\u00d1OS DE LA DESAPARICION FISICA DEL EX CONCEJAL MIGUEL ECHEGUIA - CELTTV","og_description":"Sitio web de noticias de la localidad de Tornquist, provincia de Buenos Aires, Rep\u00fablica Argentina. Contenido propio originado por periodistas de CELTTV, el canal de TV local de la Cooperativa El\u00e9ctrica de Tornquist. Turismo, Pol\u00edtica, Sociedad, Deporte, Cultura y todo el contenido de inter\u00e9s general que la gente del pueblo y la regi\u00f3n debe conocer.","og_url":"https:\/\/www.celttv.com.ar\/index.php\/2014\/02\/26\/a-27-anos-de-la-desaparicion-fisica-del-ex-concejal-miguel-echeguia\/","og_site_name":"CELTTV","article_publisher":"https:\/\/www.facebook.com\/celtTV\/","article_published_time":"2014-02-26T14:53:33+00:00","author":"ulises","twitter_card":"summary_large_image","twitter_misc":{"Escrito por":"ulises","Tiempo de lectura":"1 minuto"},"schema":{"@context":"https:\/\/schema.org","@graph":[{"@type":"NewsArticle","@id":"https:\/\/www.celttv.com.ar\/index.php\/2014\/02\/26\/a-27-anos-de-la-desaparicion-fisica-del-ex-concejal-miguel-echeguia\/#article","isPartOf":{"@id":"https:\/\/www.celttv.com.ar\/index.php\/2014\/02\/26\/a-27-anos-de-la-desaparicion-fisica-del-ex-concejal-miguel-echeguia\/"},"author":{"name":"ulises","@id":"https:\/\/www.celttv.com.ar\/#\/schema\/person\/6d99c072dba59953809c81446e9d0ace"},"headline":"A 27 A\u00d1OS DE LA DESAPARICION FISICA DEL EX CONCEJAL MIGUEL ECHEGUIA","datePublished":"2014-02-26T14:53:33+00:00","dateModified":"2014-02-26T14:53:33+00:00","mainEntityOfPage":{"@id":"https:\/\/www.celttv.com.ar\/index.php\/2014\/02\/26\/a-27-anos-de-la-desaparicion-fisica-del-ex-concejal-miguel-echeguia\/"},"wordCount":143,"publisher":{"@id":"https:\/\/www.celttv.com.ar\/#organization"},"articleSection":["Comunidad","Destacadas","Pol\u00edtica"],"inLanguage":"es"},{"@type":"WebPage","@id":"https:\/\/www.celttv.com.ar\/index.php\/2014\/02\/26\/a-27-anos-de-la-desaparicion-fisica-del-ex-concejal-miguel-echeguia\/","url":"https:\/\/www.celttv.com.ar\/index.php\/2014\/02\/26\/a-27-anos-de-la-desaparicion-fisica-del-ex-concejal-miguel-echeguia\/","name":"A 27 A\u00d1OS DE LA DESAPARICION FISICA DEL EX CONCEJAL MIGUEL ECHEGUIA - CELTTV","isPartOf":{"@id":"https:\/\/www.celttv.com.ar\/#website"},"datePublished":"2014-02-26T14:53:33+00:00","dateModified":"2014-02-26T14:53:33+00:00","description":"Sitio web de noticias de la localidad de Tornquist, provincia de Buenos Aires, Rep\u00fablica Argentina. Contenido propio originado por periodistas de CELTTV, el canal de TV local de la Cooperativa El\u00e9ctrica de Tornquist. Turismo, Pol\u00edtica, Sociedad, Deporte, Cultura y todo el contenido de inter\u00e9s general que la gente del pueblo y la regi\u00f3n debe conocer.","breadcrumb":{"@id":"https:\/\/www.celttv.com.ar\/index.php\/2014\/02\/26\/a-27-anos-de-la-desaparicion-fisica-del-ex-concejal-miguel-echeguia\/#breadcrumb"},"inLanguage":"es","potentialAction":[{"@type":"ReadAction","target":["https:\/\/www.celttv.com.ar\/index.php\/2014\/02\/26\/a-27-anos-de-la-desaparicion-fisica-del-ex-concejal-miguel-echeguia\/"]}]},{"@type":"BreadcrumbList","@id":"https:\/\/www.celttv.com.ar\/index.php\/2014\/02\/26\/a-27-anos-de-la-desaparicion-fisica-del-ex-concejal-miguel-echeguia\/#breadcrumb","itemListElement":[{"@type":"ListItem","position":1,"name":"Inicio","item":"https:\/\/www.celttv.com.ar\/"},{"@type":"ListItem","position":2,"name":"A 27 A\u00d1OS DE LA DESAPARICION FISICA DEL EX CONCEJAL MIGUEL ECHEGUIA"}]},{"@type":"WebSite","@id":"https:\/\/www.celttv.com.ar\/#website","url":"https:\/\/www.celttv.com.ar\/","name":"CELTTV","description":"Cooperativa El\u00e9ctrica de Tornquist","publisher":{"@id":"https:\/\/www.celttv.com.ar\/#organization"},"potentialAction":[{"@type":"SearchAction","target":{"@type":"EntryPoint","urlTemplate":"https:\/\/www.celttv.com.ar\/?s={search_term_string}"},"query-input":"required name=search_term_string"}],"inLanguage":"es"},{"@type":"Organization","@id":"https:\/\/www.celttv.com.ar\/#organization","name":"CELTTV","url":"https:\/\/www.celttv.com.ar\/","sameAs":["https:\/\/www.youtube.com\/channel\/UCz_oIt8Hig64Ub-EmcNPIhg","https:\/\/www.facebook.com\/celtTV\/"],"logo":{"@type":"ImageObject","inLanguage":"es","@id":"https:\/\/www.celttv.com.ar\/#\/schema\/logo\/image\/","url":"http:\/\/www.celttv.com.ar\/wp-content\/uploads\/2022\/08\/logo-1.png","contentUrl":"http:\/\/www.celttv.com.ar\/wp-content\/uploads\/2022\/08\/logo-1.png","width":461,"height":159,"caption":"CELTTV"},"image":{"@id":"https:\/\/www.celttv.com.ar\/#\/schema\/logo\/image\/"}},{"@type":"Person","@id":"https:\/\/www.celttv.com.ar\/#\/schema\/person\/6d99c072dba59953809c81446e9d0ace","name":"ulises","image":{"@type":"ImageObject","inLanguage":"es","@id":"https:\/\/www.celttv.com.ar\/#\/schema\/person\/image\/","url":"https:\/\/secure.gravatar.com\/avatar\/7f2c48bdc33b30088f941fb6082e555f2874c98e20cb159d7b92b50eadfce793?s=96&d=mm&r=g","contentUrl":"https:\/\/secure.gravatar.com\/avatar\/7f2c48bdc33b30088f941fb6082e555f2874c98e20cb159d7b92b50eadfce793?s=96&d=mm&r=g","caption":"ulises"},"sameAs":["http:\/\/www.celttv.com.ar"]}]}},"_links":{"self":[{"href":"https:\/\/www.celttv.com.ar\/index.php\/wp-json\/wp\/v2\/posts\/17792","targetHints":{"allow":["GET"]}}],"collection":[{"href":"https:\/\/www.celttv.com.ar\/index.php\/wp-json\/wp\/v2\/posts"}],"about":[{"href":"https:\/\/www.celttv.com.ar\/index.php\/wp-json\/wp\/v2\/types\/post"}],"author":[{"embeddable":true,"href":"https:\/\/www.celttv.com.ar\/index.php\/wp-json\/wp\/v2\/users\/1"}],"replies":[{"embeddable":true,"href":"https:\/\/www.celttv.com.ar\/index.php\/wp-json\/wp\/v2\/comments?post=17792"}],"version-history":[{"count":0,"href":"https:\/\/www.celttv.com.ar\/index.php\/wp-json\/wp\/v2\/posts\/17792\/revisions"}],"wp:attachment":[{"href":"https:\/\/www.celttv.com.ar\/index.php\/wp-json\/wp\/v2\/media?parent=17792"}],"wp:term":[{"taxonomy":"category","embeddable":true,"href":"https:\/\/www.celttv.com.ar\/index.php\/wp-json\/wp\/v2\/categories?post=17792"},{"taxonomy":"post_tag","embeddable":true,"href":"https:\/\/www.celttv.com.ar\/index.php\/wp-json\/wp\/v2\/tags?post=17792"}],"curies":[{"name":"wp","href":"https:\/\/api.w.org\/{rel}","templated":true}]}}