{"id":17826,"date":"2014-02-27T18:10:34","date_gmt":"2014-02-27T18:10:34","guid":{"rendered":"http:\/\/www.tvcnoticias.com.ar\/?p=17826"},"modified":"2014-02-27T18:10:34","modified_gmt":"2014-02-27T18:10:34","slug":"no-hemos-encontrado-protestas-y-si-propuestas-dijo-el-ministro-alejandro-rodriguez","status":"publish","type":"post","link":"https:\/\/www.celttv.com.ar\/index.php\/2014\/02\/27\/no-hemos-encontrado-protestas-y-si-propuestas-dijo-el-ministro-alejandro-rodriguez\/","title":{"rendered":"&#8220;NO HEMOS ENCONTRADO PROTESTAS Y SI PROPUESTAS&#8221; Dijo el Ministro Alejandro Rodriguez"},"content":{"rendered":"<p><a href=\"https:\/\/www.youtube.com\/watch?v=RODlB3vvJCg\">httpv:\/\/www.youtube.com\/watch?v=RODlB3vvJCg<\/a><br \/>\n<a href=\"https:\/\/www.youtube.com\/watch?v=LfyKxhSjets\">httpv:\/\/www.youtube.com\/watch?v=LfyKxhSjets<\/a><br \/>\nLo dijo en Tornquist el Ministro de Asuntos Agrarios de la Provincia de Buenos Aires Alejandro &#8220;Topo&#8221; Rodriguez, luego de participar de la reuni\u00f3n del Consejo del Sudoeste Bonaerense donde se\u00a0<span style=\"font-size: 13px;\"> present\u00f3 el estudio de \u00edndices y coeficientes de regionalizaci\u00f3n y se analiz\u00f3 la cadena de valor en la regi\u00f3n y se busca diferenciar a la zona por sus caracter\u00edsticas clim\u00e1ticas<\/span><br \/>\n<span style=\"font-size: 13px;\">En el marco del di\u00e1logo continuo que el Ministerio de Asuntos Agrarios lleva adelante en el territorio bonaerense, el ministro Alejandro &#8220;Topo&#8221; Rodr\u00edguez encabez\u00f3 hoy en Tornquist un encuentro con los miembros del Consejo Regional de Desarrollo del Sudoeste.<\/span><br \/>\nEl titular de la cartera se reuni\u00f3, en primera instancia, con el Comit\u00e9 Ejecutivo integrado por organismos oficiales; sector financiero; instituciones tecnol\u00f3gicas, cient\u00edficas y acad\u00e9micas; comercializadores de granos y hacienda; representantes del comercio y la industria; INTA; Federaci\u00f3n Agraria; Carbap; Universidad Nacional del Sur; Universidad del Sudoeste; UTN; y la Bolsa de Cereales de Bah\u00eda Blanca.<br \/>\nLuego dialog\u00f3 con el Consejo, en pleno, que adem\u00e1s de las instituciones y sectores mencionados, incluye la presencia de m\u00e1s actores de la regi\u00f3n y subregiones comprendidas en el Sudoeste.<br \/>\nEn la oportunidad, se present\u00f3 el estudio de \u00edndices y coeficientes de regionalizaci\u00f3n en el Sudoeste y se analiz\u00f3 la cadena de valor en la regi\u00f3n, el balance de lo realizado por el Consejo desde su creaci\u00f3n y las propuestas del Consejo Nacional.<br \/>\n&nbsp;<br \/>\n&nbsp;<\/p>\n","protected":false},"excerpt":{"rendered":"<p>httpv:\/\/www.youtube.com\/watch?v=RODlB3vvJCg httpv:\/\/www.youtube.com\/watch?v=LfyKxhSjets Lo dijo en Tornquist el Ministro de Asuntos Agrarios de la Provincia de Buenos Aires Alejandro &#8220;Topo&#8221; Rodriguez, luego de participar de la reuni\u00f3n del Consejo del Sudoeste Bonaerense donde se\u00a0 present\u00f3 el estudio de \u00edndices y coeficientes de regionalizaci\u00f3n y se analiz\u00f3 la cadena de valor en la regi\u00f3n y se busca [&hellip;]<\/p>\n","protected":false},"author":1,"featured_media":0,"comment_status":"closed","ping_status":"open","sticky":false,"template":"","format":"standard","meta":{"footnotes":""},"categories":[51,52,53,64],"tags":[],"class_list":["post-17826","post","type-post","status-publish","format-standard","hentry","category-comunidad","category-destacadas","category-politica","category-videos-destacados"],"yoast_head":"<!-- This site is optimized with the Yoast SEO plugin v19.7.1 - https:\/\/yoast.com\/wordpress\/plugins\/seo\/ -->\n<title>&quot;NO HEMOS ENCONTRADO PROTESTAS Y SI PROPUESTAS&quot; Dijo el Ministro Alejandro Rodriguez - CELTTV<\/title>\n<meta name=\"description\" content=\"Sitio web de noticias de la localidad de Tornquist, provincia de Buenos Aires, Rep\u00fablica Argentina. Contenido propio originado por periodistas de CELTTV, el canal de TV local de la Cooperativa El\u00e9ctrica de Tornquist. Turismo, Pol\u00edtica, Sociedad, Deporte, Cultura y todo el contenido de inter\u00e9s general que la gente del pueblo y la regi\u00f3n debe conocer.\" \/>\n<meta name=\"robots\" content=\"index, follow, max-snippet:-1, max-image-preview:large, max-video-preview:-1\" \/>\n<link rel=\"canonical\" href=\"https:\/\/www.celttv.com.ar\/index.php\/2014\/02\/27\/no-hemos-encontrado-protestas-y-si-propuestas-dijo-el-ministro-alejandro-rodriguez\/\" \/>\n<meta property=\"og:locale\" content=\"es_ES\" \/>\n<meta property=\"og:type\" content=\"article\" \/>\n<meta property=\"og:title\" content=\"&quot;NO HEMOS ENCONTRADO PROTESTAS Y SI PROPUESTAS&quot; Dijo el Ministro Alejandro Rodriguez - CELTTV\" \/>\n<meta property=\"og:description\" content=\"Sitio web de noticias de la localidad de Tornquist, provincia de Buenos Aires, Rep\u00fablica Argentina. Contenido propio originado por periodistas de CELTTV, el canal de TV local de la Cooperativa El\u00e9ctrica de Tornquist. Turismo, Pol\u00edtica, Sociedad, Deporte, Cultura y todo el contenido de inter\u00e9s general que la gente del pueblo y la regi\u00f3n debe conocer.\" \/>\n<meta property=\"og:url\" content=\"https:\/\/www.celttv.com.ar\/index.php\/2014\/02\/27\/no-hemos-encontrado-protestas-y-si-propuestas-dijo-el-ministro-alejandro-rodriguez\/\" \/>\n<meta property=\"og:site_name\" content=\"CELTTV\" \/>\n<meta property=\"article:publisher\" content=\"https:\/\/www.facebook.com\/celtTV\/\" \/>\n<meta property=\"article:published_time\" content=\"2014-02-27T18:10:34+00:00\" \/>\n<meta name=\"author\" content=\"ulises\" \/>\n<meta name=\"twitter:card\" content=\"summary_large_image\" \/>\n<meta name=\"twitter:label1\" content=\"Escrito por\" \/>\n\t<meta name=\"twitter:data1\" content=\"ulises\" \/>\n\t<meta name=\"twitter:label2\" content=\"Tiempo de lectura\" \/>\n\t<meta name=\"twitter:data2\" content=\"1 minuto\" \/>\n<script type=\"application\/ld+json\" class=\"yoast-schema-graph\">{\"@context\":\"https:\/\/schema.org\",\"@graph\":[{\"@type\":\"NewsArticle\",\"@id\":\"https:\/\/www.celttv.com.ar\/index.php\/2014\/02\/27\/no-hemos-encontrado-protestas-y-si-propuestas-dijo-el-ministro-alejandro-rodriguez\/#article\",\"isPartOf\":{\"@id\":\"https:\/\/www.celttv.com.ar\/index.php\/2014\/02\/27\/no-hemos-encontrado-protestas-y-si-propuestas-dijo-el-ministro-alejandro-rodriguez\/\"},\"author\":{\"name\":\"ulises\",\"@id\":\"https:\/\/www.celttv.com.ar\/#\/schema\/person\/6d99c072dba59953809c81446e9d0ace\"},\"headline\":\"&#8220;NO HEMOS ENCONTRADO PROTESTAS Y SI PROPUESTAS&#8221; Dijo el Ministro Alejandro Rodriguez\",\"datePublished\":\"2014-02-27T18:10:34+00:00\",\"dateModified\":\"2014-02-27T18:10:34+00:00\",\"mainEntityOfPage\":{\"@id\":\"https:\/\/www.celttv.com.ar\/index.php\/2014\/02\/27\/no-hemos-encontrado-protestas-y-si-propuestas-dijo-el-ministro-alejandro-rodriguez\/\"},\"wordCount\":276,\"publisher\":{\"@id\":\"https:\/\/www.celttv.com.ar\/#organization\"},\"articleSection\":[\"Comunidad\",\"Destacadas\",\"Pol\u00edtica\",\"Videos Destacados\"],\"inLanguage\":\"es\"},{\"@type\":\"WebPage\",\"@id\":\"https:\/\/www.celttv.com.ar\/index.php\/2014\/02\/27\/no-hemos-encontrado-protestas-y-si-propuestas-dijo-el-ministro-alejandro-rodriguez\/\",\"url\":\"https:\/\/www.celttv.com.ar\/index.php\/2014\/02\/27\/no-hemos-encontrado-protestas-y-si-propuestas-dijo-el-ministro-alejandro-rodriguez\/\",\"name\":\"\\\"NO HEMOS ENCONTRADO PROTESTAS Y SI PROPUESTAS\\\" Dijo el Ministro Alejandro Rodriguez - CELTTV\",\"isPartOf\":{\"@id\":\"https:\/\/www.celttv.com.ar\/#website\"},\"datePublished\":\"2014-02-27T18:10:34+00:00\",\"dateModified\":\"2014-02-27T18:10:34+00:00\",\"description\":\"Sitio web de noticias de la localidad de Tornquist, provincia de Buenos Aires, Rep\u00fablica Argentina. Contenido propio originado por periodistas de CELTTV, el canal de TV local de la Cooperativa El\u00e9ctrica de Tornquist. Turismo, Pol\u00edtica, Sociedad, Deporte, Cultura y todo el contenido de inter\u00e9s general que la gente del pueblo y la regi\u00f3n debe conocer.\",\"breadcrumb\":{\"@id\":\"https:\/\/www.celttv.com.ar\/index.php\/2014\/02\/27\/no-hemos-encontrado-protestas-y-si-propuestas-dijo-el-ministro-alejandro-rodriguez\/#breadcrumb\"},\"inLanguage\":\"es\",\"potentialAction\":[{\"@type\":\"ReadAction\",\"target\":[\"https:\/\/www.celttv.com.ar\/index.php\/2014\/02\/27\/no-hemos-encontrado-protestas-y-si-propuestas-dijo-el-ministro-alejandro-rodriguez\/\"]}]},{\"@type\":\"BreadcrumbList\",\"@id\":\"https:\/\/www.celttv.com.ar\/index.php\/2014\/02\/27\/no-hemos-encontrado-protestas-y-si-propuestas-dijo-el-ministro-alejandro-rodriguez\/#breadcrumb\",\"itemListElement\":[{\"@type\":\"ListItem\",\"position\":1,\"name\":\"Inicio\",\"item\":\"https:\/\/www.celttv.com.ar\/\"},{\"@type\":\"ListItem\",\"position\":2,\"name\":\"&#8220;NO HEMOS ENCONTRADO PROTESTAS Y SI PROPUESTAS&#8221; Dijo el Ministro Alejandro Rodriguez\"}]},{\"@type\":\"WebSite\",\"@id\":\"https:\/\/www.celttv.com.ar\/#website\",\"url\":\"https:\/\/www.celttv.com.ar\/\",\"name\":\"CELTTV\",\"description\":\"Cooperativa El\u00e9ctrica de Tornquist\",\"publisher\":{\"@id\":\"https:\/\/www.celttv.com.ar\/#organization\"},\"potentialAction\":[{\"@type\":\"SearchAction\",\"target\":{\"@type\":\"EntryPoint\",\"urlTemplate\":\"https:\/\/www.celttv.com.ar\/?s={search_term_string}\"},\"query-input\":\"required name=search_term_string\"}],\"inLanguage\":\"es\"},{\"@type\":\"Organization\",\"@id\":\"https:\/\/www.celttv.com.ar\/#organization\",\"name\":\"CELTTV\",\"url\":\"https:\/\/www.celttv.com.ar\/\",\"sameAs\":[\"https:\/\/www.youtube.com\/channel\/UCz_oIt8Hig64Ub-EmcNPIhg\",\"https:\/\/www.facebook.com\/celtTV\/\"],\"logo\":{\"@type\":\"ImageObject\",\"inLanguage\":\"es\",\"@id\":\"https:\/\/www.celttv.com.ar\/#\/schema\/logo\/image\/\",\"url\":\"http:\/\/www.celttv.com.ar\/wp-content\/uploads\/2022\/08\/logo-1.png\",\"contentUrl\":\"http:\/\/www.celttv.com.ar\/wp-content\/uploads\/2022\/08\/logo-1.png\",\"width\":461,\"height\":159,\"caption\":\"CELTTV\"},\"image\":{\"@id\":\"https:\/\/www.celttv.com.ar\/#\/schema\/logo\/image\/\"}},{\"@type\":\"Person\",\"@id\":\"https:\/\/www.celttv.com.ar\/#\/schema\/person\/6d99c072dba59953809c81446e9d0ace\",\"name\":\"ulises\",\"image\":{\"@type\":\"ImageObject\",\"inLanguage\":\"es\",\"@id\":\"https:\/\/www.celttv.com.ar\/#\/schema\/person\/image\/\",\"url\":\"https:\/\/secure.gravatar.com\/avatar\/7f2c48bdc33b30088f941fb6082e555f2874c98e20cb159d7b92b50eadfce793?s=96&d=mm&r=g\",\"contentUrl\":\"https:\/\/secure.gravatar.com\/avatar\/7f2c48bdc33b30088f941fb6082e555f2874c98e20cb159d7b92b50eadfce793?s=96&d=mm&r=g\",\"caption\":\"ulises\"},\"sameAs\":[\"http:\/\/www.celttv.com.ar\"]}]}<\/script>\n<!-- \/ Yoast SEO plugin. -->","yoast_head_json":{"title":"\"NO HEMOS ENCONTRADO PROTESTAS Y SI PROPUESTAS\" Dijo el Ministro Alejandro Rodriguez - CELTTV","description":"Sitio web de noticias de la localidad de Tornquist, provincia de Buenos Aires, Rep\u00fablica Argentina. Contenido propio originado por periodistas de CELTTV, el canal de TV local de la Cooperativa El\u00e9ctrica de Tornquist. Turismo, Pol\u00edtica, Sociedad, Deporte, Cultura y todo el contenido de inter\u00e9s general que la gente del pueblo y la regi\u00f3n debe conocer.","robots":{"index":"index","follow":"follow","max-snippet":"max-snippet:-1","max-image-preview":"max-image-preview:large","max-video-preview":"max-video-preview:-1"},"canonical":"https:\/\/www.celttv.com.ar\/index.php\/2014\/02\/27\/no-hemos-encontrado-protestas-y-si-propuestas-dijo-el-ministro-alejandro-rodriguez\/","og_locale":"es_ES","og_type":"article","og_title":"\"NO HEMOS ENCONTRADO PROTESTAS Y SI PROPUESTAS\" Dijo el Ministro Alejandro Rodriguez - CELTTV","og_description":"Sitio web de noticias de la localidad de Tornquist, provincia de Buenos Aires, Rep\u00fablica Argentina. Contenido propio originado por periodistas de CELTTV, el canal de TV local de la Cooperativa El\u00e9ctrica de Tornquist. Turismo, Pol\u00edtica, Sociedad, Deporte, Cultura y todo el contenido de inter\u00e9s general que la gente del pueblo y la regi\u00f3n debe conocer.","og_url":"https:\/\/www.celttv.com.ar\/index.php\/2014\/02\/27\/no-hemos-encontrado-protestas-y-si-propuestas-dijo-el-ministro-alejandro-rodriguez\/","og_site_name":"CELTTV","article_publisher":"https:\/\/www.facebook.com\/celtTV\/","article_published_time":"2014-02-27T18:10:34+00:00","author":"ulises","twitter_card":"summary_large_image","twitter_misc":{"Escrito por":"ulises","Tiempo de lectura":"1 minuto"},"schema":{"@context":"https:\/\/schema.org","@graph":[{"@type":"NewsArticle","@id":"https:\/\/www.celttv.com.ar\/index.php\/2014\/02\/27\/no-hemos-encontrado-protestas-y-si-propuestas-dijo-el-ministro-alejandro-rodriguez\/#article","isPartOf":{"@id":"https:\/\/www.celttv.com.ar\/index.php\/2014\/02\/27\/no-hemos-encontrado-protestas-y-si-propuestas-dijo-el-ministro-alejandro-rodriguez\/"},"author":{"name":"ulises","@id":"https:\/\/www.celttv.com.ar\/#\/schema\/person\/6d99c072dba59953809c81446e9d0ace"},"headline":"&#8220;NO HEMOS ENCONTRADO PROTESTAS Y SI PROPUESTAS&#8221; Dijo el Ministro Alejandro Rodriguez","datePublished":"2014-02-27T18:10:34+00:00","dateModified":"2014-02-27T18:10:34+00:00","mainEntityOfPage":{"@id":"https:\/\/www.celttv.com.ar\/index.php\/2014\/02\/27\/no-hemos-encontrado-protestas-y-si-propuestas-dijo-el-ministro-alejandro-rodriguez\/"},"wordCount":276,"publisher":{"@id":"https:\/\/www.celttv.com.ar\/#organization"},"articleSection":["Comunidad","Destacadas","Pol\u00edtica","Videos Destacados"],"inLanguage":"es"},{"@type":"WebPage","@id":"https:\/\/www.celttv.com.ar\/index.php\/2014\/02\/27\/no-hemos-encontrado-protestas-y-si-propuestas-dijo-el-ministro-alejandro-rodriguez\/","url":"https:\/\/www.celttv.com.ar\/index.php\/2014\/02\/27\/no-hemos-encontrado-protestas-y-si-propuestas-dijo-el-ministro-alejandro-rodriguez\/","name":"\"NO HEMOS ENCONTRADO PROTESTAS Y SI PROPUESTAS\" Dijo el Ministro Alejandro Rodriguez - CELTTV","isPartOf":{"@id":"https:\/\/www.celttv.com.ar\/#website"},"datePublished":"2014-02-27T18:10:34+00:00","dateModified":"2014-02-27T18:10:34+00:00","description":"Sitio web de noticias de la localidad de Tornquist, provincia de Buenos Aires, Rep\u00fablica Argentina. Contenido propio originado por periodistas de CELTTV, el canal de TV local de la Cooperativa El\u00e9ctrica de Tornquist. Turismo, Pol\u00edtica, Sociedad, Deporte, Cultura y todo el contenido de inter\u00e9s general que la gente del pueblo y la regi\u00f3n debe conocer.","breadcrumb":{"@id":"https:\/\/www.celttv.com.ar\/index.php\/2014\/02\/27\/no-hemos-encontrado-protestas-y-si-propuestas-dijo-el-ministro-alejandro-rodriguez\/#breadcrumb"},"inLanguage":"es","potentialAction":[{"@type":"ReadAction","target":["https:\/\/www.celttv.com.ar\/index.php\/2014\/02\/27\/no-hemos-encontrado-protestas-y-si-propuestas-dijo-el-ministro-alejandro-rodriguez\/"]}]},{"@type":"BreadcrumbList","@id":"https:\/\/www.celttv.com.ar\/index.php\/2014\/02\/27\/no-hemos-encontrado-protestas-y-si-propuestas-dijo-el-ministro-alejandro-rodriguez\/#breadcrumb","itemListElement":[{"@type":"ListItem","position":1,"name":"Inicio","item":"https:\/\/www.celttv.com.ar\/"},{"@type":"ListItem","position":2,"name":"&#8220;NO HEMOS ENCONTRADO PROTESTAS Y SI PROPUESTAS&#8221; Dijo el Ministro Alejandro Rodriguez"}]},{"@type":"WebSite","@id":"https:\/\/www.celttv.com.ar\/#website","url":"https:\/\/www.celttv.com.ar\/","name":"CELTTV","description":"Cooperativa El\u00e9ctrica de Tornquist","publisher":{"@id":"https:\/\/www.celttv.com.ar\/#organization"},"potentialAction":[{"@type":"SearchAction","target":{"@type":"EntryPoint","urlTemplate":"https:\/\/www.celttv.com.ar\/?s={search_term_string}"},"query-input":"required name=search_term_string"}],"inLanguage":"es"},{"@type":"Organization","@id":"https:\/\/www.celttv.com.ar\/#organization","name":"CELTTV","url":"https:\/\/www.celttv.com.ar\/","sameAs":["https:\/\/www.youtube.com\/channel\/UCz_oIt8Hig64Ub-EmcNPIhg","https:\/\/www.facebook.com\/celtTV\/"],"logo":{"@type":"ImageObject","inLanguage":"es","@id":"https:\/\/www.celttv.com.ar\/#\/schema\/logo\/image\/","url":"http:\/\/www.celttv.com.ar\/wp-content\/uploads\/2022\/08\/logo-1.png","contentUrl":"http:\/\/www.celttv.com.ar\/wp-content\/uploads\/2022\/08\/logo-1.png","width":461,"height":159,"caption":"CELTTV"},"image":{"@id":"https:\/\/www.celttv.com.ar\/#\/schema\/logo\/image\/"}},{"@type":"Person","@id":"https:\/\/www.celttv.com.ar\/#\/schema\/person\/6d99c072dba59953809c81446e9d0ace","name":"ulises","image":{"@type":"ImageObject","inLanguage":"es","@id":"https:\/\/www.celttv.com.ar\/#\/schema\/person\/image\/","url":"https:\/\/secure.gravatar.com\/avatar\/7f2c48bdc33b30088f941fb6082e555f2874c98e20cb159d7b92b50eadfce793?s=96&d=mm&r=g","contentUrl":"https:\/\/secure.gravatar.com\/avatar\/7f2c48bdc33b30088f941fb6082e555f2874c98e20cb159d7b92b50eadfce793?s=96&d=mm&r=g","caption":"ulises"},"sameAs":["http:\/\/www.celttv.com.ar"]}]}},"_links":{"self":[{"href":"https:\/\/www.celttv.com.ar\/index.php\/wp-json\/wp\/v2\/posts\/17826","targetHints":{"allow":["GET"]}}],"collection":[{"href":"https:\/\/www.celttv.com.ar\/index.php\/wp-json\/wp\/v2\/posts"}],"about":[{"href":"https:\/\/www.celttv.com.ar\/index.php\/wp-json\/wp\/v2\/types\/post"}],"author":[{"embeddable":true,"href":"https:\/\/www.celttv.com.ar\/index.php\/wp-json\/wp\/v2\/users\/1"}],"replies":[{"embeddable":true,"href":"https:\/\/www.celttv.com.ar\/index.php\/wp-json\/wp\/v2\/comments?post=17826"}],"version-history":[{"count":0,"href":"https:\/\/www.celttv.com.ar\/index.php\/wp-json\/wp\/v2\/posts\/17826\/revisions"}],"wp:attachment":[{"href":"https:\/\/www.celttv.com.ar\/index.php\/wp-json\/wp\/v2\/media?parent=17826"}],"wp:term":[{"taxonomy":"category","embeddable":true,"href":"https:\/\/www.celttv.com.ar\/index.php\/wp-json\/wp\/v2\/categories?post=17826"},{"taxonomy":"post_tag","embeddable":true,"href":"https:\/\/www.celttv.com.ar\/index.php\/wp-json\/wp\/v2\/tags?post=17826"}],"curies":[{"name":"wp","href":"https:\/\/api.w.org\/{rel}","templated":true}]}}