{"id":17841,"date":"2014-02-27T20:21:38","date_gmt":"2014-02-27T20:21:38","guid":{"rendered":"http:\/\/www.tvcnoticias.com.ar\/?p=17841"},"modified":"2014-02-27T20:21:38","modified_gmt":"2014-02-27T20:21:38","slug":"intendentes-de-la-region-acordaron-con-de-vido-controlar-precios-de-materiales-para-obra-publica","status":"publish","type":"post","link":"https:\/\/www.celttv.com.ar\/index.php\/2014\/02\/27\/intendentes-de-la-region-acordaron-con-de-vido-controlar-precios-de-materiales-para-obra-publica\/","title":{"rendered":"INTENDENTES DE LA REGION ACORDARON CON DE VIDO CONTROLAR PRECIOS DE MATERIALES PARA OBRA PUBLICA"},"content":{"rendered":"<p><a rel=\"attachment wp-att-17842\" href=\"http:\/\/www.tvcnoticias.com.ar\/?attachment_id=17842\"><img loading=\"lazy\" decoding=\"async\" class=\"aligncenter size-medium wp-image-17842\" title=\"ministerio de planificacion\" src=\"http:\/\/www.tvcnoticias.com.ar\/wp-content\/uploads\/2014\/02\/ministerio-de-planificacion-450x216.jpg\" alt=\"\" width=\"450\" height=\"216\" \/><\/a><br \/>\nIntendentes de la Sexta Secci\u00f3n electoral se reunieron en las \u00faltimas horas con el ministro de Planificaci\u00f3n Federal, Inversi\u00f3n P\u00fablica y Servicio, Julio De Vido, y acordaron trabajar en el monitoreo de los costos de aquellos insumos que los municipios adquieren ya sea en forma directa o a trav\u00e9s de contratistas para llevar adelante programas de obras p\u00fablicas.<br \/>\nEl intendente de Monte Hermoso, Marcos Fern\u00e1ndez, calific\u00f3 como &#8220;muy positivo&#8221; el encuentro y destac\u00f3 &#8220;la gran cantidad de obras que junto al Estado Nacional, estamos ejecutando desde los municipios&#8221;.<br \/>\nAsegur\u00f3 que en la reuni\u00f3n se consensu\u00f3 trabajar para corregir la &#8220;distorsi\u00f3n&#8221; en los valores de los materiales para la construcci\u00f3n, &#8220;sobre todo con un Estado que est\u00e1 haciendo mucha obra p\u00fablica&#8221;, para &#8220;cuidar el crecimiento de la construcci\u00f3n en el \u00e1mbito privado a trav\u00e9s del PRO.CRE.AR&#8221;.<br \/>\nPor su parte, N\u00e9stor Alvarez, jefe comunal de Guamin\u00ed, afirm\u00f3 que durante la reuni\u00f3n con De Vido se &#8220;avanz\u00f3 en la posibilidad de que cada municipio realice su propio acuerdo de precios a nivel local&#8221;.<br \/>\nTambi\u00e9n estuvieron presentes en el encuentro los intendentes de Adolfo Gonz\u00e1les Ch\u00e1ves, Benito Ju\u00e1rez, Coronel Su\u00e1rez, General La Madrid, Laprida, Patagones, Saavedra, Tornquist, Tres Lomas y Villarino.<br \/>\n(Prensa Ministerio de Planificaci\u00f3n)<br \/>\n&nbsp;<br \/>\n&nbsp;<\/p>\n","protected":false},"excerpt":{"rendered":"<p>Intendentes de la Sexta Secci\u00f3n electoral se reunieron en las \u00faltimas horas con el ministro de Planificaci\u00f3n Federal, Inversi\u00f3n P\u00fablica y Servicio, Julio De Vido, y acordaron trabajar en el monitoreo de los costos de aquellos insumos que los municipios adquieren ya sea en forma directa o a trav\u00e9s de contratistas para llevar adelante programas [&hellip;]<\/p>\n","protected":false},"author":1,"featured_media":0,"comment_status":"closed","ping_status":"open","sticky":false,"template":"","format":"standard","meta":{"footnotes":""},"categories":[51,52,53],"tags":[],"class_list":["post-17841","post","type-post","status-publish","format-standard","hentry","category-comunidad","category-destacadas","category-politica"],"yoast_head":"<!-- This site is optimized with the Yoast SEO plugin v19.7.1 - https:\/\/yoast.com\/wordpress\/plugins\/seo\/ -->\n<title>INTENDENTES DE LA REGION ACORDARON CON DE VIDO CONTROLAR PRECIOS DE MATERIALES PARA OBRA PUBLICA - CELTTV<\/title>\n<meta name=\"description\" content=\"Sitio web de noticias de la localidad de Tornquist, provincia de Buenos Aires, Rep\u00fablica Argentina. Contenido propio originado por periodistas de CELTTV, el canal de TV local de la Cooperativa El\u00e9ctrica de Tornquist. Turismo, Pol\u00edtica, Sociedad, Deporte, Cultura y todo el contenido de inter\u00e9s general que la gente del pueblo y la regi\u00f3n debe conocer.\" \/>\n<meta name=\"robots\" content=\"index, follow, max-snippet:-1, max-image-preview:large, max-video-preview:-1\" \/>\n<link rel=\"canonical\" href=\"https:\/\/www.celttv.com.ar\/index.php\/2014\/02\/27\/intendentes-de-la-region-acordaron-con-de-vido-controlar-precios-de-materiales-para-obra-publica\/\" \/>\n<meta property=\"og:locale\" content=\"es_ES\" \/>\n<meta property=\"og:type\" content=\"article\" \/>\n<meta property=\"og:title\" content=\"INTENDENTES DE LA REGION ACORDARON CON DE VIDO CONTROLAR PRECIOS DE MATERIALES PARA OBRA PUBLICA - CELTTV\" \/>\n<meta property=\"og:description\" content=\"Sitio web de noticias de la localidad de Tornquist, provincia de Buenos Aires, Rep\u00fablica Argentina. Contenido propio originado por periodistas de CELTTV, el canal de TV local de la Cooperativa El\u00e9ctrica de Tornquist. Turismo, Pol\u00edtica, Sociedad, Deporte, Cultura y todo el contenido de inter\u00e9s general que la gente del pueblo y la regi\u00f3n debe conocer.\" \/>\n<meta property=\"og:url\" content=\"https:\/\/www.celttv.com.ar\/index.php\/2014\/02\/27\/intendentes-de-la-region-acordaron-con-de-vido-controlar-precios-de-materiales-para-obra-publica\/\" \/>\n<meta property=\"og:site_name\" content=\"CELTTV\" \/>\n<meta property=\"article:publisher\" content=\"https:\/\/www.facebook.com\/celtTV\/\" \/>\n<meta property=\"article:published_time\" content=\"2014-02-27T20:21:38+00:00\" \/>\n<meta property=\"og:image\" content=\"http:\/\/www.tvcnoticias.com.ar\/wp-content\/uploads\/2014\/02\/ministerio-de-planificacion-450x216.jpg\" \/>\n<meta name=\"author\" content=\"ulises\" \/>\n<meta name=\"twitter:card\" content=\"summary_large_image\" \/>\n<meta name=\"twitter:label1\" content=\"Escrito por\" \/>\n\t<meta name=\"twitter:data1\" content=\"ulises\" \/>\n\t<meta name=\"twitter:label2\" content=\"Tiempo de lectura\" \/>\n\t<meta name=\"twitter:data2\" content=\"1 minuto\" \/>\n<script type=\"application\/ld+json\" class=\"yoast-schema-graph\">{\"@context\":\"https:\/\/schema.org\",\"@graph\":[{\"@type\":\"NewsArticle\",\"@id\":\"https:\/\/www.celttv.com.ar\/index.php\/2014\/02\/27\/intendentes-de-la-region-acordaron-con-de-vido-controlar-precios-de-materiales-para-obra-publica\/#article\",\"isPartOf\":{\"@id\":\"https:\/\/www.celttv.com.ar\/index.php\/2014\/02\/27\/intendentes-de-la-region-acordaron-con-de-vido-controlar-precios-de-materiales-para-obra-publica\/\"},\"author\":{\"name\":\"ulises\",\"@id\":\"https:\/\/www.celttv.com.ar\/#\/schema\/person\/6d99c072dba59953809c81446e9d0ace\"},\"headline\":\"INTENDENTES DE LA REGION ACORDARON CON DE VIDO CONTROLAR PRECIOS DE MATERIALES PARA OBRA PUBLICA\",\"datePublished\":\"2014-02-27T20:21:38+00:00\",\"dateModified\":\"2014-02-27T20:21:38+00:00\",\"mainEntityOfPage\":{\"@id\":\"https:\/\/www.celttv.com.ar\/index.php\/2014\/02\/27\/intendentes-de-la-region-acordaron-con-de-vido-controlar-precios-de-materiales-para-obra-publica\/\"},\"wordCount\":241,\"publisher\":{\"@id\":\"https:\/\/www.celttv.com.ar\/#organization\"},\"articleSection\":[\"Comunidad\",\"Destacadas\",\"Pol\u00edtica\"],\"inLanguage\":\"es\"},{\"@type\":\"WebPage\",\"@id\":\"https:\/\/www.celttv.com.ar\/index.php\/2014\/02\/27\/intendentes-de-la-region-acordaron-con-de-vido-controlar-precios-de-materiales-para-obra-publica\/\",\"url\":\"https:\/\/www.celttv.com.ar\/index.php\/2014\/02\/27\/intendentes-de-la-region-acordaron-con-de-vido-controlar-precios-de-materiales-para-obra-publica\/\",\"name\":\"INTENDENTES DE LA REGION ACORDARON CON DE VIDO CONTROLAR PRECIOS DE MATERIALES PARA OBRA PUBLICA - CELTTV\",\"isPartOf\":{\"@id\":\"https:\/\/www.celttv.com.ar\/#website\"},\"datePublished\":\"2014-02-27T20:21:38+00:00\",\"dateModified\":\"2014-02-27T20:21:38+00:00\",\"description\":\"Sitio web de noticias de la localidad de Tornquist, provincia de Buenos Aires, Rep\u00fablica Argentina. Contenido propio originado por periodistas de CELTTV, el canal de TV local de la Cooperativa El\u00e9ctrica de Tornquist. Turismo, Pol\u00edtica, Sociedad, Deporte, Cultura y todo el contenido de inter\u00e9s general que la gente del pueblo y la regi\u00f3n debe conocer.\",\"breadcrumb\":{\"@id\":\"https:\/\/www.celttv.com.ar\/index.php\/2014\/02\/27\/intendentes-de-la-region-acordaron-con-de-vido-controlar-precios-de-materiales-para-obra-publica\/#breadcrumb\"},\"inLanguage\":\"es\",\"potentialAction\":[{\"@type\":\"ReadAction\",\"target\":[\"https:\/\/www.celttv.com.ar\/index.php\/2014\/02\/27\/intendentes-de-la-region-acordaron-con-de-vido-controlar-precios-de-materiales-para-obra-publica\/\"]}]},{\"@type\":\"BreadcrumbList\",\"@id\":\"https:\/\/www.celttv.com.ar\/index.php\/2014\/02\/27\/intendentes-de-la-region-acordaron-con-de-vido-controlar-precios-de-materiales-para-obra-publica\/#breadcrumb\",\"itemListElement\":[{\"@type\":\"ListItem\",\"position\":1,\"name\":\"Inicio\",\"item\":\"https:\/\/www.celttv.com.ar\/\"},{\"@type\":\"ListItem\",\"position\":2,\"name\":\"INTENDENTES DE LA REGION ACORDARON CON DE VIDO CONTROLAR PRECIOS DE MATERIALES PARA OBRA PUBLICA\"}]},{\"@type\":\"WebSite\",\"@id\":\"https:\/\/www.celttv.com.ar\/#website\",\"url\":\"https:\/\/www.celttv.com.ar\/\",\"name\":\"CELTTV\",\"description\":\"Cooperativa El\u00e9ctrica de Tornquist\",\"publisher\":{\"@id\":\"https:\/\/www.celttv.com.ar\/#organization\"},\"potentialAction\":[{\"@type\":\"SearchAction\",\"target\":{\"@type\":\"EntryPoint\",\"urlTemplate\":\"https:\/\/www.celttv.com.ar\/?s={search_term_string}\"},\"query-input\":\"required name=search_term_string\"}],\"inLanguage\":\"es\"},{\"@type\":\"Organization\",\"@id\":\"https:\/\/www.celttv.com.ar\/#organization\",\"name\":\"CELTTV\",\"url\":\"https:\/\/www.celttv.com.ar\/\",\"sameAs\":[\"https:\/\/www.youtube.com\/channel\/UCz_oIt8Hig64Ub-EmcNPIhg\",\"https:\/\/www.facebook.com\/celtTV\/\"],\"logo\":{\"@type\":\"ImageObject\",\"inLanguage\":\"es\",\"@id\":\"https:\/\/www.celttv.com.ar\/#\/schema\/logo\/image\/\",\"url\":\"http:\/\/www.celttv.com.ar\/wp-content\/uploads\/2022\/08\/logo-1.png\",\"contentUrl\":\"http:\/\/www.celttv.com.ar\/wp-content\/uploads\/2022\/08\/logo-1.png\",\"width\":461,\"height\":159,\"caption\":\"CELTTV\"},\"image\":{\"@id\":\"https:\/\/www.celttv.com.ar\/#\/schema\/logo\/image\/\"}},{\"@type\":\"Person\",\"@id\":\"https:\/\/www.celttv.com.ar\/#\/schema\/person\/6d99c072dba59953809c81446e9d0ace\",\"name\":\"ulises\",\"image\":{\"@type\":\"ImageObject\",\"inLanguage\":\"es\",\"@id\":\"https:\/\/www.celttv.com.ar\/#\/schema\/person\/image\/\",\"url\":\"https:\/\/secure.gravatar.com\/avatar\/7f2c48bdc33b30088f941fb6082e555f2874c98e20cb159d7b92b50eadfce793?s=96&d=mm&r=g\",\"contentUrl\":\"https:\/\/secure.gravatar.com\/avatar\/7f2c48bdc33b30088f941fb6082e555f2874c98e20cb159d7b92b50eadfce793?s=96&d=mm&r=g\",\"caption\":\"ulises\"},\"sameAs\":[\"http:\/\/www.celttv.com.ar\"]}]}<\/script>\n<!-- \/ Yoast SEO plugin. -->","yoast_head_json":{"title":"INTENDENTES DE LA REGION ACORDARON CON DE VIDO CONTROLAR PRECIOS DE MATERIALES PARA OBRA PUBLICA - CELTTV","description":"Sitio web de noticias de la localidad de Tornquist, provincia de Buenos Aires, Rep\u00fablica Argentina. Contenido propio originado por periodistas de CELTTV, el canal de TV local de la Cooperativa El\u00e9ctrica de Tornquist. Turismo, Pol\u00edtica, Sociedad, Deporte, Cultura y todo el contenido de inter\u00e9s general que la gente del pueblo y la regi\u00f3n debe conocer.","robots":{"index":"index","follow":"follow","max-snippet":"max-snippet:-1","max-image-preview":"max-image-preview:large","max-video-preview":"max-video-preview:-1"},"canonical":"https:\/\/www.celttv.com.ar\/index.php\/2014\/02\/27\/intendentes-de-la-region-acordaron-con-de-vido-controlar-precios-de-materiales-para-obra-publica\/","og_locale":"es_ES","og_type":"article","og_title":"INTENDENTES DE LA REGION ACORDARON CON DE VIDO CONTROLAR PRECIOS DE MATERIALES PARA OBRA PUBLICA - CELTTV","og_description":"Sitio web de noticias de la localidad de Tornquist, provincia de Buenos Aires, Rep\u00fablica Argentina. Contenido propio originado por periodistas de CELTTV, el canal de TV local de la Cooperativa El\u00e9ctrica de Tornquist. Turismo, Pol\u00edtica, Sociedad, Deporte, Cultura y todo el contenido de inter\u00e9s general que la gente del pueblo y la regi\u00f3n debe conocer.","og_url":"https:\/\/www.celttv.com.ar\/index.php\/2014\/02\/27\/intendentes-de-la-region-acordaron-con-de-vido-controlar-precios-de-materiales-para-obra-publica\/","og_site_name":"CELTTV","article_publisher":"https:\/\/www.facebook.com\/celtTV\/","article_published_time":"2014-02-27T20:21:38+00:00","og_image":[{"url":"http:\/\/www.tvcnoticias.com.ar\/wp-content\/uploads\/2014\/02\/ministerio-de-planificacion-450x216.jpg"}],"author":"ulises","twitter_card":"summary_large_image","twitter_misc":{"Escrito por":"ulises","Tiempo de lectura":"1 minuto"},"schema":{"@context":"https:\/\/schema.org","@graph":[{"@type":"NewsArticle","@id":"https:\/\/www.celttv.com.ar\/index.php\/2014\/02\/27\/intendentes-de-la-region-acordaron-con-de-vido-controlar-precios-de-materiales-para-obra-publica\/#article","isPartOf":{"@id":"https:\/\/www.celttv.com.ar\/index.php\/2014\/02\/27\/intendentes-de-la-region-acordaron-con-de-vido-controlar-precios-de-materiales-para-obra-publica\/"},"author":{"name":"ulises","@id":"https:\/\/www.celttv.com.ar\/#\/schema\/person\/6d99c072dba59953809c81446e9d0ace"},"headline":"INTENDENTES DE LA REGION ACORDARON CON DE VIDO CONTROLAR PRECIOS DE MATERIALES PARA OBRA PUBLICA","datePublished":"2014-02-27T20:21:38+00:00","dateModified":"2014-02-27T20:21:38+00:00","mainEntityOfPage":{"@id":"https:\/\/www.celttv.com.ar\/index.php\/2014\/02\/27\/intendentes-de-la-region-acordaron-con-de-vido-controlar-precios-de-materiales-para-obra-publica\/"},"wordCount":241,"publisher":{"@id":"https:\/\/www.celttv.com.ar\/#organization"},"articleSection":["Comunidad","Destacadas","Pol\u00edtica"],"inLanguage":"es"},{"@type":"WebPage","@id":"https:\/\/www.celttv.com.ar\/index.php\/2014\/02\/27\/intendentes-de-la-region-acordaron-con-de-vido-controlar-precios-de-materiales-para-obra-publica\/","url":"https:\/\/www.celttv.com.ar\/index.php\/2014\/02\/27\/intendentes-de-la-region-acordaron-con-de-vido-controlar-precios-de-materiales-para-obra-publica\/","name":"INTENDENTES DE LA REGION ACORDARON CON DE VIDO CONTROLAR PRECIOS DE MATERIALES PARA OBRA PUBLICA - CELTTV","isPartOf":{"@id":"https:\/\/www.celttv.com.ar\/#website"},"datePublished":"2014-02-27T20:21:38+00:00","dateModified":"2014-02-27T20:21:38+00:00","description":"Sitio web de noticias de la localidad de Tornquist, provincia de Buenos Aires, Rep\u00fablica Argentina. Contenido propio originado por periodistas de CELTTV, el canal de TV local de la Cooperativa El\u00e9ctrica de Tornquist. Turismo, Pol\u00edtica, Sociedad, Deporte, Cultura y todo el contenido de inter\u00e9s general que la gente del pueblo y la regi\u00f3n debe conocer.","breadcrumb":{"@id":"https:\/\/www.celttv.com.ar\/index.php\/2014\/02\/27\/intendentes-de-la-region-acordaron-con-de-vido-controlar-precios-de-materiales-para-obra-publica\/#breadcrumb"},"inLanguage":"es","potentialAction":[{"@type":"ReadAction","target":["https:\/\/www.celttv.com.ar\/index.php\/2014\/02\/27\/intendentes-de-la-region-acordaron-con-de-vido-controlar-precios-de-materiales-para-obra-publica\/"]}]},{"@type":"BreadcrumbList","@id":"https:\/\/www.celttv.com.ar\/index.php\/2014\/02\/27\/intendentes-de-la-region-acordaron-con-de-vido-controlar-precios-de-materiales-para-obra-publica\/#breadcrumb","itemListElement":[{"@type":"ListItem","position":1,"name":"Inicio","item":"https:\/\/www.celttv.com.ar\/"},{"@type":"ListItem","position":2,"name":"INTENDENTES DE LA REGION ACORDARON CON DE VIDO CONTROLAR PRECIOS DE MATERIALES PARA OBRA PUBLICA"}]},{"@type":"WebSite","@id":"https:\/\/www.celttv.com.ar\/#website","url":"https:\/\/www.celttv.com.ar\/","name":"CELTTV","description":"Cooperativa El\u00e9ctrica de Tornquist","publisher":{"@id":"https:\/\/www.celttv.com.ar\/#organization"},"potentialAction":[{"@type":"SearchAction","target":{"@type":"EntryPoint","urlTemplate":"https:\/\/www.celttv.com.ar\/?s={search_term_string}"},"query-input":"required name=search_term_string"}],"inLanguage":"es"},{"@type":"Organization","@id":"https:\/\/www.celttv.com.ar\/#organization","name":"CELTTV","url":"https:\/\/www.celttv.com.ar\/","sameAs":["https:\/\/www.youtube.com\/channel\/UCz_oIt8Hig64Ub-EmcNPIhg","https:\/\/www.facebook.com\/celtTV\/"],"logo":{"@type":"ImageObject","inLanguage":"es","@id":"https:\/\/www.celttv.com.ar\/#\/schema\/logo\/image\/","url":"http:\/\/www.celttv.com.ar\/wp-content\/uploads\/2022\/08\/logo-1.png","contentUrl":"http:\/\/www.celttv.com.ar\/wp-content\/uploads\/2022\/08\/logo-1.png","width":461,"height":159,"caption":"CELTTV"},"image":{"@id":"https:\/\/www.celttv.com.ar\/#\/schema\/logo\/image\/"}},{"@type":"Person","@id":"https:\/\/www.celttv.com.ar\/#\/schema\/person\/6d99c072dba59953809c81446e9d0ace","name":"ulises","image":{"@type":"ImageObject","inLanguage":"es","@id":"https:\/\/www.celttv.com.ar\/#\/schema\/person\/image\/","url":"https:\/\/secure.gravatar.com\/avatar\/7f2c48bdc33b30088f941fb6082e555f2874c98e20cb159d7b92b50eadfce793?s=96&d=mm&r=g","contentUrl":"https:\/\/secure.gravatar.com\/avatar\/7f2c48bdc33b30088f941fb6082e555f2874c98e20cb159d7b92b50eadfce793?s=96&d=mm&r=g","caption":"ulises"},"sameAs":["http:\/\/www.celttv.com.ar"]}]}},"_links":{"self":[{"href":"https:\/\/www.celttv.com.ar\/index.php\/wp-json\/wp\/v2\/posts\/17841","targetHints":{"allow":["GET"]}}],"collection":[{"href":"https:\/\/www.celttv.com.ar\/index.php\/wp-json\/wp\/v2\/posts"}],"about":[{"href":"https:\/\/www.celttv.com.ar\/index.php\/wp-json\/wp\/v2\/types\/post"}],"author":[{"embeddable":true,"href":"https:\/\/www.celttv.com.ar\/index.php\/wp-json\/wp\/v2\/users\/1"}],"replies":[{"embeddable":true,"href":"https:\/\/www.celttv.com.ar\/index.php\/wp-json\/wp\/v2\/comments?post=17841"}],"version-history":[{"count":0,"href":"https:\/\/www.celttv.com.ar\/index.php\/wp-json\/wp\/v2\/posts\/17841\/revisions"}],"wp:attachment":[{"href":"https:\/\/www.celttv.com.ar\/index.php\/wp-json\/wp\/v2\/media?parent=17841"}],"wp:term":[{"taxonomy":"category","embeddable":true,"href":"https:\/\/www.celttv.com.ar\/index.php\/wp-json\/wp\/v2\/categories?post=17841"},{"taxonomy":"post_tag","embeddable":true,"href":"https:\/\/www.celttv.com.ar\/index.php\/wp-json\/wp\/v2\/tags?post=17841"}],"curies":[{"name":"wp","href":"https:\/\/api.w.org\/{rel}","templated":true}]}}