{"id":17846,"date":"2014-02-27T20:28:36","date_gmt":"2014-02-27T20:28:36","guid":{"rendered":"http:\/\/www.tvcnoticias.com.ar\/?p=17846"},"modified":"2014-02-27T20:28:36","modified_gmt":"2014-02-27T20:28:36","slug":"trankels-junto-a-intendentes-de-la-sexta-se-reunio-con-breitenstein","status":"publish","type":"post","link":"https:\/\/www.celttv.com.ar\/index.php\/2014\/02\/27\/trankels-junto-a-intendentes-de-la-sexta-se-reunio-con-breitenstein\/","title":{"rendered":"TRANKELS, JUNTO A INTENDENTES DE LA SEXTA, SE REUNIO CON BREITENSTEIN"},"content":{"rendered":"<p><a rel=\"attachment wp-att-17847\" href=\"http:\/\/www.tvcnoticias.com.ar\/?attachment_id=17847\"><img loading=\"lazy\" decoding=\"async\" class=\"aligncenter size-medium wp-image-17847\" title=\"trankels y breistenten (Medium)\" src=\"http:\/\/www.tvcnoticias.com.ar\/wp-content\/uploads\/2014\/02\/trankels-y-breistenten-Medium-450x250.jpg\" alt=\"\" width=\"450\" height=\"250\" \/><\/a><br \/>\nEl Ministro de la Producci\u00f3n bonaerense Cristian Breitenstein particip\u00f3 de un encuentro de trabajo con intendentes de ala sexta secci\u00f3n electoral.<br \/>\nBreitenstein celebr\u00f3 este primer encuentro &#8220;como \u00e1mbito de debate para construir pol\u00edtica territorial y asistir las demandas locales de acuerdo a las necesidades reales de una regi\u00f3n con caracter\u00edsticas propias&#8221;.<br \/>\n&#8220;Trabajamos en agenda el desarrollo de los parques industriales, de los puertos de Bah\u00eda Blanca y Coronel Rosales, de CORFO y la situaci\u00f3n del agro . Tambi\u00e9n dialogamos acerca de las acciones conjuntas con la Universidad Provincial del Sudoeste, y de futuros encuentros con cada municipio para avanzar en gestiones puntuales de cada ciudad&#8221;, detall\u00f3 el bahiense.<br \/>\nPor su parte la ministra de Gobierno, Cristina \u00c1lvarez Rodr\u00edguez, destac\u00f3 &#8220;la voluntad del gobernador Scioli de poner a disposici\u00f3n de los municipios todas las \u00e1reas del gobierno provincial&#8221;, en el marco de una reuni\u00f3n con intendentes de la sexta secci\u00f3n electoral que se realiz\u00f3 en Casa de Gobierno.<br \/>\n\u00c1lvarez Rodr\u00edguez convoc\u00f3 a &#8220;seguir trabajando de manera conjunta, Naci\u00f3n, Provincia y Municipios para fortalecer los logros de gesti\u00f3n y avanzar en lo que falta&#8221;, acompa\u00f1ada por los ministros Silvina Batakis (Econom\u00eda) y Cristian Breitenstein (Producci\u00f3n); y el titular del OPDS, Hugo Bilbao.<br \/>\nEn el encuentro estuvieron los intendentes Jos\u00e9 Mart\u00ednez (Gonz\u00e1lez Chaves); Julio Marini (Benito Ju\u00e1rez); Carlos Pellita (General La Madrid); N\u00e9stor Alvarez (Guamin\u00ed); Alfredo Fisher (Laprida); Hugo Corvatta (Saavedra); Gustavo Trankels (Tornquist); Roberto Alvarez (Tres Lomas) y Patricia Cobello (Villarino).<br \/>\nParticiparon tambi\u00e9n los jefes comunales Oscar Holzman (Coronel Rosales); Marcos Fern\u00e1ndez (Monte Hermoso) y Ricardo Curetti (Patagones); el legislador provincial Ricardo M\u00f3ccero; los subsecretarios Marcelo Sosa (Asuntos Municipales) y Andrea Balleto (Pol\u00edticas de Gobierno); el jefe de Gabinete de Arba, Ramiro Urristi; y el del ministerio de Gobierno, Omar Furlan.<br \/>\n&nbsp;<\/p>\n","protected":false},"excerpt":{"rendered":"<p>El Ministro de la Producci\u00f3n bonaerense Cristian Breitenstein particip\u00f3 de un encuentro de trabajo con intendentes de ala sexta secci\u00f3n electoral. Breitenstein celebr\u00f3 este primer encuentro &#8220;como \u00e1mbito de debate para construir pol\u00edtica territorial y asistir las demandas locales de acuerdo a las necesidades reales de una regi\u00f3n con caracter\u00edsticas propias&#8221;. &#8220;Trabajamos en agenda el [&hellip;]<\/p>\n","protected":false},"author":1,"featured_media":0,"comment_status":"closed","ping_status":"open","sticky":false,"template":"","format":"standard","meta":{"footnotes":""},"categories":[51,52,53],"tags":[],"class_list":["post-17846","post","type-post","status-publish","format-standard","hentry","category-comunidad","category-destacadas","category-politica"],"yoast_head":"<!-- This site is optimized with the Yoast SEO plugin v19.7.1 - https:\/\/yoast.com\/wordpress\/plugins\/seo\/ -->\n<title>TRANKELS, JUNTO A INTENDENTES DE LA SEXTA, SE REUNIO CON BREITENSTEIN - CELTTV<\/title>\n<meta name=\"description\" content=\"Sitio web de noticias de la localidad de Tornquist, provincia de Buenos Aires, Rep\u00fablica Argentina. Contenido propio originado por periodistas de CELTTV, el canal de TV local de la Cooperativa El\u00e9ctrica de Tornquist. Turismo, Pol\u00edtica, Sociedad, Deporte, Cultura y todo el contenido de inter\u00e9s general que la gente del pueblo y la regi\u00f3n debe conocer.\" \/>\n<meta name=\"robots\" content=\"index, follow, max-snippet:-1, max-image-preview:large, max-video-preview:-1\" \/>\n<link rel=\"canonical\" href=\"https:\/\/www.celttv.com.ar\/index.php\/2014\/02\/27\/trankels-junto-a-intendentes-de-la-sexta-se-reunio-con-breitenstein\/\" \/>\n<meta property=\"og:locale\" content=\"es_ES\" \/>\n<meta property=\"og:type\" content=\"article\" \/>\n<meta property=\"og:title\" content=\"TRANKELS, JUNTO A INTENDENTES DE LA SEXTA, SE REUNIO CON BREITENSTEIN - CELTTV\" \/>\n<meta property=\"og:description\" content=\"Sitio web de noticias de la localidad de Tornquist, provincia de Buenos Aires, Rep\u00fablica Argentina. Contenido propio originado por periodistas de CELTTV, el canal de TV local de la Cooperativa El\u00e9ctrica de Tornquist. Turismo, Pol\u00edtica, Sociedad, Deporte, Cultura y todo el contenido de inter\u00e9s general que la gente del pueblo y la regi\u00f3n debe conocer.\" \/>\n<meta property=\"og:url\" content=\"https:\/\/www.celttv.com.ar\/index.php\/2014\/02\/27\/trankels-junto-a-intendentes-de-la-sexta-se-reunio-con-breitenstein\/\" \/>\n<meta property=\"og:site_name\" content=\"CELTTV\" \/>\n<meta property=\"article:publisher\" content=\"https:\/\/www.facebook.com\/celtTV\/\" \/>\n<meta property=\"article:published_time\" content=\"2014-02-27T20:28:36+00:00\" \/>\n<meta property=\"og:image\" content=\"http:\/\/www.tvcnoticias.com.ar\/wp-content\/uploads\/2014\/02\/trankels-y-breistenten-Medium-450x250.jpg\" \/>\n<meta name=\"author\" content=\"ulises\" \/>\n<meta name=\"twitter:card\" content=\"summary_large_image\" \/>\n<meta name=\"twitter:label1\" content=\"Escrito por\" \/>\n\t<meta name=\"twitter:data1\" content=\"ulises\" \/>\n\t<meta name=\"twitter:label2\" content=\"Tiempo de lectura\" \/>\n\t<meta name=\"twitter:data2\" content=\"2 minutos\" \/>\n<script type=\"application\/ld+json\" class=\"yoast-schema-graph\">{\"@context\":\"https:\/\/schema.org\",\"@graph\":[{\"@type\":\"NewsArticle\",\"@id\":\"https:\/\/www.celttv.com.ar\/index.php\/2014\/02\/27\/trankels-junto-a-intendentes-de-la-sexta-se-reunio-con-breitenstein\/#article\",\"isPartOf\":{\"@id\":\"https:\/\/www.celttv.com.ar\/index.php\/2014\/02\/27\/trankels-junto-a-intendentes-de-la-sexta-se-reunio-con-breitenstein\/\"},\"author\":{\"name\":\"ulises\",\"@id\":\"https:\/\/www.celttv.com.ar\/#\/schema\/person\/6d99c072dba59953809c81446e9d0ace\"},\"headline\":\"TRANKELS, JUNTO A INTENDENTES DE LA SEXTA, SE REUNIO CON BREITENSTEIN\",\"datePublished\":\"2014-02-27T20:28:36+00:00\",\"dateModified\":\"2014-02-27T20:28:36+00:00\",\"mainEntityOfPage\":{\"@id\":\"https:\/\/www.celttv.com.ar\/index.php\/2014\/02\/27\/trankels-junto-a-intendentes-de-la-sexta-se-reunio-con-breitenstein\/\"},\"wordCount\":326,\"publisher\":{\"@id\":\"https:\/\/www.celttv.com.ar\/#organization\"},\"articleSection\":[\"Comunidad\",\"Destacadas\",\"Pol\u00edtica\"],\"inLanguage\":\"es\"},{\"@type\":\"WebPage\",\"@id\":\"https:\/\/www.celttv.com.ar\/index.php\/2014\/02\/27\/trankels-junto-a-intendentes-de-la-sexta-se-reunio-con-breitenstein\/\",\"url\":\"https:\/\/www.celttv.com.ar\/index.php\/2014\/02\/27\/trankels-junto-a-intendentes-de-la-sexta-se-reunio-con-breitenstein\/\",\"name\":\"TRANKELS, JUNTO A INTENDENTES DE LA SEXTA, SE REUNIO CON BREITENSTEIN - CELTTV\",\"isPartOf\":{\"@id\":\"https:\/\/www.celttv.com.ar\/#website\"},\"datePublished\":\"2014-02-27T20:28:36+00:00\",\"dateModified\":\"2014-02-27T20:28:36+00:00\",\"description\":\"Sitio web de noticias de la localidad de Tornquist, provincia de Buenos Aires, Rep\u00fablica Argentina. Contenido propio originado por periodistas de CELTTV, el canal de TV local de la Cooperativa El\u00e9ctrica de Tornquist. Turismo, Pol\u00edtica, Sociedad, Deporte, Cultura y todo el contenido de inter\u00e9s general que la gente del pueblo y la regi\u00f3n debe conocer.\",\"breadcrumb\":{\"@id\":\"https:\/\/www.celttv.com.ar\/index.php\/2014\/02\/27\/trankels-junto-a-intendentes-de-la-sexta-se-reunio-con-breitenstein\/#breadcrumb\"},\"inLanguage\":\"es\",\"potentialAction\":[{\"@type\":\"ReadAction\",\"target\":[\"https:\/\/www.celttv.com.ar\/index.php\/2014\/02\/27\/trankels-junto-a-intendentes-de-la-sexta-se-reunio-con-breitenstein\/\"]}]},{\"@type\":\"BreadcrumbList\",\"@id\":\"https:\/\/www.celttv.com.ar\/index.php\/2014\/02\/27\/trankels-junto-a-intendentes-de-la-sexta-se-reunio-con-breitenstein\/#breadcrumb\",\"itemListElement\":[{\"@type\":\"ListItem\",\"position\":1,\"name\":\"Inicio\",\"item\":\"https:\/\/www.celttv.com.ar\/\"},{\"@type\":\"ListItem\",\"position\":2,\"name\":\"TRANKELS, JUNTO A INTENDENTES DE LA SEXTA, SE REUNIO CON BREITENSTEIN\"}]},{\"@type\":\"WebSite\",\"@id\":\"https:\/\/www.celttv.com.ar\/#website\",\"url\":\"https:\/\/www.celttv.com.ar\/\",\"name\":\"CELTTV\",\"description\":\"Cooperativa El\u00e9ctrica de Tornquist\",\"publisher\":{\"@id\":\"https:\/\/www.celttv.com.ar\/#organization\"},\"potentialAction\":[{\"@type\":\"SearchAction\",\"target\":{\"@type\":\"EntryPoint\",\"urlTemplate\":\"https:\/\/www.celttv.com.ar\/?s={search_term_string}\"},\"query-input\":\"required name=search_term_string\"}],\"inLanguage\":\"es\"},{\"@type\":\"Organization\",\"@id\":\"https:\/\/www.celttv.com.ar\/#organization\",\"name\":\"CELTTV\",\"url\":\"https:\/\/www.celttv.com.ar\/\",\"sameAs\":[\"https:\/\/www.youtube.com\/channel\/UCz_oIt8Hig64Ub-EmcNPIhg\",\"https:\/\/www.facebook.com\/celtTV\/\"],\"logo\":{\"@type\":\"ImageObject\",\"inLanguage\":\"es\",\"@id\":\"https:\/\/www.celttv.com.ar\/#\/schema\/logo\/image\/\",\"url\":\"http:\/\/www.celttv.com.ar\/wp-content\/uploads\/2022\/08\/logo-1.png\",\"contentUrl\":\"http:\/\/www.celttv.com.ar\/wp-content\/uploads\/2022\/08\/logo-1.png\",\"width\":461,\"height\":159,\"caption\":\"CELTTV\"},\"image\":{\"@id\":\"https:\/\/www.celttv.com.ar\/#\/schema\/logo\/image\/\"}},{\"@type\":\"Person\",\"@id\":\"https:\/\/www.celttv.com.ar\/#\/schema\/person\/6d99c072dba59953809c81446e9d0ace\",\"name\":\"ulises\",\"image\":{\"@type\":\"ImageObject\",\"inLanguage\":\"es\",\"@id\":\"https:\/\/www.celttv.com.ar\/#\/schema\/person\/image\/\",\"url\":\"https:\/\/secure.gravatar.com\/avatar\/7f2c48bdc33b30088f941fb6082e555f2874c98e20cb159d7b92b50eadfce793?s=96&d=mm&r=g\",\"contentUrl\":\"https:\/\/secure.gravatar.com\/avatar\/7f2c48bdc33b30088f941fb6082e555f2874c98e20cb159d7b92b50eadfce793?s=96&d=mm&r=g\",\"caption\":\"ulises\"},\"sameAs\":[\"http:\/\/www.celttv.com.ar\"]}]}<\/script>\n<!-- \/ Yoast SEO plugin. -->","yoast_head_json":{"title":"TRANKELS, JUNTO A INTENDENTES DE LA SEXTA, SE REUNIO CON BREITENSTEIN - CELTTV","description":"Sitio web de noticias de la localidad de Tornquist, provincia de Buenos Aires, Rep\u00fablica Argentina. Contenido propio originado por periodistas de CELTTV, el canal de TV local de la Cooperativa El\u00e9ctrica de Tornquist. Turismo, Pol\u00edtica, Sociedad, Deporte, Cultura y todo el contenido de inter\u00e9s general que la gente del pueblo y la regi\u00f3n debe conocer.","robots":{"index":"index","follow":"follow","max-snippet":"max-snippet:-1","max-image-preview":"max-image-preview:large","max-video-preview":"max-video-preview:-1"},"canonical":"https:\/\/www.celttv.com.ar\/index.php\/2014\/02\/27\/trankels-junto-a-intendentes-de-la-sexta-se-reunio-con-breitenstein\/","og_locale":"es_ES","og_type":"article","og_title":"TRANKELS, JUNTO A INTENDENTES DE LA SEXTA, SE REUNIO CON BREITENSTEIN - CELTTV","og_description":"Sitio web de noticias de la localidad de Tornquist, provincia de Buenos Aires, Rep\u00fablica Argentina. Contenido propio originado por periodistas de CELTTV, el canal de TV local de la Cooperativa El\u00e9ctrica de Tornquist. Turismo, Pol\u00edtica, Sociedad, Deporte, Cultura y todo el contenido de inter\u00e9s general que la gente del pueblo y la regi\u00f3n debe conocer.","og_url":"https:\/\/www.celttv.com.ar\/index.php\/2014\/02\/27\/trankels-junto-a-intendentes-de-la-sexta-se-reunio-con-breitenstein\/","og_site_name":"CELTTV","article_publisher":"https:\/\/www.facebook.com\/celtTV\/","article_published_time":"2014-02-27T20:28:36+00:00","og_image":[{"url":"http:\/\/www.tvcnoticias.com.ar\/wp-content\/uploads\/2014\/02\/trankels-y-breistenten-Medium-450x250.jpg"}],"author":"ulises","twitter_card":"summary_large_image","twitter_misc":{"Escrito por":"ulises","Tiempo de lectura":"2 minutos"},"schema":{"@context":"https:\/\/schema.org","@graph":[{"@type":"NewsArticle","@id":"https:\/\/www.celttv.com.ar\/index.php\/2014\/02\/27\/trankels-junto-a-intendentes-de-la-sexta-se-reunio-con-breitenstein\/#article","isPartOf":{"@id":"https:\/\/www.celttv.com.ar\/index.php\/2014\/02\/27\/trankels-junto-a-intendentes-de-la-sexta-se-reunio-con-breitenstein\/"},"author":{"name":"ulises","@id":"https:\/\/www.celttv.com.ar\/#\/schema\/person\/6d99c072dba59953809c81446e9d0ace"},"headline":"TRANKELS, JUNTO A INTENDENTES DE LA SEXTA, SE REUNIO CON BREITENSTEIN","datePublished":"2014-02-27T20:28:36+00:00","dateModified":"2014-02-27T20:28:36+00:00","mainEntityOfPage":{"@id":"https:\/\/www.celttv.com.ar\/index.php\/2014\/02\/27\/trankels-junto-a-intendentes-de-la-sexta-se-reunio-con-breitenstein\/"},"wordCount":326,"publisher":{"@id":"https:\/\/www.celttv.com.ar\/#organization"},"articleSection":["Comunidad","Destacadas","Pol\u00edtica"],"inLanguage":"es"},{"@type":"WebPage","@id":"https:\/\/www.celttv.com.ar\/index.php\/2014\/02\/27\/trankels-junto-a-intendentes-de-la-sexta-se-reunio-con-breitenstein\/","url":"https:\/\/www.celttv.com.ar\/index.php\/2014\/02\/27\/trankels-junto-a-intendentes-de-la-sexta-se-reunio-con-breitenstein\/","name":"TRANKELS, JUNTO A INTENDENTES DE LA SEXTA, SE REUNIO CON BREITENSTEIN - CELTTV","isPartOf":{"@id":"https:\/\/www.celttv.com.ar\/#website"},"datePublished":"2014-02-27T20:28:36+00:00","dateModified":"2014-02-27T20:28:36+00:00","description":"Sitio web de noticias de la localidad de Tornquist, provincia de Buenos Aires, Rep\u00fablica Argentina. Contenido propio originado por periodistas de CELTTV, el canal de TV local de la Cooperativa El\u00e9ctrica de Tornquist. Turismo, Pol\u00edtica, Sociedad, Deporte, Cultura y todo el contenido de inter\u00e9s general que la gente del pueblo y la regi\u00f3n debe conocer.","breadcrumb":{"@id":"https:\/\/www.celttv.com.ar\/index.php\/2014\/02\/27\/trankels-junto-a-intendentes-de-la-sexta-se-reunio-con-breitenstein\/#breadcrumb"},"inLanguage":"es","potentialAction":[{"@type":"ReadAction","target":["https:\/\/www.celttv.com.ar\/index.php\/2014\/02\/27\/trankels-junto-a-intendentes-de-la-sexta-se-reunio-con-breitenstein\/"]}]},{"@type":"BreadcrumbList","@id":"https:\/\/www.celttv.com.ar\/index.php\/2014\/02\/27\/trankels-junto-a-intendentes-de-la-sexta-se-reunio-con-breitenstein\/#breadcrumb","itemListElement":[{"@type":"ListItem","position":1,"name":"Inicio","item":"https:\/\/www.celttv.com.ar\/"},{"@type":"ListItem","position":2,"name":"TRANKELS, JUNTO A INTENDENTES DE LA SEXTA, SE REUNIO CON BREITENSTEIN"}]},{"@type":"WebSite","@id":"https:\/\/www.celttv.com.ar\/#website","url":"https:\/\/www.celttv.com.ar\/","name":"CELTTV","description":"Cooperativa El\u00e9ctrica de Tornquist","publisher":{"@id":"https:\/\/www.celttv.com.ar\/#organization"},"potentialAction":[{"@type":"SearchAction","target":{"@type":"EntryPoint","urlTemplate":"https:\/\/www.celttv.com.ar\/?s={search_term_string}"},"query-input":"required name=search_term_string"}],"inLanguage":"es"},{"@type":"Organization","@id":"https:\/\/www.celttv.com.ar\/#organization","name":"CELTTV","url":"https:\/\/www.celttv.com.ar\/","sameAs":["https:\/\/www.youtube.com\/channel\/UCz_oIt8Hig64Ub-EmcNPIhg","https:\/\/www.facebook.com\/celtTV\/"],"logo":{"@type":"ImageObject","inLanguage":"es","@id":"https:\/\/www.celttv.com.ar\/#\/schema\/logo\/image\/","url":"http:\/\/www.celttv.com.ar\/wp-content\/uploads\/2022\/08\/logo-1.png","contentUrl":"http:\/\/www.celttv.com.ar\/wp-content\/uploads\/2022\/08\/logo-1.png","width":461,"height":159,"caption":"CELTTV"},"image":{"@id":"https:\/\/www.celttv.com.ar\/#\/schema\/logo\/image\/"}},{"@type":"Person","@id":"https:\/\/www.celttv.com.ar\/#\/schema\/person\/6d99c072dba59953809c81446e9d0ace","name":"ulises","image":{"@type":"ImageObject","inLanguage":"es","@id":"https:\/\/www.celttv.com.ar\/#\/schema\/person\/image\/","url":"https:\/\/secure.gravatar.com\/avatar\/7f2c48bdc33b30088f941fb6082e555f2874c98e20cb159d7b92b50eadfce793?s=96&d=mm&r=g","contentUrl":"https:\/\/secure.gravatar.com\/avatar\/7f2c48bdc33b30088f941fb6082e555f2874c98e20cb159d7b92b50eadfce793?s=96&d=mm&r=g","caption":"ulises"},"sameAs":["http:\/\/www.celttv.com.ar"]}]}},"_links":{"self":[{"href":"https:\/\/www.celttv.com.ar\/index.php\/wp-json\/wp\/v2\/posts\/17846","targetHints":{"allow":["GET"]}}],"collection":[{"href":"https:\/\/www.celttv.com.ar\/index.php\/wp-json\/wp\/v2\/posts"}],"about":[{"href":"https:\/\/www.celttv.com.ar\/index.php\/wp-json\/wp\/v2\/types\/post"}],"author":[{"embeddable":true,"href":"https:\/\/www.celttv.com.ar\/index.php\/wp-json\/wp\/v2\/users\/1"}],"replies":[{"embeddable":true,"href":"https:\/\/www.celttv.com.ar\/index.php\/wp-json\/wp\/v2\/comments?post=17846"}],"version-history":[{"count":0,"href":"https:\/\/www.celttv.com.ar\/index.php\/wp-json\/wp\/v2\/posts\/17846\/revisions"}],"wp:attachment":[{"href":"https:\/\/www.celttv.com.ar\/index.php\/wp-json\/wp\/v2\/media?parent=17846"}],"wp:term":[{"taxonomy":"category","embeddable":true,"href":"https:\/\/www.celttv.com.ar\/index.php\/wp-json\/wp\/v2\/categories?post=17846"},{"taxonomy":"post_tag","embeddable":true,"href":"https:\/\/www.celttv.com.ar\/index.php\/wp-json\/wp\/v2\/tags?post=17846"}],"curies":[{"name":"wp","href":"https:\/\/api.w.org\/{rel}","templated":true}]}}