{"id":17882,"date":"2014-03-02T18:31:05","date_gmt":"2014-03-02T18:31:05","guid":{"rendered":"http:\/\/www.tvcnoticias.com.ar\/?p=17882"},"modified":"2014-03-02T18:31:05","modified_gmt":"2014-03-02T18:31:05","slug":"gustavo-vera-hablo-sobre-la-tarea-que-realiza-la-alameda-y-el-compromiso-del-papa-francisco","status":"publish","type":"post","link":"https:\/\/www.celttv.com.ar\/index.php\/2014\/03\/02\/gustavo-vera-hablo-sobre-la-tarea-que-realiza-la-alameda-y-el-compromiso-del-papa-francisco\/","title":{"rendered":"GUSTAVO VERA, HABL\u00d3 SOBRE LA TAREA QUE REALIZA LA ALAMEDA Y EL COMPROMISO DEL PAPA FRANCISCO."},"content":{"rendered":"<p>httpv:\/\/www.youtube.com\/watch?v=HzqmmrnUOvc<\/p>\n<div>Tras la visita a Villa Ventana para entregar un rosario bendecido por el Papa Francisco a los Bomberos de Villa Ventana, Gustavo Vera, integrante de la ONG La Alameda,\u00a0docente y legislador de UNEN, fue entrevistado por TVC Noticias donde habl\u00f3 sobre la tarea comunitaria que lleva adelante desde hace a\u00f1os en el pa\u00eds y del trabajo conjunto que\u00a0viene realizando junto a su Santidad.<\/div>\n<div>Varios temas y conceptos de Vera que invitan a comprometerse como sociedad para defender el presente y futuro de nuestro pa\u00eds.<\/div>\n<div><strong>La Alameda<\/strong> es una organizaci\u00f3n no gubernamental (ONG) argentina que lucha contra la\u00a0<a title=\"Trata  de personas en Argentina\" href=\"http:\/\/es.wikipedia.org\/wiki\/Trata_de_personas_en_Argentina\" target=\"_blank\" rel=\"noopener\"><span style=\"color: #0066cc;\">trata de personas<\/span><\/a>, trabajo esclavo, explotaci\u00f3n infantil, proxenetismo y narcotr\u00e1fico. Nacida como una asamblea barrial de la crisis de\u00a0<a title=\"2001\" href=\"http:\/\/es.wikipedia.org\/wiki\/2001\" target=\"_blank\" rel=\"noopener\"><span style=\"color: #0066cc;\">2001<\/span><\/a> tuvo reconocimiento nacional e internacional con las denuncias y escraches a talleres clandestinos (que confeccionan prendas para marcas reconocidas y dise\u00f1adores famosos), granjas donde se reducen a servidumbre a personas (el caso del ni\u00f1o Ezequiel Ferreyra) que tuvo repercusi\u00f3n de Naciones Unidas y prost\u00edbulos manejados por importantes pol\u00edticos y personajes de poder. Su rol protag\u00f3nico ha logrado modificaciones de legislaciones nacionales y provinciales, como ordenanzas municipales que combaten la trata y trabajo esclavo, como as\u00ed tambi\u00e9n asistencia a las v\u00edctimas<\/div>\n","protected":false},"excerpt":{"rendered":"<p>httpv:\/\/www.youtube.com\/watch?v=HzqmmrnUOvc Tras la visita a Villa Ventana para entregar un rosario bendecido por el Papa Francisco a los Bomberos de Villa Ventana, Gustavo Vera, integrante de la ONG La Alameda,\u00a0docente y legislador de UNEN, fue entrevistado por TVC Noticias donde habl\u00f3 sobre la tarea comunitaria que lleva adelante desde hace a\u00f1os en el pa\u00eds y [&hellip;]<\/p>\n","protected":false},"author":1,"featured_media":0,"comment_status":"closed","ping_status":"open","sticky":false,"template":"","format":"standard","meta":{"footnotes":""},"categories":[51,52,64],"tags":[],"class_list":["post-17882","post","type-post","status-publish","format-standard","hentry","category-comunidad","category-destacadas","category-videos-destacados"],"yoast_head":"<!-- This site is optimized with the Yoast SEO plugin v19.7.1 - https:\/\/yoast.com\/wordpress\/plugins\/seo\/ -->\n<title>GUSTAVO VERA, HABL\u00d3 SOBRE LA TAREA QUE REALIZA LA ALAMEDA Y EL COMPROMISO DEL PAPA FRANCISCO. - CELTTV<\/title>\n<meta name=\"description\" content=\"Sitio web de noticias de la localidad de Tornquist, provincia de Buenos Aires, Rep\u00fablica Argentina. Contenido propio originado por periodistas de CELTTV, el canal de TV local de la Cooperativa El\u00e9ctrica de Tornquist. Turismo, Pol\u00edtica, Sociedad, Deporte, Cultura y todo el contenido de inter\u00e9s general que la gente del pueblo y la regi\u00f3n debe conocer.\" \/>\n<meta name=\"robots\" content=\"index, follow, max-snippet:-1, max-image-preview:large, max-video-preview:-1\" \/>\n<link rel=\"canonical\" href=\"https:\/\/www.celttv.com.ar\/index.php\/2014\/03\/02\/gustavo-vera-hablo-sobre-la-tarea-que-realiza-la-alameda-y-el-compromiso-del-papa-francisco\/\" \/>\n<meta property=\"og:locale\" content=\"es_ES\" \/>\n<meta property=\"og:type\" content=\"article\" \/>\n<meta property=\"og:title\" content=\"GUSTAVO VERA, HABL\u00d3 SOBRE LA TAREA QUE REALIZA LA ALAMEDA Y EL COMPROMISO DEL PAPA FRANCISCO. - CELTTV\" \/>\n<meta property=\"og:description\" content=\"Sitio web de noticias de la localidad de Tornquist, provincia de Buenos Aires, Rep\u00fablica Argentina. Contenido propio originado por periodistas de CELTTV, el canal de TV local de la Cooperativa El\u00e9ctrica de Tornquist. Turismo, Pol\u00edtica, Sociedad, Deporte, Cultura y todo el contenido de inter\u00e9s general que la gente del pueblo y la regi\u00f3n debe conocer.\" \/>\n<meta property=\"og:url\" content=\"https:\/\/www.celttv.com.ar\/index.php\/2014\/03\/02\/gustavo-vera-hablo-sobre-la-tarea-que-realiza-la-alameda-y-el-compromiso-del-papa-francisco\/\" \/>\n<meta property=\"og:site_name\" content=\"CELTTV\" \/>\n<meta property=\"article:publisher\" content=\"https:\/\/www.facebook.com\/celtTV\/\" \/>\n<meta property=\"article:published_time\" content=\"2014-03-02T18:31:05+00:00\" \/>\n<meta name=\"author\" content=\"ulises\" \/>\n<meta name=\"twitter:card\" content=\"summary_large_image\" \/>\n<meta name=\"twitter:label1\" content=\"Escrito por\" \/>\n\t<meta name=\"twitter:data1\" content=\"ulises\" \/>\n\t<meta name=\"twitter:label2\" content=\"Tiempo de lectura\" \/>\n\t<meta name=\"twitter:data2\" content=\"1 minuto\" \/>\n<script type=\"application\/ld+json\" class=\"yoast-schema-graph\">{\"@context\":\"https:\/\/schema.org\",\"@graph\":[{\"@type\":\"NewsArticle\",\"@id\":\"https:\/\/www.celttv.com.ar\/index.php\/2014\/03\/02\/gustavo-vera-hablo-sobre-la-tarea-que-realiza-la-alameda-y-el-compromiso-del-papa-francisco\/#article\",\"isPartOf\":{\"@id\":\"https:\/\/www.celttv.com.ar\/index.php\/2014\/03\/02\/gustavo-vera-hablo-sobre-la-tarea-que-realiza-la-alameda-y-el-compromiso-del-papa-francisco\/\"},\"author\":{\"name\":\"ulises\",\"@id\":\"https:\/\/www.celttv.com.ar\/#\/schema\/person\/6d99c072dba59953809c81446e9d0ace\"},\"headline\":\"GUSTAVO VERA, HABL\u00d3 SOBRE LA TAREA QUE REALIZA LA ALAMEDA Y EL COMPROMISO DEL PAPA FRANCISCO.\",\"datePublished\":\"2014-03-02T18:31:05+00:00\",\"dateModified\":\"2014-03-02T18:31:05+00:00\",\"mainEntityOfPage\":{\"@id\":\"https:\/\/www.celttv.com.ar\/index.php\/2014\/03\/02\/gustavo-vera-hablo-sobre-la-tarea-que-realiza-la-alameda-y-el-compromiso-del-papa-francisco\/\"},\"wordCount\":235,\"publisher\":{\"@id\":\"https:\/\/www.celttv.com.ar\/#organization\"},\"articleSection\":[\"Comunidad\",\"Destacadas\",\"Videos Destacados\"],\"inLanguage\":\"es\"},{\"@type\":\"WebPage\",\"@id\":\"https:\/\/www.celttv.com.ar\/index.php\/2014\/03\/02\/gustavo-vera-hablo-sobre-la-tarea-que-realiza-la-alameda-y-el-compromiso-del-papa-francisco\/\",\"url\":\"https:\/\/www.celttv.com.ar\/index.php\/2014\/03\/02\/gustavo-vera-hablo-sobre-la-tarea-que-realiza-la-alameda-y-el-compromiso-del-papa-francisco\/\",\"name\":\"GUSTAVO VERA, HABL\u00d3 SOBRE LA TAREA QUE REALIZA LA ALAMEDA Y EL COMPROMISO DEL PAPA FRANCISCO. - CELTTV\",\"isPartOf\":{\"@id\":\"https:\/\/www.celttv.com.ar\/#website\"},\"datePublished\":\"2014-03-02T18:31:05+00:00\",\"dateModified\":\"2014-03-02T18:31:05+00:00\",\"description\":\"Sitio web de noticias de la localidad de Tornquist, provincia de Buenos Aires, Rep\u00fablica Argentina. Contenido propio originado por periodistas de CELTTV, el canal de TV local de la Cooperativa El\u00e9ctrica de Tornquist. Turismo, Pol\u00edtica, Sociedad, Deporte, Cultura y todo el contenido de inter\u00e9s general que la gente del pueblo y la regi\u00f3n debe conocer.\",\"breadcrumb\":{\"@id\":\"https:\/\/www.celttv.com.ar\/index.php\/2014\/03\/02\/gustavo-vera-hablo-sobre-la-tarea-que-realiza-la-alameda-y-el-compromiso-del-papa-francisco\/#breadcrumb\"},\"inLanguage\":\"es\",\"potentialAction\":[{\"@type\":\"ReadAction\",\"target\":[\"https:\/\/www.celttv.com.ar\/index.php\/2014\/03\/02\/gustavo-vera-hablo-sobre-la-tarea-que-realiza-la-alameda-y-el-compromiso-del-papa-francisco\/\"]}]},{\"@type\":\"BreadcrumbList\",\"@id\":\"https:\/\/www.celttv.com.ar\/index.php\/2014\/03\/02\/gustavo-vera-hablo-sobre-la-tarea-que-realiza-la-alameda-y-el-compromiso-del-papa-francisco\/#breadcrumb\",\"itemListElement\":[{\"@type\":\"ListItem\",\"position\":1,\"name\":\"Inicio\",\"item\":\"https:\/\/www.celttv.com.ar\/\"},{\"@type\":\"ListItem\",\"position\":2,\"name\":\"GUSTAVO VERA, HABL\u00d3 SOBRE LA TAREA QUE REALIZA LA ALAMEDA Y EL COMPROMISO DEL PAPA FRANCISCO.\"}]},{\"@type\":\"WebSite\",\"@id\":\"https:\/\/www.celttv.com.ar\/#website\",\"url\":\"https:\/\/www.celttv.com.ar\/\",\"name\":\"CELTTV\",\"description\":\"Cooperativa El\u00e9ctrica de Tornquist\",\"publisher\":{\"@id\":\"https:\/\/www.celttv.com.ar\/#organization\"},\"potentialAction\":[{\"@type\":\"SearchAction\",\"target\":{\"@type\":\"EntryPoint\",\"urlTemplate\":\"https:\/\/www.celttv.com.ar\/?s={search_term_string}\"},\"query-input\":\"required name=search_term_string\"}],\"inLanguage\":\"es\"},{\"@type\":\"Organization\",\"@id\":\"https:\/\/www.celttv.com.ar\/#organization\",\"name\":\"CELTTV\",\"url\":\"https:\/\/www.celttv.com.ar\/\",\"sameAs\":[\"https:\/\/www.youtube.com\/channel\/UCz_oIt8Hig64Ub-EmcNPIhg\",\"https:\/\/www.facebook.com\/celtTV\/\"],\"logo\":{\"@type\":\"ImageObject\",\"inLanguage\":\"es\",\"@id\":\"https:\/\/www.celttv.com.ar\/#\/schema\/logo\/image\/\",\"url\":\"http:\/\/www.celttv.com.ar\/wp-content\/uploads\/2022\/08\/logo-1.png\",\"contentUrl\":\"http:\/\/www.celttv.com.ar\/wp-content\/uploads\/2022\/08\/logo-1.png\",\"width\":461,\"height\":159,\"caption\":\"CELTTV\"},\"image\":{\"@id\":\"https:\/\/www.celttv.com.ar\/#\/schema\/logo\/image\/\"}},{\"@type\":\"Person\",\"@id\":\"https:\/\/www.celttv.com.ar\/#\/schema\/person\/6d99c072dba59953809c81446e9d0ace\",\"name\":\"ulises\",\"image\":{\"@type\":\"ImageObject\",\"inLanguage\":\"es\",\"@id\":\"https:\/\/www.celttv.com.ar\/#\/schema\/person\/image\/\",\"url\":\"https:\/\/secure.gravatar.com\/avatar\/7f2c48bdc33b30088f941fb6082e555f2874c98e20cb159d7b92b50eadfce793?s=96&d=mm&r=g\",\"contentUrl\":\"https:\/\/secure.gravatar.com\/avatar\/7f2c48bdc33b30088f941fb6082e555f2874c98e20cb159d7b92b50eadfce793?s=96&d=mm&r=g\",\"caption\":\"ulises\"},\"sameAs\":[\"http:\/\/www.celttv.com.ar\"]}]}<\/script>\n<!-- \/ Yoast SEO plugin. -->","yoast_head_json":{"title":"GUSTAVO VERA, HABL\u00d3 SOBRE LA TAREA QUE REALIZA LA ALAMEDA Y EL COMPROMISO DEL PAPA FRANCISCO. - CELTTV","description":"Sitio web de noticias de la localidad de Tornquist, provincia de Buenos Aires, Rep\u00fablica Argentina. Contenido propio originado por periodistas de CELTTV, el canal de TV local de la Cooperativa El\u00e9ctrica de Tornquist. Turismo, Pol\u00edtica, Sociedad, Deporte, Cultura y todo el contenido de inter\u00e9s general que la gente del pueblo y la regi\u00f3n debe conocer.","robots":{"index":"index","follow":"follow","max-snippet":"max-snippet:-1","max-image-preview":"max-image-preview:large","max-video-preview":"max-video-preview:-1"},"canonical":"https:\/\/www.celttv.com.ar\/index.php\/2014\/03\/02\/gustavo-vera-hablo-sobre-la-tarea-que-realiza-la-alameda-y-el-compromiso-del-papa-francisco\/","og_locale":"es_ES","og_type":"article","og_title":"GUSTAVO VERA, HABL\u00d3 SOBRE LA TAREA QUE REALIZA LA ALAMEDA Y EL COMPROMISO DEL PAPA FRANCISCO. - CELTTV","og_description":"Sitio web de noticias de la localidad de Tornquist, provincia de Buenos Aires, Rep\u00fablica Argentina. Contenido propio originado por periodistas de CELTTV, el canal de TV local de la Cooperativa El\u00e9ctrica de Tornquist. Turismo, Pol\u00edtica, Sociedad, Deporte, Cultura y todo el contenido de inter\u00e9s general que la gente del pueblo y la regi\u00f3n debe conocer.","og_url":"https:\/\/www.celttv.com.ar\/index.php\/2014\/03\/02\/gustavo-vera-hablo-sobre-la-tarea-que-realiza-la-alameda-y-el-compromiso-del-papa-francisco\/","og_site_name":"CELTTV","article_publisher":"https:\/\/www.facebook.com\/celtTV\/","article_published_time":"2014-03-02T18:31:05+00:00","author":"ulises","twitter_card":"summary_large_image","twitter_misc":{"Escrito por":"ulises","Tiempo de lectura":"1 minuto"},"schema":{"@context":"https:\/\/schema.org","@graph":[{"@type":"NewsArticle","@id":"https:\/\/www.celttv.com.ar\/index.php\/2014\/03\/02\/gustavo-vera-hablo-sobre-la-tarea-que-realiza-la-alameda-y-el-compromiso-del-papa-francisco\/#article","isPartOf":{"@id":"https:\/\/www.celttv.com.ar\/index.php\/2014\/03\/02\/gustavo-vera-hablo-sobre-la-tarea-que-realiza-la-alameda-y-el-compromiso-del-papa-francisco\/"},"author":{"name":"ulises","@id":"https:\/\/www.celttv.com.ar\/#\/schema\/person\/6d99c072dba59953809c81446e9d0ace"},"headline":"GUSTAVO VERA, HABL\u00d3 SOBRE LA TAREA QUE REALIZA LA ALAMEDA Y EL COMPROMISO DEL PAPA FRANCISCO.","datePublished":"2014-03-02T18:31:05+00:00","dateModified":"2014-03-02T18:31:05+00:00","mainEntityOfPage":{"@id":"https:\/\/www.celttv.com.ar\/index.php\/2014\/03\/02\/gustavo-vera-hablo-sobre-la-tarea-que-realiza-la-alameda-y-el-compromiso-del-papa-francisco\/"},"wordCount":235,"publisher":{"@id":"https:\/\/www.celttv.com.ar\/#organization"},"articleSection":["Comunidad","Destacadas","Videos Destacados"],"inLanguage":"es"},{"@type":"WebPage","@id":"https:\/\/www.celttv.com.ar\/index.php\/2014\/03\/02\/gustavo-vera-hablo-sobre-la-tarea-que-realiza-la-alameda-y-el-compromiso-del-papa-francisco\/","url":"https:\/\/www.celttv.com.ar\/index.php\/2014\/03\/02\/gustavo-vera-hablo-sobre-la-tarea-que-realiza-la-alameda-y-el-compromiso-del-papa-francisco\/","name":"GUSTAVO VERA, HABL\u00d3 SOBRE LA TAREA QUE REALIZA LA ALAMEDA Y EL COMPROMISO DEL PAPA FRANCISCO. - CELTTV","isPartOf":{"@id":"https:\/\/www.celttv.com.ar\/#website"},"datePublished":"2014-03-02T18:31:05+00:00","dateModified":"2014-03-02T18:31:05+00:00","description":"Sitio web de noticias de la localidad de Tornquist, provincia de Buenos Aires, Rep\u00fablica Argentina. Contenido propio originado por periodistas de CELTTV, el canal de TV local de la Cooperativa El\u00e9ctrica de Tornquist. Turismo, Pol\u00edtica, Sociedad, Deporte, Cultura y todo el contenido de inter\u00e9s general que la gente del pueblo y la regi\u00f3n debe conocer.","breadcrumb":{"@id":"https:\/\/www.celttv.com.ar\/index.php\/2014\/03\/02\/gustavo-vera-hablo-sobre-la-tarea-que-realiza-la-alameda-y-el-compromiso-del-papa-francisco\/#breadcrumb"},"inLanguage":"es","potentialAction":[{"@type":"ReadAction","target":["https:\/\/www.celttv.com.ar\/index.php\/2014\/03\/02\/gustavo-vera-hablo-sobre-la-tarea-que-realiza-la-alameda-y-el-compromiso-del-papa-francisco\/"]}]},{"@type":"BreadcrumbList","@id":"https:\/\/www.celttv.com.ar\/index.php\/2014\/03\/02\/gustavo-vera-hablo-sobre-la-tarea-que-realiza-la-alameda-y-el-compromiso-del-papa-francisco\/#breadcrumb","itemListElement":[{"@type":"ListItem","position":1,"name":"Inicio","item":"https:\/\/www.celttv.com.ar\/"},{"@type":"ListItem","position":2,"name":"GUSTAVO VERA, HABL\u00d3 SOBRE LA TAREA QUE REALIZA LA ALAMEDA Y EL COMPROMISO DEL PAPA FRANCISCO."}]},{"@type":"WebSite","@id":"https:\/\/www.celttv.com.ar\/#website","url":"https:\/\/www.celttv.com.ar\/","name":"CELTTV","description":"Cooperativa El\u00e9ctrica de Tornquist","publisher":{"@id":"https:\/\/www.celttv.com.ar\/#organization"},"potentialAction":[{"@type":"SearchAction","target":{"@type":"EntryPoint","urlTemplate":"https:\/\/www.celttv.com.ar\/?s={search_term_string}"},"query-input":"required name=search_term_string"}],"inLanguage":"es"},{"@type":"Organization","@id":"https:\/\/www.celttv.com.ar\/#organization","name":"CELTTV","url":"https:\/\/www.celttv.com.ar\/","sameAs":["https:\/\/www.youtube.com\/channel\/UCz_oIt8Hig64Ub-EmcNPIhg","https:\/\/www.facebook.com\/celtTV\/"],"logo":{"@type":"ImageObject","inLanguage":"es","@id":"https:\/\/www.celttv.com.ar\/#\/schema\/logo\/image\/","url":"http:\/\/www.celttv.com.ar\/wp-content\/uploads\/2022\/08\/logo-1.png","contentUrl":"http:\/\/www.celttv.com.ar\/wp-content\/uploads\/2022\/08\/logo-1.png","width":461,"height":159,"caption":"CELTTV"},"image":{"@id":"https:\/\/www.celttv.com.ar\/#\/schema\/logo\/image\/"}},{"@type":"Person","@id":"https:\/\/www.celttv.com.ar\/#\/schema\/person\/6d99c072dba59953809c81446e9d0ace","name":"ulises","image":{"@type":"ImageObject","inLanguage":"es","@id":"https:\/\/www.celttv.com.ar\/#\/schema\/person\/image\/","url":"https:\/\/secure.gravatar.com\/avatar\/7f2c48bdc33b30088f941fb6082e555f2874c98e20cb159d7b92b50eadfce793?s=96&d=mm&r=g","contentUrl":"https:\/\/secure.gravatar.com\/avatar\/7f2c48bdc33b30088f941fb6082e555f2874c98e20cb159d7b92b50eadfce793?s=96&d=mm&r=g","caption":"ulises"},"sameAs":["http:\/\/www.celttv.com.ar"]}]}},"_links":{"self":[{"href":"https:\/\/www.celttv.com.ar\/index.php\/wp-json\/wp\/v2\/posts\/17882","targetHints":{"allow":["GET"]}}],"collection":[{"href":"https:\/\/www.celttv.com.ar\/index.php\/wp-json\/wp\/v2\/posts"}],"about":[{"href":"https:\/\/www.celttv.com.ar\/index.php\/wp-json\/wp\/v2\/types\/post"}],"author":[{"embeddable":true,"href":"https:\/\/www.celttv.com.ar\/index.php\/wp-json\/wp\/v2\/users\/1"}],"replies":[{"embeddable":true,"href":"https:\/\/www.celttv.com.ar\/index.php\/wp-json\/wp\/v2\/comments?post=17882"}],"version-history":[{"count":0,"href":"https:\/\/www.celttv.com.ar\/index.php\/wp-json\/wp\/v2\/posts\/17882\/revisions"}],"wp:attachment":[{"href":"https:\/\/www.celttv.com.ar\/index.php\/wp-json\/wp\/v2\/media?parent=17882"}],"wp:term":[{"taxonomy":"category","embeddable":true,"href":"https:\/\/www.celttv.com.ar\/index.php\/wp-json\/wp\/v2\/categories?post=17882"},{"taxonomy":"post_tag","embeddable":true,"href":"https:\/\/www.celttv.com.ar\/index.php\/wp-json\/wp\/v2\/tags?post=17882"}],"curies":[{"name":"wp","href":"https:\/\/api.w.org\/{rel}","templated":true}]}}