{"id":17917,"date":"2014-03-05T21:03:08","date_gmt":"2014-03-05T21:03:08","guid":{"rendered":"http:\/\/www.tvcnoticias.com.ar\/?p=17917"},"modified":"2014-03-05T21:03:08","modified_gmt":"2014-03-05T21:03:08","slug":"somos-demasiado-pobres-como-para-no-invertir-en-educacion-dijo-la-directora-del-colegio-nestra-senora-de-lujan","status":"publish","type":"post","link":"https:\/\/www.celttv.com.ar\/index.php\/2014\/03\/05\/somos-demasiado-pobres-como-para-no-invertir-en-educacion-dijo-la-directora-del-colegio-nestra-senora-de-lujan\/","title":{"rendered":"&#8220;SOMOS DEMASIADO POBRES COMO PARA NO INVERTIR EN EDUCACION&#8221; Dijo la Directora del Colegio Nestra Se\u00f1ora de Luj\u00e1n"},"content":{"rendered":"<p><a href=\"https:\/\/www.youtube.com\/watch?v=BwNzayRnjgk\">httpv:\/\/www.youtube.com\/watch?v=BwNzayRnjgk<\/a><br \/>\nEl Colegio Nuestra Se\u00f1ora de Luj\u00e1n realiz\u00f3 el acto de inicio del ciclo lectivo, donde la Directora del establecimiento dio la bienvenida a la comunidad educativa y se hizo un espacio para dialogar con TVCNoticias.<br \/>\nHabl\u00f3 de la actualidad educativa, de las obras concluidas en el establecimiento y de proyectos.<\/p>\n","protected":false},"excerpt":{"rendered":"<p>httpv:\/\/www.youtube.com\/watch?v=BwNzayRnjgk El Colegio Nuestra Se\u00f1ora de Luj\u00e1n realiz\u00f3 el acto de inicio del ciclo lectivo, donde la Directora del establecimiento dio la bienvenida a la comunidad educativa y se hizo un espacio para dialogar con TVCNoticias. Habl\u00f3 de la actualidad educativa, de las obras concluidas en el establecimiento y de proyectos.<\/p>\n","protected":false},"author":1,"featured_media":0,"comment_status":"closed","ping_status":"open","sticky":false,"template":"","format":"standard","meta":{"footnotes":""},"categories":[51,52,64],"tags":[],"class_list":["post-17917","post","type-post","status-publish","format-standard","hentry","category-comunidad","category-destacadas","category-videos-destacados"],"yoast_head":"<!-- This site is optimized with the Yoast SEO plugin v19.7.1 - https:\/\/yoast.com\/wordpress\/plugins\/seo\/ -->\n<title>&quot;SOMOS DEMASIADO POBRES COMO PARA NO INVERTIR EN EDUCACION&quot; Dijo la Directora del Colegio Nestra Se\u00f1ora de Luj\u00e1n - CELTTV<\/title>\n<meta name=\"description\" content=\"Sitio web de noticias de la localidad de Tornquist, provincia de Buenos Aires, Rep\u00fablica Argentina. Contenido propio originado por periodistas de CELTTV, el canal de TV local de la Cooperativa El\u00e9ctrica de Tornquist. Turismo, Pol\u00edtica, Sociedad, Deporte, Cultura y todo el contenido de inter\u00e9s general que la gente del pueblo y la regi\u00f3n debe conocer.\" \/>\n<meta name=\"robots\" content=\"index, follow, max-snippet:-1, max-image-preview:large, max-video-preview:-1\" \/>\n<link rel=\"canonical\" href=\"https:\/\/www.celttv.com.ar\/index.php\/2014\/03\/05\/somos-demasiado-pobres-como-para-no-invertir-en-educacion-dijo-la-directora-del-colegio-nestra-senora-de-lujan\/\" \/>\n<meta property=\"og:locale\" content=\"es_ES\" \/>\n<meta property=\"og:type\" content=\"article\" \/>\n<meta property=\"og:title\" content=\"&quot;SOMOS DEMASIADO POBRES COMO PARA NO INVERTIR EN EDUCACION&quot; Dijo la Directora del Colegio Nestra Se\u00f1ora de Luj\u00e1n - CELTTV\" \/>\n<meta property=\"og:description\" content=\"Sitio web de noticias de la localidad de Tornquist, provincia de Buenos Aires, Rep\u00fablica Argentina. Contenido propio originado por periodistas de CELTTV, el canal de TV local de la Cooperativa El\u00e9ctrica de Tornquist. Turismo, Pol\u00edtica, Sociedad, Deporte, Cultura y todo el contenido de inter\u00e9s general que la gente del pueblo y la regi\u00f3n debe conocer.\" \/>\n<meta property=\"og:url\" content=\"https:\/\/www.celttv.com.ar\/index.php\/2014\/03\/05\/somos-demasiado-pobres-como-para-no-invertir-en-educacion-dijo-la-directora-del-colegio-nestra-senora-de-lujan\/\" \/>\n<meta property=\"og:site_name\" content=\"CELTTV\" \/>\n<meta property=\"article:publisher\" content=\"https:\/\/www.facebook.com\/celtTV\/\" \/>\n<meta property=\"article:published_time\" content=\"2014-03-05T21:03:08+00:00\" \/>\n<meta name=\"author\" content=\"ulises\" \/>\n<meta name=\"twitter:card\" content=\"summary_large_image\" \/>\n<meta name=\"twitter:label1\" content=\"Escrito por\" \/>\n\t<meta name=\"twitter:data1\" content=\"ulises\" \/>\n<script type=\"application\/ld+json\" class=\"yoast-schema-graph\">{\"@context\":\"https:\/\/schema.org\",\"@graph\":[{\"@type\":\"NewsArticle\",\"@id\":\"https:\/\/www.celttv.com.ar\/index.php\/2014\/03\/05\/somos-demasiado-pobres-como-para-no-invertir-en-educacion-dijo-la-directora-del-colegio-nestra-senora-de-lujan\/#article\",\"isPartOf\":{\"@id\":\"https:\/\/www.celttv.com.ar\/index.php\/2014\/03\/05\/somos-demasiado-pobres-como-para-no-invertir-en-educacion-dijo-la-directora-del-colegio-nestra-senora-de-lujan\/\"},\"author\":{\"name\":\"ulises\",\"@id\":\"https:\/\/www.celttv.com.ar\/#\/schema\/person\/6d99c072dba59953809c81446e9d0ace\"},\"headline\":\"&#8220;SOMOS DEMASIADO POBRES COMO PARA NO INVERTIR EN EDUCACION&#8221; Dijo la Directora del Colegio Nestra Se\u00f1ora de Luj\u00e1n\",\"datePublished\":\"2014-03-05T21:03:08+00:00\",\"dateModified\":\"2014-03-05T21:03:08+00:00\",\"mainEntityOfPage\":{\"@id\":\"https:\/\/www.celttv.com.ar\/index.php\/2014\/03\/05\/somos-demasiado-pobres-como-para-no-invertir-en-educacion-dijo-la-directora-del-colegio-nestra-senora-de-lujan\/\"},\"wordCount\":79,\"publisher\":{\"@id\":\"https:\/\/www.celttv.com.ar\/#organization\"},\"articleSection\":[\"Comunidad\",\"Destacadas\",\"Videos Destacados\"],\"inLanguage\":\"es\"},{\"@type\":\"WebPage\",\"@id\":\"https:\/\/www.celttv.com.ar\/index.php\/2014\/03\/05\/somos-demasiado-pobres-como-para-no-invertir-en-educacion-dijo-la-directora-del-colegio-nestra-senora-de-lujan\/\",\"url\":\"https:\/\/www.celttv.com.ar\/index.php\/2014\/03\/05\/somos-demasiado-pobres-como-para-no-invertir-en-educacion-dijo-la-directora-del-colegio-nestra-senora-de-lujan\/\",\"name\":\"\\\"SOMOS DEMASIADO POBRES COMO PARA NO INVERTIR EN EDUCACION\\\" Dijo la Directora del Colegio Nestra Se\u00f1ora de Luj\u00e1n - CELTTV\",\"isPartOf\":{\"@id\":\"https:\/\/www.celttv.com.ar\/#website\"},\"datePublished\":\"2014-03-05T21:03:08+00:00\",\"dateModified\":\"2014-03-05T21:03:08+00:00\",\"description\":\"Sitio web de noticias de la localidad de Tornquist, provincia de Buenos Aires, Rep\u00fablica Argentina. Contenido propio originado por periodistas de CELTTV, el canal de TV local de la Cooperativa El\u00e9ctrica de Tornquist. Turismo, Pol\u00edtica, Sociedad, Deporte, Cultura y todo el contenido de inter\u00e9s general que la gente del pueblo y la regi\u00f3n debe conocer.\",\"breadcrumb\":{\"@id\":\"https:\/\/www.celttv.com.ar\/index.php\/2014\/03\/05\/somos-demasiado-pobres-como-para-no-invertir-en-educacion-dijo-la-directora-del-colegio-nestra-senora-de-lujan\/#breadcrumb\"},\"inLanguage\":\"es\",\"potentialAction\":[{\"@type\":\"ReadAction\",\"target\":[\"https:\/\/www.celttv.com.ar\/index.php\/2014\/03\/05\/somos-demasiado-pobres-como-para-no-invertir-en-educacion-dijo-la-directora-del-colegio-nestra-senora-de-lujan\/\"]}]},{\"@type\":\"BreadcrumbList\",\"@id\":\"https:\/\/www.celttv.com.ar\/index.php\/2014\/03\/05\/somos-demasiado-pobres-como-para-no-invertir-en-educacion-dijo-la-directora-del-colegio-nestra-senora-de-lujan\/#breadcrumb\",\"itemListElement\":[{\"@type\":\"ListItem\",\"position\":1,\"name\":\"Inicio\",\"item\":\"https:\/\/www.celttv.com.ar\/\"},{\"@type\":\"ListItem\",\"position\":2,\"name\":\"&#8220;SOMOS DEMASIADO POBRES COMO PARA NO INVERTIR EN EDUCACION&#8221; Dijo la Directora del Colegio Nestra Se\u00f1ora de Luj\u00e1n\"}]},{\"@type\":\"WebSite\",\"@id\":\"https:\/\/www.celttv.com.ar\/#website\",\"url\":\"https:\/\/www.celttv.com.ar\/\",\"name\":\"CELTTV\",\"description\":\"Cooperativa El\u00e9ctrica de Tornquist\",\"publisher\":{\"@id\":\"https:\/\/www.celttv.com.ar\/#organization\"},\"potentialAction\":[{\"@type\":\"SearchAction\",\"target\":{\"@type\":\"EntryPoint\",\"urlTemplate\":\"https:\/\/www.celttv.com.ar\/?s={search_term_string}\"},\"query-input\":\"required name=search_term_string\"}],\"inLanguage\":\"es\"},{\"@type\":\"Organization\",\"@id\":\"https:\/\/www.celttv.com.ar\/#organization\",\"name\":\"CELTTV\",\"url\":\"https:\/\/www.celttv.com.ar\/\",\"sameAs\":[\"https:\/\/www.youtube.com\/channel\/UCz_oIt8Hig64Ub-EmcNPIhg\",\"https:\/\/www.facebook.com\/celtTV\/\"],\"logo\":{\"@type\":\"ImageObject\",\"inLanguage\":\"es\",\"@id\":\"https:\/\/www.celttv.com.ar\/#\/schema\/logo\/image\/\",\"url\":\"http:\/\/www.celttv.com.ar\/wp-content\/uploads\/2022\/08\/logo-1.png\",\"contentUrl\":\"http:\/\/www.celttv.com.ar\/wp-content\/uploads\/2022\/08\/logo-1.png\",\"width\":461,\"height\":159,\"caption\":\"CELTTV\"},\"image\":{\"@id\":\"https:\/\/www.celttv.com.ar\/#\/schema\/logo\/image\/\"}},{\"@type\":\"Person\",\"@id\":\"https:\/\/www.celttv.com.ar\/#\/schema\/person\/6d99c072dba59953809c81446e9d0ace\",\"name\":\"ulises\",\"image\":{\"@type\":\"ImageObject\",\"inLanguage\":\"es\",\"@id\":\"https:\/\/www.celttv.com.ar\/#\/schema\/person\/image\/\",\"url\":\"https:\/\/secure.gravatar.com\/avatar\/7f2c48bdc33b30088f941fb6082e555f2874c98e20cb159d7b92b50eadfce793?s=96&d=mm&r=g\",\"contentUrl\":\"https:\/\/secure.gravatar.com\/avatar\/7f2c48bdc33b30088f941fb6082e555f2874c98e20cb159d7b92b50eadfce793?s=96&d=mm&r=g\",\"caption\":\"ulises\"},\"sameAs\":[\"http:\/\/www.celttv.com.ar\"]}]}<\/script>\n<!-- \/ Yoast SEO plugin. -->","yoast_head_json":{"title":"\"SOMOS DEMASIADO POBRES COMO PARA NO INVERTIR EN EDUCACION\" Dijo la Directora del Colegio Nestra Se\u00f1ora de Luj\u00e1n - CELTTV","description":"Sitio web de noticias de la localidad de Tornquist, provincia de Buenos Aires, Rep\u00fablica Argentina. Contenido propio originado por periodistas de CELTTV, el canal de TV local de la Cooperativa El\u00e9ctrica de Tornquist. Turismo, Pol\u00edtica, Sociedad, Deporte, Cultura y todo el contenido de inter\u00e9s general que la gente del pueblo y la regi\u00f3n debe conocer.","robots":{"index":"index","follow":"follow","max-snippet":"max-snippet:-1","max-image-preview":"max-image-preview:large","max-video-preview":"max-video-preview:-1"},"canonical":"https:\/\/www.celttv.com.ar\/index.php\/2014\/03\/05\/somos-demasiado-pobres-como-para-no-invertir-en-educacion-dijo-la-directora-del-colegio-nestra-senora-de-lujan\/","og_locale":"es_ES","og_type":"article","og_title":"\"SOMOS DEMASIADO POBRES COMO PARA NO INVERTIR EN EDUCACION\" Dijo la Directora del Colegio Nestra Se\u00f1ora de Luj\u00e1n - CELTTV","og_description":"Sitio web de noticias de la localidad de Tornquist, provincia de Buenos Aires, Rep\u00fablica Argentina. Contenido propio originado por periodistas de CELTTV, el canal de TV local de la Cooperativa El\u00e9ctrica de Tornquist. Turismo, Pol\u00edtica, Sociedad, Deporte, Cultura y todo el contenido de inter\u00e9s general que la gente del pueblo y la regi\u00f3n debe conocer.","og_url":"https:\/\/www.celttv.com.ar\/index.php\/2014\/03\/05\/somos-demasiado-pobres-como-para-no-invertir-en-educacion-dijo-la-directora-del-colegio-nestra-senora-de-lujan\/","og_site_name":"CELTTV","article_publisher":"https:\/\/www.facebook.com\/celtTV\/","article_published_time":"2014-03-05T21:03:08+00:00","author":"ulises","twitter_card":"summary_large_image","twitter_misc":{"Escrito por":"ulises"},"schema":{"@context":"https:\/\/schema.org","@graph":[{"@type":"NewsArticle","@id":"https:\/\/www.celttv.com.ar\/index.php\/2014\/03\/05\/somos-demasiado-pobres-como-para-no-invertir-en-educacion-dijo-la-directora-del-colegio-nestra-senora-de-lujan\/#article","isPartOf":{"@id":"https:\/\/www.celttv.com.ar\/index.php\/2014\/03\/05\/somos-demasiado-pobres-como-para-no-invertir-en-educacion-dijo-la-directora-del-colegio-nestra-senora-de-lujan\/"},"author":{"name":"ulises","@id":"https:\/\/www.celttv.com.ar\/#\/schema\/person\/6d99c072dba59953809c81446e9d0ace"},"headline":"&#8220;SOMOS DEMASIADO POBRES COMO PARA NO INVERTIR EN EDUCACION&#8221; Dijo la Directora del Colegio Nestra Se\u00f1ora de Luj\u00e1n","datePublished":"2014-03-05T21:03:08+00:00","dateModified":"2014-03-05T21:03:08+00:00","mainEntityOfPage":{"@id":"https:\/\/www.celttv.com.ar\/index.php\/2014\/03\/05\/somos-demasiado-pobres-como-para-no-invertir-en-educacion-dijo-la-directora-del-colegio-nestra-senora-de-lujan\/"},"wordCount":79,"publisher":{"@id":"https:\/\/www.celttv.com.ar\/#organization"},"articleSection":["Comunidad","Destacadas","Videos Destacados"],"inLanguage":"es"},{"@type":"WebPage","@id":"https:\/\/www.celttv.com.ar\/index.php\/2014\/03\/05\/somos-demasiado-pobres-como-para-no-invertir-en-educacion-dijo-la-directora-del-colegio-nestra-senora-de-lujan\/","url":"https:\/\/www.celttv.com.ar\/index.php\/2014\/03\/05\/somos-demasiado-pobres-como-para-no-invertir-en-educacion-dijo-la-directora-del-colegio-nestra-senora-de-lujan\/","name":"\"SOMOS DEMASIADO POBRES COMO PARA NO INVERTIR EN EDUCACION\" Dijo la Directora del Colegio Nestra Se\u00f1ora de Luj\u00e1n - CELTTV","isPartOf":{"@id":"https:\/\/www.celttv.com.ar\/#website"},"datePublished":"2014-03-05T21:03:08+00:00","dateModified":"2014-03-05T21:03:08+00:00","description":"Sitio web de noticias de la localidad de Tornquist, provincia de Buenos Aires, Rep\u00fablica Argentina. Contenido propio originado por periodistas de CELTTV, el canal de TV local de la Cooperativa El\u00e9ctrica de Tornquist. Turismo, Pol\u00edtica, Sociedad, Deporte, Cultura y todo el contenido de inter\u00e9s general que la gente del pueblo y la regi\u00f3n debe conocer.","breadcrumb":{"@id":"https:\/\/www.celttv.com.ar\/index.php\/2014\/03\/05\/somos-demasiado-pobres-como-para-no-invertir-en-educacion-dijo-la-directora-del-colegio-nestra-senora-de-lujan\/#breadcrumb"},"inLanguage":"es","potentialAction":[{"@type":"ReadAction","target":["https:\/\/www.celttv.com.ar\/index.php\/2014\/03\/05\/somos-demasiado-pobres-como-para-no-invertir-en-educacion-dijo-la-directora-del-colegio-nestra-senora-de-lujan\/"]}]},{"@type":"BreadcrumbList","@id":"https:\/\/www.celttv.com.ar\/index.php\/2014\/03\/05\/somos-demasiado-pobres-como-para-no-invertir-en-educacion-dijo-la-directora-del-colegio-nestra-senora-de-lujan\/#breadcrumb","itemListElement":[{"@type":"ListItem","position":1,"name":"Inicio","item":"https:\/\/www.celttv.com.ar\/"},{"@type":"ListItem","position":2,"name":"&#8220;SOMOS DEMASIADO POBRES COMO PARA NO INVERTIR EN EDUCACION&#8221; Dijo la Directora del Colegio Nestra Se\u00f1ora de Luj\u00e1n"}]},{"@type":"WebSite","@id":"https:\/\/www.celttv.com.ar\/#website","url":"https:\/\/www.celttv.com.ar\/","name":"CELTTV","description":"Cooperativa El\u00e9ctrica de Tornquist","publisher":{"@id":"https:\/\/www.celttv.com.ar\/#organization"},"potentialAction":[{"@type":"SearchAction","target":{"@type":"EntryPoint","urlTemplate":"https:\/\/www.celttv.com.ar\/?s={search_term_string}"},"query-input":"required name=search_term_string"}],"inLanguage":"es"},{"@type":"Organization","@id":"https:\/\/www.celttv.com.ar\/#organization","name":"CELTTV","url":"https:\/\/www.celttv.com.ar\/","sameAs":["https:\/\/www.youtube.com\/channel\/UCz_oIt8Hig64Ub-EmcNPIhg","https:\/\/www.facebook.com\/celtTV\/"],"logo":{"@type":"ImageObject","inLanguage":"es","@id":"https:\/\/www.celttv.com.ar\/#\/schema\/logo\/image\/","url":"http:\/\/www.celttv.com.ar\/wp-content\/uploads\/2022\/08\/logo-1.png","contentUrl":"http:\/\/www.celttv.com.ar\/wp-content\/uploads\/2022\/08\/logo-1.png","width":461,"height":159,"caption":"CELTTV"},"image":{"@id":"https:\/\/www.celttv.com.ar\/#\/schema\/logo\/image\/"}},{"@type":"Person","@id":"https:\/\/www.celttv.com.ar\/#\/schema\/person\/6d99c072dba59953809c81446e9d0ace","name":"ulises","image":{"@type":"ImageObject","inLanguage":"es","@id":"https:\/\/www.celttv.com.ar\/#\/schema\/person\/image\/","url":"https:\/\/secure.gravatar.com\/avatar\/7f2c48bdc33b30088f941fb6082e555f2874c98e20cb159d7b92b50eadfce793?s=96&d=mm&r=g","contentUrl":"https:\/\/secure.gravatar.com\/avatar\/7f2c48bdc33b30088f941fb6082e555f2874c98e20cb159d7b92b50eadfce793?s=96&d=mm&r=g","caption":"ulises"},"sameAs":["http:\/\/www.celttv.com.ar"]}]}},"_links":{"self":[{"href":"https:\/\/www.celttv.com.ar\/index.php\/wp-json\/wp\/v2\/posts\/17917","targetHints":{"allow":["GET"]}}],"collection":[{"href":"https:\/\/www.celttv.com.ar\/index.php\/wp-json\/wp\/v2\/posts"}],"about":[{"href":"https:\/\/www.celttv.com.ar\/index.php\/wp-json\/wp\/v2\/types\/post"}],"author":[{"embeddable":true,"href":"https:\/\/www.celttv.com.ar\/index.php\/wp-json\/wp\/v2\/users\/1"}],"replies":[{"embeddable":true,"href":"https:\/\/www.celttv.com.ar\/index.php\/wp-json\/wp\/v2\/comments?post=17917"}],"version-history":[{"count":0,"href":"https:\/\/www.celttv.com.ar\/index.php\/wp-json\/wp\/v2\/posts\/17917\/revisions"}],"wp:attachment":[{"href":"https:\/\/www.celttv.com.ar\/index.php\/wp-json\/wp\/v2\/media?parent=17917"}],"wp:term":[{"taxonomy":"category","embeddable":true,"href":"https:\/\/www.celttv.com.ar\/index.php\/wp-json\/wp\/v2\/categories?post=17917"},{"taxonomy":"post_tag","embeddable":true,"href":"https:\/\/www.celttv.com.ar\/index.php\/wp-json\/wp\/v2\/tags?post=17917"}],"curies":[{"name":"wp","href":"https:\/\/api.w.org\/{rel}","templated":true}]}}