{"id":17920,"date":"2014-03-05T21:31:09","date_gmt":"2014-03-05T21:31:09","guid":{"rendered":"http:\/\/www.tvcnoticias.com.ar\/?p=17920"},"modified":"2014-03-05T21:31:09","modified_gmt":"2014-03-05T21:31:09","slug":"quiero-cumplir-el-sueno-de-volver-a-caminar-dijo-sabrina-la-joven-que-necesita-viajar-a-espana-para-ser-operada","status":"publish","type":"post","link":"https:\/\/www.celttv.com.ar\/index.php\/2014\/03\/05\/quiero-cumplir-el-sueno-de-volver-a-caminar-dijo-sabrina-la-joven-que-necesita-viajar-a-espana-para-ser-operada\/","title":{"rendered":"&#8220;QUIERO CUMPLIR EL SUE\u00d1O DE VOLVER A CAMINAR&#8221; Dijo Sabrina, la joven que necesita viajar a Espa\u00f1a para ser operada y mejorar su calidad de vida"},"content":{"rendered":"<p><img loading=\"lazy\" decoding=\"async\" class=\"aligncenter size-medium wp-image-18625\" title=\"grupo universitario\" src=\"http:\/\/www.tvcnoticias.com.ar\/wp-content\/uploads\/2014\/03\/grupo-universitario1-450x337.jpg\" alt=\"\" width=\"450\" height=\"337\" \/><br \/>\n<a href=\"https:\/\/www.youtube.com\/watch?v=qJOW3eO3CIE\">http:\/\/www.youtube.com\/watch?v=qJOW3eO3CIE<\/a><br \/>\nSabina, es una joven que vive en la localidad de Darregueira y tiene 25 a\u00f1os. Su nombre completo es Sabina Gonzalez Tapella<br \/>\nEn el a\u00f1o 2005, a ra\u00edz de problemas en la vista, le realizaron diversos estudios y los m\u00e9dicos llegaron al diagn\u00f3stico de Esclerosis M\u00faltiple.<br \/>\nEsta enfermedad se produce por la p\u00e9rdida de mielina en los nervios, lo que dificulta el pasaje de los impulsos nerviosos a todo el cuerpo.<br \/>\nA los 18 a\u00f1os comenz\u00f3 con perdida de fuerza en la pierna derecha, luego aparecieron s\u00edntomas como falta de equilibrio, urgencia urinaria y temblor en la mano izquierda.<br \/>\nHoy en d\u00eda no puede caminar por sus propios medios, necesitando el apoyo de otras personas para desplazarme solo dentro de su hogar.<br \/>\nA lo largo de todos estos a\u00f1os ha probado diversos tratamientos ortodoxos y alternativos existentes en Argentina.<br \/>\n\u201cQuien me abri\u00f3 el camino para una recuperaci\u00f3n fue Axel Perez Watkins, quien tambien padec\u00eda Esclerosis M\u00faltiple y que fue operado el 26 de Septiembre en Espa\u00f1a; presentando muy buenos s\u00edntomas de recuperaci\u00f3n\u201dEl objetivo de Sabina en lo inmediato es operarse en Espa\u00f1a para recuperar calidad de vida.<br \/>\n\u201cLa operaci\u00f3n tiene un costo de 11.000 euros y como estos gastos son imposibles de afrontar por mi madre, les pido que me ayuden a cumplir el sue\u00f1o de volver a caminar\u201d<\/p>\n","protected":false},"excerpt":{"rendered":"<p>http:\/\/www.youtube.com\/watch?v=qJOW3eO3CIE Sabina, es una joven que vive en la localidad de Darregueira y tiene 25 a\u00f1os. Su nombre completo es Sabina Gonzalez Tapella En el a\u00f1o 2005, a ra\u00edz de problemas en la vista, le realizaron diversos estudios y los m\u00e9dicos llegaron al diagn\u00f3stico de Esclerosis M\u00faltiple. Esta enfermedad se produce por la p\u00e9rdida de [&hellip;]<\/p>\n","protected":false},"author":1,"featured_media":0,"comment_status":"closed","ping_status":"open","sticky":false,"template":"","format":"standard","meta":{"footnotes":""},"categories":[51,52,64],"tags":[],"class_list":["post-17920","post","type-post","status-publish","format-standard","hentry","category-comunidad","category-destacadas","category-videos-destacados"],"yoast_head":"<!-- This site is optimized with the Yoast SEO plugin v19.7.1 - https:\/\/yoast.com\/wordpress\/plugins\/seo\/ -->\n<title>&quot;QUIERO CUMPLIR EL SUE\u00d1O DE VOLVER A CAMINAR&quot; Dijo Sabrina, la joven que necesita viajar a Espa\u00f1a para ser operada y mejorar su calidad de vida - CELTTV<\/title>\n<meta name=\"description\" content=\"Sitio web de noticias de la localidad de Tornquist, provincia de Buenos Aires, Rep\u00fablica Argentina. Contenido propio originado por periodistas de CELTTV, el canal de TV local de la Cooperativa El\u00e9ctrica de Tornquist. Turismo, Pol\u00edtica, Sociedad, Deporte, Cultura y todo el contenido de inter\u00e9s general que la gente del pueblo y la regi\u00f3n debe conocer.\" \/>\n<meta name=\"robots\" content=\"index, follow, max-snippet:-1, max-image-preview:large, max-video-preview:-1\" \/>\n<link rel=\"canonical\" href=\"https:\/\/www.celttv.com.ar\/index.php\/2014\/03\/05\/quiero-cumplir-el-sueno-de-volver-a-caminar-dijo-sabrina-la-joven-que-necesita-viajar-a-espana-para-ser-operada\/\" \/>\n<meta property=\"og:locale\" content=\"es_ES\" \/>\n<meta property=\"og:type\" content=\"article\" \/>\n<meta property=\"og:title\" content=\"&quot;QUIERO CUMPLIR EL SUE\u00d1O DE VOLVER A CAMINAR&quot; Dijo Sabrina, la joven que necesita viajar a Espa\u00f1a para ser operada y mejorar su calidad de vida - CELTTV\" \/>\n<meta property=\"og:description\" content=\"Sitio web de noticias de la localidad de Tornquist, provincia de Buenos Aires, Rep\u00fablica Argentina. Contenido propio originado por periodistas de CELTTV, el canal de TV local de la Cooperativa El\u00e9ctrica de Tornquist. Turismo, Pol\u00edtica, Sociedad, Deporte, Cultura y todo el contenido de inter\u00e9s general que la gente del pueblo y la regi\u00f3n debe conocer.\" \/>\n<meta property=\"og:url\" content=\"https:\/\/www.celttv.com.ar\/index.php\/2014\/03\/05\/quiero-cumplir-el-sueno-de-volver-a-caminar-dijo-sabrina-la-joven-que-necesita-viajar-a-espana-para-ser-operada\/\" \/>\n<meta property=\"og:site_name\" content=\"CELTTV\" \/>\n<meta property=\"article:publisher\" content=\"https:\/\/www.facebook.com\/celtTV\/\" \/>\n<meta property=\"article:published_time\" content=\"2014-03-05T21:31:09+00:00\" \/>\n<meta property=\"og:image\" content=\"http:\/\/www.tvcnoticias.com.ar\/wp-content\/uploads\/2014\/03\/grupo-universitario1-450x337.jpg\" \/>\n<meta name=\"author\" content=\"ulises\" \/>\n<meta name=\"twitter:card\" content=\"summary_large_image\" \/>\n<meta name=\"twitter:label1\" content=\"Escrito por\" \/>\n\t<meta name=\"twitter:data1\" content=\"ulises\" \/>\n\t<meta name=\"twitter:label2\" content=\"Tiempo de lectura\" \/>\n\t<meta name=\"twitter:data2\" content=\"1 minuto\" \/>\n<script type=\"application\/ld+json\" class=\"yoast-schema-graph\">{\"@context\":\"https:\/\/schema.org\",\"@graph\":[{\"@type\":\"NewsArticle\",\"@id\":\"https:\/\/www.celttv.com.ar\/index.php\/2014\/03\/05\/quiero-cumplir-el-sueno-de-volver-a-caminar-dijo-sabrina-la-joven-que-necesita-viajar-a-espana-para-ser-operada\/#article\",\"isPartOf\":{\"@id\":\"https:\/\/www.celttv.com.ar\/index.php\/2014\/03\/05\/quiero-cumplir-el-sueno-de-volver-a-caminar-dijo-sabrina-la-joven-que-necesita-viajar-a-espana-para-ser-operada\/\"},\"author\":{\"name\":\"ulises\",\"@id\":\"https:\/\/www.celttv.com.ar\/#\/schema\/person\/6d99c072dba59953809c81446e9d0ace\"},\"headline\":\"&#8220;QUIERO CUMPLIR EL SUE\u00d1O DE VOLVER A CAMINAR&#8221; Dijo Sabrina, la joven que necesita viajar a Espa\u00f1a para ser operada y mejorar su calidad de vida\",\"datePublished\":\"2014-03-05T21:31:09+00:00\",\"dateModified\":\"2014-03-05T21:31:09+00:00\",\"mainEntityOfPage\":{\"@id\":\"https:\/\/www.celttv.com.ar\/index.php\/2014\/03\/05\/quiero-cumplir-el-sueno-de-volver-a-caminar-dijo-sabrina-la-joven-que-necesita-viajar-a-espana-para-ser-operada\/\"},\"wordCount\":272,\"publisher\":{\"@id\":\"https:\/\/www.celttv.com.ar\/#organization\"},\"articleSection\":[\"Comunidad\",\"Destacadas\",\"Videos Destacados\"],\"inLanguage\":\"es\"},{\"@type\":\"WebPage\",\"@id\":\"https:\/\/www.celttv.com.ar\/index.php\/2014\/03\/05\/quiero-cumplir-el-sueno-de-volver-a-caminar-dijo-sabrina-la-joven-que-necesita-viajar-a-espana-para-ser-operada\/\",\"url\":\"https:\/\/www.celttv.com.ar\/index.php\/2014\/03\/05\/quiero-cumplir-el-sueno-de-volver-a-caminar-dijo-sabrina-la-joven-que-necesita-viajar-a-espana-para-ser-operada\/\",\"name\":\"\\\"QUIERO CUMPLIR EL SUE\u00d1O DE VOLVER A CAMINAR\\\" Dijo Sabrina, la joven que necesita viajar a Espa\u00f1a para ser operada y mejorar su calidad de vida - CELTTV\",\"isPartOf\":{\"@id\":\"https:\/\/www.celttv.com.ar\/#website\"},\"datePublished\":\"2014-03-05T21:31:09+00:00\",\"dateModified\":\"2014-03-05T21:31:09+00:00\",\"description\":\"Sitio web de noticias de la localidad de Tornquist, provincia de Buenos Aires, Rep\u00fablica Argentina. Contenido propio originado por periodistas de CELTTV, el canal de TV local de la Cooperativa El\u00e9ctrica de Tornquist. Turismo, Pol\u00edtica, Sociedad, Deporte, Cultura y todo el contenido de inter\u00e9s general que la gente del pueblo y la regi\u00f3n debe conocer.\",\"breadcrumb\":{\"@id\":\"https:\/\/www.celttv.com.ar\/index.php\/2014\/03\/05\/quiero-cumplir-el-sueno-de-volver-a-caminar-dijo-sabrina-la-joven-que-necesita-viajar-a-espana-para-ser-operada\/#breadcrumb\"},\"inLanguage\":\"es\",\"potentialAction\":[{\"@type\":\"ReadAction\",\"target\":[\"https:\/\/www.celttv.com.ar\/index.php\/2014\/03\/05\/quiero-cumplir-el-sueno-de-volver-a-caminar-dijo-sabrina-la-joven-que-necesita-viajar-a-espana-para-ser-operada\/\"]}]},{\"@type\":\"BreadcrumbList\",\"@id\":\"https:\/\/www.celttv.com.ar\/index.php\/2014\/03\/05\/quiero-cumplir-el-sueno-de-volver-a-caminar-dijo-sabrina-la-joven-que-necesita-viajar-a-espana-para-ser-operada\/#breadcrumb\",\"itemListElement\":[{\"@type\":\"ListItem\",\"position\":1,\"name\":\"Inicio\",\"item\":\"https:\/\/www.celttv.com.ar\/\"},{\"@type\":\"ListItem\",\"position\":2,\"name\":\"&#8220;QUIERO CUMPLIR EL SUE\u00d1O DE VOLVER A CAMINAR&#8221; Dijo Sabrina, la joven que necesita viajar a Espa\u00f1a para ser operada y mejorar su calidad de vida\"}]},{\"@type\":\"WebSite\",\"@id\":\"https:\/\/www.celttv.com.ar\/#website\",\"url\":\"https:\/\/www.celttv.com.ar\/\",\"name\":\"CELTTV\",\"description\":\"Cooperativa El\u00e9ctrica de Tornquist\",\"publisher\":{\"@id\":\"https:\/\/www.celttv.com.ar\/#organization\"},\"potentialAction\":[{\"@type\":\"SearchAction\",\"target\":{\"@type\":\"EntryPoint\",\"urlTemplate\":\"https:\/\/www.celttv.com.ar\/?s={search_term_string}\"},\"query-input\":\"required name=search_term_string\"}],\"inLanguage\":\"es\"},{\"@type\":\"Organization\",\"@id\":\"https:\/\/www.celttv.com.ar\/#organization\",\"name\":\"CELTTV\",\"url\":\"https:\/\/www.celttv.com.ar\/\",\"sameAs\":[\"https:\/\/www.youtube.com\/channel\/UCz_oIt8Hig64Ub-EmcNPIhg\",\"https:\/\/www.facebook.com\/celtTV\/\"],\"logo\":{\"@type\":\"ImageObject\",\"inLanguage\":\"es\",\"@id\":\"https:\/\/www.celttv.com.ar\/#\/schema\/logo\/image\/\",\"url\":\"http:\/\/www.celttv.com.ar\/wp-content\/uploads\/2022\/08\/logo-1.png\",\"contentUrl\":\"http:\/\/www.celttv.com.ar\/wp-content\/uploads\/2022\/08\/logo-1.png\",\"width\":461,\"height\":159,\"caption\":\"CELTTV\"},\"image\":{\"@id\":\"https:\/\/www.celttv.com.ar\/#\/schema\/logo\/image\/\"}},{\"@type\":\"Person\",\"@id\":\"https:\/\/www.celttv.com.ar\/#\/schema\/person\/6d99c072dba59953809c81446e9d0ace\",\"name\":\"ulises\",\"image\":{\"@type\":\"ImageObject\",\"inLanguage\":\"es\",\"@id\":\"https:\/\/www.celttv.com.ar\/#\/schema\/person\/image\/\",\"url\":\"https:\/\/secure.gravatar.com\/avatar\/7f2c48bdc33b30088f941fb6082e555f2874c98e20cb159d7b92b50eadfce793?s=96&d=mm&r=g\",\"contentUrl\":\"https:\/\/secure.gravatar.com\/avatar\/7f2c48bdc33b30088f941fb6082e555f2874c98e20cb159d7b92b50eadfce793?s=96&d=mm&r=g\",\"caption\":\"ulises\"},\"sameAs\":[\"http:\/\/www.celttv.com.ar\"]}]}<\/script>\n<!-- \/ Yoast SEO plugin. -->","yoast_head_json":{"title":"\"QUIERO CUMPLIR EL SUE\u00d1O DE VOLVER A CAMINAR\" Dijo Sabrina, la joven que necesita viajar a Espa\u00f1a para ser operada y mejorar su calidad de vida - CELTTV","description":"Sitio web de noticias de la localidad de Tornquist, provincia de Buenos Aires, Rep\u00fablica Argentina. Contenido propio originado por periodistas de CELTTV, el canal de TV local de la Cooperativa El\u00e9ctrica de Tornquist. Turismo, Pol\u00edtica, Sociedad, Deporte, Cultura y todo el contenido de inter\u00e9s general que la gente del pueblo y la regi\u00f3n debe conocer.","robots":{"index":"index","follow":"follow","max-snippet":"max-snippet:-1","max-image-preview":"max-image-preview:large","max-video-preview":"max-video-preview:-1"},"canonical":"https:\/\/www.celttv.com.ar\/index.php\/2014\/03\/05\/quiero-cumplir-el-sueno-de-volver-a-caminar-dijo-sabrina-la-joven-que-necesita-viajar-a-espana-para-ser-operada\/","og_locale":"es_ES","og_type":"article","og_title":"\"QUIERO CUMPLIR EL SUE\u00d1O DE VOLVER A CAMINAR\" Dijo Sabrina, la joven que necesita viajar a Espa\u00f1a para ser operada y mejorar su calidad de vida - CELTTV","og_description":"Sitio web de noticias de la localidad de Tornquist, provincia de Buenos Aires, Rep\u00fablica Argentina. Contenido propio originado por periodistas de CELTTV, el canal de TV local de la Cooperativa El\u00e9ctrica de Tornquist. Turismo, Pol\u00edtica, Sociedad, Deporte, Cultura y todo el contenido de inter\u00e9s general que la gente del pueblo y la regi\u00f3n debe conocer.","og_url":"https:\/\/www.celttv.com.ar\/index.php\/2014\/03\/05\/quiero-cumplir-el-sueno-de-volver-a-caminar-dijo-sabrina-la-joven-que-necesita-viajar-a-espana-para-ser-operada\/","og_site_name":"CELTTV","article_publisher":"https:\/\/www.facebook.com\/celtTV\/","article_published_time":"2014-03-05T21:31:09+00:00","og_image":[{"url":"http:\/\/www.tvcnoticias.com.ar\/wp-content\/uploads\/2014\/03\/grupo-universitario1-450x337.jpg"}],"author":"ulises","twitter_card":"summary_large_image","twitter_misc":{"Escrito por":"ulises","Tiempo de lectura":"1 minuto"},"schema":{"@context":"https:\/\/schema.org","@graph":[{"@type":"NewsArticle","@id":"https:\/\/www.celttv.com.ar\/index.php\/2014\/03\/05\/quiero-cumplir-el-sueno-de-volver-a-caminar-dijo-sabrina-la-joven-que-necesita-viajar-a-espana-para-ser-operada\/#article","isPartOf":{"@id":"https:\/\/www.celttv.com.ar\/index.php\/2014\/03\/05\/quiero-cumplir-el-sueno-de-volver-a-caminar-dijo-sabrina-la-joven-que-necesita-viajar-a-espana-para-ser-operada\/"},"author":{"name":"ulises","@id":"https:\/\/www.celttv.com.ar\/#\/schema\/person\/6d99c072dba59953809c81446e9d0ace"},"headline":"&#8220;QUIERO CUMPLIR EL SUE\u00d1O DE VOLVER A CAMINAR&#8221; Dijo Sabrina, la joven que necesita viajar a Espa\u00f1a para ser operada y mejorar su calidad de vida","datePublished":"2014-03-05T21:31:09+00:00","dateModified":"2014-03-05T21:31:09+00:00","mainEntityOfPage":{"@id":"https:\/\/www.celttv.com.ar\/index.php\/2014\/03\/05\/quiero-cumplir-el-sueno-de-volver-a-caminar-dijo-sabrina-la-joven-que-necesita-viajar-a-espana-para-ser-operada\/"},"wordCount":272,"publisher":{"@id":"https:\/\/www.celttv.com.ar\/#organization"},"articleSection":["Comunidad","Destacadas","Videos Destacados"],"inLanguage":"es"},{"@type":"WebPage","@id":"https:\/\/www.celttv.com.ar\/index.php\/2014\/03\/05\/quiero-cumplir-el-sueno-de-volver-a-caminar-dijo-sabrina-la-joven-que-necesita-viajar-a-espana-para-ser-operada\/","url":"https:\/\/www.celttv.com.ar\/index.php\/2014\/03\/05\/quiero-cumplir-el-sueno-de-volver-a-caminar-dijo-sabrina-la-joven-que-necesita-viajar-a-espana-para-ser-operada\/","name":"\"QUIERO CUMPLIR EL SUE\u00d1O DE VOLVER A CAMINAR\" Dijo Sabrina, la joven que necesita viajar a Espa\u00f1a para ser operada y mejorar su calidad de vida - CELTTV","isPartOf":{"@id":"https:\/\/www.celttv.com.ar\/#website"},"datePublished":"2014-03-05T21:31:09+00:00","dateModified":"2014-03-05T21:31:09+00:00","description":"Sitio web de noticias de la localidad de Tornquist, provincia de Buenos Aires, Rep\u00fablica Argentina. Contenido propio originado por periodistas de CELTTV, el canal de TV local de la Cooperativa El\u00e9ctrica de Tornquist. Turismo, Pol\u00edtica, Sociedad, Deporte, Cultura y todo el contenido de inter\u00e9s general que la gente del pueblo y la regi\u00f3n debe conocer.","breadcrumb":{"@id":"https:\/\/www.celttv.com.ar\/index.php\/2014\/03\/05\/quiero-cumplir-el-sueno-de-volver-a-caminar-dijo-sabrina-la-joven-que-necesita-viajar-a-espana-para-ser-operada\/#breadcrumb"},"inLanguage":"es","potentialAction":[{"@type":"ReadAction","target":["https:\/\/www.celttv.com.ar\/index.php\/2014\/03\/05\/quiero-cumplir-el-sueno-de-volver-a-caminar-dijo-sabrina-la-joven-que-necesita-viajar-a-espana-para-ser-operada\/"]}]},{"@type":"BreadcrumbList","@id":"https:\/\/www.celttv.com.ar\/index.php\/2014\/03\/05\/quiero-cumplir-el-sueno-de-volver-a-caminar-dijo-sabrina-la-joven-que-necesita-viajar-a-espana-para-ser-operada\/#breadcrumb","itemListElement":[{"@type":"ListItem","position":1,"name":"Inicio","item":"https:\/\/www.celttv.com.ar\/"},{"@type":"ListItem","position":2,"name":"&#8220;QUIERO CUMPLIR EL SUE\u00d1O DE VOLVER A CAMINAR&#8221; Dijo Sabrina, la joven que necesita viajar a Espa\u00f1a para ser operada y mejorar su calidad de vida"}]},{"@type":"WebSite","@id":"https:\/\/www.celttv.com.ar\/#website","url":"https:\/\/www.celttv.com.ar\/","name":"CELTTV","description":"Cooperativa El\u00e9ctrica de Tornquist","publisher":{"@id":"https:\/\/www.celttv.com.ar\/#organization"},"potentialAction":[{"@type":"SearchAction","target":{"@type":"EntryPoint","urlTemplate":"https:\/\/www.celttv.com.ar\/?s={search_term_string}"},"query-input":"required name=search_term_string"}],"inLanguage":"es"},{"@type":"Organization","@id":"https:\/\/www.celttv.com.ar\/#organization","name":"CELTTV","url":"https:\/\/www.celttv.com.ar\/","sameAs":["https:\/\/www.youtube.com\/channel\/UCz_oIt8Hig64Ub-EmcNPIhg","https:\/\/www.facebook.com\/celtTV\/"],"logo":{"@type":"ImageObject","inLanguage":"es","@id":"https:\/\/www.celttv.com.ar\/#\/schema\/logo\/image\/","url":"http:\/\/www.celttv.com.ar\/wp-content\/uploads\/2022\/08\/logo-1.png","contentUrl":"http:\/\/www.celttv.com.ar\/wp-content\/uploads\/2022\/08\/logo-1.png","width":461,"height":159,"caption":"CELTTV"},"image":{"@id":"https:\/\/www.celttv.com.ar\/#\/schema\/logo\/image\/"}},{"@type":"Person","@id":"https:\/\/www.celttv.com.ar\/#\/schema\/person\/6d99c072dba59953809c81446e9d0ace","name":"ulises","image":{"@type":"ImageObject","inLanguage":"es","@id":"https:\/\/www.celttv.com.ar\/#\/schema\/person\/image\/","url":"https:\/\/secure.gravatar.com\/avatar\/7f2c48bdc33b30088f941fb6082e555f2874c98e20cb159d7b92b50eadfce793?s=96&d=mm&r=g","contentUrl":"https:\/\/secure.gravatar.com\/avatar\/7f2c48bdc33b30088f941fb6082e555f2874c98e20cb159d7b92b50eadfce793?s=96&d=mm&r=g","caption":"ulises"},"sameAs":["http:\/\/www.celttv.com.ar"]}]}},"_links":{"self":[{"href":"https:\/\/www.celttv.com.ar\/index.php\/wp-json\/wp\/v2\/posts\/17920","targetHints":{"allow":["GET"]}}],"collection":[{"href":"https:\/\/www.celttv.com.ar\/index.php\/wp-json\/wp\/v2\/posts"}],"about":[{"href":"https:\/\/www.celttv.com.ar\/index.php\/wp-json\/wp\/v2\/types\/post"}],"author":[{"embeddable":true,"href":"https:\/\/www.celttv.com.ar\/index.php\/wp-json\/wp\/v2\/users\/1"}],"replies":[{"embeddable":true,"href":"https:\/\/www.celttv.com.ar\/index.php\/wp-json\/wp\/v2\/comments?post=17920"}],"version-history":[{"count":0,"href":"https:\/\/www.celttv.com.ar\/index.php\/wp-json\/wp\/v2\/posts\/17920\/revisions"}],"wp:attachment":[{"href":"https:\/\/www.celttv.com.ar\/index.php\/wp-json\/wp\/v2\/media?parent=17920"}],"wp:term":[{"taxonomy":"category","embeddable":true,"href":"https:\/\/www.celttv.com.ar\/index.php\/wp-json\/wp\/v2\/categories?post=17920"},{"taxonomy":"post_tag","embeddable":true,"href":"https:\/\/www.celttv.com.ar\/index.php\/wp-json\/wp\/v2\/tags?post=17920"}],"curies":[{"name":"wp","href":"https:\/\/api.w.org\/{rel}","templated":true}]}}